{"id":1532,"date":"2015-04-11T22:04:37","date_gmt":"2015-04-11T20:04:37","guid":{"rendered":"http:\/\/moked.it\/international\/?p=1532"},"modified":"2015-04-12T22:08:21","modified_gmt":"2015-04-12T20:08:21","slug":"bechol-lashon-hrvatski-djete","status":"publish","type":"post","link":"https:\/\/moked.it\/international\/2015\/04\/11\/bechol-lashon-hrvatski-djete\/","title":{"rendered":"BECHOL LASHON Hrvatski &#8211; Djete"},"content":{"rendered":"<p><a href=\"http:\/\/moked.it\/international\/files\/2015\/03\/Mirna-Ilijic.jpg\"><img loading=\"lazy\" decoding=\"async\" src=\"http:\/\/moked.it\/international\/files\/2015\/03\/Mirna-Ilijic-150x150.jpg\" alt=\"Mirna Ilijic\" width=\"150\" height=\"150\" class=\"alignright size-thumbnail wp-image-1533\" \/><\/a><strong>Mirna Ilijic<\/strong><\/p>\n<p>\u201cDanas je ro\u0111en moj sin. Susan Geller pomagala je uz doktora Glazera iz na\u0161eg siroti\u0161ta. Sylvia se sjajno dr\u017eala za \u017eenu od \u010detrdeset godina.<br \/>\nIzvana moram pokazivati nepomucenu radost. U sebi sam zabrinut. Ovo je lo\u0161e vrijeme za ro\u0111enje \u017eidovskog djeteta\u201d.  (Leon Uris &#8211; Mila 18)<\/p>\n","protected":false},"excerpt":{"rendered":"<p>Mirna Ilijic \u201cDanas je ro\u0111en moj sin. Susan Geller pomagala je uz doktora Glazera iz na\u0161eg siroti\u0161ta. Sylvia se sjajno dr\u017eala za \u017eenu od \u010detrdeset godina. Izvana moram pokazivati nepomucenu radost. U sebi sam zabrinut. Ovo je lo\u0161e vrijeme za ro\u0111enje \u017eidovskog djeteta\u201d. (Leon Uris &#8211; Mila 18)<\/p>\n","protected":false},"author":1,"featured_media":0,"menu_order":0,"comment_status":"closed","ping_status":"open","sticky":false,"template":"","format":"standard","meta":{"footnotes":""},"categories":[15117],"tags":[],"position":[],"class_list":["post-1532","post","type-post","status-publish","format-standard","hentry","category-bechol-lashon"],"yoast_head":"<!-- This site is optimized with the Yoast SEO plugin v26.0 - https:\/\/yoast.com\/wordpress\/plugins\/seo\/ -->\n<title>BECHOL LASHON Hrvatski - Djete - Pagine Ebraiche International<\/title>\n<meta name=\"robots\" content=\"index, follow, max-snippet:-1, max-image-preview:large, max-video-preview:-1\" \/>\n<link rel=\"canonical\" href=\"https:\/\/moked.it\/international\/2015\/04\/11\/bechol-lashon-hrvatski-djete\/\" \/>\n<meta property=\"og:locale\" content=\"en_US\" \/>\n<meta property=\"og:type\" content=\"article\" \/>\n<meta property=\"og:title\" content=\"BECHOL LASHON Hrvatski - Djete - Pagine Ebraiche International\" \/>\n<meta property=\"og:description\" content=\"Mirna Ilijic \u201cDanas je ro\u0111en moj sin. Susan Geller pomagala je uz doktora Glazera iz na\u0161eg siroti\u0161ta. Sylvia se sjajno dr\u017eala za \u017eenu od \u010detrdeset godina. Izvana moram pokazivati nepomucenu radost. U sebi sam zabrinut. Ovo je lo\u0161e vrijeme za ro\u0111enje \u017eidovskog djeteta\u201d. (Leon Uris &#8211; Mila 18)\" \/>\n<meta property=\"og:url\" content=\"https:\/\/moked.it\/international\/2015\/04\/11\/bechol-lashon-hrvatski-djete\/\" \/>\n<meta property=\"og:site_name\" content=\"Pagine Ebraiche International\" \/>\n<meta property=\"article:published_time\" content=\"2015-04-11T20:04:37+00:00\" \/>\n<meta property=\"article:modified_time\" content=\"2015-04-12T20:08:21+00:00\" \/>\n<meta property=\"og:image\" content=\"http:\/\/moked.it\/international\/files\/2015\/03\/Mirna-Ilijic-150x150.jpg\" \/>\n<meta name=\"author\" content=\"admin\" \/>\n<meta name=\"twitter:card\" content=\"summary_large_image\" \/>\n<meta name=\"twitter:label1\" content=\"Written by\" \/>\n\t<meta name=\"twitter:data1\" content=\"admin\" \/>\n<script type=\"application\/ld+json\" class=\"yoast-schema-graph\">{\"@context\":\"https:\/\/schema.org\",\"@graph\":[{\"@type\":\"WebPage\",\"@id\":\"https:\/\/moked.it\/international\/2015\/04\/11\/bechol-lashon-hrvatski-djete\/\",\"url\":\"https:\/\/moked.it\/international\/2015\/04\/11\/bechol-lashon-hrvatski-djete\/\",\"name\":\"BECHOL LASHON Hrvatski - Djete - Pagine Ebraiche International\",\"isPartOf\":{\"@id\":\"https:\/\/moked.it\/international\/#website\"},\"primaryImageOfPage\":{\"@id\":\"https:\/\/moked.it\/international\/2015\/04\/11\/bechol-lashon-hrvatski-djete\/#primaryimage\"},\"image\":{\"@id\":\"https:\/\/moked.it\/international\/2015\/04\/11\/bechol-lashon-hrvatski-djete\/#primaryimage\"},\"thumbnailUrl\":\"http:\/\/moked.it\/international\/files\/2015\/03\/Mirna-Ilijic-150x150.jpg\",\"datePublished\":\"2015-04-11T20:04:37+00:00\",\"dateModified\":\"2015-04-12T20:08:21+00:00\",\"author\":{\"@id\":\"https:\/\/moked.it\/international\/#\/schema\/person\/723f5746de4ea0e08fab5790d734e554\"},\"breadcrumb\":{\"@id\":\"https:\/\/moked.it\/international\/2015\/04\/11\/bechol-lashon-hrvatski-djete\/#breadcrumb\"},\"inLanguage\":\"en-US\",\"potentialAction\":[{\"@type\":\"ReadAction\",\"target\":[\"https:\/\/moked.it\/international\/2015\/04\/11\/bechol-lashon-hrvatski-djete\/\"]}]},{\"@type\":\"ImageObject\",\"inLanguage\":\"en-US\",\"@id\":\"https:\/\/moked.it\/international\/2015\/04\/11\/bechol-lashon-hrvatski-djete\/#primaryimage\",\"url\":\"https:\/\/moked.it\/international\/files\/2015\/03\/Mirna-Ilijic.jpg\",\"contentUrl\":\"https:\/\/moked.it\/international\/files\/2015\/03\/Mirna-Ilijic.jpg\",\"width\":321,\"height\":303},{\"@type\":\"BreadcrumbList\",\"@id\":\"https:\/\/moked.it\/international\/2015\/04\/11\/bechol-lashon-hrvatski-djete\/#breadcrumb\",\"itemListElement\":[{\"@type\":\"ListItem\",\"position\":1,\"name\":\"Home\",\"item\":\"https:\/\/moked.it\/international\/\"},{\"@type\":\"ListItem\",\"position\":2,\"name\":\"BECHOL LASHON Hrvatski &#8211; Djete\"}]},{\"@type\":\"WebSite\",\"@id\":\"https:\/\/moked.it\/international\/#website\",\"url\":\"https:\/\/moked.it\/international\/\",\"name\":\"Pagine Ebraiche International\",\"description\":\"A Taste of the Italian Jewish World\",\"potentialAction\":[{\"@type\":\"SearchAction\",\"target\":{\"@type\":\"EntryPoint\",\"urlTemplate\":\"https:\/\/moked.it\/international\/?s={search_term_string}\"},\"query-input\":{\"@type\":\"PropertyValueSpecification\",\"valueRequired\":true,\"valueName\":\"search_term_string\"}}],\"inLanguage\":\"en-US\"},{\"@type\":\"Person\",\"@id\":\"https:\/\/moked.it\/international\/#\/schema\/person\/723f5746de4ea0e08fab5790d734e554\",\"name\":\"admin\",\"image\":{\"@type\":\"ImageObject\",\"inLanguage\":\"en-US\",\"@id\":\"https:\/\/moked.it\/international\/#\/schema\/person\/image\/\",\"url\":\"https:\/\/secure.gravatar.com\/avatar\/cadb6747455b21c18b2cfb9aad35ab377cb4ba61ea46f6fba9fb91fd33059fde?s=96&d=mm&r=g\",\"contentUrl\":\"https:\/\/secure.gravatar.com\/avatar\/cadb6747455b21c18b2cfb9aad35ab377cb4ba61ea46f6fba9fb91fd33059fde?s=96&d=mm&r=g\",\"caption\":\"admin\"},\"url\":\"https:\/\/moked.it\/international\/author\/admin\/\"}]}<\/script>\n<!-- \/ Yoast SEO plugin. -->","yoast_head_json":{"title":"BECHOL LASHON Hrvatski - Djete - Pagine Ebraiche International","robots":{"index":"index","follow":"follow","max-snippet":"max-snippet:-1","max-image-preview":"max-image-preview:large","max-video-preview":"max-video-preview:-1"},"canonical":"https:\/\/moked.it\/international\/2015\/04\/11\/bechol-lashon-hrvatski-djete\/","og_locale":"en_US","og_type":"article","og_title":"BECHOL LASHON Hrvatski - Djete - Pagine Ebraiche International","og_description":"Mirna Ilijic \u201cDanas je ro\u0111en moj sin. Susan Geller pomagala je uz doktora Glazera iz na\u0161eg siroti\u0161ta. Sylvia se sjajno dr\u017eala za \u017eenu od \u010detrdeset godina. Izvana moram pokazivati nepomucenu radost. U sebi sam zabrinut. Ovo je lo\u0161e vrijeme za ro\u0111enje \u017eidovskog djeteta\u201d. (Leon Uris &#8211; Mila 18)","og_url":"https:\/\/moked.it\/international\/2015\/04\/11\/bechol-lashon-hrvatski-djete\/","og_site_name":"Pagine Ebraiche International","article_published_time":"2015-04-11T20:04:37+00:00","article_modified_time":"2015-04-12T20:08:21+00:00","og_image":[{"url":"http:\/\/moked.it\/international\/files\/2015\/03\/Mirna-Ilijic-150x150.jpg","type":"","width":"","height":""}],"author":"admin","twitter_card":"summary_large_image","twitter_misc":{"Written by":"admin"},"schema":{"@context":"https:\/\/schema.org","@graph":[{"@type":"WebPage","@id":"https:\/\/moked.it\/international\/2015\/04\/11\/bechol-lashon-hrvatski-djete\/","url":"https:\/\/moked.it\/international\/2015\/04\/11\/bechol-lashon-hrvatski-djete\/","name":"BECHOL LASHON Hrvatski - Djete - Pagine Ebraiche International","isPartOf":{"@id":"https:\/\/moked.it\/international\/#website"},"primaryImageOfPage":{"@id":"https:\/\/moked.it\/international\/2015\/04\/11\/bechol-lashon-hrvatski-djete\/#primaryimage"},"image":{"@id":"https:\/\/moked.it\/international\/2015\/04\/11\/bechol-lashon-hrvatski-djete\/#primaryimage"},"thumbnailUrl":"http:\/\/moked.it\/international\/files\/2015\/03\/Mirna-Ilijic-150x150.jpg","datePublished":"2015-04-11T20:04:37+00:00","dateModified":"2015-04-12T20:08:21+00:00","author":{"@id":"https:\/\/moked.it\/international\/#\/schema\/person\/723f5746de4ea0e08fab5790d734e554"},"breadcrumb":{"@id":"https:\/\/moked.it\/international\/2015\/04\/11\/bechol-lashon-hrvatski-djete\/#breadcrumb"},"inLanguage":"en-US","potentialAction":[{"@type":"ReadAction","target":["https:\/\/moked.it\/international\/2015\/04\/11\/bechol-lashon-hrvatski-djete\/"]}]},{"@type":"ImageObject","inLanguage":"en-US","@id":"https:\/\/moked.it\/international\/2015\/04\/11\/bechol-lashon-hrvatski-djete\/#primaryimage","url":"https:\/\/moked.it\/international\/files\/2015\/03\/Mirna-Ilijic.jpg","contentUrl":"https:\/\/moked.it\/international\/files\/2015\/03\/Mirna-Ilijic.jpg","width":321,"height":303},{"@type":"BreadcrumbList","@id":"https:\/\/moked.it\/international\/2015\/04\/11\/bechol-lashon-hrvatski-djete\/#breadcrumb","itemListElement":[{"@type":"ListItem","position":1,"name":"Home","item":"https:\/\/moked.it\/international\/"},{"@type":"ListItem","position":2,"name":"BECHOL LASHON Hrvatski &#8211; Djete"}]},{"@type":"WebSite","@id":"https:\/\/moked.it\/international\/#website","url":"https:\/\/moked.it\/international\/","name":"Pagine Ebraiche International","description":"A Taste of the Italian Jewish World","potentialAction":[{"@type":"SearchAction","target":{"@type":"EntryPoint","urlTemplate":"https:\/\/moked.it\/international\/?s={search_term_string}"},"query-input":{"@type":"PropertyValueSpecification","valueRequired":true,"valueName":"search_term_string"}}],"inLanguage":"en-US"},{"@type":"Person","@id":"https:\/\/moked.it\/international\/#\/schema\/person\/723f5746de4ea0e08fab5790d734e554","name":"admin","image":{"@type":"ImageObject","inLanguage":"en-US","@id":"https:\/\/moked.it\/international\/#\/schema\/person\/image\/","url":"https:\/\/secure.gravatar.com\/avatar\/cadb6747455b21c18b2cfb9aad35ab377cb4ba61ea46f6fba9fb91fd33059fde?s=96&d=mm&r=g","contentUrl":"https:\/\/secure.gravatar.com\/avatar\/cadb6747455b21c18b2cfb9aad35ab377cb4ba61ea46f6fba9fb91fd33059fde?s=96&d=mm&r=g","caption":"admin"},"url":"https:\/\/moked.it\/international\/author\/admin\/"}]}},"_links":{"self":[{"href":"https:\/\/moked.it\/international\/wp-json\/wp\/v2\/posts\/1532","targetHints":{"allow":["GET"]}}],"collection":[{"href":"https:\/\/moked.it\/international\/wp-json\/wp\/v2\/posts"}],"about":[{"href":"https:\/\/moked.it\/international\/wp-json\/wp\/v2\/types\/post"}],"author":[{"embeddable":true,"href":"https:\/\/moked.it\/international\/wp-json\/wp\/v2\/users\/1"}],"replies":[{"embeddable":true,"href":"https:\/\/moked.it\/international\/wp-json\/wp\/v2\/comments?post=1532"}],"version-history":[{"count":6,"href":"https:\/\/moked.it\/international\/wp-json\/wp\/v2\/posts\/1532\/revisions"}],"predecessor-version":[{"id":1713,"href":"https:\/\/moked.it\/international\/wp-json\/wp\/v2\/posts\/1532\/revisions\/1713"}],"wp:attachment":[{"href":"https:\/\/moked.it\/international\/wp-json\/wp\/v2\/media?parent=1532"}],"wp:term":[{"taxonomy":"category","embeddable":true,"href":"https:\/\/moked.it\/international\/wp-json\/wp\/v2\/categories?post=1532"},{"taxonomy":"post_tag","embeddable":true,"href":"https:\/\/moked.it\/international\/wp-json\/wp\/v2\/tags?post=1532"},{"taxonomy":"position","embeddable":true,"href":"https:\/\/moked.it\/international\/wp-json\/wp\/v2\/position?post=1532"}],"curies":[{"name":"wp","href":"https:\/\/api.w.org\/{rel}","templated":true}]}}