{"id":2446,"date":"2015-12-06T21:50:13","date_gmt":"2015-12-06T20:50:13","guid":{"rendered":"http:\/\/moked.it\/international\/?p=2446"},"modified":"2015-12-06T21:51:04","modified_gmt":"2015-12-06T20:51:04","slug":"le-grand-defi","status":"publish","type":"post","link":"https:\/\/moked.it\/international\/2015\/12\/06\/le-grand-defi\/","title":{"rendered":"Le grand defi"},"content":{"rendered":"<p><a href=\"http:\/\/moked.it\/international\/files\/2014\/04\/vitale.jpg\"><img loading=\"lazy\" decoding=\"async\" src=\"http:\/\/moked.it\/international\/files\/2014\/04\/vitale-150x140.jpg\" alt=\"vitale\" width=\"150\" height=\"140\" class=\"alignnone size-thumbnail wp-image-110\" \/><\/a>By <strong>Guido Vitale<\/strong><\/p>\n<p>&#8220;Le grand d\u00e9fi, c\u2019est de montrer comment l\u2019\u00e9tude de la Torah participe \u00e0 une r\u00e9flexion g\u00e9n\u00e9rale sur la lecture et sur la compr\u00e9hension du monde. La Torah n\u2019est pas une exclusion du monde, mais, au contraire, un outil d\u2019analyse et de compr\u00e9hension de la complexit\u00e9 de celui-ci. Le d\u00e9fi n\u2019est pas de se clo\u00eetrer dans le Juda\u00efsme mais de trouver le langage pour dialoguer de mani\u00e8re r\u00e9elle avec le monde et sa complexit\u00e9&#8221;. (Rabbi Marc Alain Ouaknine)<\/p>\n","protected":false},"excerpt":{"rendered":"<p>By Guido Vitale &#8220;Le grand d\u00e9fi, c\u2019est de montrer comment l\u2019\u00e9tude de la Torah participe \u00e0 une r\u00e9flexion g\u00e9n\u00e9rale sur la lecture et sur la compr\u00e9hension du monde. La Torah n\u2019est pas une exclusion du monde, mais, au contraire, un outil d\u2019analyse et de compr\u00e9hension de la complexit\u00e9 de celui-ci. Le d\u00e9fi n\u2019est pas de&hellip; <a class=\"more\" rel=\"bookmark\" href=\"https:\/\/moked.it\/international\/2015\/12\/06\/le-grand-defi\/\">leggi&nbsp;<i class=\"fa fa-chevron-circle-right\"><\/i><\/a><\/p>\n","protected":false},"author":4296,"featured_media":0,"menu_order":0,"comment_status":"closed","ping_status":"open","sticky":false,"template":"","format":"standard","meta":{"footnotes":""},"categories":[7612],"tags":[],"position":[],"class_list":["post-2446","post","type-post","status-publish","format-standard","hentry","category-editorial"],"yoast_head":"<!-- This site is optimized with the Yoast SEO plugin v26.0 - https:\/\/yoast.com\/wordpress\/plugins\/seo\/ -->\n<title>Le grand defi - Pagine Ebraiche International<\/title>\n<meta name=\"robots\" content=\"index, follow, max-snippet:-1, max-image-preview:large, max-video-preview:-1\" \/>\n<link rel=\"canonical\" href=\"https:\/\/moked.it\/international\/2015\/12\/06\/le-grand-defi\/\" \/>\n<meta property=\"og:locale\" content=\"en_US\" \/>\n<meta property=\"og:type\" content=\"article\" \/>\n<meta property=\"og:title\" content=\"Le grand defi - Pagine Ebraiche International\" \/>\n<meta property=\"og:description\" content=\"By Guido Vitale &#8220;Le grand d\u00e9fi, c\u2019est de montrer comment l\u2019\u00e9tude de la Torah participe \u00e0 une r\u00e9flexion g\u00e9n\u00e9rale sur la lecture et sur la compr\u00e9hension du monde. La Torah n\u2019est pas une exclusion du monde, mais, au contraire, un outil d\u2019analyse et de compr\u00e9hension de la complexit\u00e9 de celui-ci. Le d\u00e9fi n\u2019est pas de&hellip; leggi&nbsp;\" \/>\n<meta property=\"og:url\" content=\"https:\/\/moked.it\/international\/2015\/12\/06\/le-grand-defi\/\" \/>\n<meta property=\"og:site_name\" content=\"Pagine Ebraiche International\" \/>\n<meta property=\"article:published_time\" content=\"2015-12-06T20:50:13+00:00\" \/>\n<meta property=\"article:modified_time\" content=\"2015-12-06T20:51:04+00:00\" \/>\n<meta property=\"og:image\" content=\"http:\/\/moked.it\/international\/files\/2014\/04\/vitale-150x140.jpg\" \/>\n<meta name=\"author\" content=\"rossellatercatin\" \/>\n<meta name=\"twitter:card\" content=\"summary_large_image\" \/>\n<meta name=\"twitter:label1\" content=\"Written by\" \/>\n\t<meta name=\"twitter:data1\" content=\"rossellatercatin\" \/>\n<script type=\"application\/ld+json\" class=\"yoast-schema-graph\">{\"@context\":\"https:\/\/schema.org\",\"@graph\":[{\"@type\":\"WebPage\",\"@id\":\"https:\/\/moked.it\/international\/2015\/12\/06\/le-grand-defi\/\",\"url\":\"https:\/\/moked.it\/international\/2015\/12\/06\/le-grand-defi\/\",\"name\":\"Le grand defi - Pagine Ebraiche International\",\"isPartOf\":{\"@id\":\"https:\/\/moked.it\/international\/#website\"},\"primaryImageOfPage\":{\"@id\":\"https:\/\/moked.it\/international\/2015\/12\/06\/le-grand-defi\/#primaryimage\"},\"image\":{\"@id\":\"https:\/\/moked.it\/international\/2015\/12\/06\/le-grand-defi\/#primaryimage\"},\"thumbnailUrl\":\"http:\/\/moked.it\/international\/files\/2014\/04\/vitale-150x140.jpg\",\"datePublished\":\"2015-12-06T20:50:13+00:00\",\"dateModified\":\"2015-12-06T20:51:04+00:00\",\"author\":{\"@id\":\"https:\/\/moked.it\/international\/#\/schema\/person\/51e9fca2f211041a5817e3678547fee1\"},\"breadcrumb\":{\"@id\":\"https:\/\/moked.it\/international\/2015\/12\/06\/le-grand-defi\/#breadcrumb\"},\"inLanguage\":\"en-US\",\"potentialAction\":[{\"@type\":\"ReadAction\",\"target\":[\"https:\/\/moked.it\/international\/2015\/12\/06\/le-grand-defi\/\"]}]},{\"@type\":\"ImageObject\",\"inLanguage\":\"en-US\",\"@id\":\"https:\/\/moked.it\/international\/2015\/12\/06\/le-grand-defi\/#primaryimage\",\"url\":\"https:\/\/moked.it\/international\/files\/2014\/04\/vitale.jpg\",\"contentUrl\":\"https:\/\/moked.it\/international\/files\/2014\/04\/vitale.jpg\",\"width\":164,\"height\":140},{\"@type\":\"BreadcrumbList\",\"@id\":\"https:\/\/moked.it\/international\/2015\/12\/06\/le-grand-defi\/#breadcrumb\",\"itemListElement\":[{\"@type\":\"ListItem\",\"position\":1,\"name\":\"Home\",\"item\":\"https:\/\/moked.it\/international\/\"},{\"@type\":\"ListItem\",\"position\":2,\"name\":\"Le grand defi\"}]},{\"@type\":\"WebSite\",\"@id\":\"https:\/\/moked.it\/international\/#website\",\"url\":\"https:\/\/moked.it\/international\/\",\"name\":\"Pagine Ebraiche International\",\"description\":\"A Taste of the Italian Jewish World\",\"potentialAction\":[{\"@type\":\"SearchAction\",\"target\":{\"@type\":\"EntryPoint\",\"urlTemplate\":\"https:\/\/moked.it\/international\/?s={search_term_string}\"},\"query-input\":{\"@type\":\"PropertyValueSpecification\",\"valueRequired\":true,\"valueName\":\"search_term_string\"}}],\"inLanguage\":\"en-US\"},{\"@type\":\"Person\",\"@id\":\"https:\/\/moked.it\/international\/#\/schema\/person\/51e9fca2f211041a5817e3678547fee1\",\"name\":\"rossellatercatin\",\"image\":{\"@type\":\"ImageObject\",\"inLanguage\":\"en-US\",\"@id\":\"https:\/\/moked.it\/international\/#\/schema\/person\/image\/\",\"url\":\"https:\/\/secure.gravatar.com\/avatar\/3a2261350e4b6436b942e97ff77816c779ef1acb7b5238174c7cd8d96e4d0d91?s=96&d=mm&r=g\",\"contentUrl\":\"https:\/\/secure.gravatar.com\/avatar\/3a2261350e4b6436b942e97ff77816c779ef1acb7b5238174c7cd8d96e4d0d91?s=96&d=mm&r=g\",\"caption\":\"rossellatercatin\"},\"url\":\"https:\/\/moked.it\/international\/author\/rossellatercatin\/\"}]}<\/script>\n<!-- \/ Yoast SEO plugin. -->","yoast_head_json":{"title":"Le grand defi - Pagine Ebraiche International","robots":{"index":"index","follow":"follow","max-snippet":"max-snippet:-1","max-image-preview":"max-image-preview:large","max-video-preview":"max-video-preview:-1"},"canonical":"https:\/\/moked.it\/international\/2015\/12\/06\/le-grand-defi\/","og_locale":"en_US","og_type":"article","og_title":"Le grand defi - Pagine Ebraiche International","og_description":"By Guido Vitale &#8220;Le grand d\u00e9fi, c\u2019est de montrer comment l\u2019\u00e9tude de la Torah participe \u00e0 une r\u00e9flexion g\u00e9n\u00e9rale sur la lecture et sur la compr\u00e9hension du monde. La Torah n\u2019est pas une exclusion du monde, mais, au contraire, un outil d\u2019analyse et de compr\u00e9hension de la complexit\u00e9 de celui-ci. Le d\u00e9fi n\u2019est pas de&hellip; leggi&nbsp;","og_url":"https:\/\/moked.it\/international\/2015\/12\/06\/le-grand-defi\/","og_site_name":"Pagine Ebraiche International","article_published_time":"2015-12-06T20:50:13+00:00","article_modified_time":"2015-12-06T20:51:04+00:00","og_image":[{"url":"http:\/\/moked.it\/international\/files\/2014\/04\/vitale-150x140.jpg","type":"","width":"","height":""}],"author":"rossellatercatin","twitter_card":"summary_large_image","twitter_misc":{"Written by":"rossellatercatin"},"schema":{"@context":"https:\/\/schema.org","@graph":[{"@type":"WebPage","@id":"https:\/\/moked.it\/international\/2015\/12\/06\/le-grand-defi\/","url":"https:\/\/moked.it\/international\/2015\/12\/06\/le-grand-defi\/","name":"Le grand defi - Pagine Ebraiche International","isPartOf":{"@id":"https:\/\/moked.it\/international\/#website"},"primaryImageOfPage":{"@id":"https:\/\/moked.it\/international\/2015\/12\/06\/le-grand-defi\/#primaryimage"},"image":{"@id":"https:\/\/moked.it\/international\/2015\/12\/06\/le-grand-defi\/#primaryimage"},"thumbnailUrl":"http:\/\/moked.it\/international\/files\/2014\/04\/vitale-150x140.jpg","datePublished":"2015-12-06T20:50:13+00:00","dateModified":"2015-12-06T20:51:04+00:00","author":{"@id":"https:\/\/moked.it\/international\/#\/schema\/person\/51e9fca2f211041a5817e3678547fee1"},"breadcrumb":{"@id":"https:\/\/moked.it\/international\/2015\/12\/06\/le-grand-defi\/#breadcrumb"},"inLanguage":"en-US","potentialAction":[{"@type":"ReadAction","target":["https:\/\/moked.it\/international\/2015\/12\/06\/le-grand-defi\/"]}]},{"@type":"ImageObject","inLanguage":"en-US","@id":"https:\/\/moked.it\/international\/2015\/12\/06\/le-grand-defi\/#primaryimage","url":"https:\/\/moked.it\/international\/files\/2014\/04\/vitale.jpg","contentUrl":"https:\/\/moked.it\/international\/files\/2014\/04\/vitale.jpg","width":164,"height":140},{"@type":"BreadcrumbList","@id":"https:\/\/moked.it\/international\/2015\/12\/06\/le-grand-defi\/#breadcrumb","itemListElement":[{"@type":"ListItem","position":1,"name":"Home","item":"https:\/\/moked.it\/international\/"},{"@type":"ListItem","position":2,"name":"Le grand defi"}]},{"@type":"WebSite","@id":"https:\/\/moked.it\/international\/#website","url":"https:\/\/moked.it\/international\/","name":"Pagine Ebraiche International","description":"A Taste of the Italian Jewish World","potentialAction":[{"@type":"SearchAction","target":{"@type":"EntryPoint","urlTemplate":"https:\/\/moked.it\/international\/?s={search_term_string}"},"query-input":{"@type":"PropertyValueSpecification","valueRequired":true,"valueName":"search_term_string"}}],"inLanguage":"en-US"},{"@type":"Person","@id":"https:\/\/moked.it\/international\/#\/schema\/person\/51e9fca2f211041a5817e3678547fee1","name":"rossellatercatin","image":{"@type":"ImageObject","inLanguage":"en-US","@id":"https:\/\/moked.it\/international\/#\/schema\/person\/image\/","url":"https:\/\/secure.gravatar.com\/avatar\/3a2261350e4b6436b942e97ff77816c779ef1acb7b5238174c7cd8d96e4d0d91?s=96&d=mm&r=g","contentUrl":"https:\/\/secure.gravatar.com\/avatar\/3a2261350e4b6436b942e97ff77816c779ef1acb7b5238174c7cd8d96e4d0d91?s=96&d=mm&r=g","caption":"rossellatercatin"},"url":"https:\/\/moked.it\/international\/author\/rossellatercatin\/"}]}},"_links":{"self":[{"href":"https:\/\/moked.it\/international\/wp-json\/wp\/v2\/posts\/2446","targetHints":{"allow":["GET"]}}],"collection":[{"href":"https:\/\/moked.it\/international\/wp-json\/wp\/v2\/posts"}],"about":[{"href":"https:\/\/moked.it\/international\/wp-json\/wp\/v2\/types\/post"}],"author":[{"embeddable":true,"href":"https:\/\/moked.it\/international\/wp-json\/wp\/v2\/users\/4296"}],"replies":[{"embeddable":true,"href":"https:\/\/moked.it\/international\/wp-json\/wp\/v2\/comments?post=2446"}],"version-history":[{"count":2,"href":"https:\/\/moked.it\/international\/wp-json\/wp\/v2\/posts\/2446\/revisions"}],"predecessor-version":[{"id":2448,"href":"https:\/\/moked.it\/international\/wp-json\/wp\/v2\/posts\/2446\/revisions\/2448"}],"wp:attachment":[{"href":"https:\/\/moked.it\/international\/wp-json\/wp\/v2\/media?parent=2446"}],"wp:term":[{"taxonomy":"category","embeddable":true,"href":"https:\/\/moked.it\/international\/wp-json\/wp\/v2\/categories?post=2446"},{"taxonomy":"post_tag","embeddable":true,"href":"https:\/\/moked.it\/international\/wp-json\/wp\/v2\/tags?post=2446"},{"taxonomy":"position","embeddable":true,"href":"https:\/\/moked.it\/international\/wp-json\/wp\/v2\/position?post=2446"}],"curies":[{"name":"wp","href":"https:\/\/api.w.org\/{rel}","templated":true}]}}