{"id":2804,"date":"2016-03-06T12:39:38","date_gmt":"2016-03-06T11:39:38","guid":{"rendered":"http:\/\/moked.it\/international\/?p=2804"},"modified":"2016-03-06T12:39:38","modified_gmt":"2016-03-06T11:39:38","slug":"bechol-lashon-francais-le-sage","status":"publish","type":"post","link":"https:\/\/moked.it\/international\/2016\/03\/06\/bechol-lashon-francais-le-sage\/","title":{"rendered":"BECHOL LASHON Fran\u00e7ais &#8211; Le sage"},"content":{"rendered":"<p><a href=\"http:\/\/moked.it\/international\/files\/2016\/02\/carucci.jpg\"><img loading=\"lazy\" decoding=\"async\" src=\"http:\/\/moked.it\/international\/files\/2016\/02\/carucci-300x226.jpg\" alt=\"carucci\" width=\"300\" height=\"226\" class=\"alignright size-medium wp-image-2706\" srcset=\"https:\/\/moked.it\/international\/files\/2016\/02\/carucci-300x226.jpg 300w, https:\/\/moked.it\/international\/files\/2016\/02\/carucci.jpg 305w\" sizes=\"auto, (max-width: 300px) 100vw, 300px\" \/><\/a>de <strong>Benedetto Carucci Viterbi*<\/strong><\/p>\n<p>Le sage, comme le aron qui contenait les tables de l&#8217;alliance et qui \u00e9tait d&#8217;or \u00e0 l&#8217;ext\u00e9rieur et \u00e0 l&#8217;int\u00e9rieur, doit \u00eatre dehors comme il est dedans. Mais le c\u0153ur de l&#8217;aron \u00e9tait fait en bois d&#8217;\u00e9rable: le sage doit donc \u00eatre digne d&#8217;honneur \u00e0 l&#8217;ext\u00e9rieur &#8211; pour l&#8217;honneur qui est d\u00fb \u00e0 la Torah qu&#8217;il contient &#8211; et doit \u00eatre conscient du potentiel qu&#8217;il poss\u00e8de en lui-m\u00eame. Mais si tout cela ne repose pas sur la modestie et l&#8217;humilit\u00e9, il est susceptible de devenir un miroitement inconsistant.<br \/>\n<em><br \/>\n*Benedetto Carucci Viterbi est rabin. La traduction est de Francesca Matalon.<\/em><\/p>\n","protected":false},"excerpt":{"rendered":"<p>de Benedetto Carucci Viterbi* Le sage, comme le aron qui contenait les tables de l&#8217;alliance et qui \u00e9tait d&#8217;or \u00e0 l&#8217;ext\u00e9rieur et \u00e0 l&#8217;int\u00e9rieur, doit \u00eatre dehors comme il est dedans. Mais le c\u0153ur de l&#8217;aron \u00e9tait fait en bois d&#8217;\u00e9rable: le sage doit donc \u00eatre digne d&#8217;honneur \u00e0 l&#8217;ext\u00e9rieur &#8211; pour l&#8217;honneur qui est&hellip; <a class=\"more\" rel=\"bookmark\" href=\"https:\/\/moked.it\/international\/2016\/03\/06\/bechol-lashon-francais-le-sage\/\">leggi&nbsp;<i class=\"fa fa-chevron-circle-right\"><\/i><\/a><\/p>\n","protected":false},"author":4296,"featured_media":0,"menu_order":0,"comment_status":"closed","ping_status":"open","sticky":false,"template":"","format":"standard","meta":{"footnotes":""},"categories":[15117],"tags":[],"position":[],"class_list":["post-2804","post","type-post","status-publish","format-standard","hentry","category-bechol-lashon"],"yoast_head":"<!-- This site is optimized with the Yoast SEO plugin v26.0 - https:\/\/yoast.com\/wordpress\/plugins\/seo\/ -->\n<title>BECHOL LASHON Fran\u00e7ais - Le sage - Pagine Ebraiche International<\/title>\n<meta name=\"robots\" content=\"index, follow, max-snippet:-1, max-image-preview:large, max-video-preview:-1\" \/>\n<link rel=\"canonical\" href=\"https:\/\/moked.it\/international\/2016\/03\/06\/bechol-lashon-francais-le-sage\/\" \/>\n<meta property=\"og:locale\" content=\"en_US\" \/>\n<meta property=\"og:type\" content=\"article\" \/>\n<meta property=\"og:title\" content=\"BECHOL LASHON Fran\u00e7ais - Le sage - Pagine Ebraiche International\" \/>\n<meta property=\"og:description\" content=\"de Benedetto Carucci Viterbi* Le sage, comme le aron qui contenait les tables de l&#8217;alliance et qui \u00e9tait d&#8217;or \u00e0 l&#8217;ext\u00e9rieur et \u00e0 l&#8217;int\u00e9rieur, doit \u00eatre dehors comme il est dedans. Mais le c\u0153ur de l&#8217;aron \u00e9tait fait en bois d&#8217;\u00e9rable: le sage doit donc \u00eatre digne d&#8217;honneur \u00e0 l&#8217;ext\u00e9rieur &#8211; pour l&#8217;honneur qui est&hellip; leggi&nbsp;\" \/>\n<meta property=\"og:url\" content=\"https:\/\/moked.it\/international\/2016\/03\/06\/bechol-lashon-francais-le-sage\/\" \/>\n<meta property=\"og:site_name\" content=\"Pagine Ebraiche International\" \/>\n<meta property=\"article:published_time\" content=\"2016-03-06T11:39:38+00:00\" \/>\n<meta property=\"og:image\" content=\"http:\/\/moked.it\/international\/files\/2016\/02\/carucci-300x226.jpg\" \/>\n<meta name=\"author\" content=\"rossellatercatin\" \/>\n<meta name=\"twitter:card\" content=\"summary_large_image\" \/>\n<meta name=\"twitter:label1\" content=\"Written by\" \/>\n\t<meta name=\"twitter:data1\" content=\"rossellatercatin\" \/>\n\t<meta name=\"twitter:label2\" content=\"Est. reading time\" \/>\n\t<meta name=\"twitter:data2\" content=\"1 minute\" \/>\n<script type=\"application\/ld+json\" class=\"yoast-schema-graph\">{\"@context\":\"https:\/\/schema.org\",\"@graph\":[{\"@type\":\"WebPage\",\"@id\":\"https:\/\/moked.it\/international\/2016\/03\/06\/bechol-lashon-francais-le-sage\/\",\"url\":\"https:\/\/moked.it\/international\/2016\/03\/06\/bechol-lashon-francais-le-sage\/\",\"name\":\"BECHOL LASHON Fran\u00e7ais - Le sage - Pagine Ebraiche International\",\"isPartOf\":{\"@id\":\"https:\/\/moked.it\/international\/#website\"},\"primaryImageOfPage\":{\"@id\":\"https:\/\/moked.it\/international\/2016\/03\/06\/bechol-lashon-francais-le-sage\/#primaryimage\"},\"image\":{\"@id\":\"https:\/\/moked.it\/international\/2016\/03\/06\/bechol-lashon-francais-le-sage\/#primaryimage\"},\"thumbnailUrl\":\"http:\/\/moked.it\/international\/files\/2016\/02\/carucci-300x226.jpg\",\"datePublished\":\"2016-03-06T11:39:38+00:00\",\"author\":{\"@id\":\"https:\/\/moked.it\/international\/#\/schema\/person\/51e9fca2f211041a5817e3678547fee1\"},\"breadcrumb\":{\"@id\":\"https:\/\/moked.it\/international\/2016\/03\/06\/bechol-lashon-francais-le-sage\/#breadcrumb\"},\"inLanguage\":\"en-US\",\"potentialAction\":[{\"@type\":\"ReadAction\",\"target\":[\"https:\/\/moked.it\/international\/2016\/03\/06\/bechol-lashon-francais-le-sage\/\"]}]},{\"@type\":\"ImageObject\",\"inLanguage\":\"en-US\",\"@id\":\"https:\/\/moked.it\/international\/2016\/03\/06\/bechol-lashon-francais-le-sage\/#primaryimage\",\"url\":\"https:\/\/moked.it\/international\/files\/2016\/02\/carucci.jpg\",\"contentUrl\":\"https:\/\/moked.it\/international\/files\/2016\/02\/carucci.jpg\",\"width\":305,\"height\":230},{\"@type\":\"BreadcrumbList\",\"@id\":\"https:\/\/moked.it\/international\/2016\/03\/06\/bechol-lashon-francais-le-sage\/#breadcrumb\",\"itemListElement\":[{\"@type\":\"ListItem\",\"position\":1,\"name\":\"Home\",\"item\":\"https:\/\/moked.it\/international\/\"},{\"@type\":\"ListItem\",\"position\":2,\"name\":\"BECHOL LASHON Fran\u00e7ais &#8211; Le sage\"}]},{\"@type\":\"WebSite\",\"@id\":\"https:\/\/moked.it\/international\/#website\",\"url\":\"https:\/\/moked.it\/international\/\",\"name\":\"Pagine Ebraiche International\",\"description\":\"A Taste of the Italian Jewish World\",\"potentialAction\":[{\"@type\":\"SearchAction\",\"target\":{\"@type\":\"EntryPoint\",\"urlTemplate\":\"https:\/\/moked.it\/international\/?s={search_term_string}\"},\"query-input\":{\"@type\":\"PropertyValueSpecification\",\"valueRequired\":true,\"valueName\":\"search_term_string\"}}],\"inLanguage\":\"en-US\"},{\"@type\":\"Person\",\"@id\":\"https:\/\/moked.it\/international\/#\/schema\/person\/51e9fca2f211041a5817e3678547fee1\",\"name\":\"rossellatercatin\",\"image\":{\"@type\":\"ImageObject\",\"inLanguage\":\"en-US\",\"@id\":\"https:\/\/moked.it\/international\/#\/schema\/person\/image\/\",\"url\":\"https:\/\/secure.gravatar.com\/avatar\/3a2261350e4b6436b942e97ff77816c779ef1acb7b5238174c7cd8d96e4d0d91?s=96&d=mm&r=g\",\"contentUrl\":\"https:\/\/secure.gravatar.com\/avatar\/3a2261350e4b6436b942e97ff77816c779ef1acb7b5238174c7cd8d96e4d0d91?s=96&d=mm&r=g\",\"caption\":\"rossellatercatin\"},\"url\":\"https:\/\/moked.it\/international\/author\/rossellatercatin\/\"}]}<\/script>\n<!-- \/ Yoast SEO plugin. -->","yoast_head_json":{"title":"BECHOL LASHON Fran\u00e7ais - Le sage - Pagine Ebraiche International","robots":{"index":"index","follow":"follow","max-snippet":"max-snippet:-1","max-image-preview":"max-image-preview:large","max-video-preview":"max-video-preview:-1"},"canonical":"https:\/\/moked.it\/international\/2016\/03\/06\/bechol-lashon-francais-le-sage\/","og_locale":"en_US","og_type":"article","og_title":"BECHOL LASHON Fran\u00e7ais - Le sage - Pagine Ebraiche International","og_description":"de Benedetto Carucci Viterbi* Le sage, comme le aron qui contenait les tables de l&#8217;alliance et qui \u00e9tait d&#8217;or \u00e0 l&#8217;ext\u00e9rieur et \u00e0 l&#8217;int\u00e9rieur, doit \u00eatre dehors comme il est dedans. Mais le c\u0153ur de l&#8217;aron \u00e9tait fait en bois d&#8217;\u00e9rable: le sage doit donc \u00eatre digne d&#8217;honneur \u00e0 l&#8217;ext\u00e9rieur &#8211; pour l&#8217;honneur qui est&hellip; leggi&nbsp;","og_url":"https:\/\/moked.it\/international\/2016\/03\/06\/bechol-lashon-francais-le-sage\/","og_site_name":"Pagine Ebraiche International","article_published_time":"2016-03-06T11:39:38+00:00","og_image":[{"url":"http:\/\/moked.it\/international\/files\/2016\/02\/carucci-300x226.jpg","type":"","width":"","height":""}],"author":"rossellatercatin","twitter_card":"summary_large_image","twitter_misc":{"Written by":"rossellatercatin","Est. reading time":"1 minute"},"schema":{"@context":"https:\/\/schema.org","@graph":[{"@type":"WebPage","@id":"https:\/\/moked.it\/international\/2016\/03\/06\/bechol-lashon-francais-le-sage\/","url":"https:\/\/moked.it\/international\/2016\/03\/06\/bechol-lashon-francais-le-sage\/","name":"BECHOL LASHON Fran\u00e7ais - Le sage - Pagine Ebraiche International","isPartOf":{"@id":"https:\/\/moked.it\/international\/#website"},"primaryImageOfPage":{"@id":"https:\/\/moked.it\/international\/2016\/03\/06\/bechol-lashon-francais-le-sage\/#primaryimage"},"image":{"@id":"https:\/\/moked.it\/international\/2016\/03\/06\/bechol-lashon-francais-le-sage\/#primaryimage"},"thumbnailUrl":"http:\/\/moked.it\/international\/files\/2016\/02\/carucci-300x226.jpg","datePublished":"2016-03-06T11:39:38+00:00","author":{"@id":"https:\/\/moked.it\/international\/#\/schema\/person\/51e9fca2f211041a5817e3678547fee1"},"breadcrumb":{"@id":"https:\/\/moked.it\/international\/2016\/03\/06\/bechol-lashon-francais-le-sage\/#breadcrumb"},"inLanguage":"en-US","potentialAction":[{"@type":"ReadAction","target":["https:\/\/moked.it\/international\/2016\/03\/06\/bechol-lashon-francais-le-sage\/"]}]},{"@type":"ImageObject","inLanguage":"en-US","@id":"https:\/\/moked.it\/international\/2016\/03\/06\/bechol-lashon-francais-le-sage\/#primaryimage","url":"https:\/\/moked.it\/international\/files\/2016\/02\/carucci.jpg","contentUrl":"https:\/\/moked.it\/international\/files\/2016\/02\/carucci.jpg","width":305,"height":230},{"@type":"BreadcrumbList","@id":"https:\/\/moked.it\/international\/2016\/03\/06\/bechol-lashon-francais-le-sage\/#breadcrumb","itemListElement":[{"@type":"ListItem","position":1,"name":"Home","item":"https:\/\/moked.it\/international\/"},{"@type":"ListItem","position":2,"name":"BECHOL LASHON Fran\u00e7ais &#8211; Le sage"}]},{"@type":"WebSite","@id":"https:\/\/moked.it\/international\/#website","url":"https:\/\/moked.it\/international\/","name":"Pagine Ebraiche International","description":"A Taste of the Italian Jewish World","potentialAction":[{"@type":"SearchAction","target":{"@type":"EntryPoint","urlTemplate":"https:\/\/moked.it\/international\/?s={search_term_string}"},"query-input":{"@type":"PropertyValueSpecification","valueRequired":true,"valueName":"search_term_string"}}],"inLanguage":"en-US"},{"@type":"Person","@id":"https:\/\/moked.it\/international\/#\/schema\/person\/51e9fca2f211041a5817e3678547fee1","name":"rossellatercatin","image":{"@type":"ImageObject","inLanguage":"en-US","@id":"https:\/\/moked.it\/international\/#\/schema\/person\/image\/","url":"https:\/\/secure.gravatar.com\/avatar\/3a2261350e4b6436b942e97ff77816c779ef1acb7b5238174c7cd8d96e4d0d91?s=96&d=mm&r=g","contentUrl":"https:\/\/secure.gravatar.com\/avatar\/3a2261350e4b6436b942e97ff77816c779ef1acb7b5238174c7cd8d96e4d0d91?s=96&d=mm&r=g","caption":"rossellatercatin"},"url":"https:\/\/moked.it\/international\/author\/rossellatercatin\/"}]}},"_links":{"self":[{"href":"https:\/\/moked.it\/international\/wp-json\/wp\/v2\/posts\/2804","targetHints":{"allow":["GET"]}}],"collection":[{"href":"https:\/\/moked.it\/international\/wp-json\/wp\/v2\/posts"}],"about":[{"href":"https:\/\/moked.it\/international\/wp-json\/wp\/v2\/types\/post"}],"author":[{"embeddable":true,"href":"https:\/\/moked.it\/international\/wp-json\/wp\/v2\/users\/4296"}],"replies":[{"embeddable":true,"href":"https:\/\/moked.it\/international\/wp-json\/wp\/v2\/comments?post=2804"}],"version-history":[{"count":1,"href":"https:\/\/moked.it\/international\/wp-json\/wp\/v2\/posts\/2804\/revisions"}],"predecessor-version":[{"id":2805,"href":"https:\/\/moked.it\/international\/wp-json\/wp\/v2\/posts\/2804\/revisions\/2805"}],"wp:attachment":[{"href":"https:\/\/moked.it\/international\/wp-json\/wp\/v2\/media?parent=2804"}],"wp:term":[{"taxonomy":"category","embeddable":true,"href":"https:\/\/moked.it\/international\/wp-json\/wp\/v2\/categories?post=2804"},{"taxonomy":"post_tag","embeddable":true,"href":"https:\/\/moked.it\/international\/wp-json\/wp\/v2\/tags?post=2804"},{"taxonomy":"position","embeddable":true,"href":"https:\/\/moked.it\/international\/wp-json\/wp\/v2\/position?post=2804"}],"curies":[{"name":"wp","href":"https:\/\/api.w.org\/{rel}","templated":true}]}}