{"id":3964,"date":"2017-03-20T10:54:53","date_gmt":"2017-03-20T09:54:53","guid":{"rendered":"http:\/\/moked.it\/international\/?p=3964"},"modified":"2017-03-20T10:54:53","modified_gmt":"2017-03-20T09:54:53","slug":"bechol-lashon-francais-le-louvre-rend-une-oeuvre-spoliee-par-les-nazis-a-une-famille-juive-italienne","status":"publish","type":"post","link":"https:\/\/moked.it\/international\/2017\/03\/20\/bechol-lashon-francais-le-louvre-rend-une-oeuvre-spoliee-par-les-nazis-a-une-famille-juive-italienne\/","title":{"rendered":"BECHOL LASHON Fran\u00e7ais &#8211; Le Louvre rend une oeuvre spoli\u00e9e par les nazis \u00e0 une famille juive italienne"},"content":{"rendered":"<p><a href=\"http:\/\/moked.it\/international\/files\/2017\/03\/parmigianino.png\"><img loading=\"lazy\" decoding=\"async\" src=\"http:\/\/moked.it\/international\/files\/2017\/03\/parmigianino-300x220.png\" alt=\"parmigianino\" width=\"300\" height=\"220\" class=\"alignright size-medium wp-image-3965\" srcset=\"https:\/\/moked.it\/international\/files\/2017\/03\/parmigianino-300x220.png 300w, https:\/\/moked.it\/international\/files\/2017\/03\/parmigianino.png 486w\" sizes=\"auto, (max-width: 300px) 100vw, 300px\" \/><\/a><strong>Times of Israel staff<\/strong><\/p>\n<p>Il aura fallu 76 ans pour que la famille du collectionneur d\u2019art juif italien, Federico Gentili Di Giuseppe, ayant fui le fascisme de Mussolini en 1940, ne r\u00e9cup\u00e8re \u00ab Les Noces d\u2019Alexandre et Roxane \u00bb, un dessin d\u2019Il Parmigianino-Le Parmesan, conserv\u00e9 par le mus\u00e9e du Louvre depuis son retour d\u2019Allemagne apr\u00e8s-guerre.<\/p>\n<p>A l\u2019instar des autres \u0153uvres spoli\u00e9es conserv\u00e9es dans des mus\u00e9es fran\u00e7ais, il \u00e9tait jusque-l\u00e0 d\u00e9sign\u00e9 sous l\u2019acronyme MNR (Mus\u00e9es Nationaux R\u00e9cup\u00e9ration).<\/p>\n<p>Gentili d\u00e9c\u00e9d\u00e9 en 1940, ces deux enfants, fuyant les Nazis, n\u2019ont gu\u00e8re le temps de g\u00e9rer la succession.<\/p>\n<p>\u00ab Un certain Julien Giraud, explique le site Arthemis de l\u2019Universit\u00e9 de Gen\u00e8ve, se pr\u00e9tendant cr\u00e9ancier de Federico Gentili di Giuseppe, assigne en r\u00e9f\u00e9r\u00e9 les enfants de ce dernier devant le Tribunal civil de premi\u00e8re instance de la Seine.<\/p>\n<p>Il leur reproche de se \u00ab d\u00e9sint\u00e9resser compl\u00e8tement \u00bb de leur succession et demande donc la d\u00e9signation d\u2019un administrateur \u00e0 cette succession \u00bb.<\/p>\n<p>Mais la Gestapo occupe d\u00e9j\u00e0 l\u2019appartement de Marcello et Adriana, les enfants du collectionneurs. Ils ne recevront jamais l\u2019assignation. Ordre est donn\u00e9 par le tribunal de disperser tout l\u2019h\u00e9ritage de Federico Gentili Di Giuseppe, 155 lots, par vente publique \u00e0 l\u2019H\u00f4tel Drouot \u00e0 Paris.<\/p>\n<p>\u00ab Goering avait r\u00e9cup\u00e9r\u00e9 lui-m\u00eame son chef d\u2019oeuvre, un Tiepolo, \u00bb note Le Parisien. D\u2019autres se retrouveront au mus\u00e9e de Washington ou au Louvre.<\/p>\n<p>Quelques \u0153uvres ont \u00e9t\u00e9 rep\u00e9r\u00e9es par sa fille au Louvre apr\u00e8s-guerre, rappelle Le Parisien. Les premi\u00e8res restitutions des tableaux ayant appartenu au collectionneur ont eu lieu en\u20262015 et 2016.<\/p>\n<p>La bataille des h\u00e9ritiers, faisant parfois face \u00e0 la passivit\u00e9 des mus\u00e9es, n\u2019est pas termin\u00e9e. M\u00eame si, pr\u00e9cise le quotidien, ils \u00ab se mettent eux-m\u00eames \u00e0 rechercher d\u2019\u00e9ventuels ayants droit, gr\u00e2ce \u00e0 des g\u00e9n\u00e9alogistes, jusqu\u2019\u00e0 la troisi\u00e8me ou la quatri\u00e8me g\u00e9n\u00e9ration \u00bb.<br \/>\n<em><br \/>\n*Times of Israel Fran\u00e7ais 15.03.17<\/em><\/p>\n","protected":false},"excerpt":{"rendered":"<p>Times of Israel staff Il aura fallu 76 ans pour que la famille du collectionneur d\u2019art juif italien, Federico Gentili Di Giuseppe, ayant fui le fascisme de Mussolini en 1940, ne r\u00e9cup\u00e8re \u00ab Les Noces d\u2019Alexandre et Roxane \u00bb, un dessin d\u2019Il Parmigianino-Le Parmesan, conserv\u00e9 par le mus\u00e9e du Louvre depuis son retour d\u2019Allemagne apr\u00e8s-guerre.&hellip; <a class=\"more\" rel=\"bookmark\" href=\"https:\/\/moked.it\/international\/2017\/03\/20\/bechol-lashon-francais-le-louvre-rend-une-oeuvre-spoliee-par-les-nazis-a-une-famille-juive-italienne\/\">leggi&nbsp;<i class=\"fa fa-chevron-circle-right\"><\/i><\/a><\/p>\n","protected":false},"author":4296,"featured_media":0,"menu_order":0,"comment_status":"closed","ping_status":"open","sticky":false,"template":"","format":"standard","meta":{"footnotes":""},"categories":[15117],"tags":[],"position":[],"class_list":["post-3964","post","type-post","status-publish","format-standard","hentry","category-bechol-lashon"],"yoast_head":"<!-- This site is optimized with the Yoast SEO plugin v26.0 - https:\/\/yoast.com\/wordpress\/plugins\/seo\/ -->\n<title>BECHOL LASHON Fran\u00e7ais - Le Louvre rend une oeuvre spoli\u00e9e par les nazis \u00e0 une famille juive italienne - Pagine Ebraiche International<\/title>\n<meta name=\"robots\" content=\"index, follow, max-snippet:-1, max-image-preview:large, max-video-preview:-1\" \/>\n<link rel=\"canonical\" href=\"https:\/\/moked.it\/international\/2017\/03\/20\/bechol-lashon-francais-le-louvre-rend-une-oeuvre-spoliee-par-les-nazis-a-une-famille-juive-italienne\/\" \/>\n<meta property=\"og:locale\" content=\"en_US\" \/>\n<meta property=\"og:type\" content=\"article\" \/>\n<meta property=\"og:title\" content=\"BECHOL LASHON Fran\u00e7ais - Le Louvre rend une oeuvre spoli\u00e9e par les nazis \u00e0 une famille juive italienne - Pagine Ebraiche International\" \/>\n<meta property=\"og:description\" content=\"Times of Israel staff Il aura fallu 76 ans pour que la famille du collectionneur d\u2019art juif italien, Federico Gentili Di Giuseppe, ayant fui le fascisme de Mussolini en 1940, ne r\u00e9cup\u00e8re \u00ab Les Noces d\u2019Alexandre et Roxane \u00bb, un dessin d\u2019Il Parmigianino-Le Parmesan, conserv\u00e9 par le mus\u00e9e du Louvre depuis son retour d\u2019Allemagne apr\u00e8s-guerre.&hellip; leggi&nbsp;\" \/>\n<meta property=\"og:url\" content=\"https:\/\/moked.it\/international\/2017\/03\/20\/bechol-lashon-francais-le-louvre-rend-une-oeuvre-spoliee-par-les-nazis-a-une-famille-juive-italienne\/\" \/>\n<meta property=\"og:site_name\" content=\"Pagine Ebraiche International\" \/>\n<meta property=\"article:published_time\" content=\"2017-03-20T09:54:53+00:00\" \/>\n<meta property=\"og:image\" content=\"http:\/\/moked.it\/international\/files\/2017\/03\/parmigianino-300x220.png\" \/>\n<meta name=\"author\" content=\"rossellatercatin\" \/>\n<meta name=\"twitter:card\" content=\"summary_large_image\" \/>\n<meta name=\"twitter:label1\" content=\"Written by\" \/>\n\t<meta name=\"twitter:data1\" content=\"rossellatercatin\" \/>\n\t<meta name=\"twitter:label2\" content=\"Est. reading time\" \/>\n\t<meta name=\"twitter:data2\" content=\"2 minutes\" \/>\n<script type=\"application\/ld+json\" class=\"yoast-schema-graph\">{\"@context\":\"https:\/\/schema.org\",\"@graph\":[{\"@type\":\"WebPage\",\"@id\":\"https:\/\/moked.it\/international\/2017\/03\/20\/bechol-lashon-francais-le-louvre-rend-une-oeuvre-spoliee-par-les-nazis-a-une-famille-juive-italienne\/\",\"url\":\"https:\/\/moked.it\/international\/2017\/03\/20\/bechol-lashon-francais-le-louvre-rend-une-oeuvre-spoliee-par-les-nazis-a-une-famille-juive-italienne\/\",\"name\":\"BECHOL LASHON Fran\u00e7ais - Le Louvre rend une oeuvre spoli\u00e9e par les nazis \u00e0 une famille juive italienne - Pagine Ebraiche International\",\"isPartOf\":{\"@id\":\"https:\/\/moked.it\/international\/#website\"},\"primaryImageOfPage\":{\"@id\":\"https:\/\/moked.it\/international\/2017\/03\/20\/bechol-lashon-francais-le-louvre-rend-une-oeuvre-spoliee-par-les-nazis-a-une-famille-juive-italienne\/#primaryimage\"},\"image\":{\"@id\":\"https:\/\/moked.it\/international\/2017\/03\/20\/bechol-lashon-francais-le-louvre-rend-une-oeuvre-spoliee-par-les-nazis-a-une-famille-juive-italienne\/#primaryimage\"},\"thumbnailUrl\":\"http:\/\/moked.it\/international\/files\/2017\/03\/parmigianino-300x220.png\",\"datePublished\":\"2017-03-20T09:54:53+00:00\",\"author\":{\"@id\":\"https:\/\/moked.it\/international\/#\/schema\/person\/51e9fca2f211041a5817e3678547fee1\"},\"breadcrumb\":{\"@id\":\"https:\/\/moked.it\/international\/2017\/03\/20\/bechol-lashon-francais-le-louvre-rend-une-oeuvre-spoliee-par-les-nazis-a-une-famille-juive-italienne\/#breadcrumb\"},\"inLanguage\":\"en-US\",\"potentialAction\":[{\"@type\":\"ReadAction\",\"target\":[\"https:\/\/moked.it\/international\/2017\/03\/20\/bechol-lashon-francais-le-louvre-rend-une-oeuvre-spoliee-par-les-nazis-a-une-famille-juive-italienne\/\"]}]},{\"@type\":\"ImageObject\",\"inLanguage\":\"en-US\",\"@id\":\"https:\/\/moked.it\/international\/2017\/03\/20\/bechol-lashon-francais-le-louvre-rend-une-oeuvre-spoliee-par-les-nazis-a-une-famille-juive-italienne\/#primaryimage\",\"url\":\"https:\/\/moked.it\/international\/files\/2017\/03\/parmigianino.png\",\"contentUrl\":\"https:\/\/moked.it\/international\/files\/2017\/03\/parmigianino.png\",\"width\":486,\"height\":356},{\"@type\":\"BreadcrumbList\",\"@id\":\"https:\/\/moked.it\/international\/2017\/03\/20\/bechol-lashon-francais-le-louvre-rend-une-oeuvre-spoliee-par-les-nazis-a-une-famille-juive-italienne\/#breadcrumb\",\"itemListElement\":[{\"@type\":\"ListItem\",\"position\":1,\"name\":\"Home\",\"item\":\"https:\/\/moked.it\/international\/\"},{\"@type\":\"ListItem\",\"position\":2,\"name\":\"BECHOL LASHON Fran\u00e7ais &#8211; Le Louvre rend une oeuvre spoli\u00e9e par les nazis \u00e0 une famille juive italienne\"}]},{\"@type\":\"WebSite\",\"@id\":\"https:\/\/moked.it\/international\/#website\",\"url\":\"https:\/\/moked.it\/international\/\",\"name\":\"Pagine Ebraiche International\",\"description\":\"A Taste of the Italian Jewish World\",\"potentialAction\":[{\"@type\":\"SearchAction\",\"target\":{\"@type\":\"EntryPoint\",\"urlTemplate\":\"https:\/\/moked.it\/international\/?s={search_term_string}\"},\"query-input\":{\"@type\":\"PropertyValueSpecification\",\"valueRequired\":true,\"valueName\":\"search_term_string\"}}],\"inLanguage\":\"en-US\"},{\"@type\":\"Person\",\"@id\":\"https:\/\/moked.it\/international\/#\/schema\/person\/51e9fca2f211041a5817e3678547fee1\",\"name\":\"rossellatercatin\",\"image\":{\"@type\":\"ImageObject\",\"inLanguage\":\"en-US\",\"@id\":\"https:\/\/moked.it\/international\/#\/schema\/person\/image\/\",\"url\":\"https:\/\/secure.gravatar.com\/avatar\/3a2261350e4b6436b942e97ff77816c779ef1acb7b5238174c7cd8d96e4d0d91?s=96&d=mm&r=g\",\"contentUrl\":\"https:\/\/secure.gravatar.com\/avatar\/3a2261350e4b6436b942e97ff77816c779ef1acb7b5238174c7cd8d96e4d0d91?s=96&d=mm&r=g\",\"caption\":\"rossellatercatin\"},\"url\":\"https:\/\/moked.it\/international\/author\/rossellatercatin\/\"}]}<\/script>\n<!-- \/ Yoast SEO plugin. -->","yoast_head_json":{"title":"BECHOL LASHON Fran\u00e7ais - Le Louvre rend une oeuvre spoli\u00e9e par les nazis \u00e0 une famille juive italienne - Pagine Ebraiche International","robots":{"index":"index","follow":"follow","max-snippet":"max-snippet:-1","max-image-preview":"max-image-preview:large","max-video-preview":"max-video-preview:-1"},"canonical":"https:\/\/moked.it\/international\/2017\/03\/20\/bechol-lashon-francais-le-louvre-rend-une-oeuvre-spoliee-par-les-nazis-a-une-famille-juive-italienne\/","og_locale":"en_US","og_type":"article","og_title":"BECHOL LASHON Fran\u00e7ais - Le Louvre rend une oeuvre spoli\u00e9e par les nazis \u00e0 une famille juive italienne - Pagine Ebraiche International","og_description":"Times of Israel staff Il aura fallu 76 ans pour que la famille du collectionneur d\u2019art juif italien, Federico Gentili Di Giuseppe, ayant fui le fascisme de Mussolini en 1940, ne r\u00e9cup\u00e8re \u00ab Les Noces d\u2019Alexandre et Roxane \u00bb, un dessin d\u2019Il Parmigianino-Le Parmesan, conserv\u00e9 par le mus\u00e9e du Louvre depuis son retour d\u2019Allemagne apr\u00e8s-guerre.&hellip; leggi&nbsp;","og_url":"https:\/\/moked.it\/international\/2017\/03\/20\/bechol-lashon-francais-le-louvre-rend-une-oeuvre-spoliee-par-les-nazis-a-une-famille-juive-italienne\/","og_site_name":"Pagine Ebraiche International","article_published_time":"2017-03-20T09:54:53+00:00","og_image":[{"url":"http:\/\/moked.it\/international\/files\/2017\/03\/parmigianino-300x220.png","type":"","width":"","height":""}],"author":"rossellatercatin","twitter_card":"summary_large_image","twitter_misc":{"Written by":"rossellatercatin","Est. reading time":"2 minutes"},"schema":{"@context":"https:\/\/schema.org","@graph":[{"@type":"WebPage","@id":"https:\/\/moked.it\/international\/2017\/03\/20\/bechol-lashon-francais-le-louvre-rend-une-oeuvre-spoliee-par-les-nazis-a-une-famille-juive-italienne\/","url":"https:\/\/moked.it\/international\/2017\/03\/20\/bechol-lashon-francais-le-louvre-rend-une-oeuvre-spoliee-par-les-nazis-a-une-famille-juive-italienne\/","name":"BECHOL LASHON Fran\u00e7ais - Le Louvre rend une oeuvre spoli\u00e9e par les nazis \u00e0 une famille juive italienne - Pagine Ebraiche International","isPartOf":{"@id":"https:\/\/moked.it\/international\/#website"},"primaryImageOfPage":{"@id":"https:\/\/moked.it\/international\/2017\/03\/20\/bechol-lashon-francais-le-louvre-rend-une-oeuvre-spoliee-par-les-nazis-a-une-famille-juive-italienne\/#primaryimage"},"image":{"@id":"https:\/\/moked.it\/international\/2017\/03\/20\/bechol-lashon-francais-le-louvre-rend-une-oeuvre-spoliee-par-les-nazis-a-une-famille-juive-italienne\/#primaryimage"},"thumbnailUrl":"http:\/\/moked.it\/international\/files\/2017\/03\/parmigianino-300x220.png","datePublished":"2017-03-20T09:54:53+00:00","author":{"@id":"https:\/\/moked.it\/international\/#\/schema\/person\/51e9fca2f211041a5817e3678547fee1"},"breadcrumb":{"@id":"https:\/\/moked.it\/international\/2017\/03\/20\/bechol-lashon-francais-le-louvre-rend-une-oeuvre-spoliee-par-les-nazis-a-une-famille-juive-italienne\/#breadcrumb"},"inLanguage":"en-US","potentialAction":[{"@type":"ReadAction","target":["https:\/\/moked.it\/international\/2017\/03\/20\/bechol-lashon-francais-le-louvre-rend-une-oeuvre-spoliee-par-les-nazis-a-une-famille-juive-italienne\/"]}]},{"@type":"ImageObject","inLanguage":"en-US","@id":"https:\/\/moked.it\/international\/2017\/03\/20\/bechol-lashon-francais-le-louvre-rend-une-oeuvre-spoliee-par-les-nazis-a-une-famille-juive-italienne\/#primaryimage","url":"https:\/\/moked.it\/international\/files\/2017\/03\/parmigianino.png","contentUrl":"https:\/\/moked.it\/international\/files\/2017\/03\/parmigianino.png","width":486,"height":356},{"@type":"BreadcrumbList","@id":"https:\/\/moked.it\/international\/2017\/03\/20\/bechol-lashon-francais-le-louvre-rend-une-oeuvre-spoliee-par-les-nazis-a-une-famille-juive-italienne\/#breadcrumb","itemListElement":[{"@type":"ListItem","position":1,"name":"Home","item":"https:\/\/moked.it\/international\/"},{"@type":"ListItem","position":2,"name":"BECHOL LASHON Fran\u00e7ais &#8211; Le Louvre rend une oeuvre spoli\u00e9e par les nazis \u00e0 une famille juive italienne"}]},{"@type":"WebSite","@id":"https:\/\/moked.it\/international\/#website","url":"https:\/\/moked.it\/international\/","name":"Pagine Ebraiche International","description":"A Taste of the Italian Jewish World","potentialAction":[{"@type":"SearchAction","target":{"@type":"EntryPoint","urlTemplate":"https:\/\/moked.it\/international\/?s={search_term_string}"},"query-input":{"@type":"PropertyValueSpecification","valueRequired":true,"valueName":"search_term_string"}}],"inLanguage":"en-US"},{"@type":"Person","@id":"https:\/\/moked.it\/international\/#\/schema\/person\/51e9fca2f211041a5817e3678547fee1","name":"rossellatercatin","image":{"@type":"ImageObject","inLanguage":"en-US","@id":"https:\/\/moked.it\/international\/#\/schema\/person\/image\/","url":"https:\/\/secure.gravatar.com\/avatar\/3a2261350e4b6436b942e97ff77816c779ef1acb7b5238174c7cd8d96e4d0d91?s=96&d=mm&r=g","contentUrl":"https:\/\/secure.gravatar.com\/avatar\/3a2261350e4b6436b942e97ff77816c779ef1acb7b5238174c7cd8d96e4d0d91?s=96&d=mm&r=g","caption":"rossellatercatin"},"url":"https:\/\/moked.it\/international\/author\/rossellatercatin\/"}]}},"_links":{"self":[{"href":"https:\/\/moked.it\/international\/wp-json\/wp\/v2\/posts\/3964","targetHints":{"allow":["GET"]}}],"collection":[{"href":"https:\/\/moked.it\/international\/wp-json\/wp\/v2\/posts"}],"about":[{"href":"https:\/\/moked.it\/international\/wp-json\/wp\/v2\/types\/post"}],"author":[{"embeddable":true,"href":"https:\/\/moked.it\/international\/wp-json\/wp\/v2\/users\/4296"}],"replies":[{"embeddable":true,"href":"https:\/\/moked.it\/international\/wp-json\/wp\/v2\/comments?post=3964"}],"version-history":[{"count":1,"href":"https:\/\/moked.it\/international\/wp-json\/wp\/v2\/posts\/3964\/revisions"}],"predecessor-version":[{"id":3966,"href":"https:\/\/moked.it\/international\/wp-json\/wp\/v2\/posts\/3964\/revisions\/3966"}],"wp:attachment":[{"href":"https:\/\/moked.it\/international\/wp-json\/wp\/v2\/media?parent=3964"}],"wp:term":[{"taxonomy":"category","embeddable":true,"href":"https:\/\/moked.it\/international\/wp-json\/wp\/v2\/categories?post=3964"},{"taxonomy":"post_tag","embeddable":true,"href":"https:\/\/moked.it\/international\/wp-json\/wp\/v2\/tags?post=3964"},{"taxonomy":"position","embeddable":true,"href":"https:\/\/moked.it\/international\/wp-json\/wp\/v2\/position?post=3964"}],"curies":[{"name":"wp","href":"https:\/\/api.w.org\/{rel}","templated":true}]}}