{"id":4460,"date":"2017-11-13T13:18:41","date_gmt":"2017-11-13T12:18:41","guid":{"rendered":"http:\/\/moked.it\/international\/?p=4460"},"modified":"2018-09-04T16:54:22","modified_gmt":"2018-09-04T14:54:22","slug":"bechol-lashon-francais-decouverte-dun-cimetiere-juif-medieval-bologne-en-italie","status":"publish","type":"post","link":"https:\/\/moked.it\/international\/2017\/11\/13\/bechol-lashon-francais-decouverte-dun-cimetiere-juif-medieval-bologne-en-italie\/","title":{"rendered":"BECHOL LASHON Fran\u00e7ais &#8211; D\u00e9couverte d\u2019un cimeti\u00e8re juif m\u00e9di\u00e9val \u00e0 Bologne, en Italie"},"content":{"rendered":"<p><a href=\"http:\/\/moked.it\/international\/files\/2017\/11\/bologna.jpg\"><img loading=\"lazy\" decoding=\"async\" src=\"http:\/\/moked.it\/international\/files\/2017\/11\/bologna-300x225.jpg\" alt=\"bologna\" width=\"300\" height=\"225\" class=\"alignright size-medium wp-image-4461\" srcset=\"https:\/\/moked.it\/international\/files\/2017\/11\/bologna-300x225.jpg 300w, https:\/\/moked.it\/international\/files\/2017\/11\/bologna-768x576.jpg 768w, https:\/\/moked.it\/international\/files\/2017\/11\/bologna-790x593.jpg 790w\" sizes=\"auto, (max-width: 300px) 100vw, 300px\" \/><\/a>Par <strong>JTA*<\/strong><\/p>\n<p>Les autorit\u00e9s de Bologne, en Italie, ont annonc\u00e9 la d\u00e9couverte du site du cimeti\u00e8re m\u00e9di\u00e9val juif de la ville, qui avait \u00e9t\u00e9 d\u00e9truit en 1569.<\/p>\n<p>Elles ont fait savoir que des fouilles arch\u00e9ologiques r\u00e9alis\u00e9es de 2012 \u00e0 2014 ont permis de d\u00e9couvrir 408 tombes, ce qui fait de ce lieu d\u2019inhumation le plus important et le plus ancien cimeti\u00e8re juif connu \u00e0 ce jour en Italie.<br \/>\nLa d\u00e9couverte annonc\u00e9e par l\u2019organisme de supervision r\u00e9gional de l\u2019arch\u00e9ologie, qui officie \u00e9galement \u00e0 Bologne, a \u00e9t\u00e9 pr\u00e9sent\u00e9e mardi lors d\u2019une conf\u00e9rence de presse donn\u00e9e par le maire de la municipalit\u00e9, Virginio Merola, et d\u2019autres responsables, notamment le grand rabbin de Bologne et le pr\u00e9sident de la communaut\u00e9 juive.<\/p>\n<p>\u00ab C\u2019est une d\u00e9couverte unique \u00bb, a estim\u00e9 Merola. \u00ab C\u2019est un enrichissement de l\u2019histoire culturelle de notre ville et de la pr\u00e9sence de la communaut\u00e9 juive \u00e0 Bologne \u00bb.<\/p>\n<p>Dans un communiqu\u00e9, l\u2019organisme a indiqu\u00e9 que parmi les tombes d\u00e9couvertes, celles de femmes, d\u2019hommes et d\u2019enfants, et d\u2019autres \u00ab comportant des ornements personnels en or, en argent, en bronze, en pierre et en ambre \u00bb. Il a ajout\u00e9 que le cimeti\u00e8re a \u00e9t\u00e9 d\u00e9couvert lors de fouilles r\u00e9alis\u00e9es en liaison avec la construction d\u2019un complexe r\u00e9sidentiel.<\/p>\n<p>Le secteur, qui se trouve via Orfeo et dans ses alentours, avait \u00e9t\u00e9 utilis\u00e9 comme cimeti\u00e8re juif \u00e0 partir de 1390 mais avait \u00e9t\u00e9 d\u00e9truit apr\u00e8s que le Pape Pie V a interdit la pr\u00e9sence des Juifs dans les territoires papaux, \u00e0 l\u2019exception de Rome et d\u2019Anc\u00f4ne, en 1569.<\/p>\n<p>Au mois de novembre, cette ann\u00e9e-l\u00e0, Pie avait fait don du cimeti\u00e8re aux religieuses du clo\u00eetre voisin de Saint Pierre le martyr, leur donnant l\u2019autorisation \u00ab de creuser et d\u2019envoyer, o\u00f9 elles le voulaient, les corps, les os et les restes des morts ; de d\u00e9molir ou de transformer les tombes construites par les Juifs, notamment celles faites pour les vivants ; et de faire compl\u00e8tement dispara\u00eetre ou effacer les inscriptions ou les \u00e9pitaphes grav\u00e9es dans le marbre \u00bb.<\/p>\n<p>Quatre tombes juives arborant des ornements qui sont actuellement expos\u00e9es au mus\u00e9e m\u00e9di\u00e9val civique de Bologne viendraient de ce cimeti\u00e8re.<\/p>\n<p>Le communiqu\u00e9 de l\u2019organisme de supervision a indiqu\u00e9 que les 408 tombes d\u00e9couvertes lors des fouilles \u00e9taient \u00ab parfaitement align\u00e9es, en rangs parall\u00e8les, avec des tranch\u00e9es creus\u00e9es dans la direction est-ouest, les t\u00eates des morts tourn\u00e9es vers l\u2019ouest \u00bb.<\/p>\n<p>Il a pr\u00e9cis\u00e9 qu\u2019aucune st\u00e8le n\u2019avait \u00e9t\u00e9 trouv\u00e9e mais que 150 pr\u00e9sentaient des signes visibles de profanation d\u00e9lib\u00e9r\u00e9e.<\/p>\n<p>Lors de la pr\u00e9sentation de mardi, le rabbin Alberto Sermoneta a soulign\u00e9 que les restes trouv\u00e9s devraient \u00eatre enterr\u00e9s dignement.<\/p>\n<p><strong>*Times of Israel Fran\u00e7ais, 8 novembre 2017 <\/strong> <\/p>\n","protected":false},"excerpt":{"rendered":"<p>Par JTA* Les autorit\u00e9s de Bologne, en Italie, ont annonc\u00e9 la d\u00e9couverte du site du cimeti\u00e8re m\u00e9di\u00e9val juif de la ville, qui avait \u00e9t\u00e9 d\u00e9truit en 1569. Elles ont fait savoir que des fouilles arch\u00e9ologiques r\u00e9alis\u00e9es de 2012 \u00e0 2014 ont permis de d\u00e9couvrir 408 tombes, ce qui fait de ce lieu d\u2019inhumation le plus&hellip; <a class=\"more\" rel=\"bookmark\" href=\"https:\/\/moked.it\/international\/2017\/11\/13\/bechol-lashon-francais-decouverte-dun-cimetiere-juif-medieval-bologne-en-italie\/\">leggi&nbsp;<i class=\"fa fa-chevron-circle-right\"><\/i><\/a><\/p>\n","protected":false},"author":4296,"featured_media":0,"menu_order":0,"comment_status":"closed","ping_status":"open","sticky":false,"template":"","format":"standard","meta":{"footnotes":""},"categories":[15117],"tags":[],"position":[],"class_list":["post-4460","post","type-post","status-publish","format-standard","hentry","category-bechol-lashon"],"yoast_head":"<!-- This site is optimized with the Yoast SEO plugin v26.0 - https:\/\/yoast.com\/wordpress\/plugins\/seo\/ -->\n<title>BECHOL LASHON Fran\u00e7ais - D\u00e9couverte d\u2019un cimeti\u00e8re juif m\u00e9di\u00e9val \u00e0 Bologne, en Italie - Pagine Ebraiche International<\/title>\n<meta name=\"robots\" content=\"index, follow, max-snippet:-1, max-image-preview:large, max-video-preview:-1\" \/>\n<link rel=\"canonical\" href=\"https:\/\/moked.it\/international\/2017\/11\/13\/bechol-lashon-francais-decouverte-dun-cimetiere-juif-medieval-bologne-en-italie\/\" \/>\n<meta property=\"og:locale\" content=\"en_US\" \/>\n<meta property=\"og:type\" content=\"article\" \/>\n<meta property=\"og:title\" content=\"BECHOL LASHON Fran\u00e7ais - D\u00e9couverte d\u2019un cimeti\u00e8re juif m\u00e9di\u00e9val \u00e0 Bologne, en Italie - Pagine Ebraiche International\" \/>\n<meta property=\"og:description\" content=\"Par JTA* Les autorit\u00e9s de Bologne, en Italie, ont annonc\u00e9 la d\u00e9couverte du site du cimeti\u00e8re m\u00e9di\u00e9val juif de la ville, qui avait \u00e9t\u00e9 d\u00e9truit en 1569. Elles ont fait savoir que des fouilles arch\u00e9ologiques r\u00e9alis\u00e9es de 2012 \u00e0 2014 ont permis de d\u00e9couvrir 408 tombes, ce qui fait de ce lieu d\u2019inhumation le plus&hellip; leggi&nbsp;\" \/>\n<meta property=\"og:url\" content=\"https:\/\/moked.it\/international\/2017\/11\/13\/bechol-lashon-francais-decouverte-dun-cimetiere-juif-medieval-bologne-en-italie\/\" \/>\n<meta property=\"og:site_name\" content=\"Pagine Ebraiche International\" \/>\n<meta property=\"article:published_time\" content=\"2017-11-13T12:18:41+00:00\" \/>\n<meta property=\"article:modified_time\" content=\"2018-09-04T14:54:22+00:00\" \/>\n<meta property=\"og:image\" content=\"http:\/\/moked.it\/international\/files\/2017\/11\/bologna-300x225.jpg\" \/>\n<meta name=\"author\" content=\"rossellatercatin\" \/>\n<meta name=\"twitter:card\" content=\"summary_large_image\" \/>\n<meta name=\"twitter:label1\" content=\"Written by\" \/>\n\t<meta name=\"twitter:data1\" content=\"rossellatercatin\" \/>\n\t<meta name=\"twitter:label2\" content=\"Est. reading time\" \/>\n\t<meta name=\"twitter:data2\" content=\"2 minutes\" \/>\n<script type=\"application\/ld+json\" class=\"yoast-schema-graph\">{\"@context\":\"https:\/\/schema.org\",\"@graph\":[{\"@type\":\"WebPage\",\"@id\":\"https:\/\/moked.it\/international\/2017\/11\/13\/bechol-lashon-francais-decouverte-dun-cimetiere-juif-medieval-bologne-en-italie\/\",\"url\":\"https:\/\/moked.it\/international\/2017\/11\/13\/bechol-lashon-francais-decouverte-dun-cimetiere-juif-medieval-bologne-en-italie\/\",\"name\":\"BECHOL LASHON Fran\u00e7ais - D\u00e9couverte d\u2019un cimeti\u00e8re juif m\u00e9di\u00e9val \u00e0 Bologne, en Italie - Pagine Ebraiche International\",\"isPartOf\":{\"@id\":\"https:\/\/moked.it\/international\/#website\"},\"primaryImageOfPage\":{\"@id\":\"https:\/\/moked.it\/international\/2017\/11\/13\/bechol-lashon-francais-decouverte-dun-cimetiere-juif-medieval-bologne-en-italie\/#primaryimage\"},\"image\":{\"@id\":\"https:\/\/moked.it\/international\/2017\/11\/13\/bechol-lashon-francais-decouverte-dun-cimetiere-juif-medieval-bologne-en-italie\/#primaryimage\"},\"thumbnailUrl\":\"http:\/\/moked.it\/international\/files\/2017\/11\/bologna-300x225.jpg\",\"datePublished\":\"2017-11-13T12:18:41+00:00\",\"dateModified\":\"2018-09-04T14:54:22+00:00\",\"author\":{\"@id\":\"https:\/\/moked.it\/international\/#\/schema\/person\/51e9fca2f211041a5817e3678547fee1\"},\"breadcrumb\":{\"@id\":\"https:\/\/moked.it\/international\/2017\/11\/13\/bechol-lashon-francais-decouverte-dun-cimetiere-juif-medieval-bologne-en-italie\/#breadcrumb\"},\"inLanguage\":\"en-US\",\"potentialAction\":[{\"@type\":\"ReadAction\",\"target\":[\"https:\/\/moked.it\/international\/2017\/11\/13\/bechol-lashon-francais-decouverte-dun-cimetiere-juif-medieval-bologne-en-italie\/\"]}]},{\"@type\":\"ImageObject\",\"inLanguage\":\"en-US\",\"@id\":\"https:\/\/moked.it\/international\/2017\/11\/13\/bechol-lashon-francais-decouverte-dun-cimetiere-juif-medieval-bologne-en-italie\/#primaryimage\",\"url\":\"https:\/\/moked.it\/international\/files\/2017\/11\/bologna.jpg\",\"contentUrl\":\"https:\/\/moked.it\/international\/files\/2017\/11\/bologna.jpg\",\"width\":2598,\"height\":1949},{\"@type\":\"BreadcrumbList\",\"@id\":\"https:\/\/moked.it\/international\/2017\/11\/13\/bechol-lashon-francais-decouverte-dun-cimetiere-juif-medieval-bologne-en-italie\/#breadcrumb\",\"itemListElement\":[{\"@type\":\"ListItem\",\"position\":1,\"name\":\"Home\",\"item\":\"https:\/\/moked.it\/international\/\"},{\"@type\":\"ListItem\",\"position\":2,\"name\":\"BECHOL LASHON Fran\u00e7ais &#8211; D\u00e9couverte d\u2019un cimeti\u00e8re juif m\u00e9di\u00e9val \u00e0 Bologne, en Italie\"}]},{\"@type\":\"WebSite\",\"@id\":\"https:\/\/moked.it\/international\/#website\",\"url\":\"https:\/\/moked.it\/international\/\",\"name\":\"Pagine Ebraiche International\",\"description\":\"A Taste of the Italian Jewish World\",\"potentialAction\":[{\"@type\":\"SearchAction\",\"target\":{\"@type\":\"EntryPoint\",\"urlTemplate\":\"https:\/\/moked.it\/international\/?s={search_term_string}\"},\"query-input\":{\"@type\":\"PropertyValueSpecification\",\"valueRequired\":true,\"valueName\":\"search_term_string\"}}],\"inLanguage\":\"en-US\"},{\"@type\":\"Person\",\"@id\":\"https:\/\/moked.it\/international\/#\/schema\/person\/51e9fca2f211041a5817e3678547fee1\",\"name\":\"rossellatercatin\",\"image\":{\"@type\":\"ImageObject\",\"inLanguage\":\"en-US\",\"@id\":\"https:\/\/moked.it\/international\/#\/schema\/person\/image\/\",\"url\":\"https:\/\/secure.gravatar.com\/avatar\/3a2261350e4b6436b942e97ff77816c779ef1acb7b5238174c7cd8d96e4d0d91?s=96&d=mm&r=g\",\"contentUrl\":\"https:\/\/secure.gravatar.com\/avatar\/3a2261350e4b6436b942e97ff77816c779ef1acb7b5238174c7cd8d96e4d0d91?s=96&d=mm&r=g\",\"caption\":\"rossellatercatin\"},\"url\":\"https:\/\/moked.it\/international\/author\/rossellatercatin\/\"}]}<\/script>\n<!-- \/ Yoast SEO plugin. -->","yoast_head_json":{"title":"BECHOL LASHON Fran\u00e7ais - D\u00e9couverte d\u2019un cimeti\u00e8re juif m\u00e9di\u00e9val \u00e0 Bologne, en Italie - Pagine Ebraiche International","robots":{"index":"index","follow":"follow","max-snippet":"max-snippet:-1","max-image-preview":"max-image-preview:large","max-video-preview":"max-video-preview:-1"},"canonical":"https:\/\/moked.it\/international\/2017\/11\/13\/bechol-lashon-francais-decouverte-dun-cimetiere-juif-medieval-bologne-en-italie\/","og_locale":"en_US","og_type":"article","og_title":"BECHOL LASHON Fran\u00e7ais - D\u00e9couverte d\u2019un cimeti\u00e8re juif m\u00e9di\u00e9val \u00e0 Bologne, en Italie - Pagine Ebraiche International","og_description":"Par JTA* Les autorit\u00e9s de Bologne, en Italie, ont annonc\u00e9 la d\u00e9couverte du site du cimeti\u00e8re m\u00e9di\u00e9val juif de la ville, qui avait \u00e9t\u00e9 d\u00e9truit en 1569. Elles ont fait savoir que des fouilles arch\u00e9ologiques r\u00e9alis\u00e9es de 2012 \u00e0 2014 ont permis de d\u00e9couvrir 408 tombes, ce qui fait de ce lieu d\u2019inhumation le plus&hellip; leggi&nbsp;","og_url":"https:\/\/moked.it\/international\/2017\/11\/13\/bechol-lashon-francais-decouverte-dun-cimetiere-juif-medieval-bologne-en-italie\/","og_site_name":"Pagine Ebraiche International","article_published_time":"2017-11-13T12:18:41+00:00","article_modified_time":"2018-09-04T14:54:22+00:00","og_image":[{"url":"http:\/\/moked.it\/international\/files\/2017\/11\/bologna-300x225.jpg","type":"","width":"","height":""}],"author":"rossellatercatin","twitter_card":"summary_large_image","twitter_misc":{"Written by":"rossellatercatin","Est. reading time":"2 minutes"},"schema":{"@context":"https:\/\/schema.org","@graph":[{"@type":"WebPage","@id":"https:\/\/moked.it\/international\/2017\/11\/13\/bechol-lashon-francais-decouverte-dun-cimetiere-juif-medieval-bologne-en-italie\/","url":"https:\/\/moked.it\/international\/2017\/11\/13\/bechol-lashon-francais-decouverte-dun-cimetiere-juif-medieval-bologne-en-italie\/","name":"BECHOL LASHON Fran\u00e7ais - D\u00e9couverte d\u2019un cimeti\u00e8re juif m\u00e9di\u00e9val \u00e0 Bologne, en Italie - Pagine Ebraiche International","isPartOf":{"@id":"https:\/\/moked.it\/international\/#website"},"primaryImageOfPage":{"@id":"https:\/\/moked.it\/international\/2017\/11\/13\/bechol-lashon-francais-decouverte-dun-cimetiere-juif-medieval-bologne-en-italie\/#primaryimage"},"image":{"@id":"https:\/\/moked.it\/international\/2017\/11\/13\/bechol-lashon-francais-decouverte-dun-cimetiere-juif-medieval-bologne-en-italie\/#primaryimage"},"thumbnailUrl":"http:\/\/moked.it\/international\/files\/2017\/11\/bologna-300x225.jpg","datePublished":"2017-11-13T12:18:41+00:00","dateModified":"2018-09-04T14:54:22+00:00","author":{"@id":"https:\/\/moked.it\/international\/#\/schema\/person\/51e9fca2f211041a5817e3678547fee1"},"breadcrumb":{"@id":"https:\/\/moked.it\/international\/2017\/11\/13\/bechol-lashon-francais-decouverte-dun-cimetiere-juif-medieval-bologne-en-italie\/#breadcrumb"},"inLanguage":"en-US","potentialAction":[{"@type":"ReadAction","target":["https:\/\/moked.it\/international\/2017\/11\/13\/bechol-lashon-francais-decouverte-dun-cimetiere-juif-medieval-bologne-en-italie\/"]}]},{"@type":"ImageObject","inLanguage":"en-US","@id":"https:\/\/moked.it\/international\/2017\/11\/13\/bechol-lashon-francais-decouverte-dun-cimetiere-juif-medieval-bologne-en-italie\/#primaryimage","url":"https:\/\/moked.it\/international\/files\/2017\/11\/bologna.jpg","contentUrl":"https:\/\/moked.it\/international\/files\/2017\/11\/bologna.jpg","width":2598,"height":1949},{"@type":"BreadcrumbList","@id":"https:\/\/moked.it\/international\/2017\/11\/13\/bechol-lashon-francais-decouverte-dun-cimetiere-juif-medieval-bologne-en-italie\/#breadcrumb","itemListElement":[{"@type":"ListItem","position":1,"name":"Home","item":"https:\/\/moked.it\/international\/"},{"@type":"ListItem","position":2,"name":"BECHOL LASHON Fran\u00e7ais &#8211; D\u00e9couverte d\u2019un cimeti\u00e8re juif m\u00e9di\u00e9val \u00e0 Bologne, en Italie"}]},{"@type":"WebSite","@id":"https:\/\/moked.it\/international\/#website","url":"https:\/\/moked.it\/international\/","name":"Pagine Ebraiche International","description":"A Taste of the Italian Jewish World","potentialAction":[{"@type":"SearchAction","target":{"@type":"EntryPoint","urlTemplate":"https:\/\/moked.it\/international\/?s={search_term_string}"},"query-input":{"@type":"PropertyValueSpecification","valueRequired":true,"valueName":"search_term_string"}}],"inLanguage":"en-US"},{"@type":"Person","@id":"https:\/\/moked.it\/international\/#\/schema\/person\/51e9fca2f211041a5817e3678547fee1","name":"rossellatercatin","image":{"@type":"ImageObject","inLanguage":"en-US","@id":"https:\/\/moked.it\/international\/#\/schema\/person\/image\/","url":"https:\/\/secure.gravatar.com\/avatar\/3a2261350e4b6436b942e97ff77816c779ef1acb7b5238174c7cd8d96e4d0d91?s=96&d=mm&r=g","contentUrl":"https:\/\/secure.gravatar.com\/avatar\/3a2261350e4b6436b942e97ff77816c779ef1acb7b5238174c7cd8d96e4d0d91?s=96&d=mm&r=g","caption":"rossellatercatin"},"url":"https:\/\/moked.it\/international\/author\/rossellatercatin\/"}]}},"_links":{"self":[{"href":"https:\/\/moked.it\/international\/wp-json\/wp\/v2\/posts\/4460","targetHints":{"allow":["GET"]}}],"collection":[{"href":"https:\/\/moked.it\/international\/wp-json\/wp\/v2\/posts"}],"about":[{"href":"https:\/\/moked.it\/international\/wp-json\/wp\/v2\/types\/post"}],"author":[{"embeddable":true,"href":"https:\/\/moked.it\/international\/wp-json\/wp\/v2\/users\/4296"}],"replies":[{"embeddable":true,"href":"https:\/\/moked.it\/international\/wp-json\/wp\/v2\/comments?post=4460"}],"version-history":[{"count":1,"href":"https:\/\/moked.it\/international\/wp-json\/wp\/v2\/posts\/4460\/revisions"}],"predecessor-version":[{"id":4462,"href":"https:\/\/moked.it\/international\/wp-json\/wp\/v2\/posts\/4460\/revisions\/4462"}],"wp:attachment":[{"href":"https:\/\/moked.it\/international\/wp-json\/wp\/v2\/media?parent=4460"}],"wp:term":[{"taxonomy":"category","embeddable":true,"href":"https:\/\/moked.it\/international\/wp-json\/wp\/v2\/categories?post=4460"},{"taxonomy":"post_tag","embeddable":true,"href":"https:\/\/moked.it\/international\/wp-json\/wp\/v2\/tags?post=4460"},{"taxonomy":"position","embeddable":true,"href":"https:\/\/moked.it\/international\/wp-json\/wp\/v2\/position?post=4460"}],"curies":[{"name":"wp","href":"https:\/\/api.w.org\/{rel}","templated":true}]}}