{"id":4652,"date":"2018-02-05T12:06:24","date_gmt":"2018-02-05T11:06:24","guid":{"rendered":"http:\/\/moked.it\/international\/?p=4652"},"modified":"2018-02-05T12:06:24","modified_gmt":"2018-02-05T11:06:24","slug":"organizacion-para-la-seguridad-y-la-cooperacion-en-europa-el-deporte-tiene-que-defender-los-valores","status":"publish","type":"post","link":"https:\/\/moked.it\/international\/2018\/02\/05\/organizacion-para-la-seguridad-y-la-cooperacion-en-europa-el-deporte-tiene-que-defender-los-valores\/","title":{"rendered":"Organizaci\u00f3n para la Seguridad y la Cooperaci\u00f3n en Europa &#8211; El deporte tiene que defender los valores"},"content":{"rendered":"<p><a href=\"http:\/\/moked.it\/international\/files\/2018\/02\/osce-5-small.jpg\"><img loading=\"lazy\" decoding=\"async\" src=\"http:\/\/moked.it\/international\/files\/2018\/02\/osce-5-small-300x180.jpg\" alt=\"osce 5 small\" width=\"300\" height=\"180\" class=\"alignright size-medium wp-image-4653\" srcset=\"https:\/\/moked.it\/international\/files\/2018\/02\/osce-5-small-300x180.jpg 300w, https:\/\/moked.it\/international\/files\/2018\/02\/osce-5-small.jpg 768w\" sizes=\"auto, (max-width: 300px) 100vw, 300px\" \/><\/a>La lucha contra el odio PASA necesariamente a trav\u00e9s de la educaci\u00f3n, de la cultura, de la transmisi\u00f3n de valores por medio de diferentes canales. Sobre todo, el mundo del deporte, con sus campeones que asumen una responsabilidad p\u00fablica en este sentido. Este es el tema del panel \u201cResponsibility: the role of educators and sports\u201d (Responsabilidad: el rol de los educadores y del deporte), moderado por el periodista de Ansa (Agenzia Nazionale Stampa Associata, Agencia Nacional Estampa Asociada), Stefano Polli.<br \/>\nEntre los protagonistas hay el ex corredor Shaul Ladany, que sobrevivi\u00f3 a la Shoah y al atentado palestino en los Juegos de M\u00f3naco del 1972, y que justo 24 horas antes hab\u00eda marchado para una Memoria consciente en ocasi\u00f3n de la Run for Mem en Bolonia. \u201cEs impresionante el hecho de que, despu\u00e9s de m\u00e1s de 70 a\u00f1os desde la Shoah, es todav\u00eda necesario hablar de antisemitismo. Sin embargo, es importante estar aqu\u00ed hoy, para estudiar juntos estrategias e iniciativas para contrastarlo\u201d, ha subrayado Ladany. \u201cEl deporte \u2013 ha afirmado \u2013 puede hacer mucho\u201d. En la misma onda est\u00e1 el ex futbolista Andrea Balzaretti, que record\u00f3 la emocionante visita a Auschwitz-Birkenau con la selecci\u00f3n natural dirigida por Cesare Prandelli en ocasi\u00f3n del Campeonato Europeo del 2012 en Polonia y Ucrania. \u201cUna visita \u2013 as\u00ed dijo \u2013 que cambi\u00f3 mi perspectiva sobre la vida y que siempre llevar\u00e9 conmigo.\u201d Un dram\u00e1tico ep\u00edlogo del cual salieron vivos algunos jud\u00edos perseguidos, con la ayuda del gran ciclista florentino Gino Bartali. \u201cEs una Memoria que intento llevar a cabo constantemente, con todo mi ser. El ejemplo de mi abuelo, su historia y su coraje \u2013 cuenta la nieta Gioia \u2013 son hoy inspiradores para muchos, sobre todo para los j\u00f3venes\u201d. El reto y las perspectivas del Museo Nazionale dell\u2019Ebraismo Italiano e della Shoah (Museo Nacional del Juda\u00edsmo Italiano y de la Shoah) de Ferrara en la relaci\u00f3n de su directora Simonetta Della Seta, centrada sobre todo en la contribuci\u00f3n cultural de esta realidad. \u201cNuestro trabajo \u2013 afirma Della Seta \u2013 se basa en la responsabilidad. La responsabilidad, entre otras, de dar a conocer a un p\u00fablico amplio esta identidad arraigada en el territorio y en la historia\u201d.<br \/>\nEntre otros intervinieron tambi\u00e9n Charles Small, director del Institute for the Study of Global Antisemitism and Policy (Instituto para el Estudio del Antisemitismo y de la Pol\u00edtica Global), que record\u00f3 lo fuerte que la amenaza antisemita todav\u00eda es; el rav Meni Even Israel, director ejecutivo del Steinsaltz Center; Robert Williams del U.S. Holocaust Memorial Museum de Washington; Alina Bricman, presidenta de la European Union of Jewish Students; el secretario del Centro Isl\u00e1mico de Italia Abdellah Redouane.<br \/>\n<em><br \/>\nTraducido por Ilaria Vozza, estudiante de la Escuela Superior para Int\u00e9rpretes y Traductores de la Universidad de Trieste, en pr\u00e1cticas en la oficina del peri\u00f3dico de la Uni\u00f3n de las Comunidades Jud\u00edas Italianas.<\/em><\/p>\n","protected":false},"excerpt":{"rendered":"<p>La lucha contra el odio PASA necesariamente a trav\u00e9s de la educaci\u00f3n, de la cultura, de la transmisi\u00f3n de valores por medio de diferentes canales. Sobre todo, el mundo del deporte, con sus campeones que asumen una responsabilidad p\u00fablica en este sentido. Este es el tema del panel \u201cResponsibility: the role of educators and sports\u201d&hellip; <a class=\"more\" rel=\"bookmark\" href=\"https:\/\/moked.it\/international\/2018\/02\/05\/organizacion-para-la-seguridad-y-la-cooperacion-en-europa-el-deporte-tiene-que-defender-los-valores\/\">leggi&nbsp;<i class=\"fa fa-chevron-circle-right\"><\/i><\/a><\/p>\n","protected":false},"author":4296,"featured_media":0,"menu_order":0,"comment_status":"closed","ping_status":"open","sticky":false,"template":"","format":"standard","meta":{"footnotes":""},"categories":[61],"tags":[],"position":[],"class_list":["post-4652","post","type-post","status-publish","format-standard","hentry","category-news"],"yoast_head":"<!-- This site is optimized with the Yoast SEO plugin v26.0 - https:\/\/yoast.com\/wordpress\/plugins\/seo\/ -->\n<title>Organizaci\u00f3n para la Seguridad y la Cooperaci\u00f3n en Europa - El deporte tiene que defender los valores - Pagine Ebraiche International<\/title>\n<meta name=\"robots\" content=\"index, follow, max-snippet:-1, max-image-preview:large, max-video-preview:-1\" \/>\n<link rel=\"canonical\" href=\"https:\/\/moked.it\/international\/2018\/02\/05\/organizacion-para-la-seguridad-y-la-cooperacion-en-europa-el-deporte-tiene-que-defender-los-valores\/\" \/>\n<meta property=\"og:locale\" content=\"en_US\" \/>\n<meta property=\"og:type\" content=\"article\" \/>\n<meta property=\"og:title\" content=\"Organizaci\u00f3n para la Seguridad y la Cooperaci\u00f3n en Europa - El deporte tiene que defender los valores - Pagine Ebraiche International\" \/>\n<meta property=\"og:description\" content=\"La lucha contra el odio PASA necesariamente a trav\u00e9s de la educaci\u00f3n, de la cultura, de la transmisi\u00f3n de valores por medio de diferentes canales. Sobre todo, el mundo del deporte, con sus campeones que asumen una responsabilidad p\u00fablica en este sentido. Este es el tema del panel \u201cResponsibility: the role of educators and sports\u201d&hellip; leggi&nbsp;\" \/>\n<meta property=\"og:url\" content=\"https:\/\/moked.it\/international\/2018\/02\/05\/organizacion-para-la-seguridad-y-la-cooperacion-en-europa-el-deporte-tiene-que-defender-los-valores\/\" \/>\n<meta property=\"og:site_name\" content=\"Pagine Ebraiche International\" \/>\n<meta property=\"article:published_time\" content=\"2018-02-05T11:06:24+00:00\" \/>\n<meta property=\"og:image\" content=\"http:\/\/moked.it\/international\/files\/2018\/02\/osce-5-small-300x180.jpg\" \/>\n<meta name=\"author\" content=\"rossellatercatin\" \/>\n<meta name=\"twitter:card\" content=\"summary_large_image\" \/>\n<meta name=\"twitter:label1\" content=\"Written by\" \/>\n\t<meta name=\"twitter:data1\" content=\"rossellatercatin\" \/>\n\t<meta name=\"twitter:label2\" content=\"Est. reading time\" \/>\n\t<meta name=\"twitter:data2\" content=\"2 minutes\" \/>\n<script type=\"application\/ld+json\" class=\"yoast-schema-graph\">{\"@context\":\"https:\/\/schema.org\",\"@graph\":[{\"@type\":\"WebPage\",\"@id\":\"https:\/\/moked.it\/international\/2018\/02\/05\/organizacion-para-la-seguridad-y-la-cooperacion-en-europa-el-deporte-tiene-que-defender-los-valores\/\",\"url\":\"https:\/\/moked.it\/international\/2018\/02\/05\/organizacion-para-la-seguridad-y-la-cooperacion-en-europa-el-deporte-tiene-que-defender-los-valores\/\",\"name\":\"Organizaci\u00f3n para la Seguridad y la Cooperaci\u00f3n en Europa - El deporte tiene que defender los valores - Pagine Ebraiche International\",\"isPartOf\":{\"@id\":\"https:\/\/moked.it\/international\/#website\"},\"primaryImageOfPage\":{\"@id\":\"https:\/\/moked.it\/international\/2018\/02\/05\/organizacion-para-la-seguridad-y-la-cooperacion-en-europa-el-deporte-tiene-que-defender-los-valores\/#primaryimage\"},\"image\":{\"@id\":\"https:\/\/moked.it\/international\/2018\/02\/05\/organizacion-para-la-seguridad-y-la-cooperacion-en-europa-el-deporte-tiene-que-defender-los-valores\/#primaryimage\"},\"thumbnailUrl\":\"http:\/\/moked.it\/international\/files\/2018\/02\/osce-5-small-300x180.jpg\",\"datePublished\":\"2018-02-05T11:06:24+00:00\",\"author\":{\"@id\":\"https:\/\/moked.it\/international\/#\/schema\/person\/51e9fca2f211041a5817e3678547fee1\"},\"breadcrumb\":{\"@id\":\"https:\/\/moked.it\/international\/2018\/02\/05\/organizacion-para-la-seguridad-y-la-cooperacion-en-europa-el-deporte-tiene-que-defender-los-valores\/#breadcrumb\"},\"inLanguage\":\"en-US\",\"potentialAction\":[{\"@type\":\"ReadAction\",\"target\":[\"https:\/\/moked.it\/international\/2018\/02\/05\/organizacion-para-la-seguridad-y-la-cooperacion-en-europa-el-deporte-tiene-que-defender-los-valores\/\"]}]},{\"@type\":\"ImageObject\",\"inLanguage\":\"en-US\",\"@id\":\"https:\/\/moked.it\/international\/2018\/02\/05\/organizacion-para-la-seguridad-y-la-cooperacion-en-europa-el-deporte-tiene-que-defender-los-valores\/#primaryimage\",\"url\":\"https:\/\/moked.it\/international\/files\/2018\/02\/osce-5-small.jpg\",\"contentUrl\":\"https:\/\/moked.it\/international\/files\/2018\/02\/osce-5-small.jpg\",\"width\":768,\"height\":460},{\"@type\":\"BreadcrumbList\",\"@id\":\"https:\/\/moked.it\/international\/2018\/02\/05\/organizacion-para-la-seguridad-y-la-cooperacion-en-europa-el-deporte-tiene-que-defender-los-valores\/#breadcrumb\",\"itemListElement\":[{\"@type\":\"ListItem\",\"position\":1,\"name\":\"Home\",\"item\":\"https:\/\/moked.it\/international\/\"},{\"@type\":\"ListItem\",\"position\":2,\"name\":\"Organizaci\u00f3n para la Seguridad y la Cooperaci\u00f3n en Europa &#8211; El deporte tiene que defender los valores\"}]},{\"@type\":\"WebSite\",\"@id\":\"https:\/\/moked.it\/international\/#website\",\"url\":\"https:\/\/moked.it\/international\/\",\"name\":\"Pagine Ebraiche International\",\"description\":\"A Taste of the Italian Jewish World\",\"potentialAction\":[{\"@type\":\"SearchAction\",\"target\":{\"@type\":\"EntryPoint\",\"urlTemplate\":\"https:\/\/moked.it\/international\/?s={search_term_string}\"},\"query-input\":{\"@type\":\"PropertyValueSpecification\",\"valueRequired\":true,\"valueName\":\"search_term_string\"}}],\"inLanguage\":\"en-US\"},{\"@type\":\"Person\",\"@id\":\"https:\/\/moked.it\/international\/#\/schema\/person\/51e9fca2f211041a5817e3678547fee1\",\"name\":\"rossellatercatin\",\"image\":{\"@type\":\"ImageObject\",\"inLanguage\":\"en-US\",\"@id\":\"https:\/\/moked.it\/international\/#\/schema\/person\/image\/\",\"url\":\"https:\/\/secure.gravatar.com\/avatar\/3a2261350e4b6436b942e97ff77816c779ef1acb7b5238174c7cd8d96e4d0d91?s=96&d=mm&r=g\",\"contentUrl\":\"https:\/\/secure.gravatar.com\/avatar\/3a2261350e4b6436b942e97ff77816c779ef1acb7b5238174c7cd8d96e4d0d91?s=96&d=mm&r=g\",\"caption\":\"rossellatercatin\"},\"url\":\"https:\/\/moked.it\/international\/author\/rossellatercatin\/\"}]}<\/script>\n<!-- \/ Yoast SEO plugin. -->","yoast_head_json":{"title":"Organizaci\u00f3n para la Seguridad y la Cooperaci\u00f3n en Europa - El deporte tiene que defender los valores - Pagine Ebraiche International","robots":{"index":"index","follow":"follow","max-snippet":"max-snippet:-1","max-image-preview":"max-image-preview:large","max-video-preview":"max-video-preview:-1"},"canonical":"https:\/\/moked.it\/international\/2018\/02\/05\/organizacion-para-la-seguridad-y-la-cooperacion-en-europa-el-deporte-tiene-que-defender-los-valores\/","og_locale":"en_US","og_type":"article","og_title":"Organizaci\u00f3n para la Seguridad y la Cooperaci\u00f3n en Europa - El deporte tiene que defender los valores - Pagine Ebraiche International","og_description":"La lucha contra el odio PASA necesariamente a trav\u00e9s de la educaci\u00f3n, de la cultura, de la transmisi\u00f3n de valores por medio de diferentes canales. Sobre todo, el mundo del deporte, con sus campeones que asumen una responsabilidad p\u00fablica en este sentido. Este es el tema del panel \u201cResponsibility: the role of educators and sports\u201d&hellip; leggi&nbsp;","og_url":"https:\/\/moked.it\/international\/2018\/02\/05\/organizacion-para-la-seguridad-y-la-cooperacion-en-europa-el-deporte-tiene-que-defender-los-valores\/","og_site_name":"Pagine Ebraiche International","article_published_time":"2018-02-05T11:06:24+00:00","og_image":[{"url":"http:\/\/moked.it\/international\/files\/2018\/02\/osce-5-small-300x180.jpg","type":"","width":"","height":""}],"author":"rossellatercatin","twitter_card":"summary_large_image","twitter_misc":{"Written by":"rossellatercatin","Est. reading time":"2 minutes"},"schema":{"@context":"https:\/\/schema.org","@graph":[{"@type":"WebPage","@id":"https:\/\/moked.it\/international\/2018\/02\/05\/organizacion-para-la-seguridad-y-la-cooperacion-en-europa-el-deporte-tiene-que-defender-los-valores\/","url":"https:\/\/moked.it\/international\/2018\/02\/05\/organizacion-para-la-seguridad-y-la-cooperacion-en-europa-el-deporte-tiene-que-defender-los-valores\/","name":"Organizaci\u00f3n para la Seguridad y la Cooperaci\u00f3n en Europa - El deporte tiene que defender los valores - Pagine Ebraiche International","isPartOf":{"@id":"https:\/\/moked.it\/international\/#website"},"primaryImageOfPage":{"@id":"https:\/\/moked.it\/international\/2018\/02\/05\/organizacion-para-la-seguridad-y-la-cooperacion-en-europa-el-deporte-tiene-que-defender-los-valores\/#primaryimage"},"image":{"@id":"https:\/\/moked.it\/international\/2018\/02\/05\/organizacion-para-la-seguridad-y-la-cooperacion-en-europa-el-deporte-tiene-que-defender-los-valores\/#primaryimage"},"thumbnailUrl":"http:\/\/moked.it\/international\/files\/2018\/02\/osce-5-small-300x180.jpg","datePublished":"2018-02-05T11:06:24+00:00","author":{"@id":"https:\/\/moked.it\/international\/#\/schema\/person\/51e9fca2f211041a5817e3678547fee1"},"breadcrumb":{"@id":"https:\/\/moked.it\/international\/2018\/02\/05\/organizacion-para-la-seguridad-y-la-cooperacion-en-europa-el-deporte-tiene-que-defender-los-valores\/#breadcrumb"},"inLanguage":"en-US","potentialAction":[{"@type":"ReadAction","target":["https:\/\/moked.it\/international\/2018\/02\/05\/organizacion-para-la-seguridad-y-la-cooperacion-en-europa-el-deporte-tiene-que-defender-los-valores\/"]}]},{"@type":"ImageObject","inLanguage":"en-US","@id":"https:\/\/moked.it\/international\/2018\/02\/05\/organizacion-para-la-seguridad-y-la-cooperacion-en-europa-el-deporte-tiene-que-defender-los-valores\/#primaryimage","url":"https:\/\/moked.it\/international\/files\/2018\/02\/osce-5-small.jpg","contentUrl":"https:\/\/moked.it\/international\/files\/2018\/02\/osce-5-small.jpg","width":768,"height":460},{"@type":"BreadcrumbList","@id":"https:\/\/moked.it\/international\/2018\/02\/05\/organizacion-para-la-seguridad-y-la-cooperacion-en-europa-el-deporte-tiene-que-defender-los-valores\/#breadcrumb","itemListElement":[{"@type":"ListItem","position":1,"name":"Home","item":"https:\/\/moked.it\/international\/"},{"@type":"ListItem","position":2,"name":"Organizaci\u00f3n para la Seguridad y la Cooperaci\u00f3n en Europa &#8211; El deporte tiene que defender los valores"}]},{"@type":"WebSite","@id":"https:\/\/moked.it\/international\/#website","url":"https:\/\/moked.it\/international\/","name":"Pagine Ebraiche International","description":"A Taste of the Italian Jewish World","potentialAction":[{"@type":"SearchAction","target":{"@type":"EntryPoint","urlTemplate":"https:\/\/moked.it\/international\/?s={search_term_string}"},"query-input":{"@type":"PropertyValueSpecification","valueRequired":true,"valueName":"search_term_string"}}],"inLanguage":"en-US"},{"@type":"Person","@id":"https:\/\/moked.it\/international\/#\/schema\/person\/51e9fca2f211041a5817e3678547fee1","name":"rossellatercatin","image":{"@type":"ImageObject","inLanguage":"en-US","@id":"https:\/\/moked.it\/international\/#\/schema\/person\/image\/","url":"https:\/\/secure.gravatar.com\/avatar\/3a2261350e4b6436b942e97ff77816c779ef1acb7b5238174c7cd8d96e4d0d91?s=96&d=mm&r=g","contentUrl":"https:\/\/secure.gravatar.com\/avatar\/3a2261350e4b6436b942e97ff77816c779ef1acb7b5238174c7cd8d96e4d0d91?s=96&d=mm&r=g","caption":"rossellatercatin"},"url":"https:\/\/moked.it\/international\/author\/rossellatercatin\/"}]}},"_links":{"self":[{"href":"https:\/\/moked.it\/international\/wp-json\/wp\/v2\/posts\/4652","targetHints":{"allow":["GET"]}}],"collection":[{"href":"https:\/\/moked.it\/international\/wp-json\/wp\/v2\/posts"}],"about":[{"href":"https:\/\/moked.it\/international\/wp-json\/wp\/v2\/types\/post"}],"author":[{"embeddable":true,"href":"https:\/\/moked.it\/international\/wp-json\/wp\/v2\/users\/4296"}],"replies":[{"embeddable":true,"href":"https:\/\/moked.it\/international\/wp-json\/wp\/v2\/comments?post=4652"}],"version-history":[{"count":1,"href":"https:\/\/moked.it\/international\/wp-json\/wp\/v2\/posts\/4652\/revisions"}],"predecessor-version":[{"id":4654,"href":"https:\/\/moked.it\/international\/wp-json\/wp\/v2\/posts\/4652\/revisions\/4654"}],"wp:attachment":[{"href":"https:\/\/moked.it\/international\/wp-json\/wp\/v2\/media?parent=4652"}],"wp:term":[{"taxonomy":"category","embeddable":true,"href":"https:\/\/moked.it\/international\/wp-json\/wp\/v2\/categories?post=4652"},{"taxonomy":"post_tag","embeddable":true,"href":"https:\/\/moked.it\/international\/wp-json\/wp\/v2\/tags?post=4652"},{"taxonomy":"position","embeddable":true,"href":"https:\/\/moked.it\/international\/wp-json\/wp\/v2\/position?post=4652"}],"curies":[{"name":"wp","href":"https:\/\/api.w.org\/{rel}","templated":true}]}}