{"id":5291,"date":"2019-01-07T13:51:46","date_gmt":"2019-01-07T12:51:46","guid":{"rendered":"http:\/\/moked.it\/international\/?p=5291"},"modified":"2019-01-07T13:51:46","modified_gmt":"2019-01-07T12:51:46","slug":"kultur-deutschland-soll-das-von-den-nazis-gestohlene-gemalde-zuruckgeben","status":"publish","type":"post","link":"https:\/\/moked.it\/international\/2019\/01\/07\/kultur-deutschland-soll-das-von-den-nazis-gestohlene-gemalde-zuruckgeben\/","title":{"rendered":"KULTUR \u00abDeutschland soll das von den Nazis gestohlene Gem\u00e4lde zur\u00fcckgeben\u00bb"},"content":{"rendered":"<p><a href=\"http:\/\/moked.it\/international\/files\/2019\/01\/huysum.jpg\"><img loading=\"lazy\" decoding=\"async\" src=\"http:\/\/moked.it\/international\/files\/2019\/01\/huysum-219x300.jpg\" alt=\"huysum\" width=\"219\" height=\"300\" class=\"alignright size-medium wp-image-5292\" srcset=\"https:\/\/moked.it\/international\/files\/2019\/01\/huysum-219x300.jpg 219w, https:\/\/moked.it\/international\/files\/2019\/01\/huysum.jpg 400w\" sizes=\"auto, (max-width: 219px) 100vw, 219px\" \/><\/a><strong>Pagine Ebraiche staff<\/strong><\/p>\n<p>\u00abEin Aufruf an Deutschland f\u00fcr 2019: Wir w\u00fcnschen, dass dieses Jahr die ber\u00fchmte Vase mit Blumen des niederl\u00e4ndischen Malers Jan van Huysum den Uffizien von Florenz zur\u00fcckgegeben wird. Das Gem\u00e4lde wurde w\u00e4hrend dem Zweiten Weltkrieg von den Nazis gestohlen und befindet sich gerade bei einer deutschen Familie, die es nach all dieser Zeit und trotz den zahlreichen Anfragen des italienischen Staats noch nicht dem Museum zur\u00fcckgegeben hat\u00bb das ist der Aufruf vom Direktor des florentinischen Museums, dem deutschen Eike Schmidt. Dieses Bild ist ein Meisterwerk von Jan van Huysum (Amsterdam 1682-1749), einem sehr ber\u00fchmten Maler von Stillleben. Es handelt sich um ein 47 x 35 cm gro\u00dfes \u00d6lgem\u00e4lde, das bereits vom Jahr 1824 zu den Kunstsammlungen von Pitti-Palast geh\u00f6rte, als der Gro\u00dfherzog von Lothringen Leopold II. es f\u00fcr die neugegr\u00fcndete Galerie des Palatins kaufte. Das Museum berichtet, dass es f\u00fcr mehr als ein Jahrhundert im Saal der Putti samt anderen niederl\u00e4ndischen Stillleben, wie den von Rachel Ruysch und Willem van Aelst, ausgestellt geblieben sei; im Jahr 1940 sei der Palast evakuiert worden und das Gem\u00e4lde sei zur Villa der Familie Medici in Poggio a Caiano gebracht worden. 1943 sei es zur Villa Bossi Pucci verlegt worden, immer noch in Florenz, und da sei geblieben, solange deutsche Soldaten, die auf dem R\u00fcckzug gewesen seien, es zusammen mit anderen Werken nach Castel Giovio (Provinz Bozen) gebracht h\u00e4tten. Die Kiste, wo Vase mit Blumen lag, sei ge\u00f6ffnet worden und das entwendete Bild sei nach Deutschland gebracht worden, wo man seine Spuren verloren habe.<br \/>\nEs sei erst nach einigen Jahrzehnten wiederaufgetaucht, im Jahr 1991, kurz nach der deutschen Wiedervereinigung: Seit dann h\u00e4tten viele Vermittler versucht, mit der Beh\u00f6rde in Italien in Verbindung zu treten, um ihnen ein L\u00f6segeld zu f\u00f6rdern. Die Staatsanwaltschaft von Florenz habe vor kurzem eine Untersuchung eingeleitet: Das Gem\u00e4lde befinde sich tats\u00e4chlich bereits im italienischen Staatbesitz, deshalb sei es weder unver\u00e4u\u00dferlich noch k\u00e4uflich.<br \/>\n\u00abAufgrund dieses Ereignis, das die Erbe der Uffizien ber\u00fchrt, sind die Wunden des Zweiten Weltkriegs und des Naziterrors noch nicht geheilt. Deutschland soll die Verj\u00e4hrung f\u00fcr die w\u00e4hrend des Kriegs gestohlenen Werke abschaffen und daf\u00fcr sorgen, dass sie ihren rechtm\u00e4\u00dfigen Besitzer zur\u00fcckgegeben werden\u00bb sagt Schmidt, und er betont, dass \u00abDeutschland die moralische Pflicht hat, die Werke in unser Museum zur\u00fcckzugeben, und ich hoffe, dass dies so schnell wie m\u00f6glich geschehen wird, zusammen mit allen anderen Kunstwerken, die die NS-Armee gepl\u00fcndert hat\u00bb.<br \/>\nEine schwarzwei\u00dfe Reproduktion der Vase mit Blumen von van Huysum (von Alinari gemacht) ist symbolisch von heute im Saal der Putti in Pitti-Palast ausgestellt. Samt dem Gem\u00e4lde findet man auch Schilden mit der in drei Sprachen (Italienisch, Englisch und Deutsch) \u00fcbersetzten Aufschrift \u00abGestohlen\u00bb und eine Bildunterschrift, die daran erinnert, dass die Wehrmachtsoldaten es aus seiner nat\u00fcrlichen Umgebung verdr\u00e4ngten. \u00abWir werden diese fotografische Ausstellung gern wegnehmen, wenn man das Original den Uffizien zur\u00fcckgibt\u00bb erz\u00e4hlt Schmidt.<\/p>\n<p><em>\u00dcbersetzung von Anna Zanette mit der Hilfe von Giulia Schincariol, Studentinnen der Hochschule f\u00fcr Dolmetscher und \u00dcbersetzer der Universit\u00e4t von Triest und Praktikantinnen bei der Zeitungsredaktion der Union der j\u00fcdischen Gemeinden von Italien (UCEI).<\/em><\/p>\n","protected":false},"excerpt":{"rendered":"<p>Pagine Ebraiche staff \u00abEin Aufruf an Deutschland f\u00fcr 2019: Wir w\u00fcnschen, dass dieses Jahr die ber\u00fchmte Vase mit Blumen des niederl\u00e4ndischen Malers Jan van Huysum den Uffizien von Florenz zur\u00fcckgegeben wird. Das Gem\u00e4lde wurde w\u00e4hrend dem Zweiten Weltkrieg von den Nazis gestohlen und befindet sich gerade bei einer deutschen Familie, die es nach all dieser&hellip; <a class=\"more\" rel=\"bookmark\" href=\"https:\/\/moked.it\/international\/2019\/01\/07\/kultur-deutschland-soll-das-von-den-nazis-gestohlene-gemalde-zuruckgeben\/\">leggi&nbsp;<i class=\"fa fa-chevron-circle-right\"><\/i><\/a><\/p>\n","protected":false},"author":4296,"featured_media":0,"menu_order":0,"comment_status":"closed","ping_status":"open","sticky":false,"template":"","format":"standard","meta":{"footnotes":""},"categories":[9316],"tags":[],"position":[],"class_list":["post-5291","post","type-post","status-publish","format-standard","hentry","category-culture"],"yoast_head":"<!-- This site is optimized with the Yoast SEO plugin v26.0 - https:\/\/yoast.com\/wordpress\/plugins\/seo\/ -->\n<title>KULTUR \u00abDeutschland soll das von den Nazis gestohlene Gem\u00e4lde zur\u00fcckgeben\u00bb - Pagine Ebraiche International<\/title>\n<meta name=\"robots\" content=\"index, follow, max-snippet:-1, max-image-preview:large, max-video-preview:-1\" \/>\n<link rel=\"canonical\" href=\"https:\/\/moked.it\/international\/2019\/01\/07\/kultur-deutschland-soll-das-von-den-nazis-gestohlene-gemalde-zuruckgeben\/\" \/>\n<meta property=\"og:locale\" content=\"en_US\" \/>\n<meta property=\"og:type\" content=\"article\" \/>\n<meta property=\"og:title\" content=\"KULTUR \u00abDeutschland soll das von den Nazis gestohlene Gem\u00e4lde zur\u00fcckgeben\u00bb - Pagine Ebraiche International\" \/>\n<meta property=\"og:description\" content=\"Pagine Ebraiche staff \u00abEin Aufruf an Deutschland f\u00fcr 2019: Wir w\u00fcnschen, dass dieses Jahr die ber\u00fchmte Vase mit Blumen des niederl\u00e4ndischen Malers Jan van Huysum den Uffizien von Florenz zur\u00fcckgegeben wird. Das Gem\u00e4lde wurde w\u00e4hrend dem Zweiten Weltkrieg von den Nazis gestohlen und befindet sich gerade bei einer deutschen Familie, die es nach all dieser&hellip; leggi&nbsp;\" \/>\n<meta property=\"og:url\" content=\"https:\/\/moked.it\/international\/2019\/01\/07\/kultur-deutschland-soll-das-von-den-nazis-gestohlene-gemalde-zuruckgeben\/\" \/>\n<meta property=\"og:site_name\" content=\"Pagine Ebraiche International\" \/>\n<meta property=\"article:published_time\" content=\"2019-01-07T12:51:46+00:00\" \/>\n<meta property=\"og:image\" content=\"http:\/\/moked.it\/international\/files\/2019\/01\/huysum-219x300.jpg\" \/>\n<meta name=\"author\" content=\"rossellatercatin\" \/>\n<meta name=\"twitter:card\" content=\"summary_large_image\" \/>\n<meta name=\"twitter:label1\" content=\"Written by\" \/>\n\t<meta name=\"twitter:data1\" content=\"rossellatercatin\" \/>\n\t<meta name=\"twitter:label2\" content=\"Est. reading time\" \/>\n\t<meta name=\"twitter:data2\" content=\"3 minutes\" \/>\n<script type=\"application\/ld+json\" class=\"yoast-schema-graph\">{\"@context\":\"https:\/\/schema.org\",\"@graph\":[{\"@type\":\"WebPage\",\"@id\":\"https:\/\/moked.it\/international\/2019\/01\/07\/kultur-deutschland-soll-das-von-den-nazis-gestohlene-gemalde-zuruckgeben\/\",\"url\":\"https:\/\/moked.it\/international\/2019\/01\/07\/kultur-deutschland-soll-das-von-den-nazis-gestohlene-gemalde-zuruckgeben\/\",\"name\":\"KULTUR \u00abDeutschland soll das von den Nazis gestohlene Gem\u00e4lde zur\u00fcckgeben\u00bb - Pagine Ebraiche International\",\"isPartOf\":{\"@id\":\"https:\/\/moked.it\/international\/#website\"},\"primaryImageOfPage\":{\"@id\":\"https:\/\/moked.it\/international\/2019\/01\/07\/kultur-deutschland-soll-das-von-den-nazis-gestohlene-gemalde-zuruckgeben\/#primaryimage\"},\"image\":{\"@id\":\"https:\/\/moked.it\/international\/2019\/01\/07\/kultur-deutschland-soll-das-von-den-nazis-gestohlene-gemalde-zuruckgeben\/#primaryimage\"},\"thumbnailUrl\":\"http:\/\/moked.it\/international\/files\/2019\/01\/huysum-219x300.jpg\",\"datePublished\":\"2019-01-07T12:51:46+00:00\",\"author\":{\"@id\":\"https:\/\/moked.it\/international\/#\/schema\/person\/51e9fca2f211041a5817e3678547fee1\"},\"breadcrumb\":{\"@id\":\"https:\/\/moked.it\/international\/2019\/01\/07\/kultur-deutschland-soll-das-von-den-nazis-gestohlene-gemalde-zuruckgeben\/#breadcrumb\"},\"inLanguage\":\"en-US\",\"potentialAction\":[{\"@type\":\"ReadAction\",\"target\":[\"https:\/\/moked.it\/international\/2019\/01\/07\/kultur-deutschland-soll-das-von-den-nazis-gestohlene-gemalde-zuruckgeben\/\"]}]},{\"@type\":\"ImageObject\",\"inLanguage\":\"en-US\",\"@id\":\"https:\/\/moked.it\/international\/2019\/01\/07\/kultur-deutschland-soll-das-von-den-nazis-gestohlene-gemalde-zuruckgeben\/#primaryimage\",\"url\":\"https:\/\/moked.it\/international\/files\/2019\/01\/huysum.jpg\",\"contentUrl\":\"https:\/\/moked.it\/international\/files\/2019\/01\/huysum.jpg\",\"width\":400,\"height\":548},{\"@type\":\"BreadcrumbList\",\"@id\":\"https:\/\/moked.it\/international\/2019\/01\/07\/kultur-deutschland-soll-das-von-den-nazis-gestohlene-gemalde-zuruckgeben\/#breadcrumb\",\"itemListElement\":[{\"@type\":\"ListItem\",\"position\":1,\"name\":\"Home\",\"item\":\"https:\/\/moked.it\/international\/\"},{\"@type\":\"ListItem\",\"position\":2,\"name\":\"KULTUR \u00abDeutschland soll das von den Nazis gestohlene Gem\u00e4lde zur\u00fcckgeben\u00bb\"}]},{\"@type\":\"WebSite\",\"@id\":\"https:\/\/moked.it\/international\/#website\",\"url\":\"https:\/\/moked.it\/international\/\",\"name\":\"Pagine Ebraiche International\",\"description\":\"A Taste of the Italian Jewish World\",\"potentialAction\":[{\"@type\":\"SearchAction\",\"target\":{\"@type\":\"EntryPoint\",\"urlTemplate\":\"https:\/\/moked.it\/international\/?s={search_term_string}\"},\"query-input\":{\"@type\":\"PropertyValueSpecification\",\"valueRequired\":true,\"valueName\":\"search_term_string\"}}],\"inLanguage\":\"en-US\"},{\"@type\":\"Person\",\"@id\":\"https:\/\/moked.it\/international\/#\/schema\/person\/51e9fca2f211041a5817e3678547fee1\",\"name\":\"rossellatercatin\",\"image\":{\"@type\":\"ImageObject\",\"inLanguage\":\"en-US\",\"@id\":\"https:\/\/moked.it\/international\/#\/schema\/person\/image\/\",\"url\":\"https:\/\/secure.gravatar.com\/avatar\/3a2261350e4b6436b942e97ff77816c779ef1acb7b5238174c7cd8d96e4d0d91?s=96&d=mm&r=g\",\"contentUrl\":\"https:\/\/secure.gravatar.com\/avatar\/3a2261350e4b6436b942e97ff77816c779ef1acb7b5238174c7cd8d96e4d0d91?s=96&d=mm&r=g\",\"caption\":\"rossellatercatin\"},\"url\":\"https:\/\/moked.it\/international\/author\/rossellatercatin\/\"}]}<\/script>\n<!-- \/ Yoast SEO plugin. -->","yoast_head_json":{"title":"KULTUR \u00abDeutschland soll das von den Nazis gestohlene Gem\u00e4lde zur\u00fcckgeben\u00bb - Pagine Ebraiche International","robots":{"index":"index","follow":"follow","max-snippet":"max-snippet:-1","max-image-preview":"max-image-preview:large","max-video-preview":"max-video-preview:-1"},"canonical":"https:\/\/moked.it\/international\/2019\/01\/07\/kultur-deutschland-soll-das-von-den-nazis-gestohlene-gemalde-zuruckgeben\/","og_locale":"en_US","og_type":"article","og_title":"KULTUR \u00abDeutschland soll das von den Nazis gestohlene Gem\u00e4lde zur\u00fcckgeben\u00bb - Pagine Ebraiche International","og_description":"Pagine Ebraiche staff \u00abEin Aufruf an Deutschland f\u00fcr 2019: Wir w\u00fcnschen, dass dieses Jahr die ber\u00fchmte Vase mit Blumen des niederl\u00e4ndischen Malers Jan van Huysum den Uffizien von Florenz zur\u00fcckgegeben wird. Das Gem\u00e4lde wurde w\u00e4hrend dem Zweiten Weltkrieg von den Nazis gestohlen und befindet sich gerade bei einer deutschen Familie, die es nach all dieser&hellip; leggi&nbsp;","og_url":"https:\/\/moked.it\/international\/2019\/01\/07\/kultur-deutschland-soll-das-von-den-nazis-gestohlene-gemalde-zuruckgeben\/","og_site_name":"Pagine Ebraiche International","article_published_time":"2019-01-07T12:51:46+00:00","og_image":[{"url":"http:\/\/moked.it\/international\/files\/2019\/01\/huysum-219x300.jpg","type":"","width":"","height":""}],"author":"rossellatercatin","twitter_card":"summary_large_image","twitter_misc":{"Written by":"rossellatercatin","Est. reading time":"3 minutes"},"schema":{"@context":"https:\/\/schema.org","@graph":[{"@type":"WebPage","@id":"https:\/\/moked.it\/international\/2019\/01\/07\/kultur-deutschland-soll-das-von-den-nazis-gestohlene-gemalde-zuruckgeben\/","url":"https:\/\/moked.it\/international\/2019\/01\/07\/kultur-deutschland-soll-das-von-den-nazis-gestohlene-gemalde-zuruckgeben\/","name":"KULTUR \u00abDeutschland soll das von den Nazis gestohlene Gem\u00e4lde zur\u00fcckgeben\u00bb - Pagine Ebraiche International","isPartOf":{"@id":"https:\/\/moked.it\/international\/#website"},"primaryImageOfPage":{"@id":"https:\/\/moked.it\/international\/2019\/01\/07\/kultur-deutschland-soll-das-von-den-nazis-gestohlene-gemalde-zuruckgeben\/#primaryimage"},"image":{"@id":"https:\/\/moked.it\/international\/2019\/01\/07\/kultur-deutschland-soll-das-von-den-nazis-gestohlene-gemalde-zuruckgeben\/#primaryimage"},"thumbnailUrl":"http:\/\/moked.it\/international\/files\/2019\/01\/huysum-219x300.jpg","datePublished":"2019-01-07T12:51:46+00:00","author":{"@id":"https:\/\/moked.it\/international\/#\/schema\/person\/51e9fca2f211041a5817e3678547fee1"},"breadcrumb":{"@id":"https:\/\/moked.it\/international\/2019\/01\/07\/kultur-deutschland-soll-das-von-den-nazis-gestohlene-gemalde-zuruckgeben\/#breadcrumb"},"inLanguage":"en-US","potentialAction":[{"@type":"ReadAction","target":["https:\/\/moked.it\/international\/2019\/01\/07\/kultur-deutschland-soll-das-von-den-nazis-gestohlene-gemalde-zuruckgeben\/"]}]},{"@type":"ImageObject","inLanguage":"en-US","@id":"https:\/\/moked.it\/international\/2019\/01\/07\/kultur-deutschland-soll-das-von-den-nazis-gestohlene-gemalde-zuruckgeben\/#primaryimage","url":"https:\/\/moked.it\/international\/files\/2019\/01\/huysum.jpg","contentUrl":"https:\/\/moked.it\/international\/files\/2019\/01\/huysum.jpg","width":400,"height":548},{"@type":"BreadcrumbList","@id":"https:\/\/moked.it\/international\/2019\/01\/07\/kultur-deutschland-soll-das-von-den-nazis-gestohlene-gemalde-zuruckgeben\/#breadcrumb","itemListElement":[{"@type":"ListItem","position":1,"name":"Home","item":"https:\/\/moked.it\/international\/"},{"@type":"ListItem","position":2,"name":"KULTUR \u00abDeutschland soll das von den Nazis gestohlene Gem\u00e4lde zur\u00fcckgeben\u00bb"}]},{"@type":"WebSite","@id":"https:\/\/moked.it\/international\/#website","url":"https:\/\/moked.it\/international\/","name":"Pagine Ebraiche International","description":"A Taste of the Italian Jewish World","potentialAction":[{"@type":"SearchAction","target":{"@type":"EntryPoint","urlTemplate":"https:\/\/moked.it\/international\/?s={search_term_string}"},"query-input":{"@type":"PropertyValueSpecification","valueRequired":true,"valueName":"search_term_string"}}],"inLanguage":"en-US"},{"@type":"Person","@id":"https:\/\/moked.it\/international\/#\/schema\/person\/51e9fca2f211041a5817e3678547fee1","name":"rossellatercatin","image":{"@type":"ImageObject","inLanguage":"en-US","@id":"https:\/\/moked.it\/international\/#\/schema\/person\/image\/","url":"https:\/\/secure.gravatar.com\/avatar\/3a2261350e4b6436b942e97ff77816c779ef1acb7b5238174c7cd8d96e4d0d91?s=96&d=mm&r=g","contentUrl":"https:\/\/secure.gravatar.com\/avatar\/3a2261350e4b6436b942e97ff77816c779ef1acb7b5238174c7cd8d96e4d0d91?s=96&d=mm&r=g","caption":"rossellatercatin"},"url":"https:\/\/moked.it\/international\/author\/rossellatercatin\/"}]}},"_links":{"self":[{"href":"https:\/\/moked.it\/international\/wp-json\/wp\/v2\/posts\/5291","targetHints":{"allow":["GET"]}}],"collection":[{"href":"https:\/\/moked.it\/international\/wp-json\/wp\/v2\/posts"}],"about":[{"href":"https:\/\/moked.it\/international\/wp-json\/wp\/v2\/types\/post"}],"author":[{"embeddable":true,"href":"https:\/\/moked.it\/international\/wp-json\/wp\/v2\/users\/4296"}],"replies":[{"embeddable":true,"href":"https:\/\/moked.it\/international\/wp-json\/wp\/v2\/comments?post=5291"}],"version-history":[{"count":1,"href":"https:\/\/moked.it\/international\/wp-json\/wp\/v2\/posts\/5291\/revisions"}],"predecessor-version":[{"id":5293,"href":"https:\/\/moked.it\/international\/wp-json\/wp\/v2\/posts\/5291\/revisions\/5293"}],"wp:attachment":[{"href":"https:\/\/moked.it\/international\/wp-json\/wp\/v2\/media?parent=5291"}],"wp:term":[{"taxonomy":"category","embeddable":true,"href":"https:\/\/moked.it\/international\/wp-json\/wp\/v2\/categories?post=5291"},{"taxonomy":"post_tag","embeddable":true,"href":"https:\/\/moked.it\/international\/wp-json\/wp\/v2\/tags?post=5291"},{"taxonomy":"position","embeddable":true,"href":"https:\/\/moked.it\/international\/wp-json\/wp\/v2\/position?post=5291"}],"curies":[{"name":"wp","href":"https:\/\/api.w.org\/{rel}","templated":true}]}}