{"id":6464,"date":"2020-07-20T21:50:47","date_gmt":"2020-07-20T19:50:47","guid":{"rendered":"http:\/\/moked.it\/international\/?p=6464"},"modified":"2020-10-14T11:43:12","modified_gmt":"2020-10-14T09:43:12","slug":"bechol-lashon-francois-les-elections-polonaises-et-le-future-de-leurope","status":"publish","type":"post","link":"https:\/\/moked.it\/international\/2020\/07\/20\/bechol-lashon-francois-les-elections-polonaises-et-le-future-de-leurope\/","title":{"rendered":"BECHOL LASHON Fran\u00e7ois &#8211; Les \u00e9lections polonaises et le future de l\u2019Europe"},"content":{"rendered":"<p><a href=\"http:\/\/moked.it\/international\/files\/2017\/12\/anna-foa.jpg\"><img loading=\"lazy\" decoding=\"async\" src=\"http:\/\/moked.it\/international\/files\/2017\/12\/anna-foa-300x198.jpg\" alt=\"\" width=\"300\" height=\"198\" class=\"alignright size-medium wp-image-4544\" srcset=\"https:\/\/moked.it\/international\/files\/2017\/12\/anna-foa-300x198.jpg 300w, https:\/\/moked.it\/international\/files\/2017\/12\/anna-foa.jpg 640w\" sizes=\"auto, (max-width: 300px) 100vw, 300px\" \/><\/a><strong>Anna Foa*<\/strong><\/p>\n<p>Et donc, \u00e0 la fin, c\u2019est le pr\u00e9sident Andrzej Duda qui a remport\u00e9 le ballottage des \u00e9lections pr\u00e9sidentielles en Pologne, o\u00f9 il s\u2019est confront\u00e9 avec Rafael Trzaskowski, le maire de Varsovie. Le premier est un anti-europ\u00e9en d\u00e9termin\u00e9 proche de la droite ultranationaliste et antis\u00e9mite de Kaczy\u0144ski, \u00e0 savoir l\u2019homme politique qui lors de la campagne \u00e9lectorale a accus\u00e9 Trzaskowski de vouloir \u00ab vendre le pays aux Juifs \u00bb. L\u2019autre est un lib\u00e9ral de centre et un europ\u00e9en convaincu. Les \u00e9lecteurs de Trzaskowski se trouvent notamment dans les villes, tandis que ceux de Duda sont situ\u00e9s plut\u00f4t dans les campagnes et se caract\u00e9risent par un catholicisme conservateur, ennemi de l\u2019Europe et de la modernit\u00e9. Sous la derni\u00e8re pr\u00e9sidence de Duda, la Pologne est devenue, avec la Hongrie de Viktor Orb\u00e1n, le c\u0153ur du souverainisme et de l\u2019autoritarisme totalitaire en Europe : l\u2019autonomie de la magistrature a \u00e9t\u00e9 r\u00e9duite, les droits d\u00e9mocratiques durement mis \u00e0 mal, l\u2019autonomie de la recherche historique r\u00e9duite et les droits des homosexuels reni\u00e9s. Le taux de participation au vote a \u00e9t\u00e9 tr\u00e8s \u00e9lev\u00e9. Il est pourtant difficile que Duda poursuive son \u0153uvre de transformation de la Pologne en un pays totalitaire, arri\u00e9r\u00e9, li\u00e9 \u00e0 un catholicisme traditionnaliste et antis\u00e9mite. En effet, la moiti\u00e9 du pays lui est contraire et a fermement tent\u00e9 de pr\u00e9server les valeurs d\u00e9mocratiques et l\u2019appartenance \u00e0 l\u2019Europe. C\u2019est un pourcentage qui aura un poids tr\u00e8s important dans l\u2019\u00e9chiquier politique qui va bient\u00f4t se cr\u00e9er. Il s\u2019agit d\u2019un jeu politique crucial non seulement pour la Pologne, mais aussi pour nous tous, citoyens d\u2019une Europe que l\u2019on veut libre et d\u00e9mocratique.<\/p>\n<p><em>*Anna Foa, historienne. Traduit par Mattia Stefani, \u00e9tudiant de l\u2019\u00c9cole Sup\u00e9rieure pour les Interpr\u00e8tes et les Traducteurs de Trieste et stagiaire dans le bureau du journal de l\u2019Union des communaut\u00e9s juives italiennes.<\/em><\/p>\n","protected":false},"excerpt":{"rendered":"<p>Anna Foa* Et donc, \u00e0 la fin, c\u2019est le pr\u00e9sident Andrzej Duda qui a remport\u00e9 le ballottage des \u00e9lections pr\u00e9sidentielles en Pologne, o\u00f9 il s\u2019est confront\u00e9 avec Rafael Trzaskowski, le maire de Varsovie. Le premier est un anti-europ\u00e9en d\u00e9termin\u00e9 proche de la droite ultranationaliste et antis\u00e9mite de Kaczy\u0144ski, \u00e0 savoir l\u2019homme politique qui lors de&hellip; <a class=\"more\" rel=\"bookmark\" href=\"https:\/\/moked.it\/international\/2020\/07\/20\/bechol-lashon-francois-les-elections-polonaises-et-le-future-de-leurope\/\">leggi&nbsp;<i class=\"fa fa-chevron-circle-right\"><\/i><\/a><\/p>\n","protected":false},"author":4296,"featured_media":0,"menu_order":0,"comment_status":"closed","ping_status":"open","sticky":false,"template":"","format":"standard","meta":{"footnotes":""},"categories":[15117],"tags":[],"position":[],"class_list":["post-6464","post","type-post","status-publish","format-standard","hentry","category-bechol-lashon"],"yoast_head":"<!-- This site is optimized with the Yoast SEO plugin v26.0 - https:\/\/yoast.com\/wordpress\/plugins\/seo\/ -->\n<title>BECHOL LASHON Fran\u00e7ois - Les \u00e9lections polonaises et le future de l\u2019Europe - Pagine Ebraiche International<\/title>\n<meta name=\"robots\" content=\"index, follow, max-snippet:-1, max-image-preview:large, max-video-preview:-1\" \/>\n<link rel=\"canonical\" href=\"https:\/\/moked.it\/international\/2020\/07\/20\/bechol-lashon-francois-les-elections-polonaises-et-le-future-de-leurope\/\" \/>\n<meta property=\"og:locale\" content=\"en_US\" \/>\n<meta property=\"og:type\" content=\"article\" \/>\n<meta property=\"og:title\" content=\"BECHOL LASHON Fran\u00e7ois - Les \u00e9lections polonaises et le future de l\u2019Europe - Pagine Ebraiche International\" \/>\n<meta property=\"og:description\" content=\"Anna Foa* Et donc, \u00e0 la fin, c\u2019est le pr\u00e9sident Andrzej Duda qui a remport\u00e9 le ballottage des \u00e9lections pr\u00e9sidentielles en Pologne, o\u00f9 il s\u2019est confront\u00e9 avec Rafael Trzaskowski, le maire de Varsovie. Le premier est un anti-europ\u00e9en d\u00e9termin\u00e9 proche de la droite ultranationaliste et antis\u00e9mite de Kaczy\u0144ski, \u00e0 savoir l\u2019homme politique qui lors de&hellip; leggi&nbsp;\" \/>\n<meta property=\"og:url\" content=\"https:\/\/moked.it\/international\/2020\/07\/20\/bechol-lashon-francois-les-elections-polonaises-et-le-future-de-leurope\/\" \/>\n<meta property=\"og:site_name\" content=\"Pagine Ebraiche International\" \/>\n<meta property=\"article:published_time\" content=\"2020-07-20T19:50:47+00:00\" \/>\n<meta property=\"article:modified_time\" content=\"2020-10-14T09:43:12+00:00\" \/>\n<meta property=\"og:image\" content=\"http:\/\/moked.it\/international\/files\/2017\/12\/anna-foa-300x198.jpg\" \/>\n<meta name=\"author\" content=\"rossellatercatin\" \/>\n<meta name=\"twitter:card\" content=\"summary_large_image\" \/>\n<meta name=\"twitter:label1\" content=\"Written by\" \/>\n\t<meta name=\"twitter:data1\" content=\"rossellatercatin\" \/>\n\t<meta name=\"twitter:label2\" content=\"Est. reading time\" \/>\n\t<meta name=\"twitter:data2\" content=\"2 minutes\" \/>\n<script type=\"application\/ld+json\" class=\"yoast-schema-graph\">{\"@context\":\"https:\/\/schema.org\",\"@graph\":[{\"@type\":\"WebPage\",\"@id\":\"https:\/\/moked.it\/international\/2020\/07\/20\/bechol-lashon-francois-les-elections-polonaises-et-le-future-de-leurope\/\",\"url\":\"https:\/\/moked.it\/international\/2020\/07\/20\/bechol-lashon-francois-les-elections-polonaises-et-le-future-de-leurope\/\",\"name\":\"BECHOL LASHON Fran\u00e7ois - Les \u00e9lections polonaises et le future de l\u2019Europe - Pagine Ebraiche International\",\"isPartOf\":{\"@id\":\"https:\/\/moked.it\/international\/#website\"},\"primaryImageOfPage\":{\"@id\":\"https:\/\/moked.it\/international\/2020\/07\/20\/bechol-lashon-francois-les-elections-polonaises-et-le-future-de-leurope\/#primaryimage\"},\"image\":{\"@id\":\"https:\/\/moked.it\/international\/2020\/07\/20\/bechol-lashon-francois-les-elections-polonaises-et-le-future-de-leurope\/#primaryimage\"},\"thumbnailUrl\":\"http:\/\/moked.it\/international\/files\/2017\/12\/anna-foa-300x198.jpg\",\"datePublished\":\"2020-07-20T19:50:47+00:00\",\"dateModified\":\"2020-10-14T09:43:12+00:00\",\"author\":{\"@id\":\"https:\/\/moked.it\/international\/#\/schema\/person\/51e9fca2f211041a5817e3678547fee1\"},\"breadcrumb\":{\"@id\":\"https:\/\/moked.it\/international\/2020\/07\/20\/bechol-lashon-francois-les-elections-polonaises-et-le-future-de-leurope\/#breadcrumb\"},\"inLanguage\":\"en-US\",\"potentialAction\":[{\"@type\":\"ReadAction\",\"target\":[\"https:\/\/moked.it\/international\/2020\/07\/20\/bechol-lashon-francois-les-elections-polonaises-et-le-future-de-leurope\/\"]}]},{\"@type\":\"ImageObject\",\"inLanguage\":\"en-US\",\"@id\":\"https:\/\/moked.it\/international\/2020\/07\/20\/bechol-lashon-francois-les-elections-polonaises-et-le-future-de-leurope\/#primaryimage\",\"url\":\"https:\/\/moked.it\/international\/files\/2017\/12\/anna-foa.jpg\",\"contentUrl\":\"https:\/\/moked.it\/international\/files\/2017\/12\/anna-foa.jpg\",\"width\":640,\"height\":423},{\"@type\":\"BreadcrumbList\",\"@id\":\"https:\/\/moked.it\/international\/2020\/07\/20\/bechol-lashon-francois-les-elections-polonaises-et-le-future-de-leurope\/#breadcrumb\",\"itemListElement\":[{\"@type\":\"ListItem\",\"position\":1,\"name\":\"Home\",\"item\":\"https:\/\/moked.it\/international\/\"},{\"@type\":\"ListItem\",\"position\":2,\"name\":\"BECHOL LASHON Fran\u00e7ois &#8211; Les \u00e9lections polonaises et le future de l\u2019Europe\"}]},{\"@type\":\"WebSite\",\"@id\":\"https:\/\/moked.it\/international\/#website\",\"url\":\"https:\/\/moked.it\/international\/\",\"name\":\"Pagine Ebraiche International\",\"description\":\"A Taste of the Italian Jewish World\",\"potentialAction\":[{\"@type\":\"SearchAction\",\"target\":{\"@type\":\"EntryPoint\",\"urlTemplate\":\"https:\/\/moked.it\/international\/?s={search_term_string}\"},\"query-input\":{\"@type\":\"PropertyValueSpecification\",\"valueRequired\":true,\"valueName\":\"search_term_string\"}}],\"inLanguage\":\"en-US\"},{\"@type\":\"Person\",\"@id\":\"https:\/\/moked.it\/international\/#\/schema\/person\/51e9fca2f211041a5817e3678547fee1\",\"name\":\"rossellatercatin\",\"image\":{\"@type\":\"ImageObject\",\"inLanguage\":\"en-US\",\"@id\":\"https:\/\/moked.it\/international\/#\/schema\/person\/image\/\",\"url\":\"https:\/\/secure.gravatar.com\/avatar\/3a2261350e4b6436b942e97ff77816c779ef1acb7b5238174c7cd8d96e4d0d91?s=96&d=mm&r=g\",\"contentUrl\":\"https:\/\/secure.gravatar.com\/avatar\/3a2261350e4b6436b942e97ff77816c779ef1acb7b5238174c7cd8d96e4d0d91?s=96&d=mm&r=g\",\"caption\":\"rossellatercatin\"},\"url\":\"https:\/\/moked.it\/international\/author\/rossellatercatin\/\"}]}<\/script>\n<!-- \/ Yoast SEO plugin. -->","yoast_head_json":{"title":"BECHOL LASHON Fran\u00e7ois - Les \u00e9lections polonaises et le future de l\u2019Europe - Pagine Ebraiche International","robots":{"index":"index","follow":"follow","max-snippet":"max-snippet:-1","max-image-preview":"max-image-preview:large","max-video-preview":"max-video-preview:-1"},"canonical":"https:\/\/moked.it\/international\/2020\/07\/20\/bechol-lashon-francois-les-elections-polonaises-et-le-future-de-leurope\/","og_locale":"en_US","og_type":"article","og_title":"BECHOL LASHON Fran\u00e7ois - Les \u00e9lections polonaises et le future de l\u2019Europe - Pagine Ebraiche International","og_description":"Anna Foa* Et donc, \u00e0 la fin, c\u2019est le pr\u00e9sident Andrzej Duda qui a remport\u00e9 le ballottage des \u00e9lections pr\u00e9sidentielles en Pologne, o\u00f9 il s\u2019est confront\u00e9 avec Rafael Trzaskowski, le maire de Varsovie. Le premier est un anti-europ\u00e9en d\u00e9termin\u00e9 proche de la droite ultranationaliste et antis\u00e9mite de Kaczy\u0144ski, \u00e0 savoir l\u2019homme politique qui lors de&hellip; leggi&nbsp;","og_url":"https:\/\/moked.it\/international\/2020\/07\/20\/bechol-lashon-francois-les-elections-polonaises-et-le-future-de-leurope\/","og_site_name":"Pagine Ebraiche International","article_published_time":"2020-07-20T19:50:47+00:00","article_modified_time":"2020-10-14T09:43:12+00:00","og_image":[{"url":"http:\/\/moked.it\/international\/files\/2017\/12\/anna-foa-300x198.jpg","type":"","width":"","height":""}],"author":"rossellatercatin","twitter_card":"summary_large_image","twitter_misc":{"Written by":"rossellatercatin","Est. reading time":"2 minutes"},"schema":{"@context":"https:\/\/schema.org","@graph":[{"@type":"WebPage","@id":"https:\/\/moked.it\/international\/2020\/07\/20\/bechol-lashon-francois-les-elections-polonaises-et-le-future-de-leurope\/","url":"https:\/\/moked.it\/international\/2020\/07\/20\/bechol-lashon-francois-les-elections-polonaises-et-le-future-de-leurope\/","name":"BECHOL LASHON Fran\u00e7ois - Les \u00e9lections polonaises et le future de l\u2019Europe - Pagine Ebraiche International","isPartOf":{"@id":"https:\/\/moked.it\/international\/#website"},"primaryImageOfPage":{"@id":"https:\/\/moked.it\/international\/2020\/07\/20\/bechol-lashon-francois-les-elections-polonaises-et-le-future-de-leurope\/#primaryimage"},"image":{"@id":"https:\/\/moked.it\/international\/2020\/07\/20\/bechol-lashon-francois-les-elections-polonaises-et-le-future-de-leurope\/#primaryimage"},"thumbnailUrl":"http:\/\/moked.it\/international\/files\/2017\/12\/anna-foa-300x198.jpg","datePublished":"2020-07-20T19:50:47+00:00","dateModified":"2020-10-14T09:43:12+00:00","author":{"@id":"https:\/\/moked.it\/international\/#\/schema\/person\/51e9fca2f211041a5817e3678547fee1"},"breadcrumb":{"@id":"https:\/\/moked.it\/international\/2020\/07\/20\/bechol-lashon-francois-les-elections-polonaises-et-le-future-de-leurope\/#breadcrumb"},"inLanguage":"en-US","potentialAction":[{"@type":"ReadAction","target":["https:\/\/moked.it\/international\/2020\/07\/20\/bechol-lashon-francois-les-elections-polonaises-et-le-future-de-leurope\/"]}]},{"@type":"ImageObject","inLanguage":"en-US","@id":"https:\/\/moked.it\/international\/2020\/07\/20\/bechol-lashon-francois-les-elections-polonaises-et-le-future-de-leurope\/#primaryimage","url":"https:\/\/moked.it\/international\/files\/2017\/12\/anna-foa.jpg","contentUrl":"https:\/\/moked.it\/international\/files\/2017\/12\/anna-foa.jpg","width":640,"height":423},{"@type":"BreadcrumbList","@id":"https:\/\/moked.it\/international\/2020\/07\/20\/bechol-lashon-francois-les-elections-polonaises-et-le-future-de-leurope\/#breadcrumb","itemListElement":[{"@type":"ListItem","position":1,"name":"Home","item":"https:\/\/moked.it\/international\/"},{"@type":"ListItem","position":2,"name":"BECHOL LASHON Fran\u00e7ois &#8211; Les \u00e9lections polonaises et le future de l\u2019Europe"}]},{"@type":"WebSite","@id":"https:\/\/moked.it\/international\/#website","url":"https:\/\/moked.it\/international\/","name":"Pagine Ebraiche International","description":"A Taste of the Italian Jewish World","potentialAction":[{"@type":"SearchAction","target":{"@type":"EntryPoint","urlTemplate":"https:\/\/moked.it\/international\/?s={search_term_string}"},"query-input":{"@type":"PropertyValueSpecification","valueRequired":true,"valueName":"search_term_string"}}],"inLanguage":"en-US"},{"@type":"Person","@id":"https:\/\/moked.it\/international\/#\/schema\/person\/51e9fca2f211041a5817e3678547fee1","name":"rossellatercatin","image":{"@type":"ImageObject","inLanguage":"en-US","@id":"https:\/\/moked.it\/international\/#\/schema\/person\/image\/","url":"https:\/\/secure.gravatar.com\/avatar\/3a2261350e4b6436b942e97ff77816c779ef1acb7b5238174c7cd8d96e4d0d91?s=96&d=mm&r=g","contentUrl":"https:\/\/secure.gravatar.com\/avatar\/3a2261350e4b6436b942e97ff77816c779ef1acb7b5238174c7cd8d96e4d0d91?s=96&d=mm&r=g","caption":"rossellatercatin"},"url":"https:\/\/moked.it\/international\/author\/rossellatercatin\/"}]}},"_links":{"self":[{"href":"https:\/\/moked.it\/international\/wp-json\/wp\/v2\/posts\/6464","targetHints":{"allow":["GET"]}}],"collection":[{"href":"https:\/\/moked.it\/international\/wp-json\/wp\/v2\/posts"}],"about":[{"href":"https:\/\/moked.it\/international\/wp-json\/wp\/v2\/types\/post"}],"author":[{"embeddable":true,"href":"https:\/\/moked.it\/international\/wp-json\/wp\/v2\/users\/4296"}],"replies":[{"embeddable":true,"href":"https:\/\/moked.it\/international\/wp-json\/wp\/v2\/comments?post=6464"}],"version-history":[{"count":1,"href":"https:\/\/moked.it\/international\/wp-json\/wp\/v2\/posts\/6464\/revisions"}],"predecessor-version":[{"id":6465,"href":"https:\/\/moked.it\/international\/wp-json\/wp\/v2\/posts\/6464\/revisions\/6465"}],"wp:attachment":[{"href":"https:\/\/moked.it\/international\/wp-json\/wp\/v2\/media?parent=6464"}],"wp:term":[{"taxonomy":"category","embeddable":true,"href":"https:\/\/moked.it\/international\/wp-json\/wp\/v2\/categories?post=6464"},{"taxonomy":"post_tag","embeddable":true,"href":"https:\/\/moked.it\/international\/wp-json\/wp\/v2\/tags?post=6464"},{"taxonomy":"position","embeddable":true,"href":"https:\/\/moked.it\/international\/wp-json\/wp\/v2\/position?post=6464"}],"curies":[{"name":"wp","href":"https:\/\/api.w.org\/{rel}","templated":true}]}}