{"id":6556,"date":"2020-09-14T19:19:18","date_gmt":"2020-09-14T17:19:18","guid":{"rendered":"http:\/\/moked.it\/international\/?p=6556"},"modified":"2020-11-02T17:13:34","modified_gmt":"2020-11-02T16:13:34","slug":"bechol-lashon-francais-les-bourreaux-italiens","status":"publish","type":"post","link":"https:\/\/moked.it\/international\/2020\/09\/14\/bechol-lashon-francais-les-bourreaux-italiens\/","title":{"rendered":"Les bourreaux italiens"},"content":{"rendered":"<p><a href=\"http:\/\/moked.it\/international\/files\/2017\/12\/anna-foa-by-giovanni-montenero.png\"><img loading=\"lazy\" decoding=\"async\" src=\"http:\/\/moked.it\/international\/files\/2017\/12\/anna-foa-by-giovanni-montenero-300x211.png\" alt=\"\" width=\"300\" height=\"211\" class=\"aligncenter size-medium wp-image-4545\" srcset=\"https:\/\/moked.it\/international\/files\/2017\/12\/anna-foa-by-giovanni-montenero-300x211.png 300w, https:\/\/moked.it\/international\/files\/2017\/12\/anna-foa-by-giovanni-montenero.png 564w\" sizes=\"auto, (max-width: 300px) 100vw, 300px\" \/><\/a>Le 8 septembre 1943, 19 heures 42 minutes. Badoglio annonce \u00e0 la radio l\u2019armistice qui avait \u00e9t\u00e9 sign\u00e9 le 3 septembre \u00e0 Cassible et qui marquait la capitulation sans conditions de l\u2019Italie aux alli\u00e9s. Le peuple s\u2019en est r\u00e9joui, puisqu\u2019on pensait que c\u2019\u00e9tait la fin de la guerre, une guerre infame, que les italiens avaient vu d\u2019un bon \u0153il tout d\u2019abord, tandis qu\u2019elle \u00e9tait de plus en plus mal vue au fil du temps et des d\u00e9sastres. En fait, il s\u2019agissait de l\u2019occupation allemande et du d\u00e9but de presque deux ann\u00e9es de terreur et de massacres. Le 10 septembre Rome a \u00e9t\u00e9 occup\u00e9e. Presque aussit\u00f4t la Shoah a commenc\u00e9 \u00e9galement pour les Juifs italiens et on assistait aux premi\u00e8res d\u00e9portations effectu\u00e9es par les allemands et les fascistes italiens. Il ne faut pas l\u2019oublier et surtout il ne faut pas oublier la contribution de z\u00e9l\u00e9s bourreaux italiens, qui font leur apparition de plus en plus ouvertement aujourd\u2019hui. <\/p>\n<p><strong>Anna Foa, historienne<\/strong><br \/>\n<em>Traduit par Sara Facelli, \u00e9tudiante de l\u2019\u00c9cole Sup\u00e9rieure pour les Interpr\u00e8tes et les Traducteurs de Trieste et stagiaire dans le bureau du journal de l\u2019Union des communaut\u00e9s juives italiennes.<\/em><\/p>\n","protected":false},"excerpt":{"rendered":"<p>Le 8 septembre 1943, 19 heures 42 minutes. Badoglio annonce \u00e0 la radio l\u2019armistice qui avait \u00e9t\u00e9 sign\u00e9 le 3 septembre \u00e0 Cassible et qui marquait la capitulation sans conditions de l\u2019Italie aux alli\u00e9s. Le peuple s\u2019en est r\u00e9joui, puisqu\u2019on pensait que c\u2019\u00e9tait la fin de la guerre, une guerre infame, que les italiens avaient&hellip; <a class=\"more\" rel=\"bookmark\" href=\"https:\/\/moked.it\/international\/2020\/09\/14\/bechol-lashon-francais-les-bourreaux-italiens\/\">leggi&nbsp;<i class=\"fa fa-chevron-circle-right\"><\/i><\/a><\/p>\n","protected":false},"author":1,"featured_media":0,"menu_order":900,"comment_status":"closed","ping_status":"open","sticky":false,"template":"","format":"standard","meta":{"footnotes":""},"categories":[15117],"tags":[],"position":[],"class_list":["post-6556","post","type-post","status-publish","format-standard","hentry","category-bechol-lashon"],"yoast_head":"<!-- This site is optimized with the Yoast SEO plugin v26.0 - https:\/\/yoast.com\/wordpress\/plugins\/seo\/ -->\n<title>Les bourreaux italiens - Pagine Ebraiche International<\/title>\n<meta name=\"robots\" content=\"index, follow, max-snippet:-1, max-image-preview:large, max-video-preview:-1\" \/>\n<link rel=\"canonical\" href=\"https:\/\/moked.it\/international\/2020\/09\/14\/bechol-lashon-francais-les-bourreaux-italiens\/\" \/>\n<meta property=\"og:locale\" content=\"en_US\" \/>\n<meta property=\"og:type\" content=\"article\" \/>\n<meta property=\"og:title\" content=\"Les bourreaux italiens - Pagine Ebraiche International\" \/>\n<meta property=\"og:description\" content=\"Le 8 septembre 1943, 19 heures 42 minutes. Badoglio annonce \u00e0 la radio l\u2019armistice qui avait \u00e9t\u00e9 sign\u00e9 le 3 septembre \u00e0 Cassible et qui marquait la capitulation sans conditions de l\u2019Italie aux alli\u00e9s. Le peuple s\u2019en est r\u00e9joui, puisqu\u2019on pensait que c\u2019\u00e9tait la fin de la guerre, une guerre infame, que les italiens avaient&hellip; leggi&nbsp;\" \/>\n<meta property=\"og:url\" content=\"https:\/\/moked.it\/international\/2020\/09\/14\/bechol-lashon-francais-les-bourreaux-italiens\/\" \/>\n<meta property=\"og:site_name\" content=\"Pagine Ebraiche International\" \/>\n<meta property=\"article:published_time\" content=\"2020-09-14T17:19:18+00:00\" \/>\n<meta property=\"article:modified_time\" content=\"2020-11-02T16:13:34+00:00\" \/>\n<meta property=\"og:image\" content=\"http:\/\/moked.it\/international\/files\/2017\/12\/anna-foa-by-giovanni-montenero-300x211.png\" \/>\n<meta name=\"author\" content=\"admin\" \/>\n<meta name=\"twitter:card\" content=\"summary_large_image\" \/>\n<meta name=\"twitter:label1\" content=\"Written by\" \/>\n\t<meta name=\"twitter:data1\" content=\"admin\" \/>\n\t<meta name=\"twitter:label2\" content=\"Est. reading time\" \/>\n\t<meta name=\"twitter:data2\" content=\"1 minute\" \/>\n<script type=\"application\/ld+json\" class=\"yoast-schema-graph\">{\"@context\":\"https:\/\/schema.org\",\"@graph\":[{\"@type\":\"WebPage\",\"@id\":\"https:\/\/moked.it\/international\/2020\/09\/14\/bechol-lashon-francais-les-bourreaux-italiens\/\",\"url\":\"https:\/\/moked.it\/international\/2020\/09\/14\/bechol-lashon-francais-les-bourreaux-italiens\/\",\"name\":\"Les bourreaux italiens - Pagine Ebraiche International\",\"isPartOf\":{\"@id\":\"https:\/\/moked.it\/international\/#website\"},\"primaryImageOfPage\":{\"@id\":\"https:\/\/moked.it\/international\/2020\/09\/14\/bechol-lashon-francais-les-bourreaux-italiens\/#primaryimage\"},\"image\":{\"@id\":\"https:\/\/moked.it\/international\/2020\/09\/14\/bechol-lashon-francais-les-bourreaux-italiens\/#primaryimage\"},\"thumbnailUrl\":\"http:\/\/moked.it\/international\/files\/2017\/12\/anna-foa-by-giovanni-montenero-300x211.png\",\"datePublished\":\"2020-09-14T17:19:18+00:00\",\"dateModified\":\"2020-11-02T16:13:34+00:00\",\"author\":{\"@id\":\"https:\/\/moked.it\/international\/#\/schema\/person\/723f5746de4ea0e08fab5790d734e554\"},\"breadcrumb\":{\"@id\":\"https:\/\/moked.it\/international\/2020\/09\/14\/bechol-lashon-francais-les-bourreaux-italiens\/#breadcrumb\"},\"inLanguage\":\"en-US\",\"potentialAction\":[{\"@type\":\"ReadAction\",\"target\":[\"https:\/\/moked.it\/international\/2020\/09\/14\/bechol-lashon-francais-les-bourreaux-italiens\/\"]}]},{\"@type\":\"ImageObject\",\"inLanguage\":\"en-US\",\"@id\":\"https:\/\/moked.it\/international\/2020\/09\/14\/bechol-lashon-francais-les-bourreaux-italiens\/#primaryimage\",\"url\":\"https:\/\/moked.it\/international\/files\/2017\/12\/anna-foa-by-giovanni-montenero.png\",\"contentUrl\":\"https:\/\/moked.it\/international\/files\/2017\/12\/anna-foa-by-giovanni-montenero.png\",\"width\":564,\"height\":397},{\"@type\":\"BreadcrumbList\",\"@id\":\"https:\/\/moked.it\/international\/2020\/09\/14\/bechol-lashon-francais-les-bourreaux-italiens\/#breadcrumb\",\"itemListElement\":[{\"@type\":\"ListItem\",\"position\":1,\"name\":\"Home\",\"item\":\"https:\/\/moked.it\/international\/\"},{\"@type\":\"ListItem\",\"position\":2,\"name\":\"Les bourreaux italiens\"}]},{\"@type\":\"WebSite\",\"@id\":\"https:\/\/moked.it\/international\/#website\",\"url\":\"https:\/\/moked.it\/international\/\",\"name\":\"Pagine Ebraiche International\",\"description\":\"A Taste of the Italian Jewish World\",\"potentialAction\":[{\"@type\":\"SearchAction\",\"target\":{\"@type\":\"EntryPoint\",\"urlTemplate\":\"https:\/\/moked.it\/international\/?s={search_term_string}\"},\"query-input\":{\"@type\":\"PropertyValueSpecification\",\"valueRequired\":true,\"valueName\":\"search_term_string\"}}],\"inLanguage\":\"en-US\"},{\"@type\":\"Person\",\"@id\":\"https:\/\/moked.it\/international\/#\/schema\/person\/723f5746de4ea0e08fab5790d734e554\",\"name\":\"admin\",\"image\":{\"@type\":\"ImageObject\",\"inLanguage\":\"en-US\",\"@id\":\"https:\/\/moked.it\/international\/#\/schema\/person\/image\/\",\"url\":\"https:\/\/secure.gravatar.com\/avatar\/cadb6747455b21c18b2cfb9aad35ab377cb4ba61ea46f6fba9fb91fd33059fde?s=96&d=mm&r=g\",\"contentUrl\":\"https:\/\/secure.gravatar.com\/avatar\/cadb6747455b21c18b2cfb9aad35ab377cb4ba61ea46f6fba9fb91fd33059fde?s=96&d=mm&r=g\",\"caption\":\"admin\"},\"url\":\"https:\/\/moked.it\/international\/author\/admin\/\"}]}<\/script>\n<!-- \/ Yoast SEO plugin. -->","yoast_head_json":{"title":"Les bourreaux italiens - Pagine Ebraiche International","robots":{"index":"index","follow":"follow","max-snippet":"max-snippet:-1","max-image-preview":"max-image-preview:large","max-video-preview":"max-video-preview:-1"},"canonical":"https:\/\/moked.it\/international\/2020\/09\/14\/bechol-lashon-francais-les-bourreaux-italiens\/","og_locale":"en_US","og_type":"article","og_title":"Les bourreaux italiens - Pagine Ebraiche International","og_description":"Le 8 septembre 1943, 19 heures 42 minutes. Badoglio annonce \u00e0 la radio l\u2019armistice qui avait \u00e9t\u00e9 sign\u00e9 le 3 septembre \u00e0 Cassible et qui marquait la capitulation sans conditions de l\u2019Italie aux alli\u00e9s. Le peuple s\u2019en est r\u00e9joui, puisqu\u2019on pensait que c\u2019\u00e9tait la fin de la guerre, une guerre infame, que les italiens avaient&hellip; leggi&nbsp;","og_url":"https:\/\/moked.it\/international\/2020\/09\/14\/bechol-lashon-francais-les-bourreaux-italiens\/","og_site_name":"Pagine Ebraiche International","article_published_time":"2020-09-14T17:19:18+00:00","article_modified_time":"2020-11-02T16:13:34+00:00","og_image":[{"url":"http:\/\/moked.it\/international\/files\/2017\/12\/anna-foa-by-giovanni-montenero-300x211.png","type":"","width":"","height":""}],"author":"admin","twitter_card":"summary_large_image","twitter_misc":{"Written by":"admin","Est. reading time":"1 minute"},"schema":{"@context":"https:\/\/schema.org","@graph":[{"@type":"WebPage","@id":"https:\/\/moked.it\/international\/2020\/09\/14\/bechol-lashon-francais-les-bourreaux-italiens\/","url":"https:\/\/moked.it\/international\/2020\/09\/14\/bechol-lashon-francais-les-bourreaux-italiens\/","name":"Les bourreaux italiens - Pagine Ebraiche International","isPartOf":{"@id":"https:\/\/moked.it\/international\/#website"},"primaryImageOfPage":{"@id":"https:\/\/moked.it\/international\/2020\/09\/14\/bechol-lashon-francais-les-bourreaux-italiens\/#primaryimage"},"image":{"@id":"https:\/\/moked.it\/international\/2020\/09\/14\/bechol-lashon-francais-les-bourreaux-italiens\/#primaryimage"},"thumbnailUrl":"http:\/\/moked.it\/international\/files\/2017\/12\/anna-foa-by-giovanni-montenero-300x211.png","datePublished":"2020-09-14T17:19:18+00:00","dateModified":"2020-11-02T16:13:34+00:00","author":{"@id":"https:\/\/moked.it\/international\/#\/schema\/person\/723f5746de4ea0e08fab5790d734e554"},"breadcrumb":{"@id":"https:\/\/moked.it\/international\/2020\/09\/14\/bechol-lashon-francais-les-bourreaux-italiens\/#breadcrumb"},"inLanguage":"en-US","potentialAction":[{"@type":"ReadAction","target":["https:\/\/moked.it\/international\/2020\/09\/14\/bechol-lashon-francais-les-bourreaux-italiens\/"]}]},{"@type":"ImageObject","inLanguage":"en-US","@id":"https:\/\/moked.it\/international\/2020\/09\/14\/bechol-lashon-francais-les-bourreaux-italiens\/#primaryimage","url":"https:\/\/moked.it\/international\/files\/2017\/12\/anna-foa-by-giovanni-montenero.png","contentUrl":"https:\/\/moked.it\/international\/files\/2017\/12\/anna-foa-by-giovanni-montenero.png","width":564,"height":397},{"@type":"BreadcrumbList","@id":"https:\/\/moked.it\/international\/2020\/09\/14\/bechol-lashon-francais-les-bourreaux-italiens\/#breadcrumb","itemListElement":[{"@type":"ListItem","position":1,"name":"Home","item":"https:\/\/moked.it\/international\/"},{"@type":"ListItem","position":2,"name":"Les bourreaux italiens"}]},{"@type":"WebSite","@id":"https:\/\/moked.it\/international\/#website","url":"https:\/\/moked.it\/international\/","name":"Pagine Ebraiche International","description":"A Taste of the Italian Jewish World","potentialAction":[{"@type":"SearchAction","target":{"@type":"EntryPoint","urlTemplate":"https:\/\/moked.it\/international\/?s={search_term_string}"},"query-input":{"@type":"PropertyValueSpecification","valueRequired":true,"valueName":"search_term_string"}}],"inLanguage":"en-US"},{"@type":"Person","@id":"https:\/\/moked.it\/international\/#\/schema\/person\/723f5746de4ea0e08fab5790d734e554","name":"admin","image":{"@type":"ImageObject","inLanguage":"en-US","@id":"https:\/\/moked.it\/international\/#\/schema\/person\/image\/","url":"https:\/\/secure.gravatar.com\/avatar\/cadb6747455b21c18b2cfb9aad35ab377cb4ba61ea46f6fba9fb91fd33059fde?s=96&d=mm&r=g","contentUrl":"https:\/\/secure.gravatar.com\/avatar\/cadb6747455b21c18b2cfb9aad35ab377cb4ba61ea46f6fba9fb91fd33059fde?s=96&d=mm&r=g","caption":"admin"},"url":"https:\/\/moked.it\/international\/author\/admin\/"}]}},"_links":{"self":[{"href":"https:\/\/moked.it\/international\/wp-json\/wp\/v2\/posts\/6556","targetHints":{"allow":["GET"]}}],"collection":[{"href":"https:\/\/moked.it\/international\/wp-json\/wp\/v2\/posts"}],"about":[{"href":"https:\/\/moked.it\/international\/wp-json\/wp\/v2\/types\/post"}],"author":[{"embeddable":true,"href":"https:\/\/moked.it\/international\/wp-json\/wp\/v2\/users\/1"}],"replies":[{"embeddable":true,"href":"https:\/\/moked.it\/international\/wp-json\/wp\/v2\/comments?post=6556"}],"version-history":[{"count":2,"href":"https:\/\/moked.it\/international\/wp-json\/wp\/v2\/posts\/6556\/revisions"}],"predecessor-version":[{"id":6616,"href":"https:\/\/moked.it\/international\/wp-json\/wp\/v2\/posts\/6556\/revisions\/6616"}],"wp:attachment":[{"href":"https:\/\/moked.it\/international\/wp-json\/wp\/v2\/media?parent=6556"}],"wp:term":[{"taxonomy":"category","embeddable":true,"href":"https:\/\/moked.it\/international\/wp-json\/wp\/v2\/categories?post=6556"},{"taxonomy":"post_tag","embeddable":true,"href":"https:\/\/moked.it\/international\/wp-json\/wp\/v2\/tags?post=6556"},{"taxonomy":"position","embeddable":true,"href":"https:\/\/moked.it\/international\/wp-json\/wp\/v2\/position?post=6556"}],"curies":[{"name":"wp","href":"https:\/\/api.w.org\/{rel}","templated":true}]}}