{"id":8310,"date":"2022-10-24T19:27:18","date_gmt":"2022-10-24T17:27:18","guid":{"rendered":"https:\/\/moked.it\/international\/?p=8310"},"modified":"2022-10-31T18:28:15","modified_gmt":"2022-10-31T17:28:15","slug":"la-ceremonie-a-la-synagogue-un-sefer-pour-stefano-gaj-tache-un-message-de-vie-contre-la-mort","status":"publish","type":"post","link":"https:\/\/moked.it\/international\/2022\/10\/24\/la-ceremonie-a-la-synagogue-un-sefer-pour-stefano-gaj-tache-un-message-de-vie-contre-la-mort\/","title":{"rendered":"La c\u00e9r\u00e9monie \u00e0 la synagogue: &#8220;Un Sefer pour Stefano Gaj Tach\u00e9, un message de vie contre la mort&#8221;"},"content":{"rendered":"<p>C&#8217;\u00e9tait le 3 f\u00e9vrier 2015 et Sergio Mattarella, dans son discours d&#8217;investiture en tant que pr\u00e9sident de la R\u00e9publique italienne, choisissait de consacrer une pens\u00e9e \u00e0 Stefano Gaj Tach\u00e9. L\u2019enfant de deux ans &#8211; \u201cun de nos enfants, un enfant italien\u201d &#8211; tu\u00e9 dans l\u2019attentat palestinien contre la Grande synagogue de Rome le 9 octobre 1982. Ces mots marquent une nouvelle phase d&#8217;\u00e9laboration communautaire de l&#8217;\u00e9v\u00e9nement. Il s\u2019agit d\u2019un important signe de proximit\u00e9 que le Chef d\u2019Etat a voulu confirmer aujourd\u2019hui, quaranti\u00e8me anniversaire de l\u2019attentat, participant \u00e0 une c\u00e9r\u00e9monie tr\u00e8s significative et pleine d\u2019\u00e9motions. Cela est \u00e9galement d\u00fb \u00e0 la d\u00e9cision d\u2019ouvrir la c\u00e9r\u00e9monie avec un message de continuit\u00e9 : l&#8217;entr\u00e9e dans la synagogue d&#8217;un nouveau Sefer Torah, offert par les \u00e9coles juives de la capitale.<br \/>\n<a href=\"http:\/\/moked.it\/international\/files\/2022\/10\/Sefer-Rome1.png\"><img loading=\"lazy\" decoding=\"async\" src=\"http:\/\/moked.it\/international\/files\/2022\/10\/Sefer-Rome1.png\" alt=\"\" width=\"551\" height=\"367\" class=\"alignleft size-full wp-image-8311\" srcset=\"https:\/\/moked.it\/international\/files\/2022\/10\/Sefer-Rome1.png 551w, https:\/\/moked.it\/international\/files\/2022\/10\/Sefer-Rome1-300x200.png 300w, https:\/\/moked.it\/international\/files\/2022\/10\/Sefer-Rome1-468x312.png 468w\" sizes=\"auto, (max-width: 551px) 100vw, 551px\" \/><\/a> Un tonnerre d&#8217;applaudissements, ainsi que le chant des enfants, ont accueilli le Pr\u00e9sident Mattarella. On a ouvert la br\u00e8ve c\u00e9r\u00e9monie religieuse en entonnant le Yafutzu, hymne liturgique caract\u00e9ristique des c\u00e9l\u00e9brations solennelles, et on a poursuivi avec un Izhkor en m\u00e9moire de la jeune victime et des bless\u00e9s qui ne sont plus en vie. Apr\u00e8s la b\u00e9n\u00e9diction et le tour autour des fid\u00e8les, comme \u00e0 l&#8217;accoutum\u00e9, le Sefer a \u00e9t\u00e9 plac\u00e9 dans l\u2019Aron haKodesh (Arche sainte). Joseph Tach\u00e9, le p\u00e8re de Stefano, a accompagn\u00e9 le rouleau de Torah jusqu&#8217;\u00e0 l\u2019Aron qui, ensuite, a \u00e9t\u00e9 ferm\u00e9 par le T\u00e9moin de la Shoah Sami Modiano.<br \/>\n \u201cLe rouleau offert aujourd\u2019hui est un hymne \u00e0 la vie qu\u2019on veut c\u00e9l\u00e9brer, malgr\u00e9 la douleur, la col\u00e8re et le sens d\u2019injustice que, pour nous, le 9 octobre 1982 repr\u00e9sente\u201d a d\u00e9clar\u00e9 Ruth Dureghello, pr\u00e9sidente de la communaut\u00e9 juive de Rome. \u201cCe jour-l\u00e0, a-t-elle soulign\u00e9, a chang\u00e9 la vie de beaucoup de personnes, de la famille qui a perdu Stefano et des nombreux bless\u00e9s\u201d. Et il a chang\u00e9 \u201c\u00e9galement la vie de notre communaut\u00e9, car on s\u2019est rendu compte que rien n\u2019aurait plus pu \u00eatre comme avant\u201d. L\u2019attentat ne fut pas un \u00e9pisode isol\u00e9, \u201cmais l\u2019apog\u00e9e d\u2019une campagne de haine de laquelle on ne conna\u00eet pas encore les responsables. Une champagne dans laquelle il \u00e9tait clair ce qu\u2019on ne voulait pas admettre: l\u2019antisemitisme avait encore frapp\u00e9 et s&#8217;\u00e9tait p\u00e9rilleusement install\u00e9 derri\u00e8re la haine envers l\u2019Etat d&#8217;Isra\u00ebl.\u201d<br \/>\n<a href=\"http:\/\/moked.it\/international\/files\/2022\/10\/Sefer-Rome2.png\"><img loading=\"lazy\" decoding=\"async\" src=\"http:\/\/moked.it\/international\/files\/2022\/10\/Sefer-Rome2.png\" alt=\"\" width=\"551\" height=\"416\" class=\"alignleft size-full wp-image-8312\" srcset=\"https:\/\/moked.it\/international\/files\/2022\/10\/Sefer-Rome2.png 551w, https:\/\/moked.it\/international\/files\/2022\/10\/Sefer-Rome2-300x226.png 300w\" sizes=\"auto, (max-width: 551px) 100vw, 551px\" \/><\/a> De la Grande Synagogue de Rome est n\u00e9e une nouvelle exigence de v\u00e9rit\u00e9, \u201cparce qu&#8217;il est n\u00e9cessaire que soit enfin d\u00e9voil\u00e9 le voile d&#8217;hypocrisie et d\u2019omerta qui a permis \u00e0 un commando terroriste d&#8217;agir en toute tranquillit\u00e9 dans le centre de Rome\u201d. Dans ce sens la pr\u00e9sence de Mattarella \u201crepr\u00e9sente un autre \u00e9l\u00e9ment de proximit\u00e9 et d&#8217;amiti\u00e9, mais surtout la r\u00e9affirmation du message qu\u2019il a voulu faire sien d\u00e8s le jour de son investiture.\u201d Si pendant si longtemps \u201cnous nous sommes sentis seuls, sa pr\u00e9sence aujourd\u2019hui nous fait prendre conscience du fait que nous ne le sommes plus\u201d.<br \/>\nLa parole a ensuite \u00e9t\u00e9 donn\u00e9e au rabbin de Rome, rav Riccardo Di Segni, et il a rappel\u00e9 la force, aussi symbolique, d\u2019un choix qui t\u00e9moigne \u201cla construction contre la destruction, la civilisation contre la barbarie, la loi contre l\u2019oppression, le respect contre l\u2019offense, l\u2019espoir contre le d\u00e9sespoir, la vie contre la mort\u201d. Le Torah, il a soulign\u00e9 apr\u00e8s, \u201cest l\u2019essence de notre histoire, de notre vie et de notre fois\u201d. Ce n\u2019est pas un hasard que \u201con dit que chaque lettre, chaque espace vide, chaque voyelle, m\u00eame non \u00e9crite dans ce rouleau repr\u00e9sente un individu de la communaut\u00e9\u201d.<br \/>\nLe livre de la Torah \u00e9crit \u00e0 la main sur parchemin est irrempla\u00e7able pour la liturgie. C\u2019est \u00e9galement pour cette raison que \u201ccommander la r\u00e9daction d\u2019un nouveau rouleau et en faire don \u00e0 la synagogue est un acte m\u00e9ritoire : un signe de continuit\u00e9, de fid\u00e9lit\u00e9 et de vitalit\u00e9\u201d. Ensuite, rav Di Segni a mentionn\u00e9 un fait dont il fut personnellement t\u00e9moin lors des fun\u00e9railles du petit Stefano : le Pr\u00e9sident de l\u2019\u00e9poque, Sandro Pertini qui \u201cpleurait \u00e0 chaudes larmes\u201d. Par cons\u00e9quent, un espoir : \u201cQue le Pr\u00e9sident de la R\u00e9publique n\u2019ait plus \u00e0 pleurer pour une jeune vie bris\u00e9e. Que le Pr\u00e9sident de la R\u00e9publique puisse, au contraire, pleurer de joie ou sourire \u00e0 la vue d\u2019enfants comme ceux qui l&#8217;ont accueilli chaleureusement en synagogue, des enfants qui grandissent en toute s\u00e9r\u00e9nit\u00e9, \u00e9lev\u00e9s aux valeurs positives, un espoir pour notre avenir\u201d.<br \/>\nD\u2019autres moments de comm\u00e9moration ont caract\u00e9ris\u00e9 cet anniversaire. Notamment une c\u00e9r\u00e9monie au Temple Beth Michael de Rome lors du vingti\u00e8me anniversaire de sa cr\u00e9ation. De plus, \u00e0 partir du 9 octobre, l\u2019exposition \u201c9 ottobre 1982 \u2013 Attentato alla Sinagoga, storia visuale di un delitto impunito\u201d est ouvert au public. L\u2019exposition a \u00e9t\u00e9 install\u00e9e aux Thermes de Diocl\u00e9tien par la Fondazione per le scienze religiose Giovanni XXIII (FSCIRE) de Bologne avec l\u2019Association B\u2019nai B\u2019rith et le Comit\u00e9 pour les anniversaires d&#8217;int\u00e9r\u00eat national du Gouvernement italien en collaboration avec la Communaut\u00e9 juive de Rome. <\/p>\n<p>Sur les photos : l&#8217;entr\u00e9e du Sefer dans l&#8217;Aron haKodesh, le Pr\u00e9sident Mattarella accueilli dans la synagogue par le Rabbin de Rome Riccardo Di Segni et la Pr\u00e9sidente de la Communaut\u00e9 juive de Rome Ruth Dureghello, le Chef d&#8217;Etat avec Gadiel Gaj Tach\u00e9, fr\u00e8re du petit Stefano.<\/p>\n<p><em>Traduction de Margherita Francese, r\u00e9vis\u00e9e par Onda Carofiglio, \u00e9tudiantes \u00e0 l\u2019\u00c9cole Sup\u00e9rieure de Langues Modernes pour les Interpr\u00e8tes et les Traducteurs de l\u2019Universit\u00e9 de Trieste, stagiaires dans le bureau du journal de l\u2019Union des communaut\u00e9s juives italiennes \u2013 Pagine Ebraiche.<\/em><\/p>\n","protected":false},"excerpt":{"rendered":"<p>C&#8217;\u00e9tait le 3 f\u00e9vrier 2015 et Sergio Mattarella, dans son discours d&#8217;investiture en tant que pr\u00e9sident de la R\u00e9publique italienne, choisissait de consacrer une pens\u00e9e \u00e0 Stefano Gaj Tach\u00e9. L\u2019enfant de deux ans &#8211; \u201cun de nos enfants, un enfant italien\u201d &#8211; tu\u00e9 dans l\u2019attentat palestinien contre la Grande synagogue de Rome le 9 octobre&hellip; <a class=\"more\" rel=\"bookmark\" href=\"https:\/\/moked.it\/international\/2022\/10\/24\/la-ceremonie-a-la-synagogue-un-sefer-pour-stefano-gaj-tache-un-message-de-vie-contre-la-mort\/\">leggi&nbsp;<i class=\"fa fa-chevron-circle-right\"><\/i><\/a><\/p>\n","protected":false},"author":4563,"featured_media":8313,"menu_order":7,"comment_status":"closed","ping_status":"open","sticky":false,"template":"","format":"standard","meta":{"footnotes":""},"categories":[7607,61],"tags":[],"position":[],"class_list":["post-8310","post","type-post","status-publish","format-standard","has-post-thumbnail","hentry","category-events","category-news"],"yoast_head":"<!-- This site is optimized with the Yoast SEO plugin v26.0 - https:\/\/yoast.com\/wordpress\/plugins\/seo\/ -->\n<title>La c\u00e9r\u00e9monie \u00e0 la synagogue: &quot;Un Sefer pour Stefano Gaj Tach\u00e9, un message de vie contre la mort&quot; - Pagine Ebraiche International<\/title>\n<meta name=\"robots\" content=\"index, follow, max-snippet:-1, max-image-preview:large, max-video-preview:-1\" \/>\n<link rel=\"canonical\" href=\"https:\/\/moked.it\/international\/2022\/10\/24\/la-ceremonie-a-la-synagogue-un-sefer-pour-stefano-gaj-tache-un-message-de-vie-contre-la-mort\/\" \/>\n<meta property=\"og:locale\" content=\"en_US\" \/>\n<meta property=\"og:type\" content=\"article\" \/>\n<meta property=\"og:title\" content=\"La c\u00e9r\u00e9monie \u00e0 la synagogue: &quot;Un Sefer pour Stefano Gaj Tach\u00e9, un message de vie contre la mort&quot; - Pagine Ebraiche International\" \/>\n<meta property=\"og:description\" content=\"C&#8217;\u00e9tait le 3 f\u00e9vrier 2015 et Sergio Mattarella, dans son discours d&#8217;investiture en tant que pr\u00e9sident de la R\u00e9publique italienne, choisissait de consacrer une pens\u00e9e \u00e0 Stefano Gaj Tach\u00e9. L\u2019enfant de deux ans &#8211; \u201cun de nos enfants, un enfant italien\u201d &#8211; tu\u00e9 dans l\u2019attentat palestinien contre la Grande synagogue de Rome le 9 octobre&hellip; leggi&nbsp;\" \/>\n<meta property=\"og:url\" content=\"https:\/\/moked.it\/international\/2022\/10\/24\/la-ceremonie-a-la-synagogue-un-sefer-pour-stefano-gaj-tache-un-message-de-vie-contre-la-mort\/\" \/>\n<meta property=\"og:site_name\" content=\"Pagine Ebraiche International\" \/>\n<meta property=\"article:published_time\" content=\"2022-10-24T17:27:18+00:00\" \/>\n<meta property=\"article:modified_time\" content=\"2022-10-31T17:28:15+00:00\" \/>\n<meta property=\"og:image\" content=\"https:\/\/moked.it\/international\/files\/2022\/10\/Sefer-Rome.jpeg\" \/>\n\t<meta property=\"og:image:width\" content=\"790\" \/>\n\t<meta property=\"og:image:height\" content=\"593\" \/>\n\t<meta property=\"og:image:type\" content=\"image\/jpeg\" \/>\n<meta name=\"author\" content=\"International\" \/>\n<meta name=\"twitter:card\" content=\"summary_large_image\" \/>\n<meta name=\"twitter:label1\" content=\"Written by\" \/>\n\t<meta name=\"twitter:data1\" content=\"International\" \/>\n\t<meta name=\"twitter:label2\" content=\"Est. reading time\" \/>\n\t<meta name=\"twitter:data2\" content=\"5 minutes\" \/>\n<script type=\"application\/ld+json\" class=\"yoast-schema-graph\">{\"@context\":\"https:\/\/schema.org\",\"@graph\":[{\"@type\":\"WebPage\",\"@id\":\"https:\/\/moked.it\/international\/2022\/10\/24\/la-ceremonie-a-la-synagogue-un-sefer-pour-stefano-gaj-tache-un-message-de-vie-contre-la-mort\/\",\"url\":\"https:\/\/moked.it\/international\/2022\/10\/24\/la-ceremonie-a-la-synagogue-un-sefer-pour-stefano-gaj-tache-un-message-de-vie-contre-la-mort\/\",\"name\":\"La c\u00e9r\u00e9monie \u00e0 la synagogue: \\\"Un Sefer pour Stefano Gaj Tach\u00e9, un message de vie contre la mort\\\" - Pagine Ebraiche International\",\"isPartOf\":{\"@id\":\"https:\/\/moked.it\/international\/#website\"},\"primaryImageOfPage\":{\"@id\":\"https:\/\/moked.it\/international\/2022\/10\/24\/la-ceremonie-a-la-synagogue-un-sefer-pour-stefano-gaj-tache-un-message-de-vie-contre-la-mort\/#primaryimage\"},\"image\":{\"@id\":\"https:\/\/moked.it\/international\/2022\/10\/24\/la-ceremonie-a-la-synagogue-un-sefer-pour-stefano-gaj-tache-un-message-de-vie-contre-la-mort\/#primaryimage\"},\"thumbnailUrl\":\"https:\/\/moked.it\/international\/files\/2022\/10\/Sefer-Rome.jpeg\",\"datePublished\":\"2022-10-24T17:27:18+00:00\",\"dateModified\":\"2022-10-31T17:28:15+00:00\",\"author\":{\"@id\":\"https:\/\/moked.it\/international\/#\/schema\/person\/c3bf162332195ecfa0f59a8d77e2d8e0\"},\"breadcrumb\":{\"@id\":\"https:\/\/moked.it\/international\/2022\/10\/24\/la-ceremonie-a-la-synagogue-un-sefer-pour-stefano-gaj-tache-un-message-de-vie-contre-la-mort\/#breadcrumb\"},\"inLanguage\":\"en-US\",\"potentialAction\":[{\"@type\":\"ReadAction\",\"target\":[\"https:\/\/moked.it\/international\/2022\/10\/24\/la-ceremonie-a-la-synagogue-un-sefer-pour-stefano-gaj-tache-un-message-de-vie-contre-la-mort\/\"]}]},{\"@type\":\"ImageObject\",\"inLanguage\":\"en-US\",\"@id\":\"https:\/\/moked.it\/international\/2022\/10\/24\/la-ceremonie-a-la-synagogue-un-sefer-pour-stefano-gaj-tache-un-message-de-vie-contre-la-mort\/#primaryimage\",\"url\":\"https:\/\/moked.it\/international\/files\/2022\/10\/Sefer-Rome.jpeg\",\"contentUrl\":\"https:\/\/moked.it\/international\/files\/2022\/10\/Sefer-Rome.jpeg\",\"width\":790,\"height\":593},{\"@type\":\"BreadcrumbList\",\"@id\":\"https:\/\/moked.it\/international\/2022\/10\/24\/la-ceremonie-a-la-synagogue-un-sefer-pour-stefano-gaj-tache-un-message-de-vie-contre-la-mort\/#breadcrumb\",\"itemListElement\":[{\"@type\":\"ListItem\",\"position\":1,\"name\":\"Home\",\"item\":\"https:\/\/moked.it\/international\/\"},{\"@type\":\"ListItem\",\"position\":2,\"name\":\"La c\u00e9r\u00e9monie \u00e0 la synagogue: &#8220;Un Sefer pour Stefano Gaj Tach\u00e9, un message de vie contre la mort&#8221;\"}]},{\"@type\":\"WebSite\",\"@id\":\"https:\/\/moked.it\/international\/#website\",\"url\":\"https:\/\/moked.it\/international\/\",\"name\":\"Pagine Ebraiche International\",\"description\":\"A Taste of the Italian Jewish World\",\"potentialAction\":[{\"@type\":\"SearchAction\",\"target\":{\"@type\":\"EntryPoint\",\"urlTemplate\":\"https:\/\/moked.it\/international\/?s={search_term_string}\"},\"query-input\":{\"@type\":\"PropertyValueSpecification\",\"valueRequired\":true,\"valueName\":\"search_term_string\"}}],\"inLanguage\":\"en-US\"},{\"@type\":\"Person\",\"@id\":\"https:\/\/moked.it\/international\/#\/schema\/person\/c3bf162332195ecfa0f59a8d77e2d8e0\",\"name\":\"International\",\"image\":{\"@type\":\"ImageObject\",\"inLanguage\":\"en-US\",\"@id\":\"https:\/\/moked.it\/international\/#\/schema\/person\/image\/\",\"url\":\"https:\/\/secure.gravatar.com\/avatar\/fcc45e46827a23a18a55ed177c93c0128a33d90bcebafd45d3f1f9b8cac46b22?s=96&d=mm&r=g\",\"contentUrl\":\"https:\/\/secure.gravatar.com\/avatar\/fcc45e46827a23a18a55ed177c93c0128a33d90bcebafd45d3f1f9b8cac46b22?s=96&d=mm&r=g\",\"caption\":\"International\"},\"url\":\"https:\/\/moked.it\/international\/author\/danielagross\/\"}]}<\/script>\n<!-- \/ Yoast SEO plugin. -->","yoast_head_json":{"title":"La c\u00e9r\u00e9monie \u00e0 la synagogue: \"Un Sefer pour Stefano Gaj Tach\u00e9, un message de vie contre la mort\" - Pagine Ebraiche International","robots":{"index":"index","follow":"follow","max-snippet":"max-snippet:-1","max-image-preview":"max-image-preview:large","max-video-preview":"max-video-preview:-1"},"canonical":"https:\/\/moked.it\/international\/2022\/10\/24\/la-ceremonie-a-la-synagogue-un-sefer-pour-stefano-gaj-tache-un-message-de-vie-contre-la-mort\/","og_locale":"en_US","og_type":"article","og_title":"La c\u00e9r\u00e9monie \u00e0 la synagogue: \"Un Sefer pour Stefano Gaj Tach\u00e9, un message de vie contre la mort\" - Pagine Ebraiche International","og_description":"C&#8217;\u00e9tait le 3 f\u00e9vrier 2015 et Sergio Mattarella, dans son discours d&#8217;investiture en tant que pr\u00e9sident de la R\u00e9publique italienne, choisissait de consacrer une pens\u00e9e \u00e0 Stefano Gaj Tach\u00e9. L\u2019enfant de deux ans &#8211; \u201cun de nos enfants, un enfant italien\u201d &#8211; tu\u00e9 dans l\u2019attentat palestinien contre la Grande synagogue de Rome le 9 octobre&hellip; leggi&nbsp;","og_url":"https:\/\/moked.it\/international\/2022\/10\/24\/la-ceremonie-a-la-synagogue-un-sefer-pour-stefano-gaj-tache-un-message-de-vie-contre-la-mort\/","og_site_name":"Pagine Ebraiche International","article_published_time":"2022-10-24T17:27:18+00:00","article_modified_time":"2022-10-31T17:28:15+00:00","og_image":[{"width":790,"height":593,"url":"https:\/\/moked.it\/international\/files\/2022\/10\/Sefer-Rome.jpeg","type":"image\/jpeg"}],"author":"International","twitter_card":"summary_large_image","twitter_misc":{"Written by":"International","Est. reading time":"5 minutes"},"schema":{"@context":"https:\/\/schema.org","@graph":[{"@type":"WebPage","@id":"https:\/\/moked.it\/international\/2022\/10\/24\/la-ceremonie-a-la-synagogue-un-sefer-pour-stefano-gaj-tache-un-message-de-vie-contre-la-mort\/","url":"https:\/\/moked.it\/international\/2022\/10\/24\/la-ceremonie-a-la-synagogue-un-sefer-pour-stefano-gaj-tache-un-message-de-vie-contre-la-mort\/","name":"La c\u00e9r\u00e9monie \u00e0 la synagogue: \"Un Sefer pour Stefano Gaj Tach\u00e9, un message de vie contre la mort\" - Pagine Ebraiche International","isPartOf":{"@id":"https:\/\/moked.it\/international\/#website"},"primaryImageOfPage":{"@id":"https:\/\/moked.it\/international\/2022\/10\/24\/la-ceremonie-a-la-synagogue-un-sefer-pour-stefano-gaj-tache-un-message-de-vie-contre-la-mort\/#primaryimage"},"image":{"@id":"https:\/\/moked.it\/international\/2022\/10\/24\/la-ceremonie-a-la-synagogue-un-sefer-pour-stefano-gaj-tache-un-message-de-vie-contre-la-mort\/#primaryimage"},"thumbnailUrl":"https:\/\/moked.it\/international\/files\/2022\/10\/Sefer-Rome.jpeg","datePublished":"2022-10-24T17:27:18+00:00","dateModified":"2022-10-31T17:28:15+00:00","author":{"@id":"https:\/\/moked.it\/international\/#\/schema\/person\/c3bf162332195ecfa0f59a8d77e2d8e0"},"breadcrumb":{"@id":"https:\/\/moked.it\/international\/2022\/10\/24\/la-ceremonie-a-la-synagogue-un-sefer-pour-stefano-gaj-tache-un-message-de-vie-contre-la-mort\/#breadcrumb"},"inLanguage":"en-US","potentialAction":[{"@type":"ReadAction","target":["https:\/\/moked.it\/international\/2022\/10\/24\/la-ceremonie-a-la-synagogue-un-sefer-pour-stefano-gaj-tache-un-message-de-vie-contre-la-mort\/"]}]},{"@type":"ImageObject","inLanguage":"en-US","@id":"https:\/\/moked.it\/international\/2022\/10\/24\/la-ceremonie-a-la-synagogue-un-sefer-pour-stefano-gaj-tache-un-message-de-vie-contre-la-mort\/#primaryimage","url":"https:\/\/moked.it\/international\/files\/2022\/10\/Sefer-Rome.jpeg","contentUrl":"https:\/\/moked.it\/international\/files\/2022\/10\/Sefer-Rome.jpeg","width":790,"height":593},{"@type":"BreadcrumbList","@id":"https:\/\/moked.it\/international\/2022\/10\/24\/la-ceremonie-a-la-synagogue-un-sefer-pour-stefano-gaj-tache-un-message-de-vie-contre-la-mort\/#breadcrumb","itemListElement":[{"@type":"ListItem","position":1,"name":"Home","item":"https:\/\/moked.it\/international\/"},{"@type":"ListItem","position":2,"name":"La c\u00e9r\u00e9monie \u00e0 la synagogue: &#8220;Un Sefer pour Stefano Gaj Tach\u00e9, un message de vie contre la mort&#8221;"}]},{"@type":"WebSite","@id":"https:\/\/moked.it\/international\/#website","url":"https:\/\/moked.it\/international\/","name":"Pagine Ebraiche International","description":"A Taste of the Italian Jewish World","potentialAction":[{"@type":"SearchAction","target":{"@type":"EntryPoint","urlTemplate":"https:\/\/moked.it\/international\/?s={search_term_string}"},"query-input":{"@type":"PropertyValueSpecification","valueRequired":true,"valueName":"search_term_string"}}],"inLanguage":"en-US"},{"@type":"Person","@id":"https:\/\/moked.it\/international\/#\/schema\/person\/c3bf162332195ecfa0f59a8d77e2d8e0","name":"International","image":{"@type":"ImageObject","inLanguage":"en-US","@id":"https:\/\/moked.it\/international\/#\/schema\/person\/image\/","url":"https:\/\/secure.gravatar.com\/avatar\/fcc45e46827a23a18a55ed177c93c0128a33d90bcebafd45d3f1f9b8cac46b22?s=96&d=mm&r=g","contentUrl":"https:\/\/secure.gravatar.com\/avatar\/fcc45e46827a23a18a55ed177c93c0128a33d90bcebafd45d3f1f9b8cac46b22?s=96&d=mm&r=g","caption":"International"},"url":"https:\/\/moked.it\/international\/author\/danielagross\/"}]}},"_links":{"self":[{"href":"https:\/\/moked.it\/international\/wp-json\/wp\/v2\/posts\/8310","targetHints":{"allow":["GET"]}}],"collection":[{"href":"https:\/\/moked.it\/international\/wp-json\/wp\/v2\/posts"}],"about":[{"href":"https:\/\/moked.it\/international\/wp-json\/wp\/v2\/types\/post"}],"author":[{"embeddable":true,"href":"https:\/\/moked.it\/international\/wp-json\/wp\/v2\/users\/4563"}],"replies":[{"embeddable":true,"href":"https:\/\/moked.it\/international\/wp-json\/wp\/v2\/comments?post=8310"}],"version-history":[{"count":4,"href":"https:\/\/moked.it\/international\/wp-json\/wp\/v2\/posts\/8310\/revisions"}],"predecessor-version":[{"id":8325,"href":"https:\/\/moked.it\/international\/wp-json\/wp\/v2\/posts\/8310\/revisions\/8325"}],"wp:featuredmedia":[{"embeddable":true,"href":"https:\/\/moked.it\/international\/wp-json\/wp\/v2\/media\/8313"}],"wp:attachment":[{"href":"https:\/\/moked.it\/international\/wp-json\/wp\/v2\/media?parent=8310"}],"wp:term":[{"taxonomy":"category","embeddable":true,"href":"https:\/\/moked.it\/international\/wp-json\/wp\/v2\/categories?post=8310"},{"taxonomy":"post_tag","embeddable":true,"href":"https:\/\/moked.it\/international\/wp-json\/wp\/v2\/tags?post=8310"},{"taxonomy":"position","embeddable":true,"href":"https:\/\/moked.it\/international\/wp-json\/wp\/v2\/position?post=8310"}],"curies":[{"name":"wp","href":"https:\/\/api.w.org\/{rel}","templated":true}]}}