{"id":8364,"date":"2022-11-07T17:46:03","date_gmt":"2022-11-07T16:46:03","guid":{"rendered":"https:\/\/moked.it\/international\/?p=8364"},"modified":"2022-11-21T17:08:54","modified_gmt":"2022-11-21T16:08:54","slug":"elections-un-rendez-vous-qui-confirme-la-vivacite-democratique-disrael","status":"publish","type":"post","link":"https:\/\/moked.it\/international\/2022\/11\/07\/elections-un-rendez-vous-qui-confirme-la-vivacite-democratique-disrael\/","title":{"rendered":"\u201c\u00c9lections, un rendez-vous qui confirme la vivacit\u00e9 d\u00e9mocratique d\u2019Isra\u00ebl\u201d"},"content":{"rendered":"<p>La Pr\u00e9sidente de l\u2019Union des communaut\u00e9s juives italiennes, Noemi di Segni, affirme: \u201cLe rendez-vous \u00e9lectoral confirme encore une fois la vivacit\u00e9 de la dialectique d\u00e9mocratique d\u2019Isra\u00ebl dans la journ\u00e9e la plus importante: celle dans laquelle chaque citoyen est appel\u00e9 \u00e0 exprimer ses attentes de gouvernement aux urnes. Maintenant nous attendons la formation du nouveau gouvernement pour comprendre ceux qui seront, m\u00eame pour nous, les interlocuteurs de r\u00e9f\u00e9rence. Nous serons, comme toujours, avec et pour Isra\u00ebl dans sa lutte contre toute forme de d\u00e9l\u00e9gitimation et en d\u00e9fense de la s\u00e9curit\u00e9 de ses fronti\u00e8res et de ses citoyens, avec l\u2019engagement de soutenir la fructueuse contribution fournie par l\u2019\u00c9tat juif au d\u00e9veloppement du Moyen-Orient et de la soci\u00e9t\u00e9 occidentale dans son ensemble\u201d.  <\/p>\n<p><em>Traduction d\u2019Erika Centazzo, r\u00e9vis\u00e9e par Onda Carofiglio, \u00e9tudiantes \u00e0 l\u2019\u00c9cole Sup\u00e9rieure de Langues Modernes pour les Interpr\u00e8tes et les Traducteurs de l\u2019Universit\u00e9 de Trieste, stagiaires dans le bureau du journal de l\u2019Union des communaut\u00e9s juives italiennes \u2013 Pagine Ebraiche.<\/em><\/p>\n","protected":false},"excerpt":{"rendered":"<p>La Pr\u00e9sidente de l\u2019Union des communaut\u00e9s juives italiennes, Noemi di Segni, affirme: \u201cLe rendez-vous \u00e9lectoral confirme encore une fois la vivacit\u00e9 de la dialectique d\u00e9mocratique d\u2019Isra\u00ebl dans la journ\u00e9e la plus importante: celle dans laquelle chaque citoyen est appel\u00e9 \u00e0 exprimer ses attentes de gouvernement aux urnes. Maintenant nous attendons la formation du nouveau gouvernement&hellip; <a class=\"more\" rel=\"bookmark\" href=\"https:\/\/moked.it\/international\/2022\/11\/07\/elections-un-rendez-vous-qui-confirme-la-vivacite-democratique-disrael\/\">leggi&nbsp;<i class=\"fa fa-chevron-circle-right\"><\/i><\/a><\/p>\n","protected":false},"author":4563,"featured_media":0,"menu_order":7,"comment_status":"closed","ping_status":"open","sticky":false,"template":"","format":"standard","meta":{"footnotes":""},"categories":[61],"tags":[],"position":[],"class_list":["post-8364","post","type-post","status-publish","format-standard","hentry","category-news"],"yoast_head":"<!-- This site is optimized with the Yoast SEO plugin v26.0 - https:\/\/yoast.com\/wordpress\/plugins\/seo\/ -->\n<title>\u201c\u00c9lections, un rendez-vous qui confirme la vivacit\u00e9 d\u00e9mocratique d\u2019Isra\u00ebl\u201d - Pagine Ebraiche International<\/title>\n<meta name=\"robots\" content=\"index, follow, max-snippet:-1, max-image-preview:large, max-video-preview:-1\" \/>\n<link rel=\"canonical\" href=\"https:\/\/moked.it\/international\/2022\/11\/07\/elections-un-rendez-vous-qui-confirme-la-vivacite-democratique-disrael\/\" \/>\n<meta property=\"og:locale\" content=\"en_US\" \/>\n<meta property=\"og:type\" content=\"article\" \/>\n<meta property=\"og:title\" content=\"\u201c\u00c9lections, un rendez-vous qui confirme la vivacit\u00e9 d\u00e9mocratique d\u2019Isra\u00ebl\u201d - Pagine Ebraiche International\" \/>\n<meta property=\"og:description\" content=\"La Pr\u00e9sidente de l\u2019Union des communaut\u00e9s juives italiennes, Noemi di Segni, affirme: \u201cLe rendez-vous \u00e9lectoral confirme encore une fois la vivacit\u00e9 de la dialectique d\u00e9mocratique d\u2019Isra\u00ebl dans la journ\u00e9e la plus importante: celle dans laquelle chaque citoyen est appel\u00e9 \u00e0 exprimer ses attentes de gouvernement aux urnes. Maintenant nous attendons la formation du nouveau gouvernement&hellip; leggi&nbsp;\" \/>\n<meta property=\"og:url\" content=\"https:\/\/moked.it\/international\/2022\/11\/07\/elections-un-rendez-vous-qui-confirme-la-vivacite-democratique-disrael\/\" \/>\n<meta property=\"og:site_name\" content=\"Pagine Ebraiche International\" \/>\n<meta property=\"article:published_time\" content=\"2022-11-07T16:46:03+00:00\" \/>\n<meta property=\"article:modified_time\" content=\"2022-11-21T16:08:54+00:00\" \/>\n<meta name=\"author\" content=\"International\" \/>\n<meta name=\"twitter:card\" content=\"summary_large_image\" \/>\n<meta name=\"twitter:label1\" content=\"Written by\" \/>\n\t<meta name=\"twitter:data1\" content=\"International\" \/>\n\t<meta name=\"twitter:label2\" content=\"Est. reading time\" \/>\n\t<meta name=\"twitter:data2\" content=\"1 minute\" \/>\n<script type=\"application\/ld+json\" class=\"yoast-schema-graph\">{\"@context\":\"https:\/\/schema.org\",\"@graph\":[{\"@type\":\"WebPage\",\"@id\":\"https:\/\/moked.it\/international\/2022\/11\/07\/elections-un-rendez-vous-qui-confirme-la-vivacite-democratique-disrael\/\",\"url\":\"https:\/\/moked.it\/international\/2022\/11\/07\/elections-un-rendez-vous-qui-confirme-la-vivacite-democratique-disrael\/\",\"name\":\"\u201c\u00c9lections, un rendez-vous qui confirme la vivacit\u00e9 d\u00e9mocratique d\u2019Isra\u00ebl\u201d - Pagine Ebraiche International\",\"isPartOf\":{\"@id\":\"https:\/\/moked.it\/international\/#website\"},\"datePublished\":\"2022-11-07T16:46:03+00:00\",\"dateModified\":\"2022-11-21T16:08:54+00:00\",\"author\":{\"@id\":\"https:\/\/moked.it\/international\/#\/schema\/person\/c3bf162332195ecfa0f59a8d77e2d8e0\"},\"breadcrumb\":{\"@id\":\"https:\/\/moked.it\/international\/2022\/11\/07\/elections-un-rendez-vous-qui-confirme-la-vivacite-democratique-disrael\/#breadcrumb\"},\"inLanguage\":\"en-US\",\"potentialAction\":[{\"@type\":\"ReadAction\",\"target\":[\"https:\/\/moked.it\/international\/2022\/11\/07\/elections-un-rendez-vous-qui-confirme-la-vivacite-democratique-disrael\/\"]}]},{\"@type\":\"BreadcrumbList\",\"@id\":\"https:\/\/moked.it\/international\/2022\/11\/07\/elections-un-rendez-vous-qui-confirme-la-vivacite-democratique-disrael\/#breadcrumb\",\"itemListElement\":[{\"@type\":\"ListItem\",\"position\":1,\"name\":\"Home\",\"item\":\"https:\/\/moked.it\/international\/\"},{\"@type\":\"ListItem\",\"position\":2,\"name\":\"\u201c\u00c9lections, un rendez-vous qui confirme la vivacit\u00e9 d\u00e9mocratique d\u2019Isra\u00ebl\u201d\"}]},{\"@type\":\"WebSite\",\"@id\":\"https:\/\/moked.it\/international\/#website\",\"url\":\"https:\/\/moked.it\/international\/\",\"name\":\"Pagine Ebraiche International\",\"description\":\"A Taste of the Italian Jewish World\",\"potentialAction\":[{\"@type\":\"SearchAction\",\"target\":{\"@type\":\"EntryPoint\",\"urlTemplate\":\"https:\/\/moked.it\/international\/?s={search_term_string}\"},\"query-input\":{\"@type\":\"PropertyValueSpecification\",\"valueRequired\":true,\"valueName\":\"search_term_string\"}}],\"inLanguage\":\"en-US\"},{\"@type\":\"Person\",\"@id\":\"https:\/\/moked.it\/international\/#\/schema\/person\/c3bf162332195ecfa0f59a8d77e2d8e0\",\"name\":\"International\",\"image\":{\"@type\":\"ImageObject\",\"inLanguage\":\"en-US\",\"@id\":\"https:\/\/moked.it\/international\/#\/schema\/person\/image\/\",\"url\":\"https:\/\/secure.gravatar.com\/avatar\/fcc45e46827a23a18a55ed177c93c0128a33d90bcebafd45d3f1f9b8cac46b22?s=96&d=mm&r=g\",\"contentUrl\":\"https:\/\/secure.gravatar.com\/avatar\/fcc45e46827a23a18a55ed177c93c0128a33d90bcebafd45d3f1f9b8cac46b22?s=96&d=mm&r=g\",\"caption\":\"International\"},\"url\":\"https:\/\/moked.it\/international\/author\/danielagross\/\"}]}<\/script>\n<!-- \/ Yoast SEO plugin. -->","yoast_head_json":{"title":"\u201c\u00c9lections, un rendez-vous qui confirme la vivacit\u00e9 d\u00e9mocratique d\u2019Isra\u00ebl\u201d - Pagine Ebraiche International","robots":{"index":"index","follow":"follow","max-snippet":"max-snippet:-1","max-image-preview":"max-image-preview:large","max-video-preview":"max-video-preview:-1"},"canonical":"https:\/\/moked.it\/international\/2022\/11\/07\/elections-un-rendez-vous-qui-confirme-la-vivacite-democratique-disrael\/","og_locale":"en_US","og_type":"article","og_title":"\u201c\u00c9lections, un rendez-vous qui confirme la vivacit\u00e9 d\u00e9mocratique d\u2019Isra\u00ebl\u201d - Pagine Ebraiche International","og_description":"La Pr\u00e9sidente de l\u2019Union des communaut\u00e9s juives italiennes, Noemi di Segni, affirme: \u201cLe rendez-vous \u00e9lectoral confirme encore une fois la vivacit\u00e9 de la dialectique d\u00e9mocratique d\u2019Isra\u00ebl dans la journ\u00e9e la plus importante: celle dans laquelle chaque citoyen est appel\u00e9 \u00e0 exprimer ses attentes de gouvernement aux urnes. Maintenant nous attendons la formation du nouveau gouvernement&hellip; leggi&nbsp;","og_url":"https:\/\/moked.it\/international\/2022\/11\/07\/elections-un-rendez-vous-qui-confirme-la-vivacite-democratique-disrael\/","og_site_name":"Pagine Ebraiche International","article_published_time":"2022-11-07T16:46:03+00:00","article_modified_time":"2022-11-21T16:08:54+00:00","author":"International","twitter_card":"summary_large_image","twitter_misc":{"Written by":"International","Est. reading time":"1 minute"},"schema":{"@context":"https:\/\/schema.org","@graph":[{"@type":"WebPage","@id":"https:\/\/moked.it\/international\/2022\/11\/07\/elections-un-rendez-vous-qui-confirme-la-vivacite-democratique-disrael\/","url":"https:\/\/moked.it\/international\/2022\/11\/07\/elections-un-rendez-vous-qui-confirme-la-vivacite-democratique-disrael\/","name":"\u201c\u00c9lections, un rendez-vous qui confirme la vivacit\u00e9 d\u00e9mocratique d\u2019Isra\u00ebl\u201d - Pagine Ebraiche International","isPartOf":{"@id":"https:\/\/moked.it\/international\/#website"},"datePublished":"2022-11-07T16:46:03+00:00","dateModified":"2022-11-21T16:08:54+00:00","author":{"@id":"https:\/\/moked.it\/international\/#\/schema\/person\/c3bf162332195ecfa0f59a8d77e2d8e0"},"breadcrumb":{"@id":"https:\/\/moked.it\/international\/2022\/11\/07\/elections-un-rendez-vous-qui-confirme-la-vivacite-democratique-disrael\/#breadcrumb"},"inLanguage":"en-US","potentialAction":[{"@type":"ReadAction","target":["https:\/\/moked.it\/international\/2022\/11\/07\/elections-un-rendez-vous-qui-confirme-la-vivacite-democratique-disrael\/"]}]},{"@type":"BreadcrumbList","@id":"https:\/\/moked.it\/international\/2022\/11\/07\/elections-un-rendez-vous-qui-confirme-la-vivacite-democratique-disrael\/#breadcrumb","itemListElement":[{"@type":"ListItem","position":1,"name":"Home","item":"https:\/\/moked.it\/international\/"},{"@type":"ListItem","position":2,"name":"\u201c\u00c9lections, un rendez-vous qui confirme la vivacit\u00e9 d\u00e9mocratique d\u2019Isra\u00ebl\u201d"}]},{"@type":"WebSite","@id":"https:\/\/moked.it\/international\/#website","url":"https:\/\/moked.it\/international\/","name":"Pagine Ebraiche International","description":"A Taste of the Italian Jewish World","potentialAction":[{"@type":"SearchAction","target":{"@type":"EntryPoint","urlTemplate":"https:\/\/moked.it\/international\/?s={search_term_string}"},"query-input":{"@type":"PropertyValueSpecification","valueRequired":true,"valueName":"search_term_string"}}],"inLanguage":"en-US"},{"@type":"Person","@id":"https:\/\/moked.it\/international\/#\/schema\/person\/c3bf162332195ecfa0f59a8d77e2d8e0","name":"International","image":{"@type":"ImageObject","inLanguage":"en-US","@id":"https:\/\/moked.it\/international\/#\/schema\/person\/image\/","url":"https:\/\/secure.gravatar.com\/avatar\/fcc45e46827a23a18a55ed177c93c0128a33d90bcebafd45d3f1f9b8cac46b22?s=96&d=mm&r=g","contentUrl":"https:\/\/secure.gravatar.com\/avatar\/fcc45e46827a23a18a55ed177c93c0128a33d90bcebafd45d3f1f9b8cac46b22?s=96&d=mm&r=g","caption":"International"},"url":"https:\/\/moked.it\/international\/author\/danielagross\/"}]}},"_links":{"self":[{"href":"https:\/\/moked.it\/international\/wp-json\/wp\/v2\/posts\/8364","targetHints":{"allow":["GET"]}}],"collection":[{"href":"https:\/\/moked.it\/international\/wp-json\/wp\/v2\/posts"}],"about":[{"href":"https:\/\/moked.it\/international\/wp-json\/wp\/v2\/types\/post"}],"author":[{"embeddable":true,"href":"https:\/\/moked.it\/international\/wp-json\/wp\/v2\/users\/4563"}],"replies":[{"embeddable":true,"href":"https:\/\/moked.it\/international\/wp-json\/wp\/v2\/comments?post=8364"}],"version-history":[{"count":1,"href":"https:\/\/moked.it\/international\/wp-json\/wp\/v2\/posts\/8364\/revisions"}],"predecessor-version":[{"id":8365,"href":"https:\/\/moked.it\/international\/wp-json\/wp\/v2\/posts\/8364\/revisions\/8365"}],"wp:attachment":[{"href":"https:\/\/moked.it\/international\/wp-json\/wp\/v2\/media?parent=8364"}],"wp:term":[{"taxonomy":"category","embeddable":true,"href":"https:\/\/moked.it\/international\/wp-json\/wp\/v2\/categories?post=8364"},{"taxonomy":"post_tag","embeddable":true,"href":"https:\/\/moked.it\/international\/wp-json\/wp\/v2\/tags?post=8364"},{"taxonomy":"position","embeddable":true,"href":"https:\/\/moked.it\/international\/wp-json\/wp\/v2\/position?post=8364"}],"curies":[{"name":"wp","href":"https:\/\/api.w.org\/{rel}","templated":true}]}}