{"id":8390,"date":"2022-11-14T18:31:46","date_gmt":"2022-11-14T17:31:46","guid":{"rendered":"https:\/\/moked.it\/international\/?p=8390"},"modified":"2022-12-20T15:47:15","modified_gmt":"2022-12-20T14:47:15","slug":"la-ensenanza-de-valentia-de-peppino-vitale","status":"publish","type":"post","link":"https:\/\/moked.it\/international\/2022\/11\/14\/la-ensenanza-de-valentia-de-peppino-vitale\/","title":{"rendered":"La ense\u00f1anza de valent\u00eda de Peppino Vitale"},"content":{"rendered":"<p><a href=\"http:\/\/moked.it\/international\/files\/2021\/11\/Roberto-Jona.png\"><img loading=\"lazy\" decoding=\"async\" src=\"http:\/\/moked.it\/international\/files\/2021\/11\/Roberto-Jona.png\" alt=\"\" width=\"200\" height=\"200\" class=\"alignleft size-full wp-image-7493\" srcset=\"https:\/\/moked.it\/international\/files\/2021\/11\/Roberto-Jona.png 200w, https:\/\/moked.it\/international\/files\/2021\/11\/Roberto-Jona-150x150.png 150w, https:\/\/moked.it\/international\/files\/2021\/11\/Roberto-Jona-120x120.png 120w\" sizes=\"auto, (max-width: 200px) 100vw, 200px\" \/><\/a> Por <strong>Roberto Jona<\/strong><\/p>\n<p>Con respecto a la inauguraci\u00f3n del Beit Hakneset de Alejandr\u00eda (Piemonte, Italia), quiero compartir un acontecimiento que me cont\u00f3 personalmente Peppino Vitale. Cabe empezar diciendo que Vitale era el mayor representante de la peque\u00f1a comunidad jud\u00eda de la regi\u00f3n italiana Piemonte, muy famoso y bien recibido sobretodo en la ciudad de Alejandr\u00eda.<br \/>\nEn 1938, a consecuencia de la promulgaci\u00f3n de las leyes raciales, fue obligado al trabajo forzoso previsto por esa atroz legislaci\u00f3n. Para despreciarlo a\u00fan m\u00e1s, lo asignaron a la Limpieza Urbana con el encargo de barrer las calles del centro de la ciudad. Vitale no se desanim\u00f3, ni trat\u00f3 de escapar de la vejatoria imposici\u00f3n. Al recibir las indicaciones sobre el lugar y la hora de su trabajo, obedeci\u00f3 las \u00f3rdenes recibidas y cumpli\u00f3 puntualmente con sus tareas. Como no se le hab\u00eda asignado una \u201cuniforme de trabajo\u201d, decidi\u00f3 por s\u00ed mismo c\u00f3mo vestirse. Por tanto, se present\u00f3 al trabajo en frac y sombrero de copa y empez\u00f3 a barrer una de las calles centrales de Alejandr\u00eda. Debido a su notoriedad, poco despu\u00e9s se reuni\u00f3 una peque\u00f1a multitud alrededor de \u00e9l, avergonzando al funcionario fascista que le hab\u00eda encomendado la tarea. Al d\u00eda siguiente se levant\u00f3 la obligaci\u00f3n. <\/p>\n<p><em>Traducido por Diana Drudi, estudiante de la Escuela Superior de Int\u00e9rpretes y Traductores de la Universidad de Trieste, pasante en la oficina del peri\u00f3dico de la Uni\u00f3n de las Comunidades Jud\u00edas Italianas \u2013 Pagine Ebraiche.<\/em><\/p>\n","protected":false},"excerpt":{"rendered":"<p>Por Roberto Jona Con respecto a la inauguraci\u00f3n del Beit Hakneset de Alejandr\u00eda (Piemonte, Italia), quiero compartir un acontecimiento que me cont\u00f3 personalmente Peppino Vitale. Cabe empezar diciendo que Vitale era el mayor representante de la peque\u00f1a comunidad jud\u00eda de la regi\u00f3n italiana Piemonte, muy famoso y bien recibido sobretodo en la ciudad de Alejandr\u00eda.&hellip; <a class=\"more\" rel=\"bookmark\" href=\"https:\/\/moked.it\/international\/2022\/11\/14\/la-ensenanza-de-valentia-de-peppino-vitale\/\">leggi&nbsp;<i class=\"fa fa-chevron-circle-right\"><\/i><\/a><\/p>\n","protected":false},"author":4563,"featured_media":0,"menu_order":1,"comment_status":"closed","ping_status":"open","sticky":false,"template":"","format":"standard","meta":{"footnotes":""},"categories":[7602],"tags":[],"position":[],"class_list":["post-8390","post","type-post","status-publish","format-standard","hentry","category-senza-categoria"],"yoast_head":"<!-- This site is optimized with the Yoast SEO plugin v26.0 - https:\/\/yoast.com\/wordpress\/plugins\/seo\/ -->\n<title>La ense\u00f1anza de valent\u00eda de Peppino Vitale - Pagine Ebraiche International<\/title>\n<meta name=\"robots\" content=\"index, follow, max-snippet:-1, max-image-preview:large, max-video-preview:-1\" \/>\n<link rel=\"canonical\" href=\"https:\/\/moked.it\/international\/2022\/11\/14\/la-ensenanza-de-valentia-de-peppino-vitale\/\" \/>\n<meta property=\"og:locale\" content=\"en_US\" \/>\n<meta property=\"og:type\" content=\"article\" \/>\n<meta property=\"og:title\" content=\"La ense\u00f1anza de valent\u00eda de Peppino Vitale - Pagine Ebraiche International\" \/>\n<meta property=\"og:description\" content=\"Por Roberto Jona Con respecto a la inauguraci\u00f3n del Beit Hakneset de Alejandr\u00eda (Piemonte, Italia), quiero compartir un acontecimiento que me cont\u00f3 personalmente Peppino Vitale. Cabe empezar diciendo que Vitale era el mayor representante de la peque\u00f1a comunidad jud\u00eda de la regi\u00f3n italiana Piemonte, muy famoso y bien recibido sobretodo en la ciudad de Alejandr\u00eda.&hellip; leggi&nbsp;\" \/>\n<meta property=\"og:url\" content=\"https:\/\/moked.it\/international\/2022\/11\/14\/la-ensenanza-de-valentia-de-peppino-vitale\/\" \/>\n<meta property=\"og:site_name\" content=\"Pagine Ebraiche International\" \/>\n<meta property=\"article:published_time\" content=\"2022-11-14T17:31:46+00:00\" \/>\n<meta property=\"article:modified_time\" content=\"2022-12-20T14:47:15+00:00\" \/>\n<meta property=\"og:image\" content=\"http:\/\/moked.it\/international\/files\/2021\/11\/Roberto-Jona.png\" \/>\n<meta name=\"author\" content=\"International\" \/>\n<meta name=\"twitter:card\" content=\"summary_large_image\" \/>\n<meta name=\"twitter:label1\" content=\"Written by\" \/>\n\t<meta name=\"twitter:data1\" content=\"International\" \/>\n\t<meta name=\"twitter:label2\" content=\"Est. reading time\" \/>\n\t<meta name=\"twitter:data2\" content=\"1 minute\" \/>\n<script type=\"application\/ld+json\" class=\"yoast-schema-graph\">{\"@context\":\"https:\/\/schema.org\",\"@graph\":[{\"@type\":\"WebPage\",\"@id\":\"https:\/\/moked.it\/international\/2022\/11\/14\/la-ensenanza-de-valentia-de-peppino-vitale\/\",\"url\":\"https:\/\/moked.it\/international\/2022\/11\/14\/la-ensenanza-de-valentia-de-peppino-vitale\/\",\"name\":\"La ense\u00f1anza de valent\u00eda de Peppino Vitale - Pagine Ebraiche International\",\"isPartOf\":{\"@id\":\"https:\/\/moked.it\/international\/#website\"},\"primaryImageOfPage\":{\"@id\":\"https:\/\/moked.it\/international\/2022\/11\/14\/la-ensenanza-de-valentia-de-peppino-vitale\/#primaryimage\"},\"image\":{\"@id\":\"https:\/\/moked.it\/international\/2022\/11\/14\/la-ensenanza-de-valentia-de-peppino-vitale\/#primaryimage\"},\"thumbnailUrl\":\"http:\/\/moked.it\/international\/files\/2021\/11\/Roberto-Jona.png\",\"datePublished\":\"2022-11-14T17:31:46+00:00\",\"dateModified\":\"2022-12-20T14:47:15+00:00\",\"author\":{\"@id\":\"https:\/\/moked.it\/international\/#\/schema\/person\/c3bf162332195ecfa0f59a8d77e2d8e0\"},\"breadcrumb\":{\"@id\":\"https:\/\/moked.it\/international\/2022\/11\/14\/la-ensenanza-de-valentia-de-peppino-vitale\/#breadcrumb\"},\"inLanguage\":\"en-US\",\"potentialAction\":[{\"@type\":\"ReadAction\",\"target\":[\"https:\/\/moked.it\/international\/2022\/11\/14\/la-ensenanza-de-valentia-de-peppino-vitale\/\"]}]},{\"@type\":\"ImageObject\",\"inLanguage\":\"en-US\",\"@id\":\"https:\/\/moked.it\/international\/2022\/11\/14\/la-ensenanza-de-valentia-de-peppino-vitale\/#primaryimage\",\"url\":\"https:\/\/moked.it\/international\/files\/2021\/11\/Roberto-Jona.png\",\"contentUrl\":\"https:\/\/moked.it\/international\/files\/2021\/11\/Roberto-Jona.png\",\"width\":200,\"height\":200},{\"@type\":\"BreadcrumbList\",\"@id\":\"https:\/\/moked.it\/international\/2022\/11\/14\/la-ensenanza-de-valentia-de-peppino-vitale\/#breadcrumb\",\"itemListElement\":[{\"@type\":\"ListItem\",\"position\":1,\"name\":\"Home\",\"item\":\"https:\/\/moked.it\/international\/\"},{\"@type\":\"ListItem\",\"position\":2,\"name\":\"La ense\u00f1anza de valent\u00eda de Peppino Vitale\"}]},{\"@type\":\"WebSite\",\"@id\":\"https:\/\/moked.it\/international\/#website\",\"url\":\"https:\/\/moked.it\/international\/\",\"name\":\"Pagine Ebraiche International\",\"description\":\"A Taste of the Italian Jewish World\",\"potentialAction\":[{\"@type\":\"SearchAction\",\"target\":{\"@type\":\"EntryPoint\",\"urlTemplate\":\"https:\/\/moked.it\/international\/?s={search_term_string}\"},\"query-input\":{\"@type\":\"PropertyValueSpecification\",\"valueRequired\":true,\"valueName\":\"search_term_string\"}}],\"inLanguage\":\"en-US\"},{\"@type\":\"Person\",\"@id\":\"https:\/\/moked.it\/international\/#\/schema\/person\/c3bf162332195ecfa0f59a8d77e2d8e0\",\"name\":\"International\",\"image\":{\"@type\":\"ImageObject\",\"inLanguage\":\"en-US\",\"@id\":\"https:\/\/moked.it\/international\/#\/schema\/person\/image\/\",\"url\":\"https:\/\/secure.gravatar.com\/avatar\/fcc45e46827a23a18a55ed177c93c0128a33d90bcebafd45d3f1f9b8cac46b22?s=96&d=mm&r=g\",\"contentUrl\":\"https:\/\/secure.gravatar.com\/avatar\/fcc45e46827a23a18a55ed177c93c0128a33d90bcebafd45d3f1f9b8cac46b22?s=96&d=mm&r=g\",\"caption\":\"International\"},\"url\":\"https:\/\/moked.it\/international\/author\/danielagross\/\"}]}<\/script>\n<!-- \/ Yoast SEO plugin. -->","yoast_head_json":{"title":"La ense\u00f1anza de valent\u00eda de Peppino Vitale - Pagine Ebraiche International","robots":{"index":"index","follow":"follow","max-snippet":"max-snippet:-1","max-image-preview":"max-image-preview:large","max-video-preview":"max-video-preview:-1"},"canonical":"https:\/\/moked.it\/international\/2022\/11\/14\/la-ensenanza-de-valentia-de-peppino-vitale\/","og_locale":"en_US","og_type":"article","og_title":"La ense\u00f1anza de valent\u00eda de Peppino Vitale - Pagine Ebraiche International","og_description":"Por Roberto Jona Con respecto a la inauguraci\u00f3n del Beit Hakneset de Alejandr\u00eda (Piemonte, Italia), quiero compartir un acontecimiento que me cont\u00f3 personalmente Peppino Vitale. Cabe empezar diciendo que Vitale era el mayor representante de la peque\u00f1a comunidad jud\u00eda de la regi\u00f3n italiana Piemonte, muy famoso y bien recibido sobretodo en la ciudad de Alejandr\u00eda.&hellip; leggi&nbsp;","og_url":"https:\/\/moked.it\/international\/2022\/11\/14\/la-ensenanza-de-valentia-de-peppino-vitale\/","og_site_name":"Pagine Ebraiche International","article_published_time":"2022-11-14T17:31:46+00:00","article_modified_time":"2022-12-20T14:47:15+00:00","og_image":[{"url":"http:\/\/moked.it\/international\/files\/2021\/11\/Roberto-Jona.png","type":"","width":"","height":""}],"author":"International","twitter_card":"summary_large_image","twitter_misc":{"Written by":"International","Est. reading time":"1 minute"},"schema":{"@context":"https:\/\/schema.org","@graph":[{"@type":"WebPage","@id":"https:\/\/moked.it\/international\/2022\/11\/14\/la-ensenanza-de-valentia-de-peppino-vitale\/","url":"https:\/\/moked.it\/international\/2022\/11\/14\/la-ensenanza-de-valentia-de-peppino-vitale\/","name":"La ense\u00f1anza de valent\u00eda de Peppino Vitale - Pagine Ebraiche International","isPartOf":{"@id":"https:\/\/moked.it\/international\/#website"},"primaryImageOfPage":{"@id":"https:\/\/moked.it\/international\/2022\/11\/14\/la-ensenanza-de-valentia-de-peppino-vitale\/#primaryimage"},"image":{"@id":"https:\/\/moked.it\/international\/2022\/11\/14\/la-ensenanza-de-valentia-de-peppino-vitale\/#primaryimage"},"thumbnailUrl":"http:\/\/moked.it\/international\/files\/2021\/11\/Roberto-Jona.png","datePublished":"2022-11-14T17:31:46+00:00","dateModified":"2022-12-20T14:47:15+00:00","author":{"@id":"https:\/\/moked.it\/international\/#\/schema\/person\/c3bf162332195ecfa0f59a8d77e2d8e0"},"breadcrumb":{"@id":"https:\/\/moked.it\/international\/2022\/11\/14\/la-ensenanza-de-valentia-de-peppino-vitale\/#breadcrumb"},"inLanguage":"en-US","potentialAction":[{"@type":"ReadAction","target":["https:\/\/moked.it\/international\/2022\/11\/14\/la-ensenanza-de-valentia-de-peppino-vitale\/"]}]},{"@type":"ImageObject","inLanguage":"en-US","@id":"https:\/\/moked.it\/international\/2022\/11\/14\/la-ensenanza-de-valentia-de-peppino-vitale\/#primaryimage","url":"https:\/\/moked.it\/international\/files\/2021\/11\/Roberto-Jona.png","contentUrl":"https:\/\/moked.it\/international\/files\/2021\/11\/Roberto-Jona.png","width":200,"height":200},{"@type":"BreadcrumbList","@id":"https:\/\/moked.it\/international\/2022\/11\/14\/la-ensenanza-de-valentia-de-peppino-vitale\/#breadcrumb","itemListElement":[{"@type":"ListItem","position":1,"name":"Home","item":"https:\/\/moked.it\/international\/"},{"@type":"ListItem","position":2,"name":"La ense\u00f1anza de valent\u00eda de Peppino Vitale"}]},{"@type":"WebSite","@id":"https:\/\/moked.it\/international\/#website","url":"https:\/\/moked.it\/international\/","name":"Pagine Ebraiche International","description":"A Taste of the Italian Jewish World","potentialAction":[{"@type":"SearchAction","target":{"@type":"EntryPoint","urlTemplate":"https:\/\/moked.it\/international\/?s={search_term_string}"},"query-input":{"@type":"PropertyValueSpecification","valueRequired":true,"valueName":"search_term_string"}}],"inLanguage":"en-US"},{"@type":"Person","@id":"https:\/\/moked.it\/international\/#\/schema\/person\/c3bf162332195ecfa0f59a8d77e2d8e0","name":"International","image":{"@type":"ImageObject","inLanguage":"en-US","@id":"https:\/\/moked.it\/international\/#\/schema\/person\/image\/","url":"https:\/\/secure.gravatar.com\/avatar\/fcc45e46827a23a18a55ed177c93c0128a33d90bcebafd45d3f1f9b8cac46b22?s=96&d=mm&r=g","contentUrl":"https:\/\/secure.gravatar.com\/avatar\/fcc45e46827a23a18a55ed177c93c0128a33d90bcebafd45d3f1f9b8cac46b22?s=96&d=mm&r=g","caption":"International"},"url":"https:\/\/moked.it\/international\/author\/danielagross\/"}]}},"_links":{"self":[{"href":"https:\/\/moked.it\/international\/wp-json\/wp\/v2\/posts\/8390","targetHints":{"allow":["GET"]}}],"collection":[{"href":"https:\/\/moked.it\/international\/wp-json\/wp\/v2\/posts"}],"about":[{"href":"https:\/\/moked.it\/international\/wp-json\/wp\/v2\/types\/post"}],"author":[{"embeddable":true,"href":"https:\/\/moked.it\/international\/wp-json\/wp\/v2\/users\/4563"}],"replies":[{"embeddable":true,"href":"https:\/\/moked.it\/international\/wp-json\/wp\/v2\/comments?post=8390"}],"version-history":[{"count":1,"href":"https:\/\/moked.it\/international\/wp-json\/wp\/v2\/posts\/8390\/revisions"}],"predecessor-version":[{"id":8391,"href":"https:\/\/moked.it\/international\/wp-json\/wp\/v2\/posts\/8390\/revisions\/8391"}],"wp:attachment":[{"href":"https:\/\/moked.it\/international\/wp-json\/wp\/v2\/media?parent=8390"}],"wp:term":[{"taxonomy":"category","embeddable":true,"href":"https:\/\/moked.it\/international\/wp-json\/wp\/v2\/categories?post=8390"},{"taxonomy":"post_tag","embeddable":true,"href":"https:\/\/moked.it\/international\/wp-json\/wp\/v2\/tags?post=8390"},{"taxonomy":"position","embeddable":true,"href":"https:\/\/moked.it\/international\/wp-json\/wp\/v2\/position?post=8390"}],"curies":[{"name":"wp","href":"https:\/\/api.w.org\/{rel}","templated":true}]}}