{"id":8560,"date":"2023-01-23T18:12:01","date_gmt":"2023-01-23T17:12:01","guid":{"rendered":"https:\/\/moked.it\/international\/?p=8560"},"modified":"2023-01-30T19:19:47","modified_gmt":"2023-01-30T18:19:47","slug":"un-message-de-vie-et-despoir-contre-linstrumentalisation-de-la-shoah","status":"publish","type":"post","link":"https:\/\/moked.it\/international\/2023\/01\/23\/un-message-de-vie-et-despoir-contre-linstrumentalisation-de-la-shoah\/","title":{"rendered":"&#8220;Un message de vie et d\u2019espoir, contre l&#8217;instrumentalisation de la Shoah&#8221;"},"content":{"rendered":"<p>Le Concert de la M\u00e9moire, avec l&#8217;avant-premi\u00e8re du film documentaire &#8220;Il respiro di Shlomo&#8221; (Le souffle de Shlomo) au Th\u00e9\u00e2tre de l&#8217;Op\u00e9ra de Rome (23 janvier); la sixi\u00e8me \u00e9dition de la Run for Mem qui aura lieu cette ann\u00e9e \u00e0 Milan (29 janvier); la dixi\u00e8me \u00e9dition de l\u2019exposition &#8220;1938-1945. La persecuzione degli ebrei in Italia. Documenti per una storia&#8221; (1938-1945. La pers\u00e9cution des Juifs en Italie. Des documents pour une histoire) \u00e0 Trieste (24 janvier); l\u2019exposition titr\u00e9 provisoirement &#8220;I campi della morte: Belzec, Sobibor, Treblinka&#8221; (Les camps de la mort: Belzec, Sobibor, Treblinka) qui sera inaugur\u00e9 \u00e0 la Fondation Mus\u00e9e de la Shoah de Rome (26 janvier); l&#8217;onzi\u00e8me \u00e9dition de l&#8217;exposition biennale d\u2019art contemporaine &#8220;Arte in Memoria&#8221; organis\u00e9e dans le site de l\u2019ancienne synagogue d\u2019Ostia (29 janvier). Voici les cinq \u00e9v\u00e9nements pour la Journ\u00e9e de la M\u00e9moire sous le patronage de la Pr\u00e9sidence du Conseil des Ministres italien pr\u00e9sent\u00e9s par le sous-secr\u00e9taire Alfredo Mantovano et la pr\u00e9sidente UCEI Noemi Di Segni pendant une conf\u00e9rence de presse organis\u00e9e par le gouvernement italien.<br \/>\n&#8220;Il s\u2019agit de th\u00e8mes relatifs \u00e0 la morale et aux valeurs&#8221; qui concernent la soci\u00e9t\u00e9 enti\u00e8re, a remarqu\u00e9 la pr\u00e9sidente Di Segni au d\u00e9but de son intervention. &#8220;Les d\u00e9clarations du gouvernement vont dans le m\u00eame sens de ce que nous souhaitons souligner dans la Journ\u00e9e de la M\u00e9moire cette ann\u00e9e : le d\u00e9fi est d\u2019aborder des th\u00e8mes comme celui de l&#8217;instrumentalisation et de la banalisation de la Shoah&#8221;. La Shoah, a aussi rappel\u00e9 Di Segni, &#8220;n\u2019est pas une question qui int\u00e9resse seulement le monde Juif, mais un th\u00e8me qui concerne le fascisme et l\u2019histoire italienne, et \u00e0 ce sujet il y a encore du travail \u00e0 faire&#8221;.<br \/>\nDans ce sens, a-t-elle ajout\u00e9, l\u2019Italie &#8220;repr\u00e9sente une excellence du point de vue de l\u2019attention institutionnelle&#8221;.  En s&#8217;arr\u00eatant sur le programme pr\u00e9sent\u00e9 \u00e0 la presse, Di Segni a ensuite soulign\u00e9 la sp\u00e9cificit\u00e9 d\u2019un \u00e9v\u00e9nement comme la Run for Mem: &#8220;L\u2019id\u00e9e, a-t-elle dit, est de cr\u00e9er un moment ouvert \u00e0 tout le monde, pour envoyer un message de vie et d\u2019espoir&#8221;.<br \/>\nEn ouverture de la conf\u00e9rence de presse, quelques r\u00e9flexions du sous-secr\u00e9taire Mantovano condamnant les mots du ministre des affaires \u00e9trang\u00e8res russe Lavrov, selon lequel les \u00c9tats-Unis et leurs alli\u00e9s voudraient entreprendre une &#8220;solution finale&#8221; contre Moscou. &#8220;De telles analogies n\u2019ont aucun sens et nous rappellent qu\u2019il faut avoir un sens de la mesure&#8221;, a d\u00e9clar\u00e9 le sous-secr\u00e9taire.<br \/>\n&#8220;La Journ\u00e9e de la M\u00e9moire, a-t-il continu\u00e9, sert \u00e0 emp\u00eacher une lecture erron\u00e9e de la Shoah, \u00e0 la cadrer, \u00e0 mettre en \u00e9vidence ses sp\u00e9cificit\u00e9s&#8221;. D&#8217;apr\u00e8s Mantovano, il y aurait un risque important d&#8217;indiff\u00e9rence, &#8220;notamment parmi les jeunes : il faut \u00e9galement faire un effort pour communiquer avec une langue plus proche d\u2019eux&#8221;. En ce qui concerne la lutte \u00e0 l&#8217;antis\u00e9mitisme, le sous-secr\u00e9taire a parl\u00e9 de &#8220;attention tr\u00e8s concr\u00e8te de la part du gouvernement&#8221;, aussi par l\u2019engagement \u00e0 surveiller &#8220;le cyberespace et les r\u00e9seaux sociaux&#8221;.<\/p>\n<p><em>Traduction de Margherita Francese, r\u00e9vis\u00e9e par- Erika Centazzo, \u00e9tudiantes \u00e0 l\u2019\u00c9cole Sup\u00e9rieure de Langues Modernes pour les Interpr\u00e8tes et les Traducteurs de l\u2019Universit\u00e9 de Trieste, stagiaires dans le bureau du journal de l\u2019Union des communaut\u00e9s juives italiennes \u2013 Pagine Ebraiche.<\/em><\/p>\n","protected":false},"excerpt":{"rendered":"<p>Le Concert de la M\u00e9moire, avec l&#8217;avant-premi\u00e8re du film documentaire &#8220;Il respiro di Shlomo&#8221; (Le souffle de Shlomo) au Th\u00e9\u00e2tre de l&#8217;Op\u00e9ra de Rome (23 janvier); la sixi\u00e8me \u00e9dition de la Run for Mem qui aura lieu cette ann\u00e9e \u00e0 Milan (29 janvier); la dixi\u00e8me \u00e9dition de l\u2019exposition &#8220;1938-1945. La persecuzione degli ebrei in Italia.&hellip; <a class=\"more\" rel=\"bookmark\" href=\"https:\/\/moked.it\/international\/2023\/01\/23\/un-message-de-vie-et-despoir-contre-linstrumentalisation-de-la-shoah\/\">leggi&nbsp;<i class=\"fa fa-chevron-circle-right\"><\/i><\/a><\/p>\n","protected":false},"author":4563,"featured_media":8561,"menu_order":8,"comment_status":"closed","ping_status":"open","sticky":false,"template":"","format":"standard","meta":{"footnotes":""},"categories":[7607,61],"tags":[],"position":[],"class_list":["post-8560","post","type-post","status-publish","format-standard","has-post-thumbnail","hentry","category-events","category-news"],"yoast_head":"<!-- This site is optimized with the Yoast SEO plugin v26.0 - https:\/\/yoast.com\/wordpress\/plugins\/seo\/ -->\n<title>&quot;Un message de vie et d\u2019espoir, contre l&#039;instrumentalisation de la Shoah&quot; - Pagine Ebraiche International<\/title>\n<meta name=\"robots\" content=\"index, follow, max-snippet:-1, max-image-preview:large, max-video-preview:-1\" \/>\n<link rel=\"canonical\" href=\"https:\/\/moked.it\/international\/2023\/01\/23\/un-message-de-vie-et-despoir-contre-linstrumentalisation-de-la-shoah\/\" \/>\n<meta property=\"og:locale\" content=\"en_US\" \/>\n<meta property=\"og:type\" content=\"article\" \/>\n<meta property=\"og:title\" content=\"&quot;Un message de vie et d\u2019espoir, contre l&#039;instrumentalisation de la Shoah&quot; - Pagine Ebraiche International\" \/>\n<meta property=\"og:description\" content=\"Le Concert de la M\u00e9moire, avec l&#8217;avant-premi\u00e8re du film documentaire &#8220;Il respiro di Shlomo&#8221; (Le souffle de Shlomo) au Th\u00e9\u00e2tre de l&#8217;Op\u00e9ra de Rome (23 janvier); la sixi\u00e8me \u00e9dition de la Run for Mem qui aura lieu cette ann\u00e9e \u00e0 Milan (29 janvier); la dixi\u00e8me \u00e9dition de l\u2019exposition &#8220;1938-1945. La persecuzione degli ebrei in Italia.&hellip; leggi&nbsp;\" \/>\n<meta property=\"og:url\" content=\"https:\/\/moked.it\/international\/2023\/01\/23\/un-message-de-vie-et-despoir-contre-linstrumentalisation-de-la-shoah\/\" \/>\n<meta property=\"og:site_name\" content=\"Pagine Ebraiche International\" \/>\n<meta property=\"article:published_time\" content=\"2023-01-23T17:12:01+00:00\" \/>\n<meta property=\"article:modified_time\" content=\"2023-01-30T18:19:47+00:00\" \/>\n<meta property=\"og:image\" content=\"https:\/\/moked.it\/international\/files\/2023\/01\/Press-Conference-Giorno-Memoria-2023.png\" \/>\n\t<meta property=\"og:image:width\" content=\"705\" \/>\n\t<meta property=\"og:image:height\" content=\"571\" \/>\n\t<meta property=\"og:image:type\" content=\"image\/png\" \/>\n<meta name=\"author\" content=\"International\" \/>\n<meta name=\"twitter:card\" content=\"summary_large_image\" \/>\n<meta name=\"twitter:label1\" content=\"Written by\" \/>\n\t<meta name=\"twitter:data1\" content=\"International\" \/>\n\t<meta name=\"twitter:label2\" content=\"Est. reading time\" \/>\n\t<meta name=\"twitter:data2\" content=\"3 minutes\" \/>\n<script type=\"application\/ld+json\" class=\"yoast-schema-graph\">{\"@context\":\"https:\/\/schema.org\",\"@graph\":[{\"@type\":\"WebPage\",\"@id\":\"https:\/\/moked.it\/international\/2023\/01\/23\/un-message-de-vie-et-despoir-contre-linstrumentalisation-de-la-shoah\/\",\"url\":\"https:\/\/moked.it\/international\/2023\/01\/23\/un-message-de-vie-et-despoir-contre-linstrumentalisation-de-la-shoah\/\",\"name\":\"\\\"Un message de vie et d\u2019espoir, contre l'instrumentalisation de la Shoah\\\" - Pagine Ebraiche International\",\"isPartOf\":{\"@id\":\"https:\/\/moked.it\/international\/#website\"},\"primaryImageOfPage\":{\"@id\":\"https:\/\/moked.it\/international\/2023\/01\/23\/un-message-de-vie-et-despoir-contre-linstrumentalisation-de-la-shoah\/#primaryimage\"},\"image\":{\"@id\":\"https:\/\/moked.it\/international\/2023\/01\/23\/un-message-de-vie-et-despoir-contre-linstrumentalisation-de-la-shoah\/#primaryimage\"},\"thumbnailUrl\":\"https:\/\/moked.it\/international\/files\/2023\/01\/Press-Conference-Giorno-Memoria-2023.png\",\"datePublished\":\"2023-01-23T17:12:01+00:00\",\"dateModified\":\"2023-01-30T18:19:47+00:00\",\"author\":{\"@id\":\"https:\/\/moked.it\/international\/#\/schema\/person\/c3bf162332195ecfa0f59a8d77e2d8e0\"},\"breadcrumb\":{\"@id\":\"https:\/\/moked.it\/international\/2023\/01\/23\/un-message-de-vie-et-despoir-contre-linstrumentalisation-de-la-shoah\/#breadcrumb\"},\"inLanguage\":\"en-US\",\"potentialAction\":[{\"@type\":\"ReadAction\",\"target\":[\"https:\/\/moked.it\/international\/2023\/01\/23\/un-message-de-vie-et-despoir-contre-linstrumentalisation-de-la-shoah\/\"]}]},{\"@type\":\"ImageObject\",\"inLanguage\":\"en-US\",\"@id\":\"https:\/\/moked.it\/international\/2023\/01\/23\/un-message-de-vie-et-despoir-contre-linstrumentalisation-de-la-shoah\/#primaryimage\",\"url\":\"https:\/\/moked.it\/international\/files\/2023\/01\/Press-Conference-Giorno-Memoria-2023.png\",\"contentUrl\":\"https:\/\/moked.it\/international\/files\/2023\/01\/Press-Conference-Giorno-Memoria-2023.png\",\"width\":705,\"height\":571},{\"@type\":\"BreadcrumbList\",\"@id\":\"https:\/\/moked.it\/international\/2023\/01\/23\/un-message-de-vie-et-despoir-contre-linstrumentalisation-de-la-shoah\/#breadcrumb\",\"itemListElement\":[{\"@type\":\"ListItem\",\"position\":1,\"name\":\"Home\",\"item\":\"https:\/\/moked.it\/international\/\"},{\"@type\":\"ListItem\",\"position\":2,\"name\":\"&#8220;Un message de vie et d\u2019espoir, contre l&#8217;instrumentalisation de la Shoah&#8221;\"}]},{\"@type\":\"WebSite\",\"@id\":\"https:\/\/moked.it\/international\/#website\",\"url\":\"https:\/\/moked.it\/international\/\",\"name\":\"Pagine Ebraiche International\",\"description\":\"A Taste of the Italian Jewish World\",\"potentialAction\":[{\"@type\":\"SearchAction\",\"target\":{\"@type\":\"EntryPoint\",\"urlTemplate\":\"https:\/\/moked.it\/international\/?s={search_term_string}\"},\"query-input\":{\"@type\":\"PropertyValueSpecification\",\"valueRequired\":true,\"valueName\":\"search_term_string\"}}],\"inLanguage\":\"en-US\"},{\"@type\":\"Person\",\"@id\":\"https:\/\/moked.it\/international\/#\/schema\/person\/c3bf162332195ecfa0f59a8d77e2d8e0\",\"name\":\"International\",\"image\":{\"@type\":\"ImageObject\",\"inLanguage\":\"en-US\",\"@id\":\"https:\/\/moked.it\/international\/#\/schema\/person\/image\/\",\"url\":\"https:\/\/secure.gravatar.com\/avatar\/fcc45e46827a23a18a55ed177c93c0128a33d90bcebafd45d3f1f9b8cac46b22?s=96&d=mm&r=g\",\"contentUrl\":\"https:\/\/secure.gravatar.com\/avatar\/fcc45e46827a23a18a55ed177c93c0128a33d90bcebafd45d3f1f9b8cac46b22?s=96&d=mm&r=g\",\"caption\":\"International\"},\"url\":\"https:\/\/moked.it\/international\/author\/danielagross\/\"}]}<\/script>\n<!-- \/ Yoast SEO plugin. -->","yoast_head_json":{"title":"\"Un message de vie et d\u2019espoir, contre l'instrumentalisation de la Shoah\" - Pagine Ebraiche International","robots":{"index":"index","follow":"follow","max-snippet":"max-snippet:-1","max-image-preview":"max-image-preview:large","max-video-preview":"max-video-preview:-1"},"canonical":"https:\/\/moked.it\/international\/2023\/01\/23\/un-message-de-vie-et-despoir-contre-linstrumentalisation-de-la-shoah\/","og_locale":"en_US","og_type":"article","og_title":"\"Un message de vie et d\u2019espoir, contre l'instrumentalisation de la Shoah\" - Pagine Ebraiche International","og_description":"Le Concert de la M\u00e9moire, avec l&#8217;avant-premi\u00e8re du film documentaire &#8220;Il respiro di Shlomo&#8221; (Le souffle de Shlomo) au Th\u00e9\u00e2tre de l&#8217;Op\u00e9ra de Rome (23 janvier); la sixi\u00e8me \u00e9dition de la Run for Mem qui aura lieu cette ann\u00e9e \u00e0 Milan (29 janvier); la dixi\u00e8me \u00e9dition de l\u2019exposition &#8220;1938-1945. La persecuzione degli ebrei in Italia.&hellip; leggi&nbsp;","og_url":"https:\/\/moked.it\/international\/2023\/01\/23\/un-message-de-vie-et-despoir-contre-linstrumentalisation-de-la-shoah\/","og_site_name":"Pagine Ebraiche International","article_published_time":"2023-01-23T17:12:01+00:00","article_modified_time":"2023-01-30T18:19:47+00:00","og_image":[{"width":705,"height":571,"url":"https:\/\/moked.it\/international\/files\/2023\/01\/Press-Conference-Giorno-Memoria-2023.png","type":"image\/png"}],"author":"International","twitter_card":"summary_large_image","twitter_misc":{"Written by":"International","Est. reading time":"3 minutes"},"schema":{"@context":"https:\/\/schema.org","@graph":[{"@type":"WebPage","@id":"https:\/\/moked.it\/international\/2023\/01\/23\/un-message-de-vie-et-despoir-contre-linstrumentalisation-de-la-shoah\/","url":"https:\/\/moked.it\/international\/2023\/01\/23\/un-message-de-vie-et-despoir-contre-linstrumentalisation-de-la-shoah\/","name":"\"Un message de vie et d\u2019espoir, contre l'instrumentalisation de la Shoah\" - Pagine Ebraiche International","isPartOf":{"@id":"https:\/\/moked.it\/international\/#website"},"primaryImageOfPage":{"@id":"https:\/\/moked.it\/international\/2023\/01\/23\/un-message-de-vie-et-despoir-contre-linstrumentalisation-de-la-shoah\/#primaryimage"},"image":{"@id":"https:\/\/moked.it\/international\/2023\/01\/23\/un-message-de-vie-et-despoir-contre-linstrumentalisation-de-la-shoah\/#primaryimage"},"thumbnailUrl":"https:\/\/moked.it\/international\/files\/2023\/01\/Press-Conference-Giorno-Memoria-2023.png","datePublished":"2023-01-23T17:12:01+00:00","dateModified":"2023-01-30T18:19:47+00:00","author":{"@id":"https:\/\/moked.it\/international\/#\/schema\/person\/c3bf162332195ecfa0f59a8d77e2d8e0"},"breadcrumb":{"@id":"https:\/\/moked.it\/international\/2023\/01\/23\/un-message-de-vie-et-despoir-contre-linstrumentalisation-de-la-shoah\/#breadcrumb"},"inLanguage":"en-US","potentialAction":[{"@type":"ReadAction","target":["https:\/\/moked.it\/international\/2023\/01\/23\/un-message-de-vie-et-despoir-contre-linstrumentalisation-de-la-shoah\/"]}]},{"@type":"ImageObject","inLanguage":"en-US","@id":"https:\/\/moked.it\/international\/2023\/01\/23\/un-message-de-vie-et-despoir-contre-linstrumentalisation-de-la-shoah\/#primaryimage","url":"https:\/\/moked.it\/international\/files\/2023\/01\/Press-Conference-Giorno-Memoria-2023.png","contentUrl":"https:\/\/moked.it\/international\/files\/2023\/01\/Press-Conference-Giorno-Memoria-2023.png","width":705,"height":571},{"@type":"BreadcrumbList","@id":"https:\/\/moked.it\/international\/2023\/01\/23\/un-message-de-vie-et-despoir-contre-linstrumentalisation-de-la-shoah\/#breadcrumb","itemListElement":[{"@type":"ListItem","position":1,"name":"Home","item":"https:\/\/moked.it\/international\/"},{"@type":"ListItem","position":2,"name":"&#8220;Un message de vie et d\u2019espoir, contre l&#8217;instrumentalisation de la Shoah&#8221;"}]},{"@type":"WebSite","@id":"https:\/\/moked.it\/international\/#website","url":"https:\/\/moked.it\/international\/","name":"Pagine Ebraiche International","description":"A Taste of the Italian Jewish World","potentialAction":[{"@type":"SearchAction","target":{"@type":"EntryPoint","urlTemplate":"https:\/\/moked.it\/international\/?s={search_term_string}"},"query-input":{"@type":"PropertyValueSpecification","valueRequired":true,"valueName":"search_term_string"}}],"inLanguage":"en-US"},{"@type":"Person","@id":"https:\/\/moked.it\/international\/#\/schema\/person\/c3bf162332195ecfa0f59a8d77e2d8e0","name":"International","image":{"@type":"ImageObject","inLanguage":"en-US","@id":"https:\/\/moked.it\/international\/#\/schema\/person\/image\/","url":"https:\/\/secure.gravatar.com\/avatar\/fcc45e46827a23a18a55ed177c93c0128a33d90bcebafd45d3f1f9b8cac46b22?s=96&d=mm&r=g","contentUrl":"https:\/\/secure.gravatar.com\/avatar\/fcc45e46827a23a18a55ed177c93c0128a33d90bcebafd45d3f1f9b8cac46b22?s=96&d=mm&r=g","caption":"International"},"url":"https:\/\/moked.it\/international\/author\/danielagross\/"}]}},"_links":{"self":[{"href":"https:\/\/moked.it\/international\/wp-json\/wp\/v2\/posts\/8560","targetHints":{"allow":["GET"]}}],"collection":[{"href":"https:\/\/moked.it\/international\/wp-json\/wp\/v2\/posts"}],"about":[{"href":"https:\/\/moked.it\/international\/wp-json\/wp\/v2\/types\/post"}],"author":[{"embeddable":true,"href":"https:\/\/moked.it\/international\/wp-json\/wp\/v2\/users\/4563"}],"replies":[{"embeddable":true,"href":"https:\/\/moked.it\/international\/wp-json\/wp\/v2\/comments?post=8560"}],"version-history":[{"count":1,"href":"https:\/\/moked.it\/international\/wp-json\/wp\/v2\/posts\/8560\/revisions"}],"predecessor-version":[{"id":8562,"href":"https:\/\/moked.it\/international\/wp-json\/wp\/v2\/posts\/8560\/revisions\/8562"}],"wp:featuredmedia":[{"embeddable":true,"href":"https:\/\/moked.it\/international\/wp-json\/wp\/v2\/media\/8561"}],"wp:attachment":[{"href":"https:\/\/moked.it\/international\/wp-json\/wp\/v2\/media?parent=8560"}],"wp:term":[{"taxonomy":"category","embeddable":true,"href":"https:\/\/moked.it\/international\/wp-json\/wp\/v2\/categories?post=8560"},{"taxonomy":"post_tag","embeddable":true,"href":"https:\/\/moked.it\/international\/wp-json\/wp\/v2\/tags?post=8560"},{"taxonomy":"position","embeddable":true,"href":"https:\/\/moked.it\/international\/wp-json\/wp\/v2\/position?post=8560"}],"curies":[{"name":"wp","href":"https:\/\/api.w.org\/{rel}","templated":true}]}}