{"id":8567,"date":"2023-01-23T18:16:27","date_gmt":"2023-01-23T17:16:27","guid":{"rendered":"https:\/\/moked.it\/international\/?p=8567"},"modified":"2023-02-06T16:50:12","modified_gmt":"2023-02-06T15:50:12","slug":"les-lois-raciales-et-la-communaute-scientifique-un-nouvel-effort-pour-une-recherche-partagee","status":"publish","type":"post","link":"https:\/\/moked.it\/international\/2023\/01\/23\/les-lois-raciales-et-la-communaute-scientifique-un-nouvel-effort-pour-une-recherche-partagee\/","title":{"rendered":"Les lois raciales et la communaut\u00e9 scientifique, un nouvel effort pour une recherche partag\u00e9e"},"content":{"rendered":"<p>Une collaboration toujours plus \u00e9troite qui favorise la &#8220;collecte&#8221; et &#8220;diss\u00e9mination&#8221; du mat\u00e9riel concernant l&#8217;impact des lois raciales sur la communaut\u00e9 scientifique et acad\u00e9mique italienne. C&#8217;est le sens donn\u00e9 \u00e0 l&#8217;accord sign\u00e9 aujourd&#8217;hui entre l&#8217;Institut National de G\u00e9ophysique et de Volcanologie, le Conseil National de la Recherche, l&#8217;Acad\u00e9mie des Lync\u00e9ens, l&#8217;Institut National d&#8217;Analyse des Politiques Publiques avec l&#8217;Union des Communaut\u00e9s Juives Italiennes et la Communaut\u00e9 Juive de Rome.<br \/>\nUn an apr\u00e8s la naissance de la plateforme web <a href=\"https:\/\/www.ingv.it\/it\/paginadellamemoria\">&#8220;Pagina della Memoria&#8221;<\/a>, c&#8217;est un nouvel effort conjoint qui aura parmi ses buts la r\u00e9alisation de recherches documentaires, historiques et bibliographiques, ainsi que des \u00e9v\u00e9nements culturels, d&#8217;\u00e9tude et de diffusion. L&#8217;accord a \u00e9t\u00e9 sign\u00e9 dans les bureaux de la communaut\u00e9 juive de Rome par les pr\u00e9sidents et repr\u00e9sentants des institutions susmentionn\u00e9es Roberto Antonelli, Maria Chiara Carrozza, Carlo Doglioni, Ruth Dureghello, Saul Meghnagi et Daniela Pavoncello&#8221;. Le point essentiel de ce projet est la construction d&#8217;une voie de recherche commune et partag\u00e9e, capable d&#8217;unir les institutions de recherche et celles juives pour collecter et diffuser les t\u00e9moignages et les documents relatifs \u00e0 l&#8217;application des &#8220;lois raciales&#8221; aupr\u00e8s les contextes institutionnels li\u00e9s \u00e0 l&#8217;enseignement sup\u00e9rieur, \u00e0 la recherche et \u00e0 la culture&#8221; explique Aldo Winkler, cr\u00e9ateur de l&#8217;Institut National de G\u00e9ophysique et de Volcanologie.<br \/>\nDans ce sens, il ajoute, &#8220;c&#8217;est important de rechercher et valoriser le mat\u00e9riel documentaire concernant les nombreuses femmes dont la participation aux \u00e9tudes et \u00e0 la vie acad\u00e9mique dans la soci\u00e9t\u00e9 juive \u00e9tait tout \u00e0 fait d&#8217;avant-garde sur son temps, aussi que le mat\u00e9riel trouv\u00e9 dans les archives institutionnelles, personnelles et familiales m\u00eame de ceux qui, s&#8217;ils le pouvaient, ont fui \u00e0 l&#8217;\u00e9tranger&#8221;.<br \/>\nSur la m\u00eame page, le pr\u00e9sident Doglioni a affirm\u00e9 : &#8220;La m\u00e9moire des \u00e9v\u00e9nements est \u00e0 la base d&#8217;une soci\u00e9t\u00e9 de la connaissance, tant pour se d\u00e9fendre contre les risques naturels que pour pr\u00e9venir la r\u00e9currence de comportements humains qui franchissent toutes les limites \u00e9thiques : la science italienne a subi les cons\u00e9quences tragiques des lois raciales, et c&#8217;est pourquoi il faut que une telle phase dramatique de notre histoire doit \u00eatre approfondie et transmise&#8221;.<br \/>\nLa pr\u00e9sidente de l&#8217;Union des Communaut\u00e9s Juives Italiennes Noemi Di Segni a d\u00e9di\u00e9 sa reconnaissance aux signataires : &#8220;La m\u00e9moire de ce qui a \u00e9t\u00e9, ainsi que la recherche et l\u2019envisagement rigoureux des faits, est la condition n\u00e9cessaire \u00e0 une meilleure compr\u00e9hension des \u00e9v\u00e9nements&#8221;. En plus, affirme Di Segni, &#8220;la r\u00e9flexion commune des institutions et des chercheurs de formation diff\u00e9rente est une base fondamentale pour identifier les meilleures conditions futures de cohabitation civile et d\u00e9mocratique, dans le domaine de la n\u00f4tre pr\u00e9cieuse constitution&#8221;. <\/p>\n<p><em>Traduction d\u2019Alice Pugliese, r\u00e9vis\u00e9e par Onda Carofiglio, \u00e9tudiantes \u00e0 l\u2019\u00c9cole Sup\u00e9rieure de Langues Modernes pour les Interpr\u00e8tes et les Traducteurs de l\u2019Universit\u00e9 de Trieste, stagiaires dans le bureau du journal de l\u2019Union des communaut\u00e9s juives italiennes \u2013 Pagine Ebraiche.<\/em><\/p>\n","protected":false},"excerpt":{"rendered":"<p>Une collaboration toujours plus \u00e9troite qui favorise la &#8220;collecte&#8221; et &#8220;diss\u00e9mination&#8221; du mat\u00e9riel concernant l&#8217;impact des lois raciales sur la communaut\u00e9 scientifique et acad\u00e9mique italienne. C&#8217;est le sens donn\u00e9 \u00e0 l&#8217;accord sign\u00e9 aujourd&#8217;hui entre l&#8217;Institut National de G\u00e9ophysique et de Volcanologie, le Conseil National de la Recherche, l&#8217;Acad\u00e9mie des Lync\u00e9ens, l&#8217;Institut National d&#8217;Analyse des Politiques&hellip; <a class=\"more\" rel=\"bookmark\" href=\"https:\/\/moked.it\/international\/2023\/01\/23\/les-lois-raciales-et-la-communaute-scientifique-un-nouvel-effort-pour-une-recherche-partagee\/\">leggi&nbsp;<i class=\"fa fa-chevron-circle-right\"><\/i><\/a><\/p>\n","protected":false},"author":4563,"featured_media":8568,"menu_order":1,"comment_status":"closed","ping_status":"open","sticky":false,"template":"","format":"standard","meta":{"footnotes":""},"categories":[9316,61],"tags":[],"position":[],"class_list":["post-8567","post","type-post","status-publish","format-standard","has-post-thumbnail","hentry","category-culture","category-news"],"yoast_head":"<!-- This site is optimized with the Yoast SEO plugin v26.0 - https:\/\/yoast.com\/wordpress\/plugins\/seo\/ -->\n<title>Les lois raciales et la communaut\u00e9 scientifique, un nouvel effort pour une recherche partag\u00e9e - Pagine Ebraiche International<\/title>\n<meta name=\"robots\" content=\"index, follow, max-snippet:-1, max-image-preview:large, max-video-preview:-1\" \/>\n<link rel=\"canonical\" href=\"https:\/\/moked.it\/international\/2023\/01\/23\/les-lois-raciales-et-la-communaute-scientifique-un-nouvel-effort-pour-une-recherche-partagee\/\" \/>\n<meta property=\"og:locale\" content=\"en_US\" \/>\n<meta property=\"og:type\" content=\"article\" \/>\n<meta property=\"og:title\" content=\"Les lois raciales et la communaut\u00e9 scientifique, un nouvel effort pour une recherche partag\u00e9e - Pagine Ebraiche International\" \/>\n<meta property=\"og:description\" content=\"Une collaboration toujours plus \u00e9troite qui favorise la &#8220;collecte&#8221; et &#8220;diss\u00e9mination&#8221; du mat\u00e9riel concernant l&#8217;impact des lois raciales sur la communaut\u00e9 scientifique et acad\u00e9mique italienne. C&#8217;est le sens donn\u00e9 \u00e0 l&#8217;accord sign\u00e9 aujourd&#8217;hui entre l&#8217;Institut National de G\u00e9ophysique et de Volcanologie, le Conseil National de la Recherche, l&#8217;Acad\u00e9mie des Lync\u00e9ens, l&#8217;Institut National d&#8217;Analyse des Politiques&hellip; leggi&nbsp;\" \/>\n<meta property=\"og:url\" content=\"https:\/\/moked.it\/international\/2023\/01\/23\/les-lois-raciales-et-la-communaute-scientifique-un-nouvel-effort-pour-une-recherche-partagee\/\" \/>\n<meta property=\"og:site_name\" content=\"Pagine Ebraiche International\" \/>\n<meta property=\"article:published_time\" content=\"2023-01-23T17:16:27+00:00\" \/>\n<meta property=\"article:modified_time\" content=\"2023-02-06T15:50:12+00:00\" \/>\n<meta property=\"og:image\" content=\"https:\/\/moked.it\/international\/files\/2023\/01\/Firma-Memoria-e-ricerca.png\" \/>\n\t<meta property=\"og:image:width\" content=\"789\" \/>\n\t<meta property=\"og:image:height\" content=\"447\" \/>\n\t<meta property=\"og:image:type\" content=\"image\/png\" \/>\n<meta name=\"author\" content=\"International\" \/>\n<meta name=\"twitter:card\" content=\"summary_large_image\" \/>\n<meta name=\"twitter:label1\" content=\"Written by\" \/>\n\t<meta name=\"twitter:data1\" content=\"International\" \/>\n\t<meta name=\"twitter:label2\" content=\"Est. reading time\" \/>\n\t<meta name=\"twitter:data2\" content=\"3 minutes\" \/>\n<script type=\"application\/ld+json\" class=\"yoast-schema-graph\">{\"@context\":\"https:\/\/schema.org\",\"@graph\":[{\"@type\":\"WebPage\",\"@id\":\"https:\/\/moked.it\/international\/2023\/01\/23\/les-lois-raciales-et-la-communaute-scientifique-un-nouvel-effort-pour-une-recherche-partagee\/\",\"url\":\"https:\/\/moked.it\/international\/2023\/01\/23\/les-lois-raciales-et-la-communaute-scientifique-un-nouvel-effort-pour-une-recherche-partagee\/\",\"name\":\"Les lois raciales et la communaut\u00e9 scientifique, un nouvel effort pour une recherche partag\u00e9e - Pagine Ebraiche International\",\"isPartOf\":{\"@id\":\"https:\/\/moked.it\/international\/#website\"},\"primaryImageOfPage\":{\"@id\":\"https:\/\/moked.it\/international\/2023\/01\/23\/les-lois-raciales-et-la-communaute-scientifique-un-nouvel-effort-pour-une-recherche-partagee\/#primaryimage\"},\"image\":{\"@id\":\"https:\/\/moked.it\/international\/2023\/01\/23\/les-lois-raciales-et-la-communaute-scientifique-un-nouvel-effort-pour-une-recherche-partagee\/#primaryimage\"},\"thumbnailUrl\":\"https:\/\/moked.it\/international\/files\/2023\/01\/Firma-Memoria-e-ricerca.png\",\"datePublished\":\"2023-01-23T17:16:27+00:00\",\"dateModified\":\"2023-02-06T15:50:12+00:00\",\"author\":{\"@id\":\"https:\/\/moked.it\/international\/#\/schema\/person\/c3bf162332195ecfa0f59a8d77e2d8e0\"},\"breadcrumb\":{\"@id\":\"https:\/\/moked.it\/international\/2023\/01\/23\/les-lois-raciales-et-la-communaute-scientifique-un-nouvel-effort-pour-une-recherche-partagee\/#breadcrumb\"},\"inLanguage\":\"en-US\",\"potentialAction\":[{\"@type\":\"ReadAction\",\"target\":[\"https:\/\/moked.it\/international\/2023\/01\/23\/les-lois-raciales-et-la-communaute-scientifique-un-nouvel-effort-pour-une-recherche-partagee\/\"]}]},{\"@type\":\"ImageObject\",\"inLanguage\":\"en-US\",\"@id\":\"https:\/\/moked.it\/international\/2023\/01\/23\/les-lois-raciales-et-la-communaute-scientifique-un-nouvel-effort-pour-une-recherche-partagee\/#primaryimage\",\"url\":\"https:\/\/moked.it\/international\/files\/2023\/01\/Firma-Memoria-e-ricerca.png\",\"contentUrl\":\"https:\/\/moked.it\/international\/files\/2023\/01\/Firma-Memoria-e-ricerca.png\",\"width\":789,\"height\":447},{\"@type\":\"BreadcrumbList\",\"@id\":\"https:\/\/moked.it\/international\/2023\/01\/23\/les-lois-raciales-et-la-communaute-scientifique-un-nouvel-effort-pour-une-recherche-partagee\/#breadcrumb\",\"itemListElement\":[{\"@type\":\"ListItem\",\"position\":1,\"name\":\"Home\",\"item\":\"https:\/\/moked.it\/international\/\"},{\"@type\":\"ListItem\",\"position\":2,\"name\":\"Les lois raciales et la communaut\u00e9 scientifique, un nouvel effort pour une recherche partag\u00e9e\"}]},{\"@type\":\"WebSite\",\"@id\":\"https:\/\/moked.it\/international\/#website\",\"url\":\"https:\/\/moked.it\/international\/\",\"name\":\"Pagine Ebraiche International\",\"description\":\"A Taste of the Italian Jewish World\",\"potentialAction\":[{\"@type\":\"SearchAction\",\"target\":{\"@type\":\"EntryPoint\",\"urlTemplate\":\"https:\/\/moked.it\/international\/?s={search_term_string}\"},\"query-input\":{\"@type\":\"PropertyValueSpecification\",\"valueRequired\":true,\"valueName\":\"search_term_string\"}}],\"inLanguage\":\"en-US\"},{\"@type\":\"Person\",\"@id\":\"https:\/\/moked.it\/international\/#\/schema\/person\/c3bf162332195ecfa0f59a8d77e2d8e0\",\"name\":\"International\",\"image\":{\"@type\":\"ImageObject\",\"inLanguage\":\"en-US\",\"@id\":\"https:\/\/moked.it\/international\/#\/schema\/person\/image\/\",\"url\":\"https:\/\/secure.gravatar.com\/avatar\/fcc45e46827a23a18a55ed177c93c0128a33d90bcebafd45d3f1f9b8cac46b22?s=96&d=mm&r=g\",\"contentUrl\":\"https:\/\/secure.gravatar.com\/avatar\/fcc45e46827a23a18a55ed177c93c0128a33d90bcebafd45d3f1f9b8cac46b22?s=96&d=mm&r=g\",\"caption\":\"International\"},\"url\":\"https:\/\/moked.it\/international\/author\/danielagross\/\"}]}<\/script>\n<!-- \/ Yoast SEO plugin. -->","yoast_head_json":{"title":"Les lois raciales et la communaut\u00e9 scientifique, un nouvel effort pour une recherche partag\u00e9e - Pagine Ebraiche International","robots":{"index":"index","follow":"follow","max-snippet":"max-snippet:-1","max-image-preview":"max-image-preview:large","max-video-preview":"max-video-preview:-1"},"canonical":"https:\/\/moked.it\/international\/2023\/01\/23\/les-lois-raciales-et-la-communaute-scientifique-un-nouvel-effort-pour-une-recherche-partagee\/","og_locale":"en_US","og_type":"article","og_title":"Les lois raciales et la communaut\u00e9 scientifique, un nouvel effort pour une recherche partag\u00e9e - Pagine Ebraiche International","og_description":"Une collaboration toujours plus \u00e9troite qui favorise la &#8220;collecte&#8221; et &#8220;diss\u00e9mination&#8221; du mat\u00e9riel concernant l&#8217;impact des lois raciales sur la communaut\u00e9 scientifique et acad\u00e9mique italienne. C&#8217;est le sens donn\u00e9 \u00e0 l&#8217;accord sign\u00e9 aujourd&#8217;hui entre l&#8217;Institut National de G\u00e9ophysique et de Volcanologie, le Conseil National de la Recherche, l&#8217;Acad\u00e9mie des Lync\u00e9ens, l&#8217;Institut National d&#8217;Analyse des Politiques&hellip; leggi&nbsp;","og_url":"https:\/\/moked.it\/international\/2023\/01\/23\/les-lois-raciales-et-la-communaute-scientifique-un-nouvel-effort-pour-une-recherche-partagee\/","og_site_name":"Pagine Ebraiche International","article_published_time":"2023-01-23T17:16:27+00:00","article_modified_time":"2023-02-06T15:50:12+00:00","og_image":[{"width":789,"height":447,"url":"https:\/\/moked.it\/international\/files\/2023\/01\/Firma-Memoria-e-ricerca.png","type":"image\/png"}],"author":"International","twitter_card":"summary_large_image","twitter_misc":{"Written by":"International","Est. reading time":"3 minutes"},"schema":{"@context":"https:\/\/schema.org","@graph":[{"@type":"WebPage","@id":"https:\/\/moked.it\/international\/2023\/01\/23\/les-lois-raciales-et-la-communaute-scientifique-un-nouvel-effort-pour-une-recherche-partagee\/","url":"https:\/\/moked.it\/international\/2023\/01\/23\/les-lois-raciales-et-la-communaute-scientifique-un-nouvel-effort-pour-une-recherche-partagee\/","name":"Les lois raciales et la communaut\u00e9 scientifique, un nouvel effort pour une recherche partag\u00e9e - Pagine Ebraiche International","isPartOf":{"@id":"https:\/\/moked.it\/international\/#website"},"primaryImageOfPage":{"@id":"https:\/\/moked.it\/international\/2023\/01\/23\/les-lois-raciales-et-la-communaute-scientifique-un-nouvel-effort-pour-une-recherche-partagee\/#primaryimage"},"image":{"@id":"https:\/\/moked.it\/international\/2023\/01\/23\/les-lois-raciales-et-la-communaute-scientifique-un-nouvel-effort-pour-une-recherche-partagee\/#primaryimage"},"thumbnailUrl":"https:\/\/moked.it\/international\/files\/2023\/01\/Firma-Memoria-e-ricerca.png","datePublished":"2023-01-23T17:16:27+00:00","dateModified":"2023-02-06T15:50:12+00:00","author":{"@id":"https:\/\/moked.it\/international\/#\/schema\/person\/c3bf162332195ecfa0f59a8d77e2d8e0"},"breadcrumb":{"@id":"https:\/\/moked.it\/international\/2023\/01\/23\/les-lois-raciales-et-la-communaute-scientifique-un-nouvel-effort-pour-une-recherche-partagee\/#breadcrumb"},"inLanguage":"en-US","potentialAction":[{"@type":"ReadAction","target":["https:\/\/moked.it\/international\/2023\/01\/23\/les-lois-raciales-et-la-communaute-scientifique-un-nouvel-effort-pour-une-recherche-partagee\/"]}]},{"@type":"ImageObject","inLanguage":"en-US","@id":"https:\/\/moked.it\/international\/2023\/01\/23\/les-lois-raciales-et-la-communaute-scientifique-un-nouvel-effort-pour-une-recherche-partagee\/#primaryimage","url":"https:\/\/moked.it\/international\/files\/2023\/01\/Firma-Memoria-e-ricerca.png","contentUrl":"https:\/\/moked.it\/international\/files\/2023\/01\/Firma-Memoria-e-ricerca.png","width":789,"height":447},{"@type":"BreadcrumbList","@id":"https:\/\/moked.it\/international\/2023\/01\/23\/les-lois-raciales-et-la-communaute-scientifique-un-nouvel-effort-pour-une-recherche-partagee\/#breadcrumb","itemListElement":[{"@type":"ListItem","position":1,"name":"Home","item":"https:\/\/moked.it\/international\/"},{"@type":"ListItem","position":2,"name":"Les lois raciales et la communaut\u00e9 scientifique, un nouvel effort pour une recherche partag\u00e9e"}]},{"@type":"WebSite","@id":"https:\/\/moked.it\/international\/#website","url":"https:\/\/moked.it\/international\/","name":"Pagine Ebraiche International","description":"A Taste of the Italian Jewish World","potentialAction":[{"@type":"SearchAction","target":{"@type":"EntryPoint","urlTemplate":"https:\/\/moked.it\/international\/?s={search_term_string}"},"query-input":{"@type":"PropertyValueSpecification","valueRequired":true,"valueName":"search_term_string"}}],"inLanguage":"en-US"},{"@type":"Person","@id":"https:\/\/moked.it\/international\/#\/schema\/person\/c3bf162332195ecfa0f59a8d77e2d8e0","name":"International","image":{"@type":"ImageObject","inLanguage":"en-US","@id":"https:\/\/moked.it\/international\/#\/schema\/person\/image\/","url":"https:\/\/secure.gravatar.com\/avatar\/fcc45e46827a23a18a55ed177c93c0128a33d90bcebafd45d3f1f9b8cac46b22?s=96&d=mm&r=g","contentUrl":"https:\/\/secure.gravatar.com\/avatar\/fcc45e46827a23a18a55ed177c93c0128a33d90bcebafd45d3f1f9b8cac46b22?s=96&d=mm&r=g","caption":"International"},"url":"https:\/\/moked.it\/international\/author\/danielagross\/"}]}},"_links":{"self":[{"href":"https:\/\/moked.it\/international\/wp-json\/wp\/v2\/posts\/8567","targetHints":{"allow":["GET"]}}],"collection":[{"href":"https:\/\/moked.it\/international\/wp-json\/wp\/v2\/posts"}],"about":[{"href":"https:\/\/moked.it\/international\/wp-json\/wp\/v2\/types\/post"}],"author":[{"embeddable":true,"href":"https:\/\/moked.it\/international\/wp-json\/wp\/v2\/users\/4563"}],"replies":[{"embeddable":true,"href":"https:\/\/moked.it\/international\/wp-json\/wp\/v2\/comments?post=8567"}],"version-history":[{"count":2,"href":"https:\/\/moked.it\/international\/wp-json\/wp\/v2\/posts\/8567\/revisions"}],"predecessor-version":[{"id":8570,"href":"https:\/\/moked.it\/international\/wp-json\/wp\/v2\/posts\/8567\/revisions\/8570"}],"wp:featuredmedia":[{"embeddable":true,"href":"https:\/\/moked.it\/international\/wp-json\/wp\/v2\/media\/8568"}],"wp:attachment":[{"href":"https:\/\/moked.it\/international\/wp-json\/wp\/v2\/media?parent=8567"}],"wp:term":[{"taxonomy":"category","embeddable":true,"href":"https:\/\/moked.it\/international\/wp-json\/wp\/v2\/categories?post=8567"},{"taxonomy":"post_tag","embeddable":true,"href":"https:\/\/moked.it\/international\/wp-json\/wp\/v2\/tags?post=8567"},{"taxonomy":"position","embeddable":true,"href":"https:\/\/moked.it\/international\/wp-json\/wp\/v2\/position?post=8567"}],"curies":[{"name":"wp","href":"https:\/\/api.w.org\/{rel}","templated":true}]}}