{"id":8712,"date":"2023-03-13T17:21:41","date_gmt":"2023-03-13T16:21:41","guid":{"rendered":"https:\/\/moked.it\/international\/?p=8712"},"modified":"2023-03-27T17:13:24","modified_gmt":"2023-03-27T15:13:24","slug":"un-ano-de-grandes-desafios-y-proyectos-para-los-bienes-culturales-judios-en-italia","status":"publish","type":"post","link":"https:\/\/moked.it\/international\/2023\/03\/13\/un-ano-de-grandes-desafios-y-proyectos-para-los-bienes-culturales-judios-en-italia\/","title":{"rendered":"&#8220;Un a\u00f1o de grandes desaf\u00edos y proyectos para los bienes culturales jud\u00edos en Italia&#8221;"},"content":{"rendered":"<p>Empezamos por el gran trabajo de catalogaci\u00f3n y de transici\u00f3n digital del patrimonio de la Biblioteca Nazionale dell\u2019Ebraismo Italiano Tullia Zevi (el antiguo Centro Bibliografico di Lungotevere Sanzio 5) y por su valorizaci\u00f3n como centro cultural. Seguimos con la continuaci\u00f3n de los trabajos en el cementerio de la antigua Gorizia jud\u00eda en Ro\u017ena Dolina (Eslovenia). Luego, hablamos de un proyecto de restauraci\u00f3n en colaboraci\u00f3n con la Comunidad jud\u00eda de Livorno y de las iniciativas en el sur de Italia, en Trani (Apulia) y en Sicilia. 2022 fue un a\u00f1o lleno de compromisos para la Fondazione per i Beni Culturali Ebraici in Italia (FBCEI).<br \/>\n<a href=\"http:\/\/moked.it\/international\/files\/2023\/03\/Beni-culturali-bilancio-2023.jpeg\"><img loading=\"lazy\" decoding=\"async\" src=\"http:\/\/moked.it\/international\/files\/2023\/03\/Beni-culturali-bilancio-2023-300x224.jpeg\" alt=\"\" width=\"300\" height=\"224\" class=\"alignleft size-medium wp-image-8713\" srcset=\"https:\/\/moked.it\/international\/files\/2023\/03\/Beni-culturali-bilancio-2023-300x224.jpeg 300w, https:\/\/moked.it\/international\/files\/2023\/03\/Beni-culturali-bilancio-2023-768x575.jpeg 768w, https:\/\/moked.it\/international\/files\/2023\/03\/Beni-culturali-bilancio-2023.jpeg 790w\" sizes=\"auto, (max-width: 300px) 100vw, 300px\" \/><\/a> El Consejo de la Fondazione se reuni\u00f3 en Roma y aprob\u00f3 por unanimidad el presupuesto. El presidente de la Fondazione Dario Disegni declara a Pagine Ebraiche: &#8220;Ha sido un a\u00f1o de trabajo intenso, durante el cual hemos desarrollado importantes proyectos de recuperaci\u00f3n y de valorizaci\u00f3n de los bienes culturales jud\u00edos en Italia&#8221;. Disegni firm\u00f3 el informe sobre 2022 aprobado por el Consejo. En sus palabras, se nota claramente la satisfacci\u00f3n por haber puesto en marcha muchas actividades. Entre ellas, explica, algunas se concluir\u00e1n en 2023, otras seguir\u00e1n desarroll\u00e1ndose a lo largo del a\u00f1o y otras m\u00e1s van a empezar.<br \/>\nPrimero, destaca el compromiso por lo que concierne la Biblioteca Nazionale dell\u2019Ebraismo Italiano. &#8220;La nueva denominaci\u00f3n representa una parte del desaf\u00edo. Queremos que el ente se convierta en una referencia central para las dem\u00e1s bibliotecas jud\u00edas en Italia y para reforzar su papel como centro cultural nacional&#8221;. Para favorecer este \u00faltimo objetivo, se est\u00e1 creando un amplio programa de eventos, talleres y conferencias, que ya han comenzado y seguir\u00e1n durante 2023.<br \/>\nVolviendo a lo del patrimonio bibliogr\u00e1fico y archiv\u00edstico, comenta Disegni, est\u00e1 en curso un trabajo para la promoci\u00f3n de un proyecto trianual con respecto a la creaci\u00f3n de una librer\u00eda digital. El objetivo de este trabajo es proporcionar a los usuarios todo el contenido en l\u00ednea. &#8220;Es una iniciativa ambiciosa y estamos buscando recursos econ\u00f3micos para poderla completar&#8221;. Se trata de una operaci\u00f3n que se entrelaza con otra iniciativa de gran envergadura con la cooperaci\u00f3n de la Fondazione, es decir, el proyecto I-tal-ya Books, junto con UCEI, la Biblioteca Nacional Central de Roma y la Biblioteca Nacional de Israel. Su objetivo es poner a disposici\u00f3n en l\u00ednea el patrimonio bibliogr\u00e1fico de las bibliotecas italianas en lengua hebrea.<br \/>\nHablando de catalogaci\u00f3n, &#8220;se han hecho avances significativos en la catalogaci\u00f3n del patrimonio cultural jud\u00edo en Italia&#8221;. Un trabajo, se lee en el informe, que empez\u00f3 en 2016 &#8220;con el doble objetivo de actualizar de manera cient\u00edfica y a trav\u00e9s de fotograf\u00edas las fichas cumplimentadas en los a\u00f1os 80 para el Proyecto ARS \u2013 Presenza Ebraica in Italia (&#8220;Presencia jud\u00eda en Italia&#8221;), as\u00ed como inventariar ex novo el material conservado en cada Comunidad, en los cementerios jud\u00edos que todav\u00eda no se han censado, en los museos estatales y c\u00edvicos&#8221;.<br \/>\nAdem\u00e1s, a lo largo de 2022 continu\u00f3 el trabajo de catalogaci\u00f3n, destinado en el futuro a dar vida a un verdadero Centro del Cat\u00e1logo, que se colocar\u00e1 en el Museo Nacional del Ebraismo Italiano y de la Shoah de Ferrara.<br \/>\nPor otro lado, se ha trabajado mucho por lo que concierne los restauros. El proyecto m\u00e1s articulado es el dedicado al cementerio de Ro\u017ena Dolina. Deber\u00eda acabar en 2025, cuando las ciudades de Nova Gorica y Gorizia ser\u00e1n Capital Europea para la Cultura. Se trata de una ocasi\u00f3n internacional incluso para poder hablar de la huella jud\u00eda en estos lugares. El proyecto cuenta con la realizaci\u00f3n, en la primera planta del antiguo templo para los ritos funerarios, de un espacio expositivo e informativo relativo a la historia del cementerio jud\u00edo, de su Comunidad y de los importantes personajes enterrados all\u00ed. Entre ellos, el rabino Isacco Samuele Reggio, la periodista y patriota Carolina Luzzatto, el fil\u00f3sofo Carlo Michelstaedter y el primer rector de la Universidad de Trieste Giulio Morpurgo.<br \/>\nSe piensa en realizar un proyecto como ese tambi\u00e9n en Finale Emilia, afirma Disegni, para una iniciativa que se est\u00e1 consolidando. &#8220;Finale Emilia acogi\u00f3 a una importante comunidad jud\u00eda y hemos patrocinado un proyecto, promovido por la asociaci\u00f3n italiana Alma Finalis, que pretende restaurar la casa del maravilloso cementerio jud\u00edo para que pueda albergar un museo que cuente su historia&#8221;.<br \/>\nOtro proyecto en v\u00eda de realizaci\u00f3n es el trabajo de recuperaci\u00f3n y de restauro en Livorno, gracias a la colaboraci\u00f3n de la Comunidad jud\u00eda de la zona. Los detalles se presentar\u00e1n a lo largo de este a\u00f1o. Siempre con respecto a Toscana, en 2021 se firm\u00f3 un acuerdo de colaboraci\u00f3n con The Medici Archive Project para la reconstrucci\u00f3n digital 3D del \u00e1rea del gueto jud\u00edo de Florencia, que a finales del a\u00f1o va a ser objeto de una exposici\u00f3n de la Galer\u00eda Uffizi llamada &#8220;I Medici e gli ebrei&#8221; (&#8220;los M\u00e9dicis y los jud\u00edos&#8221;), con el patrocinio de la Fondazione.<br \/>\nEn cambio, en el sur de Italia, destaca la valorizaci\u00f3n del patrimonio jud\u00edo de la ciudad de Trani y de otras ciudades de Sicilia. Con respecto a la isla, Disegni explica que la idea es empezar un restauro de las l\u00e1pidas jud\u00edas de Ortigia. <\/p>\n<p>Desde arriba, se puede admirar uno de los preciosos tejidos que se expuso en la Galer\u00eda Uffizi en 2019 durante la exposici\u00f3n \u201cTutti i colori dell\u2019Italia ebraica\u201d (Todos los colores del juda\u00edsmo italiano), que, a trav\u00e9s del arte de los tejidos, ilustr\u00f3 la historia de la cultura jud\u00eda en Italia; la reciente reuni\u00f3n de la Fondazione per i Beni Culturali Ebraici in Italia. <\/p>\n<p><em>Traducido por Francesca Pischedda y revisado por Diana Drudi, estudiantes de la Escuela Superior de Int\u00e9rpretes y Traductores de la Universidad de Trieste, pasantes en la oficina del peri\u00f3dico de la Uni\u00f3n de las Comunidades Jud\u00edas Italianas \u2013 Pagine Ebraiche.<\/em><\/p>\n","protected":false},"excerpt":{"rendered":"<p>Empezamos por el gran trabajo de catalogaci\u00f3n y de transici\u00f3n digital del patrimonio de la Biblioteca Nazionale dell\u2019Ebraismo Italiano Tullia Zevi (el antiguo Centro Bibliografico di Lungotevere Sanzio 5) y por su valorizaci\u00f3n como centro cultural. Seguimos con la continuaci\u00f3n de los trabajos en el cementerio de la antigua Gorizia jud\u00eda en Ro\u017ena Dolina (Eslovenia).&hellip; <a class=\"more\" rel=\"bookmark\" href=\"https:\/\/moked.it\/international\/2023\/03\/13\/un-ano-de-grandes-desafios-y-proyectos-para-los-bienes-culturales-judios-en-italia\/\">leggi&nbsp;<i class=\"fa fa-chevron-circle-right\"><\/i><\/a><\/p>\n","protected":false},"author":4563,"featured_media":8714,"menu_order":7,"comment_status":"closed","ping_status":"open","sticky":false,"template":"","format":"standard","meta":{"footnotes":""},"categories":[9316,61],"tags":[],"position":[],"class_list":["post-8712","post","type-post","status-publish","format-standard","has-post-thumbnail","hentry","category-culture","category-news"],"yoast_head":"<!-- This site is optimized with the Yoast SEO plugin v26.0 - https:\/\/yoast.com\/wordpress\/plugins\/seo\/ -->\n<title>&quot;Un a\u00f1o de grandes desaf\u00edos y proyectos para los bienes culturales jud\u00edos en Italia&quot; - Pagine Ebraiche International<\/title>\n<meta name=\"robots\" content=\"index, follow, max-snippet:-1, max-image-preview:large, max-video-preview:-1\" \/>\n<link rel=\"canonical\" href=\"https:\/\/moked.it\/international\/2023\/03\/13\/un-ano-de-grandes-desafios-y-proyectos-para-los-bienes-culturales-judios-en-italia\/\" \/>\n<meta property=\"og:locale\" content=\"en_US\" \/>\n<meta property=\"og:type\" content=\"article\" \/>\n<meta property=\"og:title\" content=\"&quot;Un a\u00f1o de grandes desaf\u00edos y proyectos para los bienes culturales jud\u00edos en Italia&quot; - Pagine Ebraiche International\" \/>\n<meta property=\"og:description\" content=\"Empezamos por el gran trabajo de catalogaci\u00f3n y de transici\u00f3n digital del patrimonio de la Biblioteca Nazionale dell\u2019Ebraismo Italiano Tullia Zevi (el antiguo Centro Bibliografico di Lungotevere Sanzio 5) y por su valorizaci\u00f3n como centro cultural. Seguimos con la continuaci\u00f3n de los trabajos en el cementerio de la antigua Gorizia jud\u00eda en Ro\u017ena Dolina (Eslovenia).&hellip; leggi&nbsp;\" \/>\n<meta property=\"og:url\" content=\"https:\/\/moked.it\/international\/2023\/03\/13\/un-ano-de-grandes-desafios-y-proyectos-para-los-bienes-culturales-judios-en-italia\/\" \/>\n<meta property=\"og:site_name\" content=\"Pagine Ebraiche International\" \/>\n<meta property=\"article:published_time\" content=\"2023-03-13T16:21:41+00:00\" \/>\n<meta property=\"article:modified_time\" content=\"2023-03-27T15:13:24+00:00\" \/>\n<meta property=\"og:image\" content=\"https:\/\/moked.it\/international\/files\/2023\/03\/mostra-uff.png\" \/>\n\t<meta property=\"og:image:width\" content=\"703\" \/>\n\t<meta property=\"og:image:height\" content=\"536\" \/>\n\t<meta property=\"og:image:type\" content=\"image\/png\" \/>\n<meta name=\"author\" content=\"International\" \/>\n<meta name=\"twitter:card\" content=\"summary_large_image\" \/>\n<meta name=\"twitter:label1\" content=\"Written by\" \/>\n\t<meta name=\"twitter:data1\" content=\"International\" \/>\n\t<meta name=\"twitter:label2\" content=\"Est. reading time\" \/>\n\t<meta name=\"twitter:data2\" content=\"5 minutes\" \/>\n<script type=\"application\/ld+json\" class=\"yoast-schema-graph\">{\"@context\":\"https:\/\/schema.org\",\"@graph\":[{\"@type\":\"WebPage\",\"@id\":\"https:\/\/moked.it\/international\/2023\/03\/13\/un-ano-de-grandes-desafios-y-proyectos-para-los-bienes-culturales-judios-en-italia\/\",\"url\":\"https:\/\/moked.it\/international\/2023\/03\/13\/un-ano-de-grandes-desafios-y-proyectos-para-los-bienes-culturales-judios-en-italia\/\",\"name\":\"\\\"Un a\u00f1o de grandes desaf\u00edos y proyectos para los bienes culturales jud\u00edos en Italia\\\" - Pagine Ebraiche International\",\"isPartOf\":{\"@id\":\"https:\/\/moked.it\/international\/#website\"},\"primaryImageOfPage\":{\"@id\":\"https:\/\/moked.it\/international\/2023\/03\/13\/un-ano-de-grandes-desafios-y-proyectos-para-los-bienes-culturales-judios-en-italia\/#primaryimage\"},\"image\":{\"@id\":\"https:\/\/moked.it\/international\/2023\/03\/13\/un-ano-de-grandes-desafios-y-proyectos-para-los-bienes-culturales-judios-en-italia\/#primaryimage\"},\"thumbnailUrl\":\"https:\/\/moked.it\/international\/files\/2023\/03\/mostra-uff.png\",\"datePublished\":\"2023-03-13T16:21:41+00:00\",\"dateModified\":\"2023-03-27T15:13:24+00:00\",\"author\":{\"@id\":\"https:\/\/moked.it\/international\/#\/schema\/person\/c3bf162332195ecfa0f59a8d77e2d8e0\"},\"breadcrumb\":{\"@id\":\"https:\/\/moked.it\/international\/2023\/03\/13\/un-ano-de-grandes-desafios-y-proyectos-para-los-bienes-culturales-judios-en-italia\/#breadcrumb\"},\"inLanguage\":\"en-US\",\"potentialAction\":[{\"@type\":\"ReadAction\",\"target\":[\"https:\/\/moked.it\/international\/2023\/03\/13\/un-ano-de-grandes-desafios-y-proyectos-para-los-bienes-culturales-judios-en-italia\/\"]}]},{\"@type\":\"ImageObject\",\"inLanguage\":\"en-US\",\"@id\":\"https:\/\/moked.it\/international\/2023\/03\/13\/un-ano-de-grandes-desafios-y-proyectos-para-los-bienes-culturales-judios-en-italia\/#primaryimage\",\"url\":\"https:\/\/moked.it\/international\/files\/2023\/03\/mostra-uff.png\",\"contentUrl\":\"https:\/\/moked.it\/international\/files\/2023\/03\/mostra-uff.png\",\"width\":703,\"height\":536},{\"@type\":\"BreadcrumbList\",\"@id\":\"https:\/\/moked.it\/international\/2023\/03\/13\/un-ano-de-grandes-desafios-y-proyectos-para-los-bienes-culturales-judios-en-italia\/#breadcrumb\",\"itemListElement\":[{\"@type\":\"ListItem\",\"position\":1,\"name\":\"Home\",\"item\":\"https:\/\/moked.it\/international\/\"},{\"@type\":\"ListItem\",\"position\":2,\"name\":\"&#8220;Un a\u00f1o de grandes desaf\u00edos y proyectos para los bienes culturales jud\u00edos en Italia&#8221;\"}]},{\"@type\":\"WebSite\",\"@id\":\"https:\/\/moked.it\/international\/#website\",\"url\":\"https:\/\/moked.it\/international\/\",\"name\":\"Pagine Ebraiche International\",\"description\":\"A Taste of the Italian Jewish World\",\"potentialAction\":[{\"@type\":\"SearchAction\",\"target\":{\"@type\":\"EntryPoint\",\"urlTemplate\":\"https:\/\/moked.it\/international\/?s={search_term_string}\"},\"query-input\":{\"@type\":\"PropertyValueSpecification\",\"valueRequired\":true,\"valueName\":\"search_term_string\"}}],\"inLanguage\":\"en-US\"},{\"@type\":\"Person\",\"@id\":\"https:\/\/moked.it\/international\/#\/schema\/person\/c3bf162332195ecfa0f59a8d77e2d8e0\",\"name\":\"International\",\"image\":{\"@type\":\"ImageObject\",\"inLanguage\":\"en-US\",\"@id\":\"https:\/\/moked.it\/international\/#\/schema\/person\/image\/\",\"url\":\"https:\/\/secure.gravatar.com\/avatar\/fcc45e46827a23a18a55ed177c93c0128a33d90bcebafd45d3f1f9b8cac46b22?s=96&d=mm&r=g\",\"contentUrl\":\"https:\/\/secure.gravatar.com\/avatar\/fcc45e46827a23a18a55ed177c93c0128a33d90bcebafd45d3f1f9b8cac46b22?s=96&d=mm&r=g\",\"caption\":\"International\"},\"url\":\"https:\/\/moked.it\/international\/author\/danielagross\/\"}]}<\/script>\n<!-- \/ Yoast SEO plugin. -->","yoast_head_json":{"title":"\"Un a\u00f1o de grandes desaf\u00edos y proyectos para los bienes culturales jud\u00edos en Italia\" - Pagine Ebraiche International","robots":{"index":"index","follow":"follow","max-snippet":"max-snippet:-1","max-image-preview":"max-image-preview:large","max-video-preview":"max-video-preview:-1"},"canonical":"https:\/\/moked.it\/international\/2023\/03\/13\/un-ano-de-grandes-desafios-y-proyectos-para-los-bienes-culturales-judios-en-italia\/","og_locale":"en_US","og_type":"article","og_title":"\"Un a\u00f1o de grandes desaf\u00edos y proyectos para los bienes culturales jud\u00edos en Italia\" - Pagine Ebraiche International","og_description":"Empezamos por el gran trabajo de catalogaci\u00f3n y de transici\u00f3n digital del patrimonio de la Biblioteca Nazionale dell\u2019Ebraismo Italiano Tullia Zevi (el antiguo Centro Bibliografico di Lungotevere Sanzio 5) y por su valorizaci\u00f3n como centro cultural. Seguimos con la continuaci\u00f3n de los trabajos en el cementerio de la antigua Gorizia jud\u00eda en Ro\u017ena Dolina (Eslovenia).&hellip; leggi&nbsp;","og_url":"https:\/\/moked.it\/international\/2023\/03\/13\/un-ano-de-grandes-desafios-y-proyectos-para-los-bienes-culturales-judios-en-italia\/","og_site_name":"Pagine Ebraiche International","article_published_time":"2023-03-13T16:21:41+00:00","article_modified_time":"2023-03-27T15:13:24+00:00","og_image":[{"width":703,"height":536,"url":"https:\/\/moked.it\/international\/files\/2023\/03\/mostra-uff.png","type":"image\/png"}],"author":"International","twitter_card":"summary_large_image","twitter_misc":{"Written by":"International","Est. reading time":"5 minutes"},"schema":{"@context":"https:\/\/schema.org","@graph":[{"@type":"WebPage","@id":"https:\/\/moked.it\/international\/2023\/03\/13\/un-ano-de-grandes-desafios-y-proyectos-para-los-bienes-culturales-judios-en-italia\/","url":"https:\/\/moked.it\/international\/2023\/03\/13\/un-ano-de-grandes-desafios-y-proyectos-para-los-bienes-culturales-judios-en-italia\/","name":"\"Un a\u00f1o de grandes desaf\u00edos y proyectos para los bienes culturales jud\u00edos en Italia\" - Pagine Ebraiche International","isPartOf":{"@id":"https:\/\/moked.it\/international\/#website"},"primaryImageOfPage":{"@id":"https:\/\/moked.it\/international\/2023\/03\/13\/un-ano-de-grandes-desafios-y-proyectos-para-los-bienes-culturales-judios-en-italia\/#primaryimage"},"image":{"@id":"https:\/\/moked.it\/international\/2023\/03\/13\/un-ano-de-grandes-desafios-y-proyectos-para-los-bienes-culturales-judios-en-italia\/#primaryimage"},"thumbnailUrl":"https:\/\/moked.it\/international\/files\/2023\/03\/mostra-uff.png","datePublished":"2023-03-13T16:21:41+00:00","dateModified":"2023-03-27T15:13:24+00:00","author":{"@id":"https:\/\/moked.it\/international\/#\/schema\/person\/c3bf162332195ecfa0f59a8d77e2d8e0"},"breadcrumb":{"@id":"https:\/\/moked.it\/international\/2023\/03\/13\/un-ano-de-grandes-desafios-y-proyectos-para-los-bienes-culturales-judios-en-italia\/#breadcrumb"},"inLanguage":"en-US","potentialAction":[{"@type":"ReadAction","target":["https:\/\/moked.it\/international\/2023\/03\/13\/un-ano-de-grandes-desafios-y-proyectos-para-los-bienes-culturales-judios-en-italia\/"]}]},{"@type":"ImageObject","inLanguage":"en-US","@id":"https:\/\/moked.it\/international\/2023\/03\/13\/un-ano-de-grandes-desafios-y-proyectos-para-los-bienes-culturales-judios-en-italia\/#primaryimage","url":"https:\/\/moked.it\/international\/files\/2023\/03\/mostra-uff.png","contentUrl":"https:\/\/moked.it\/international\/files\/2023\/03\/mostra-uff.png","width":703,"height":536},{"@type":"BreadcrumbList","@id":"https:\/\/moked.it\/international\/2023\/03\/13\/un-ano-de-grandes-desafios-y-proyectos-para-los-bienes-culturales-judios-en-italia\/#breadcrumb","itemListElement":[{"@type":"ListItem","position":1,"name":"Home","item":"https:\/\/moked.it\/international\/"},{"@type":"ListItem","position":2,"name":"&#8220;Un a\u00f1o de grandes desaf\u00edos y proyectos para los bienes culturales jud\u00edos en Italia&#8221;"}]},{"@type":"WebSite","@id":"https:\/\/moked.it\/international\/#website","url":"https:\/\/moked.it\/international\/","name":"Pagine Ebraiche International","description":"A Taste of the Italian Jewish World","potentialAction":[{"@type":"SearchAction","target":{"@type":"EntryPoint","urlTemplate":"https:\/\/moked.it\/international\/?s={search_term_string}"},"query-input":{"@type":"PropertyValueSpecification","valueRequired":true,"valueName":"search_term_string"}}],"inLanguage":"en-US"},{"@type":"Person","@id":"https:\/\/moked.it\/international\/#\/schema\/person\/c3bf162332195ecfa0f59a8d77e2d8e0","name":"International","image":{"@type":"ImageObject","inLanguage":"en-US","@id":"https:\/\/moked.it\/international\/#\/schema\/person\/image\/","url":"https:\/\/secure.gravatar.com\/avatar\/fcc45e46827a23a18a55ed177c93c0128a33d90bcebafd45d3f1f9b8cac46b22?s=96&d=mm&r=g","contentUrl":"https:\/\/secure.gravatar.com\/avatar\/fcc45e46827a23a18a55ed177c93c0128a33d90bcebafd45d3f1f9b8cac46b22?s=96&d=mm&r=g","caption":"International"},"url":"https:\/\/moked.it\/international\/author\/danielagross\/"}]}},"_links":{"self":[{"href":"https:\/\/moked.it\/international\/wp-json\/wp\/v2\/posts\/8712","targetHints":{"allow":["GET"]}}],"collection":[{"href":"https:\/\/moked.it\/international\/wp-json\/wp\/v2\/posts"}],"about":[{"href":"https:\/\/moked.it\/international\/wp-json\/wp\/v2\/types\/post"}],"author":[{"embeddable":true,"href":"https:\/\/moked.it\/international\/wp-json\/wp\/v2\/users\/4563"}],"replies":[{"embeddable":true,"href":"https:\/\/moked.it\/international\/wp-json\/wp\/v2\/comments?post=8712"}],"version-history":[{"count":1,"href":"https:\/\/moked.it\/international\/wp-json\/wp\/v2\/posts\/8712\/revisions"}],"predecessor-version":[{"id":8715,"href":"https:\/\/moked.it\/international\/wp-json\/wp\/v2\/posts\/8712\/revisions\/8715"}],"wp:featuredmedia":[{"embeddable":true,"href":"https:\/\/moked.it\/international\/wp-json\/wp\/v2\/media\/8714"}],"wp:attachment":[{"href":"https:\/\/moked.it\/international\/wp-json\/wp\/v2\/media?parent=8712"}],"wp:term":[{"taxonomy":"category","embeddable":true,"href":"https:\/\/moked.it\/international\/wp-json\/wp\/v2\/categories?post=8712"},{"taxonomy":"post_tag","embeddable":true,"href":"https:\/\/moked.it\/international\/wp-json\/wp\/v2\/tags?post=8712"},{"taxonomy":"position","embeddable":true,"href":"https:\/\/moked.it\/international\/wp-json\/wp\/v2\/position?post=8712"}],"curies":[{"name":"wp","href":"https:\/\/api.w.org\/{rel}","templated":true}]}}