{"id":8731,"date":"2023-03-20T16:37:29","date_gmt":"2023-03-20T15:37:29","guid":{"rendered":"https:\/\/moked.it\/international\/?p=8731"},"modified":"2023-05-08T10:19:11","modified_gmt":"2023-05-08T08:19:11","slug":"monte-stella-zwanzig-jahre-im-zeichen-der-gerechten","status":"publish","type":"post","link":"https:\/\/moked.it\/international\/2023\/03\/20\/monte-stella-zwanzig-jahre-im-zeichen-der-gerechten\/","title":{"rendered":"Monte Stella, zwanzig Jahre im Zeichen der Gerechten"},"content":{"rendered":"<p>Die Ausstellung Il Giardino dei Giusti in Mostra. La Memoria Verde di Milano (&#8220;Der Garten der Gerechten zur Schau. Die gr\u00fcne Erinnerung an Mailand&#8221;) erz\u00e4hlt, wie der Garten der Gerechten auf dem k\u00fcnstlichen kleinen Berg Monte Stella, ein symbolischer Ort Mailands, auf den Tr\u00fcmmern der Bombardierungen des Zweiten Weltkrieges aufgebaut wurde. Die Ausstellung wurde in der Gedenkst\u00e4tte Memoriale della Shoah er\u00f6ffnet und sie kann bis zum 27. M\u00e4rz besucht werden. Sie umfasst Tafeln und Bildern, um ein zwanzigj\u00e4hriges Projekt zu erkl\u00e4ren, das von der Vereinigung Associazione per il Giardino dei Giusti di Milano gef\u00fchrt ist, zu der die Stiftung Fondazione Gariwo, die Stadtverwaltung und die Vereinigung j\u00fcdischer Gemeinschaften in Italien (UCEI) geh\u00f6ren. Ein Rundgang vermittelt die Gewalt des 20. Jahrhunderts und des neuen Jahrtausends und den Mut derer, die dieser Gewalt widersetzten. &#8220;Wenn man aus der gestrigen Gleichg\u00fcltigkeit, die vom Memoriale so gut dokumentiert wurde, holen will, muss man sich heute dazu verpflichten, die Vorurteile zu \u00fcberwinden und sich dem Verhalten der gleichg\u00fcltigen Menschen entgegenzustellen&#8221; behauptete Gabriele Nissim, Pr\u00e4sident der Stiftung Gariwos. Mit ihm sprach der Pr\u00e4sident der Stiftung Fondazione Memoriale Roberto Jarach, der die &#8220;intensive Zusammenarbeit&#8221; mit dem Projekt des Gartens hervorhob: &#8220;Wir sind Verb\u00fcndete in der Weitergabe des Gedenkens&#8221;. Auch die Stadt Mailand erneutet ihr Engagement in diesem Bereich durch die Rede von Mario Vanni, Leiter des Kabinetts des B\u00fcrgermeisters, der verweist auf die Bedeutung von Investitionen in die Weitergabe der Erinnerung an die Shoah und des Beispiels der Gerechten an die j\u00fcngeren Generationen. Diese Jungen sind die absoluten Protagonisten der Memoriale. &#8220;Ich denke, dass die Sch\u00fcler zu Besuch mehr als 60.000 bis Ende des Schuljahres werden&#8221;. Auch das Werk von Gariwo richtet sich an den Jungen, wie Nissim und Pietro Kuciukian, Honorarkonsul der Republik Armenien in Italien, erkl\u00e4rten. Das Ziel der vom Monte Stella ausgehenden Initiativen ist es, &#8220;die Mauer der Gleichg\u00fcltigkeit durchzubrechen&#8221;. Liliana Segre w\u00fcnschte, dass dieses Wort am Eingang des Memorials gemei\u00dfelt wurde. Nissim richtete seine Er\u00f6ffnungsrede an die Senatorin, die als Kind deportiert wurde, durch einen Hinweis auf eine Familiengeschichte. &#8220;Meine Eltern wurden in Thessaloniki geboren, und dort hatte ich eine zehnj\u00e4hrige Cousine, die ich nie kennengelernt habe. Ihr Name war Pola. Sie war ein Kind wie Liliana. Ich habe mir vorgestellt, dass sie, als sie mit ihrer Mutter Rachele Nissim nach Auschwitz deportiert wurde, bis zum letzten Augenblick w\u00fcnschte, dass jemand sie retten w\u00fcrde. Sie suchte nach dem richtigen Mann. Leider konnte sie ihn nie kennenlernen.<br \/>\nDie Grausamkeit der Erwachsenen musste ihr als Kind so wehgetan haben. Mit ihr starben 48.000 Juden von Thessaloniki&#8221;. Nissim f\u00fcgte hinzu, dass selbst Liliana Segre niemanden<br \/>\nauf ihrem Weg fand, der sich aktiv gegen das B\u00f6se stellte und sich f\u00fcr ihre Rettung und die ihrer Familie einsetzte. Die Einzigen, die die Gleichg\u00fcltigkeit durchbrachen, waren die H\u00e4ftlinge des San-Vittore-Gef\u00e4ngnisses, wie der Senator oft erinnerte. Nissim erinnerte an den deutschen Milit\u00e4rsanit\u00e4ter Armin Wegner, welcher einer der wenigen war, die den Mut hatten, sich \u00f6ffentlich gegen den V\u00f6lkermord zu stellen. Er hat sich sowohl gegen den V\u00f6lkermord an den Armeniern gestellt als auch die j\u00fcdische Minderheit verteidigt. Und gestern war der Sohn von Wegner symbolisch bei der Er\u00f6ffnung der Ausstellung in der Gedenkst\u00e4tte anwesend.<\/p>\n<p>Oben: Einweihungsgedenkstein des Gartens der Gerechten der Welt in Mailand<\/p>\n<p><em>\u00dcbersetzt von Martina Bandini, durchgesehen von Sofia Busatto, Sch\u00fclerinnen der Hochschule f\u00fcr moderne Sprachen f\u00fcr Dolmetscher und \u00dcbersetzer der Universit\u00e4t von Triest, Praktikantin in der Redaktion der Vereinigung der Italienischen J\u00fcdischen Gemeinschaften \u2013 Pagine Ebraiche.<\/em><\/p>\n","protected":false},"excerpt":{"rendered":"<p>Die Ausstellung Il Giardino dei Giusti in Mostra. La Memoria Verde di Milano (&#8220;Der Garten der Gerechten zur Schau. Die gr\u00fcne Erinnerung an Mailand&#8221;) erz\u00e4hlt, wie der Garten der Gerechten auf dem k\u00fcnstlichen kleinen Berg Monte Stella, ein symbolischer Ort Mailands, auf den Tr\u00fcmmern der Bombardierungen des Zweiten Weltkrieges aufgebaut wurde. Die Ausstellung wurde in&hellip; <a class=\"more\" rel=\"bookmark\" href=\"https:\/\/moked.it\/international\/2023\/03\/20\/monte-stella-zwanzig-jahre-im-zeichen-der-gerechten\/\">leggi&nbsp;<i class=\"fa fa-chevron-circle-right\"><\/i><\/a><\/p>\n","protected":false},"author":4563,"featured_media":8732,"menu_order":5,"comment_status":"closed","ping_status":"open","sticky":false,"template":"","format":"standard","meta":{"footnotes":""},"categories":[9316,61],"tags":[],"position":[],"class_list":["post-8731","post","type-post","status-publish","format-standard","has-post-thumbnail","hentry","category-culture","category-news"],"yoast_head":"<!-- This site is optimized with the Yoast SEO plugin v26.0 - https:\/\/yoast.com\/wordpress\/plugins\/seo\/ -->\n<title>Monte Stella, zwanzig Jahre im Zeichen der Gerechten - Pagine Ebraiche International<\/title>\n<meta name=\"robots\" content=\"index, follow, max-snippet:-1, max-image-preview:large, max-video-preview:-1\" \/>\n<link rel=\"canonical\" href=\"https:\/\/moked.it\/international\/2023\/03\/20\/monte-stella-zwanzig-jahre-im-zeichen-der-gerechten\/\" \/>\n<meta property=\"og:locale\" content=\"en_US\" \/>\n<meta property=\"og:type\" content=\"article\" \/>\n<meta property=\"og:title\" content=\"Monte Stella, zwanzig Jahre im Zeichen der Gerechten - Pagine Ebraiche International\" \/>\n<meta property=\"og:description\" content=\"Die Ausstellung Il Giardino dei Giusti in Mostra. La Memoria Verde di Milano (&#8220;Der Garten der Gerechten zur Schau. Die gr\u00fcne Erinnerung an Mailand&#8221;) erz\u00e4hlt, wie der Garten der Gerechten auf dem k\u00fcnstlichen kleinen Berg Monte Stella, ein symbolischer Ort Mailands, auf den Tr\u00fcmmern der Bombardierungen des Zweiten Weltkrieges aufgebaut wurde. Die Ausstellung wurde in&hellip; leggi&nbsp;\" \/>\n<meta property=\"og:url\" content=\"https:\/\/moked.it\/international\/2023\/03\/20\/monte-stella-zwanzig-jahre-im-zeichen-der-gerechten\/\" \/>\n<meta property=\"og:site_name\" content=\"Pagine Ebraiche International\" \/>\n<meta property=\"article:published_time\" content=\"2023-03-20T15:37:29+00:00\" \/>\n<meta property=\"article:modified_time\" content=\"2023-05-08T08:19:11+00:00\" \/>\n<meta property=\"og:image\" content=\"https:\/\/moked.it\/international\/files\/2023\/03\/Giardino-dei-giusti.jpg\" \/>\n\t<meta property=\"og:image:width\" content=\"1600\" \/>\n\t<meta property=\"og:image:height\" content=\"1068\" \/>\n\t<meta property=\"og:image:type\" content=\"image\/jpeg\" \/>\n<meta name=\"author\" content=\"International\" \/>\n<meta name=\"twitter:card\" content=\"summary_large_image\" \/>\n<meta name=\"twitter:label1\" content=\"Written by\" \/>\n\t<meta name=\"twitter:data1\" content=\"International\" \/>\n\t<meta name=\"twitter:label2\" content=\"Est. reading time\" \/>\n\t<meta name=\"twitter:data2\" content=\"3 minutes\" \/>\n<script type=\"application\/ld+json\" class=\"yoast-schema-graph\">{\"@context\":\"https:\/\/schema.org\",\"@graph\":[{\"@type\":\"WebPage\",\"@id\":\"https:\/\/moked.it\/international\/2023\/03\/20\/monte-stella-zwanzig-jahre-im-zeichen-der-gerechten\/\",\"url\":\"https:\/\/moked.it\/international\/2023\/03\/20\/monte-stella-zwanzig-jahre-im-zeichen-der-gerechten\/\",\"name\":\"Monte Stella, zwanzig Jahre im Zeichen der Gerechten - Pagine Ebraiche International\",\"isPartOf\":{\"@id\":\"https:\/\/moked.it\/international\/#website\"},\"primaryImageOfPage\":{\"@id\":\"https:\/\/moked.it\/international\/2023\/03\/20\/monte-stella-zwanzig-jahre-im-zeichen-der-gerechten\/#primaryimage\"},\"image\":{\"@id\":\"https:\/\/moked.it\/international\/2023\/03\/20\/monte-stella-zwanzig-jahre-im-zeichen-der-gerechten\/#primaryimage\"},\"thumbnailUrl\":\"https:\/\/moked.it\/international\/files\/2023\/03\/Giardino-dei-giusti.jpg\",\"datePublished\":\"2023-03-20T15:37:29+00:00\",\"dateModified\":\"2023-05-08T08:19:11+00:00\",\"author\":{\"@id\":\"https:\/\/moked.it\/international\/#\/schema\/person\/c3bf162332195ecfa0f59a8d77e2d8e0\"},\"breadcrumb\":{\"@id\":\"https:\/\/moked.it\/international\/2023\/03\/20\/monte-stella-zwanzig-jahre-im-zeichen-der-gerechten\/#breadcrumb\"},\"inLanguage\":\"en-US\",\"potentialAction\":[{\"@type\":\"ReadAction\",\"target\":[\"https:\/\/moked.it\/international\/2023\/03\/20\/monte-stella-zwanzig-jahre-im-zeichen-der-gerechten\/\"]}]},{\"@type\":\"ImageObject\",\"inLanguage\":\"en-US\",\"@id\":\"https:\/\/moked.it\/international\/2023\/03\/20\/monte-stella-zwanzig-jahre-im-zeichen-der-gerechten\/#primaryimage\",\"url\":\"https:\/\/moked.it\/international\/files\/2023\/03\/Giardino-dei-giusti.jpg\",\"contentUrl\":\"https:\/\/moked.it\/international\/files\/2023\/03\/Giardino-dei-giusti.jpg\",\"width\":1600,\"height\":1068,\"caption\":\"Einweihungsgedenkstein des Gartens der Gerechten der Welt in Mailand\"},{\"@type\":\"BreadcrumbList\",\"@id\":\"https:\/\/moked.it\/international\/2023\/03\/20\/monte-stella-zwanzig-jahre-im-zeichen-der-gerechten\/#breadcrumb\",\"itemListElement\":[{\"@type\":\"ListItem\",\"position\":1,\"name\":\"Home\",\"item\":\"https:\/\/moked.it\/international\/\"},{\"@type\":\"ListItem\",\"position\":2,\"name\":\"Monte Stella, zwanzig Jahre im Zeichen der Gerechten\"}]},{\"@type\":\"WebSite\",\"@id\":\"https:\/\/moked.it\/international\/#website\",\"url\":\"https:\/\/moked.it\/international\/\",\"name\":\"Pagine Ebraiche International\",\"description\":\"A Taste of the Italian Jewish World\",\"potentialAction\":[{\"@type\":\"SearchAction\",\"target\":{\"@type\":\"EntryPoint\",\"urlTemplate\":\"https:\/\/moked.it\/international\/?s={search_term_string}\"},\"query-input\":{\"@type\":\"PropertyValueSpecification\",\"valueRequired\":true,\"valueName\":\"search_term_string\"}}],\"inLanguage\":\"en-US\"},{\"@type\":\"Person\",\"@id\":\"https:\/\/moked.it\/international\/#\/schema\/person\/c3bf162332195ecfa0f59a8d77e2d8e0\",\"name\":\"International\",\"image\":{\"@type\":\"ImageObject\",\"inLanguage\":\"en-US\",\"@id\":\"https:\/\/moked.it\/international\/#\/schema\/person\/image\/\",\"url\":\"https:\/\/secure.gravatar.com\/avatar\/fcc45e46827a23a18a55ed177c93c0128a33d90bcebafd45d3f1f9b8cac46b22?s=96&d=mm&r=g\",\"contentUrl\":\"https:\/\/secure.gravatar.com\/avatar\/fcc45e46827a23a18a55ed177c93c0128a33d90bcebafd45d3f1f9b8cac46b22?s=96&d=mm&r=g\",\"caption\":\"International\"},\"url\":\"https:\/\/moked.it\/international\/author\/danielagross\/\"}]}<\/script>\n<!-- \/ Yoast SEO plugin. -->","yoast_head_json":{"title":"Monte Stella, zwanzig Jahre im Zeichen der Gerechten - Pagine Ebraiche International","robots":{"index":"index","follow":"follow","max-snippet":"max-snippet:-1","max-image-preview":"max-image-preview:large","max-video-preview":"max-video-preview:-1"},"canonical":"https:\/\/moked.it\/international\/2023\/03\/20\/monte-stella-zwanzig-jahre-im-zeichen-der-gerechten\/","og_locale":"en_US","og_type":"article","og_title":"Monte Stella, zwanzig Jahre im Zeichen der Gerechten - Pagine Ebraiche International","og_description":"Die Ausstellung Il Giardino dei Giusti in Mostra. La Memoria Verde di Milano (&#8220;Der Garten der Gerechten zur Schau. Die gr\u00fcne Erinnerung an Mailand&#8221;) erz\u00e4hlt, wie der Garten der Gerechten auf dem k\u00fcnstlichen kleinen Berg Monte Stella, ein symbolischer Ort Mailands, auf den Tr\u00fcmmern der Bombardierungen des Zweiten Weltkrieges aufgebaut wurde. Die Ausstellung wurde in&hellip; leggi&nbsp;","og_url":"https:\/\/moked.it\/international\/2023\/03\/20\/monte-stella-zwanzig-jahre-im-zeichen-der-gerechten\/","og_site_name":"Pagine Ebraiche International","article_published_time":"2023-03-20T15:37:29+00:00","article_modified_time":"2023-05-08T08:19:11+00:00","og_image":[{"width":1600,"height":1068,"url":"https:\/\/moked.it\/international\/files\/2023\/03\/Giardino-dei-giusti.jpg","type":"image\/jpeg"}],"author":"International","twitter_card":"summary_large_image","twitter_misc":{"Written by":"International","Est. reading time":"3 minutes"},"schema":{"@context":"https:\/\/schema.org","@graph":[{"@type":"WebPage","@id":"https:\/\/moked.it\/international\/2023\/03\/20\/monte-stella-zwanzig-jahre-im-zeichen-der-gerechten\/","url":"https:\/\/moked.it\/international\/2023\/03\/20\/monte-stella-zwanzig-jahre-im-zeichen-der-gerechten\/","name":"Monte Stella, zwanzig Jahre im Zeichen der Gerechten - Pagine Ebraiche International","isPartOf":{"@id":"https:\/\/moked.it\/international\/#website"},"primaryImageOfPage":{"@id":"https:\/\/moked.it\/international\/2023\/03\/20\/monte-stella-zwanzig-jahre-im-zeichen-der-gerechten\/#primaryimage"},"image":{"@id":"https:\/\/moked.it\/international\/2023\/03\/20\/monte-stella-zwanzig-jahre-im-zeichen-der-gerechten\/#primaryimage"},"thumbnailUrl":"https:\/\/moked.it\/international\/files\/2023\/03\/Giardino-dei-giusti.jpg","datePublished":"2023-03-20T15:37:29+00:00","dateModified":"2023-05-08T08:19:11+00:00","author":{"@id":"https:\/\/moked.it\/international\/#\/schema\/person\/c3bf162332195ecfa0f59a8d77e2d8e0"},"breadcrumb":{"@id":"https:\/\/moked.it\/international\/2023\/03\/20\/monte-stella-zwanzig-jahre-im-zeichen-der-gerechten\/#breadcrumb"},"inLanguage":"en-US","potentialAction":[{"@type":"ReadAction","target":["https:\/\/moked.it\/international\/2023\/03\/20\/monte-stella-zwanzig-jahre-im-zeichen-der-gerechten\/"]}]},{"@type":"ImageObject","inLanguage":"en-US","@id":"https:\/\/moked.it\/international\/2023\/03\/20\/monte-stella-zwanzig-jahre-im-zeichen-der-gerechten\/#primaryimage","url":"https:\/\/moked.it\/international\/files\/2023\/03\/Giardino-dei-giusti.jpg","contentUrl":"https:\/\/moked.it\/international\/files\/2023\/03\/Giardino-dei-giusti.jpg","width":1600,"height":1068,"caption":"Einweihungsgedenkstein des Gartens der Gerechten der Welt in Mailand"},{"@type":"BreadcrumbList","@id":"https:\/\/moked.it\/international\/2023\/03\/20\/monte-stella-zwanzig-jahre-im-zeichen-der-gerechten\/#breadcrumb","itemListElement":[{"@type":"ListItem","position":1,"name":"Home","item":"https:\/\/moked.it\/international\/"},{"@type":"ListItem","position":2,"name":"Monte Stella, zwanzig Jahre im Zeichen der Gerechten"}]},{"@type":"WebSite","@id":"https:\/\/moked.it\/international\/#website","url":"https:\/\/moked.it\/international\/","name":"Pagine Ebraiche International","description":"A Taste of the Italian Jewish World","potentialAction":[{"@type":"SearchAction","target":{"@type":"EntryPoint","urlTemplate":"https:\/\/moked.it\/international\/?s={search_term_string}"},"query-input":{"@type":"PropertyValueSpecification","valueRequired":true,"valueName":"search_term_string"}}],"inLanguage":"en-US"},{"@type":"Person","@id":"https:\/\/moked.it\/international\/#\/schema\/person\/c3bf162332195ecfa0f59a8d77e2d8e0","name":"International","image":{"@type":"ImageObject","inLanguage":"en-US","@id":"https:\/\/moked.it\/international\/#\/schema\/person\/image\/","url":"https:\/\/secure.gravatar.com\/avatar\/fcc45e46827a23a18a55ed177c93c0128a33d90bcebafd45d3f1f9b8cac46b22?s=96&d=mm&r=g","contentUrl":"https:\/\/secure.gravatar.com\/avatar\/fcc45e46827a23a18a55ed177c93c0128a33d90bcebafd45d3f1f9b8cac46b22?s=96&d=mm&r=g","caption":"International"},"url":"https:\/\/moked.it\/international\/author\/danielagross\/"}]}},"_links":{"self":[{"href":"https:\/\/moked.it\/international\/wp-json\/wp\/v2\/posts\/8731","targetHints":{"allow":["GET"]}}],"collection":[{"href":"https:\/\/moked.it\/international\/wp-json\/wp\/v2\/posts"}],"about":[{"href":"https:\/\/moked.it\/international\/wp-json\/wp\/v2\/types\/post"}],"author":[{"embeddable":true,"href":"https:\/\/moked.it\/international\/wp-json\/wp\/v2\/users\/4563"}],"replies":[{"embeddable":true,"href":"https:\/\/moked.it\/international\/wp-json\/wp\/v2\/comments?post=8731"}],"version-history":[{"count":3,"href":"https:\/\/moked.it\/international\/wp-json\/wp\/v2\/posts\/8731\/revisions"}],"predecessor-version":[{"id":8735,"href":"https:\/\/moked.it\/international\/wp-json\/wp\/v2\/posts\/8731\/revisions\/8735"}],"wp:featuredmedia":[{"embeddable":true,"href":"https:\/\/moked.it\/international\/wp-json\/wp\/v2\/media\/8732"}],"wp:attachment":[{"href":"https:\/\/moked.it\/international\/wp-json\/wp\/v2\/media?parent=8731"}],"wp:term":[{"taxonomy":"category","embeddable":true,"href":"https:\/\/moked.it\/international\/wp-json\/wp\/v2\/categories?post=8731"},{"taxonomy":"post_tag","embeddable":true,"href":"https:\/\/moked.it\/international\/wp-json\/wp\/v2\/tags?post=8731"},{"taxonomy":"position","embeddable":true,"href":"https:\/\/moked.it\/international\/wp-json\/wp\/v2\/position?post=8731"}],"curies":[{"name":"wp","href":"https:\/\/api.w.org\/{rel}","templated":true}]}}