{"id":9062,"date":"2023-10-30T16:04:10","date_gmt":"2023-10-30T15:04:10","guid":{"rendered":"https:\/\/moked.it\/international\/?p=9062"},"modified":"2023-11-12T16:03:03","modified_gmt":"2023-11-12T15:03:03","slug":"lipstadt-mon-coeur-est-dechire","status":"publish","type":"post","link":"https:\/\/moked.it\/international\/2023\/10\/30\/lipstadt-mon-coeur-est-dechire\/","title":{"rendered":"Lipstadt : mon c\u0153ur est d\u00e9chir\u00e9"},"content":{"rendered":"<p>\u201cLe Hamas a d\u00e9clench\u00e9 l\u2019attaque anti-juive la plus mortelle depuis l\u2019\u00e9poque de l\u2019Holocauste. \u00c0 la t\u00eate de ce classement de l\u2019horreur il y avait, jusque \u00e0 il y a quelques jours, l\u2019attentat de l\u2019Association mutuelle isra\u00e9lite argentine de Buenos Aires. Vingt-neuf ans apr\u00e8s ce massacre, nous sommes oblig\u00e9s d\u2019actualiser le classement. Il s\u2019est agi d\u2019un acte ex\u00e9crable qu\u2019il faut condamner fermement, sans ambig\u00fcit\u00e9 et sans faire aucune distinction\u201d. Voici ce que l\u2019historienne Deborah Lipstadt, l\u2019envoy\u00e9e sp\u00e9ciale de l\u2019administration des \u00c9tats-Unis d\u2019Am\u00e9rique pour la lutte contre l\u2019antis\u00e9mitisme, a d\u00e9clar\u00e9 \u00e0 Pagine Ebraiche. Parmi les personnalit\u00e9s les plus influentes au monde selon le magazine Time, Lipstadt a \u00e9t\u00e9 l\u2019une des protagonistes de la conf\u00e9rence &#8220;New Documents from the Pontificate of Pope Pius XII and their Meaning for Jewish-Christian Relation: A Dialogue between Historians and Theologians&#8221;, qui s\u2019est tenue \u00e0 l\u2019Universit\u00e9 pontificale gr\u00e9gorienne avec l\u2019objectif de faire la lumi\u00e8re sur la figure de Pie XII et sur ses silences pendant la pers\u00e9cution et l\u2019extermination des juifs europ\u00e9ens.<br \/>\nL\u2019historienne, qui a \u00e9t\u00e9 poursuivie en justice par le n\u00e9gationniste David Irving dans un proc\u00e8s qu\u2019elle a \u00e9ventuellement gagn\u00e9, se d\u00e9clare boulevers\u00e9e par certaines r\u00e9actions au massacre du Hamas. \u201cLes personnes qui veulent justifier ce crime m\u2019\u00e9nervent. Ceux qui disent \u2018Oui, mais&#8230;\u2019. Il n\u2019y a pas de \u2018mais\u2019, ce n\u2019est pas le temps pour telles \u00e9lucubrations. On peut \u00eatre d\u2019accord ou pas avec la politique d\u2019Isra\u00ebl, cela est \u00e9vident et l\u00e9gitime, mais rien ne justifie le viol de femmes et les enfants massacr\u00e9s\u201d.<br \/>\n\u201cL\u2019antis\u00e9mitisme est explicit dans la barbarie dont on est t\u00e9moins. Sans surprise, dans de nombreuses vid\u00e9os diffus\u00e9es par les terroristes m\u00eames, on les entend prononcer le mot \u2018Yahudi\u2019, c\u2019est-\u00e0-dire \u2018juif\u2019. Le Hamas ne veut pas qu\u2019un \u00c9tat juif existe et le dit clairement. C\u2019est un point explicite\u201d, continue l\u2019historienne. Elle a \u00e9galement rencontr\u00e9 le pape Fran\u00e7ois au Vatican. \u201cMon c\u0153ur est d\u00e9chir\u00e9, mais il y a aussi des signes de solidarit\u00e9 \u00e0 consid\u00e9rer\u201d, commente-elle. \u201c\u00c0 partir des nombreux b\u00e2timents et lieux illumin\u00e9s partout dans le monde pour exprimer le soutien \u00e0 Isra\u00ebl. J\u2019ai vu, avec \u00e9motion, l\u2019\u00c9toile de David e les couleurs bleus et blanches du drapeau isra\u00e9lien briller sur l\u2019arc de Titus \u00e0 Rome. Je suis bien consciente de la signification profonde de cet \u00e9v\u00e9nement, dans un lieu qui raconte la destruction, il y a deux mil ans, d\u2019une nation juive\u201d.<br \/>\n\u201cIl faut rester unis et, comment nous l\u2019enseigne l\u2019hymne d\u2019Isra\u00ebl, avoir de l\u2019espoir\u201d est son message d\u2019aujourd\u2019hui. <\/p>\n<p><em>Traduction de Francesca Pischedda, r\u00e9vis\u00e9e par Marta Gustinucci, \u00e9tudiantes \u00e0 l\u2019\u00c9cole Sup\u00e9rieure de Langues Modernes pour les Interpr\u00e8tes et les Traducteurs de l\u2019Universit\u00e9 de Trieste, stagiaires dans le bureau du journal de l\u2019Union des communaut\u00e9s juives italiennes \u2013 Pagine Ebraiche.<\/em><\/p>\n","protected":false},"excerpt":{"rendered":"<p>\u201cLe Hamas a d\u00e9clench\u00e9 l\u2019attaque anti-juive la plus mortelle depuis l\u2019\u00e9poque de l\u2019Holocauste. \u00c0 la t\u00eate de ce classement de l\u2019horreur il y avait, jusque \u00e0 il y a quelques jours, l\u2019attentat de l\u2019Association mutuelle isra\u00e9lite argentine de Buenos Aires. Vingt-neuf ans apr\u00e8s ce massacre, nous sommes oblig\u00e9s d\u2019actualiser le classement. Il s\u2019est agi d\u2019un&hellip; <a class=\"more\" rel=\"bookmark\" href=\"https:\/\/moked.it\/international\/2023\/10\/30\/lipstadt-mon-coeur-est-dechire\/\">leggi&nbsp;<i class=\"fa fa-chevron-circle-right\"><\/i><\/a><\/p>\n","protected":false},"author":4563,"featured_media":9063,"menu_order":9,"comment_status":"closed","ping_status":"open","sticky":false,"template":"","format":"standard","meta":{"footnotes":""},"categories":[61],"tags":[],"position":[],"class_list":["post-9062","post","type-post","status-publish","format-standard","has-post-thumbnail","hentry","category-news"],"yoast_head":"<!-- This site is optimized with the Yoast SEO plugin v26.0 - https:\/\/yoast.com\/wordpress\/plugins\/seo\/ -->\n<title>Lipstadt : mon c\u0153ur est d\u00e9chir\u00e9 - Pagine Ebraiche International<\/title>\n<meta name=\"robots\" content=\"index, follow, max-snippet:-1, max-image-preview:large, max-video-preview:-1\" \/>\n<link rel=\"canonical\" href=\"https:\/\/moked.it\/international\/2023\/10\/30\/lipstadt-mon-coeur-est-dechire\/\" \/>\n<meta property=\"og:locale\" content=\"en_US\" \/>\n<meta property=\"og:type\" content=\"article\" \/>\n<meta property=\"og:title\" content=\"Lipstadt : mon c\u0153ur est d\u00e9chir\u00e9 - Pagine Ebraiche International\" \/>\n<meta property=\"og:description\" content=\"\u201cLe Hamas a d\u00e9clench\u00e9 l\u2019attaque anti-juive la plus mortelle depuis l\u2019\u00e9poque de l\u2019Holocauste. \u00c0 la t\u00eate de ce classement de l\u2019horreur il y avait, jusque \u00e0 il y a quelques jours, l\u2019attentat de l\u2019Association mutuelle isra\u00e9lite argentine de Buenos Aires. Vingt-neuf ans apr\u00e8s ce massacre, nous sommes oblig\u00e9s d\u2019actualiser le classement. Il s\u2019est agi d\u2019un&hellip; leggi&nbsp;\" \/>\n<meta property=\"og:url\" content=\"https:\/\/moked.it\/international\/2023\/10\/30\/lipstadt-mon-coeur-est-dechire\/\" \/>\n<meta property=\"og:site_name\" content=\"Pagine Ebraiche International\" \/>\n<meta property=\"article:published_time\" content=\"2023-10-30T15:04:10+00:00\" \/>\n<meta property=\"article:modified_time\" content=\"2023-11-12T15:03:03+00:00\" \/>\n<meta property=\"og:image\" content=\"http:\/\/moked.it\/international\/files\/2023\/10\/Deborah-Lipstadt.jpg\" \/>\n\t<meta property=\"og:image:width\" content=\"1638\" \/>\n\t<meta property=\"og:image:height\" content=\"2048\" \/>\n\t<meta property=\"og:image:type\" content=\"image\/jpeg\" \/>\n<meta name=\"author\" content=\"International\" \/>\n<meta name=\"twitter:card\" content=\"summary_large_image\" \/>\n<meta name=\"twitter:label1\" content=\"Written by\" \/>\n\t<meta name=\"twitter:data1\" content=\"International\" \/>\n\t<meta name=\"twitter:label2\" content=\"Est. reading time\" \/>\n\t<meta name=\"twitter:data2\" content=\"3 minutes\" \/>\n<script type=\"application\/ld+json\" class=\"yoast-schema-graph\">{\"@context\":\"https:\/\/schema.org\",\"@graph\":[{\"@type\":\"WebPage\",\"@id\":\"https:\/\/moked.it\/international\/2023\/10\/30\/lipstadt-mon-coeur-est-dechire\/\",\"url\":\"https:\/\/moked.it\/international\/2023\/10\/30\/lipstadt-mon-coeur-est-dechire\/\",\"name\":\"Lipstadt : mon c\u0153ur est d\u00e9chir\u00e9 - Pagine Ebraiche International\",\"isPartOf\":{\"@id\":\"https:\/\/moked.it\/international\/#website\"},\"primaryImageOfPage\":{\"@id\":\"https:\/\/moked.it\/international\/2023\/10\/30\/lipstadt-mon-coeur-est-dechire\/#primaryimage\"},\"image\":{\"@id\":\"https:\/\/moked.it\/international\/2023\/10\/30\/lipstadt-mon-coeur-est-dechire\/#primaryimage\"},\"thumbnailUrl\":\"https:\/\/moked.it\/international\/files\/2023\/10\/Deborah-Lipstadt.jpg\",\"datePublished\":\"2023-10-30T15:04:10+00:00\",\"dateModified\":\"2023-11-12T15:03:03+00:00\",\"author\":{\"@id\":\"https:\/\/moked.it\/international\/#\/schema\/person\/c3bf162332195ecfa0f59a8d77e2d8e0\"},\"breadcrumb\":{\"@id\":\"https:\/\/moked.it\/international\/2023\/10\/30\/lipstadt-mon-coeur-est-dechire\/#breadcrumb\"},\"inLanguage\":\"en-US\",\"potentialAction\":[{\"@type\":\"ReadAction\",\"target\":[\"https:\/\/moked.it\/international\/2023\/10\/30\/lipstadt-mon-coeur-est-dechire\/\"]}]},{\"@type\":\"ImageObject\",\"inLanguage\":\"en-US\",\"@id\":\"https:\/\/moked.it\/international\/2023\/10\/30\/lipstadt-mon-coeur-est-dechire\/#primaryimage\",\"url\":\"https:\/\/moked.it\/international\/files\/2023\/10\/Deborah-Lipstadt.jpg\",\"contentUrl\":\"https:\/\/moked.it\/international\/files\/2023\/10\/Deborah-Lipstadt.jpg\",\"width\":1638,\"height\":2048},{\"@type\":\"BreadcrumbList\",\"@id\":\"https:\/\/moked.it\/international\/2023\/10\/30\/lipstadt-mon-coeur-est-dechire\/#breadcrumb\",\"itemListElement\":[{\"@type\":\"ListItem\",\"position\":1,\"name\":\"Home\",\"item\":\"https:\/\/moked.it\/international\/\"},{\"@type\":\"ListItem\",\"position\":2,\"name\":\"Lipstadt : mon c\u0153ur est d\u00e9chir\u00e9\"}]},{\"@type\":\"WebSite\",\"@id\":\"https:\/\/moked.it\/international\/#website\",\"url\":\"https:\/\/moked.it\/international\/\",\"name\":\"Pagine Ebraiche International\",\"description\":\"A Taste of the Italian Jewish World\",\"potentialAction\":[{\"@type\":\"SearchAction\",\"target\":{\"@type\":\"EntryPoint\",\"urlTemplate\":\"https:\/\/moked.it\/international\/?s={search_term_string}\"},\"query-input\":{\"@type\":\"PropertyValueSpecification\",\"valueRequired\":true,\"valueName\":\"search_term_string\"}}],\"inLanguage\":\"en-US\"},{\"@type\":\"Person\",\"@id\":\"https:\/\/moked.it\/international\/#\/schema\/person\/c3bf162332195ecfa0f59a8d77e2d8e0\",\"name\":\"International\",\"image\":{\"@type\":\"ImageObject\",\"inLanguage\":\"en-US\",\"@id\":\"https:\/\/moked.it\/international\/#\/schema\/person\/image\/\",\"url\":\"https:\/\/secure.gravatar.com\/avatar\/fcc45e46827a23a18a55ed177c93c0128a33d90bcebafd45d3f1f9b8cac46b22?s=96&d=mm&r=g\",\"contentUrl\":\"https:\/\/secure.gravatar.com\/avatar\/fcc45e46827a23a18a55ed177c93c0128a33d90bcebafd45d3f1f9b8cac46b22?s=96&d=mm&r=g\",\"caption\":\"International\"},\"url\":\"https:\/\/moked.it\/international\/author\/danielagross\/\"}]}<\/script>\n<!-- \/ Yoast SEO plugin. -->","yoast_head_json":{"title":"Lipstadt : mon c\u0153ur est d\u00e9chir\u00e9 - Pagine Ebraiche International","robots":{"index":"index","follow":"follow","max-snippet":"max-snippet:-1","max-image-preview":"max-image-preview:large","max-video-preview":"max-video-preview:-1"},"canonical":"https:\/\/moked.it\/international\/2023\/10\/30\/lipstadt-mon-coeur-est-dechire\/","og_locale":"en_US","og_type":"article","og_title":"Lipstadt : mon c\u0153ur est d\u00e9chir\u00e9 - Pagine Ebraiche International","og_description":"\u201cLe Hamas a d\u00e9clench\u00e9 l\u2019attaque anti-juive la plus mortelle depuis l\u2019\u00e9poque de l\u2019Holocauste. \u00c0 la t\u00eate de ce classement de l\u2019horreur il y avait, jusque \u00e0 il y a quelques jours, l\u2019attentat de l\u2019Association mutuelle isra\u00e9lite argentine de Buenos Aires. Vingt-neuf ans apr\u00e8s ce massacre, nous sommes oblig\u00e9s d\u2019actualiser le classement. Il s\u2019est agi d\u2019un&hellip; leggi&nbsp;","og_url":"https:\/\/moked.it\/international\/2023\/10\/30\/lipstadt-mon-coeur-est-dechire\/","og_site_name":"Pagine Ebraiche International","article_published_time":"2023-10-30T15:04:10+00:00","article_modified_time":"2023-11-12T15:03:03+00:00","og_image":[{"width":1638,"height":2048,"url":"http:\/\/moked.it\/international\/files\/2023\/10\/Deborah-Lipstadt.jpg","type":"image\/jpeg"}],"author":"International","twitter_card":"summary_large_image","twitter_misc":{"Written by":"International","Est. reading time":"3 minutes"},"schema":{"@context":"https:\/\/schema.org","@graph":[{"@type":"WebPage","@id":"https:\/\/moked.it\/international\/2023\/10\/30\/lipstadt-mon-coeur-est-dechire\/","url":"https:\/\/moked.it\/international\/2023\/10\/30\/lipstadt-mon-coeur-est-dechire\/","name":"Lipstadt : mon c\u0153ur est d\u00e9chir\u00e9 - Pagine Ebraiche International","isPartOf":{"@id":"https:\/\/moked.it\/international\/#website"},"primaryImageOfPage":{"@id":"https:\/\/moked.it\/international\/2023\/10\/30\/lipstadt-mon-coeur-est-dechire\/#primaryimage"},"image":{"@id":"https:\/\/moked.it\/international\/2023\/10\/30\/lipstadt-mon-coeur-est-dechire\/#primaryimage"},"thumbnailUrl":"https:\/\/moked.it\/international\/files\/2023\/10\/Deborah-Lipstadt.jpg","datePublished":"2023-10-30T15:04:10+00:00","dateModified":"2023-11-12T15:03:03+00:00","author":{"@id":"https:\/\/moked.it\/international\/#\/schema\/person\/c3bf162332195ecfa0f59a8d77e2d8e0"},"breadcrumb":{"@id":"https:\/\/moked.it\/international\/2023\/10\/30\/lipstadt-mon-coeur-est-dechire\/#breadcrumb"},"inLanguage":"en-US","potentialAction":[{"@type":"ReadAction","target":["https:\/\/moked.it\/international\/2023\/10\/30\/lipstadt-mon-coeur-est-dechire\/"]}]},{"@type":"ImageObject","inLanguage":"en-US","@id":"https:\/\/moked.it\/international\/2023\/10\/30\/lipstadt-mon-coeur-est-dechire\/#primaryimage","url":"https:\/\/moked.it\/international\/files\/2023\/10\/Deborah-Lipstadt.jpg","contentUrl":"https:\/\/moked.it\/international\/files\/2023\/10\/Deborah-Lipstadt.jpg","width":1638,"height":2048},{"@type":"BreadcrumbList","@id":"https:\/\/moked.it\/international\/2023\/10\/30\/lipstadt-mon-coeur-est-dechire\/#breadcrumb","itemListElement":[{"@type":"ListItem","position":1,"name":"Home","item":"https:\/\/moked.it\/international\/"},{"@type":"ListItem","position":2,"name":"Lipstadt : mon c\u0153ur est d\u00e9chir\u00e9"}]},{"@type":"WebSite","@id":"https:\/\/moked.it\/international\/#website","url":"https:\/\/moked.it\/international\/","name":"Pagine Ebraiche International","description":"A Taste of the Italian Jewish World","potentialAction":[{"@type":"SearchAction","target":{"@type":"EntryPoint","urlTemplate":"https:\/\/moked.it\/international\/?s={search_term_string}"},"query-input":{"@type":"PropertyValueSpecification","valueRequired":true,"valueName":"search_term_string"}}],"inLanguage":"en-US"},{"@type":"Person","@id":"https:\/\/moked.it\/international\/#\/schema\/person\/c3bf162332195ecfa0f59a8d77e2d8e0","name":"International","image":{"@type":"ImageObject","inLanguage":"en-US","@id":"https:\/\/moked.it\/international\/#\/schema\/person\/image\/","url":"https:\/\/secure.gravatar.com\/avatar\/fcc45e46827a23a18a55ed177c93c0128a33d90bcebafd45d3f1f9b8cac46b22?s=96&d=mm&r=g","contentUrl":"https:\/\/secure.gravatar.com\/avatar\/fcc45e46827a23a18a55ed177c93c0128a33d90bcebafd45d3f1f9b8cac46b22?s=96&d=mm&r=g","caption":"International"},"url":"https:\/\/moked.it\/international\/author\/danielagross\/"}]}},"_links":{"self":[{"href":"https:\/\/moked.it\/international\/wp-json\/wp\/v2\/posts\/9062","targetHints":{"allow":["GET"]}}],"collection":[{"href":"https:\/\/moked.it\/international\/wp-json\/wp\/v2\/posts"}],"about":[{"href":"https:\/\/moked.it\/international\/wp-json\/wp\/v2\/types\/post"}],"author":[{"embeddable":true,"href":"https:\/\/moked.it\/international\/wp-json\/wp\/v2\/users\/4563"}],"replies":[{"embeddable":true,"href":"https:\/\/moked.it\/international\/wp-json\/wp\/v2\/comments?post=9062"}],"version-history":[{"count":2,"href":"https:\/\/moked.it\/international\/wp-json\/wp\/v2\/posts\/9062\/revisions"}],"predecessor-version":[{"id":9065,"href":"https:\/\/moked.it\/international\/wp-json\/wp\/v2\/posts\/9062\/revisions\/9065"}],"wp:featuredmedia":[{"embeddable":true,"href":"https:\/\/moked.it\/international\/wp-json\/wp\/v2\/media\/9063"}],"wp:attachment":[{"href":"https:\/\/moked.it\/international\/wp-json\/wp\/v2\/media?parent=9062"}],"wp:term":[{"taxonomy":"category","embeddable":true,"href":"https:\/\/moked.it\/international\/wp-json\/wp\/v2\/categories?post=9062"},{"taxonomy":"post_tag","embeddable":true,"href":"https:\/\/moked.it\/international\/wp-json\/wp\/v2\/tags?post=9062"},{"taxonomy":"position","embeddable":true,"href":"https:\/\/moked.it\/international\/wp-json\/wp\/v2\/position?post=9062"}],"curies":[{"name":"wp","href":"https:\/\/api.w.org\/{rel}","templated":true}]}}