{"id":9098,"date":"2023-10-30T19:04:10","date_gmt":"2023-10-30T18:04:10","guid":{"rendered":"https:\/\/moked.it\/international\/?p=9098"},"modified":"2023-10-30T19:04:56","modified_gmt":"2023-10-30T18:04:56","slug":"hovori-vatikansky-archivar-g-coco-pius-xii-slozita-osobnost","status":"publish","type":"post","link":"https:\/\/moked.it\/international\/2023\/10\/30\/hovori-vatikansky-archivar-g-coco-pius-xii-slozita-osobnost\/","title":{"rendered":"Hovo\u0159\u00ed vatik\u00e1nsk\u00fd archiv\u00e1\u0159 G. Coco: Pius XII., slo\u017eit\u00e1 osobnost"},"content":{"rendered":"<p>Pius XII., rodn\u00fdm jm\u00e9nem Eugenio Pacelli, v\u011bd\u011bl o existenci vyhlazovac\u00edch t\u00e1bor\u016f. Potvrzuje to ned\u00e1vn\u00fd objev vatik\u00e1nsk\u00e9ho archiv\u00e1\u0159e Giovanniho Coco, kter\u00fd nalezl dopis ze 14. prosince 1942 podepsan\u00fd n\u011bmeck\u00fdm jezuitou Lotharem K\u00f6nigem, v\u016fd\u010d\u00ed osobnost\u00ed opozice proti nacismu v N\u011bmecku. V dopise zaslan\u00e9m osobn\u00edmu sekret\u00e1\u0159i pape\u017ee Robertu Leiberovi, jsou zm\u00edn\u011bny koncentra\u010dn\u00ed t\u00e1bory Osv\u011btim a Dachau. A je v n\u011bm i nast\u00edn\u011bno, k \u010demu doch\u00e1zelo uvnit\u0159. \u201cPius XII. byl v\u00fdznamnou a slo\u017eitou osobnost\u00ed. Postava men\u0161\u00ed ne\u017e triumfuj\u00edc\u00ed sv\u011btec vyobrazen\u00fd na n\u011bkter\u00e9m olejotisku v mysl\u00edch n\u011bkter\u00fdch, ale tak\u00e9 v\u011bt\u0161\u00ed ne\u017e boj\u00e1cn\u00fd Kerberos, jak si ho p\u0159edstavuj\u00ed jin\u00ed,\u201d \u0159\u00edk\u00e1 tisku Pagine Ebraiche archiv\u00e1\u0159 a badatel. Coco, protagonista mezin\u00e1rodn\u00ed konference \u201cNov\u00e9 dokumenty z Pontifik\u00e1tu pape\u017ee Pia XII. a jejich v\u00fdznam pro \u017eidovsko-k\u0159es\u0165ansk\u00e9 vztahy: dialog mezi historiky a teology\u201d (\u201cNew Documents from the Pontificate of Pope Pius XII and their Meaning for Jewish-Christian Relation: A Dialogue between Historians and Theologians\u201d), kter\u00e1 se konala ned\u00e1vno v \u0158\u00edm\u011b, a kter\u00e1 byla organizov\u00e1na mimo jin\u00e9 i Fondazione CDEC Milano (pozn. p\u0159ekl.: Nadac\u00ed Centra sou\u010dasn\u00e9 \u017eidovsk\u00e9 dokumentace), Centrem Cardinal Bea pro \u017eidovsk\u00e1 studia Pape\u017esk\u00e9 univerzity Gregoriana, Washingtonsk\u00fdm Muzeem pam\u011bti holokaustu USA a Pam\u00e1tn\u00edkem ob\u011bt\u00ed holokaustu Jad Va\u0161em v Jeruzal\u00e9m\u011b.<br \/>\n\u201cSlova, ml\u010den\u00ed a nepochopen\u00ed v dokumentech Pia XII.\u201d (1939-1958) je n\u00e1zev jeho p\u0159edn\u00e1\u0161ky, jedn\u00e9 z nejo\u010dek\u00e1van\u011bj\u0161\u00edch, podobn\u011b jako p\u0159edn\u00e1\u0161ka, kterou na stejn\u00e9m zased\u00e1n\u00ed p\u0159ednese nositel Pulitzerovy ceny David Kertzer, \u010derstv\u00fd autor eseje Pape\u017e ve v\u00e1lce. Tajn\u00e1 historie Mussoliniho, Hitlera a Pia XII. \u201cMussolini i Hitler byli experti v zastra\u0161ov\u00e1n\u00ed. A v\u011bd\u011bli dob\u0159e jak\u00e9 p\u00e1ky pou\u017e\u00edt na pape\u017ee. Zda byli \u2018hodn\u00ed\u2019 \u010di \u2018zl\u00ed\u2019, nebylo d\u016fle\u017eit\u00e9. Pro Pia XII. bylo d\u016fle\u017eit\u00e9, \u017ee podporovali c\u00edrkev,\u201d napsal Kertzer ve sv\u00e9 knize, v n\u00ed\u017e na\u010drtl obraz pape\u017ee, kter\u00fd je \u201cp\u0159ipraven\u00fd zahodit sv\u00e9 mor\u00e1ln\u00ed veden\u00ed, jen aby si udr\u017eel svou tis\u00edciletou moc,\u201d na n\u00ed\u017e sed\u011bl. Archiv\u00e1\u0159 Coco nesoud\u00ed, \u201cproto\u017ee to p\u0159\u00edslu\u0161\u00ed pouze Bohu.\u201d Potvrzuje v\u0161ak, \u017ee dokumenty ve vatik\u00e1nsk\u00e9m archivu jsou \u201cv\u00fdjime\u010dnou pom\u016fckou, n\u00e1vodem k pochopen\u00ed \u010dlov\u011bka Pacelliho v jeho mnoha dimenz\u00edch, vzd\u00e1len\u00fdch od legend jak \u010dern\u00fdch tak r\u016f\u017eov\u00fdch.\u201d<br \/>\nT\u00e9ma \u201cml\u010den\u00ed\u201d je v centru jeho p\u0159edn\u00e1\u0161ky. \u201cJak\u00fdsi trycht\u00fd\u0159, do n\u011bho\u017e se nevl\u00e9vaj\u00ed jen kontingen\u010dn\u00ed probl\u00e9my, jako nap\u0159\u00edklad obavy z mo\u017en\u00e9ho protik\u0159es\u0165ansk\u00e9ho pron\u00e1sledov\u00e1n\u00ed. P\u0159isp\u011bly k tomu r\u016fzn\u00e9 p\u0159\u00ed\u010diny a d\u016fvody, v\u010detn\u011b n\u00e1bo\u017eensky motivovan\u00e9ho antisemitismu, kter\u00fdm jsou d\u011bjiny c\u00edrkve bohu\u017eel prosycen\u00e9,\u201d upozor\u0148uje Coco. Ml\u010den\u00ed, kter\u00e9 bude pokra\u010dovat \u201ci po letech pron\u00e1sledov\u00e1n\u00ed,\u201d dod\u00e1v\u00e1. Ve sv\u00e9 p\u0159edn\u00e1\u0161ce se badatel pozastav\u00ed nad setk\u00e1n\u00edm ve Vatik\u00e1nu 29. listopadu roku \u201845: naproti Pacellimu je skupina \u017eid\u016f p\u0159e\u017eiv\u0161\u00edch holokaustu, kte\u0159\u00ed mu \u201cp\u0159i\u0161li pod\u011bkovat za jeho pomoc.\u201d Nicm\u00e9n\u011b \u201cpape\u017e se ve sv\u00e9m projevu nezm\u00ednil o \u0161oa: ani po skon\u010den\u00ed v\u00e1lky, ani v roce \u201845, nemluvil otev\u0159en\u011b o vyhlazov\u00e1n\u00ed.\u201d K\u00f6nig\u016fv dopis, zve\u0159ejn\u011bn na str\u00e1nk\u00e1ch rubriky Lettura den\u00edku Corriere della Sera, m\u011bl celosv\u011btov\u00fd ohlas. \u201cPochopit rozsah toho, co jsem m\u011bl v rukou vy\u017eadovalo \u010das, nic nebylo okam\u017eit\u00e9,\u201d vysv\u011btluje badatel. \u201cDokumenty byly obzvl\u00e1\u0161\u0165 neuspo\u0159\u00e1dan\u00e9. Skute\u010dnost, \u017ee byl podpis ne\u00fapln\u00fd, s k\u0159estn\u00edm jm\u00e9nem, ale bez p\u0159\u00edjmen\u00ed, napomohlo m\u00e9mu b\u00e1d\u00e1n\u00ed: byl to podn\u011bt k tomu, abych zkoumal d\u00e1l a d\u00e1l.\u201d Zb\u00fdv\u00e1 doplnit zna\u010dn\u00e9 mezery, kousky, kter\u00e9 se mo\u017en\u00e1 nikdy nepoda\u0159\u00ed znovu slo\u017eit. T\u00f3n dopisu nap\u0159\u00edklad nazna\u010duje, \u201c\u017ee byly o\u010dek\u00e1v\u00e1ny odpov\u011bdi potvrzuj\u00edc\u00ed existenci pravd\u011bpodobn\u011b rozs\u00e1hlej\u0161\u00ed korespondence, i kdy\u017e ji v tuto chv\u00edli nebylo mo\u017en\u00e9 nal\u00e9zt a mo\u017en\u00e1 ani nikdy nebude.\u201d<br \/>\n\u201cPacellim se zab\u00fdv\u00e1m u\u017e n\u011bkolik let: m\u016fj den ub\u00edh\u00e1 mezi dokumenty, kter\u00fdch je mnoho; nikdo nedok\u00e1\u017ee \u0159\u00edct, kdy skon\u010d\u00edme, mo\u017en\u00e1 tato pr\u00e1ce nikdy dokon\u010dena nebude,\u201d pokra\u010duje Coco. \u201cJe d\u016fle\u017eit\u00e9 si uv\u011bdomit, \u017ee se nejedn\u00e1 o \u2018pomalost\u2019, jak ob\u010das sl\u00fdch\u00e1me: objem materi\u00e1lu je obrovsk\u00fd a je t\u0159eba v\u0161e uspo\u0159\u00e1dat, i proto, aby mohli historikov\u00e9 l\u00e9pe pracovat.\u201d Po t\u0159ech a p\u016fl letech od otev\u0159en\u00ed tajn\u00e9ho archivu, na\u0159\u00edzen\u00e9ho pape\u017eem Franti\u0161kem, z\u016fst\u00e1v\u00e1 pozornost vysok\u00e1: \u201cNa\u0161e s\u00e1ly jsou \u010dasto pln\u00e9. Ne ka\u017ed\u00fd p\u0159ich\u00e1z\u00ed do Vatik\u00e1nu kv\u016fli Pacellimu, ale nepochybn\u011b je velk\u00fd z\u00e1jem o tento pontifik\u00e1t.\u201d<\/p>\n<p><em>P\u0159elo\u017eila Francesca Galiazzo, studentka \u0160koly modern\u00edch jazyk\u016f pro tlumo\u010dn\u00edky a p\u0159ekladatele Univerzity v Terstu a Univerzity v \u0158ezn\u011b, st\u00e1\u017eistka redakce Federace \u017eidovsk\u00fdch obc\u00ed It\u00e1lie &#8211; Pagine Ebraiche.<\/em><\/p>\n","protected":false},"excerpt":{"rendered":"<p>Pius XII., rodn\u00fdm jm\u00e9nem Eugenio Pacelli, v\u011bd\u011bl o existenci vyhlazovac\u00edch t\u00e1bor\u016f. Potvrzuje to ned\u00e1vn\u00fd objev vatik\u00e1nsk\u00e9ho archiv\u00e1\u0159e Giovanniho Coco, kter\u00fd nalezl dopis ze 14. prosince 1942 podepsan\u00fd n\u011bmeck\u00fdm jezuitou Lotharem K\u00f6nigem, v\u016fd\u010d\u00ed osobnost\u00ed opozice proti nacismu v N\u011bmecku. V dopise zaslan\u00e9m osobn\u00edmu sekret\u00e1\u0159i pape\u017ee Robertu Leiberovi, jsou zm\u00edn\u011bny koncentra\u010dn\u00ed t\u00e1bory Osv\u011btim a Dachau. A je&hellip; <a class=\"more\" rel=\"bookmark\" href=\"https:\/\/moked.it\/international\/2023\/10\/30\/hovori-vatikansky-archivar-g-coco-pius-xii-slozita-osobnost\/\">leggi&nbsp;<i class=\"fa fa-chevron-circle-right\"><\/i><\/a><\/p>\n","protected":false},"author":4563,"featured_media":9099,"menu_order":0,"comment_status":"closed","ping_status":"open","sticky":false,"template":"","format":"standard","meta":{"footnotes":""},"categories":[7602],"tags":[],"position":[],"class_list":["post-9098","post","type-post","status-publish","format-standard","has-post-thumbnail","hentry","category-senza-categoria"],"yoast_head":"<!-- This site is optimized with the Yoast SEO plugin v26.0 - https:\/\/yoast.com\/wordpress\/plugins\/seo\/ -->\n<title>Hovo\u0159\u00ed vatik\u00e1nsk\u00fd archiv\u00e1\u0159 G. Coco: Pius XII., slo\u017eit\u00e1 osobnost - Pagine Ebraiche International<\/title>\n<meta name=\"robots\" content=\"index, follow, max-snippet:-1, max-image-preview:large, max-video-preview:-1\" \/>\n<link rel=\"canonical\" href=\"https:\/\/moked.it\/international\/2023\/10\/30\/hovori-vatikansky-archivar-g-coco-pius-xii-slozita-osobnost\/\" \/>\n<meta property=\"og:locale\" content=\"en_US\" \/>\n<meta property=\"og:type\" content=\"article\" \/>\n<meta property=\"og:title\" content=\"Hovo\u0159\u00ed vatik\u00e1nsk\u00fd archiv\u00e1\u0159 G. Coco: Pius XII., slo\u017eit\u00e1 osobnost - Pagine Ebraiche International\" \/>\n<meta property=\"og:description\" content=\"Pius XII., rodn\u00fdm jm\u00e9nem Eugenio Pacelli, v\u011bd\u011bl o existenci vyhlazovac\u00edch t\u00e1bor\u016f. Potvrzuje to ned\u00e1vn\u00fd objev vatik\u00e1nsk\u00e9ho archiv\u00e1\u0159e Giovanniho Coco, kter\u00fd nalezl dopis ze 14. prosince 1942 podepsan\u00fd n\u011bmeck\u00fdm jezuitou Lotharem K\u00f6nigem, v\u016fd\u010d\u00ed osobnost\u00ed opozice proti nacismu v N\u011bmecku. V dopise zaslan\u00e9m osobn\u00edmu sekret\u00e1\u0159i pape\u017ee Robertu Leiberovi, jsou zm\u00edn\u011bny koncentra\u010dn\u00ed t\u00e1bory Osv\u011btim a Dachau. A je&hellip; leggi&nbsp;\" \/>\n<meta property=\"og:url\" content=\"https:\/\/moked.it\/international\/2023\/10\/30\/hovori-vatikansky-archivar-g-coco-pius-xii-slozita-osobnost\/\" \/>\n<meta property=\"og:site_name\" content=\"Pagine Ebraiche International\" \/>\n<meta property=\"article:published_time\" content=\"2023-10-30T18:04:10+00:00\" \/>\n<meta property=\"article:modified_time\" content=\"2023-10-30T18:04:56+00:00\" \/>\n<meta property=\"og:image\" content=\"http:\/\/moked.it\/international\/files\/2023\/10\/Archivi-Vaticano.jpg\" \/>\n\t<meta property=\"og:image:width\" content=\"568\" \/>\n\t<meta property=\"og:image:height\" content=\"400\" \/>\n\t<meta property=\"og:image:type\" content=\"image\/jpeg\" \/>\n<meta name=\"author\" content=\"International\" \/>\n<meta name=\"twitter:card\" content=\"summary_large_image\" \/>\n<meta name=\"twitter:label1\" content=\"Written by\" \/>\n\t<meta name=\"twitter:data1\" content=\"International\" \/>\n\t<meta name=\"twitter:label2\" content=\"Est. reading time\" \/>\n\t<meta name=\"twitter:data2\" content=\"3 minutes\" \/>\n<script type=\"application\/ld+json\" class=\"yoast-schema-graph\">{\"@context\":\"https:\/\/schema.org\",\"@graph\":[{\"@type\":\"WebPage\",\"@id\":\"https:\/\/moked.it\/international\/2023\/10\/30\/hovori-vatikansky-archivar-g-coco-pius-xii-slozita-osobnost\/\",\"url\":\"https:\/\/moked.it\/international\/2023\/10\/30\/hovori-vatikansky-archivar-g-coco-pius-xii-slozita-osobnost\/\",\"name\":\"Hovo\u0159\u00ed vatik\u00e1nsk\u00fd archiv\u00e1\u0159 G. Coco: Pius XII., slo\u017eit\u00e1 osobnost - Pagine Ebraiche International\",\"isPartOf\":{\"@id\":\"https:\/\/moked.it\/international\/#website\"},\"primaryImageOfPage\":{\"@id\":\"https:\/\/moked.it\/international\/2023\/10\/30\/hovori-vatikansky-archivar-g-coco-pius-xii-slozita-osobnost\/#primaryimage\"},\"image\":{\"@id\":\"https:\/\/moked.it\/international\/2023\/10\/30\/hovori-vatikansky-archivar-g-coco-pius-xii-slozita-osobnost\/#primaryimage\"},\"thumbnailUrl\":\"https:\/\/moked.it\/international\/files\/2023\/10\/Archivi-Vaticano.jpg\",\"datePublished\":\"2023-10-30T18:04:10+00:00\",\"dateModified\":\"2023-10-30T18:04:56+00:00\",\"author\":{\"@id\":\"https:\/\/moked.it\/international\/#\/schema\/person\/c3bf162332195ecfa0f59a8d77e2d8e0\"},\"breadcrumb\":{\"@id\":\"https:\/\/moked.it\/international\/2023\/10\/30\/hovori-vatikansky-archivar-g-coco-pius-xii-slozita-osobnost\/#breadcrumb\"},\"inLanguage\":\"en-US\",\"potentialAction\":[{\"@type\":\"ReadAction\",\"target\":[\"https:\/\/moked.it\/international\/2023\/10\/30\/hovori-vatikansky-archivar-g-coco-pius-xii-slozita-osobnost\/\"]}]},{\"@type\":\"ImageObject\",\"inLanguage\":\"en-US\",\"@id\":\"https:\/\/moked.it\/international\/2023\/10\/30\/hovori-vatikansky-archivar-g-coco-pius-xii-slozita-osobnost\/#primaryimage\",\"url\":\"https:\/\/moked.it\/international\/files\/2023\/10\/Archivi-Vaticano.jpg\",\"contentUrl\":\"https:\/\/moked.it\/international\/files\/2023\/10\/Archivi-Vaticano.jpg\",\"width\":568,\"height\":400},{\"@type\":\"BreadcrumbList\",\"@id\":\"https:\/\/moked.it\/international\/2023\/10\/30\/hovori-vatikansky-archivar-g-coco-pius-xii-slozita-osobnost\/#breadcrumb\",\"itemListElement\":[{\"@type\":\"ListItem\",\"position\":1,\"name\":\"Home\",\"item\":\"https:\/\/moked.it\/international\/\"},{\"@type\":\"ListItem\",\"position\":2,\"name\":\"Hovo\u0159\u00ed vatik\u00e1nsk\u00fd archiv\u00e1\u0159 G. Coco: Pius XII., slo\u017eit\u00e1 osobnost\"}]},{\"@type\":\"WebSite\",\"@id\":\"https:\/\/moked.it\/international\/#website\",\"url\":\"https:\/\/moked.it\/international\/\",\"name\":\"Pagine Ebraiche International\",\"description\":\"A Taste of the Italian Jewish World\",\"potentialAction\":[{\"@type\":\"SearchAction\",\"target\":{\"@type\":\"EntryPoint\",\"urlTemplate\":\"https:\/\/moked.it\/international\/?s={search_term_string}\"},\"query-input\":{\"@type\":\"PropertyValueSpecification\",\"valueRequired\":true,\"valueName\":\"search_term_string\"}}],\"inLanguage\":\"en-US\"},{\"@type\":\"Person\",\"@id\":\"https:\/\/moked.it\/international\/#\/schema\/person\/c3bf162332195ecfa0f59a8d77e2d8e0\",\"name\":\"International\",\"image\":{\"@type\":\"ImageObject\",\"inLanguage\":\"en-US\",\"@id\":\"https:\/\/moked.it\/international\/#\/schema\/person\/image\/\",\"url\":\"https:\/\/secure.gravatar.com\/avatar\/fcc45e46827a23a18a55ed177c93c0128a33d90bcebafd45d3f1f9b8cac46b22?s=96&d=mm&r=g\",\"contentUrl\":\"https:\/\/secure.gravatar.com\/avatar\/fcc45e46827a23a18a55ed177c93c0128a33d90bcebafd45d3f1f9b8cac46b22?s=96&d=mm&r=g\",\"caption\":\"International\"},\"url\":\"https:\/\/moked.it\/international\/author\/danielagross\/\"}]}<\/script>\n<!-- \/ Yoast SEO plugin. -->","yoast_head_json":{"title":"Hovo\u0159\u00ed vatik\u00e1nsk\u00fd archiv\u00e1\u0159 G. Coco: Pius XII., slo\u017eit\u00e1 osobnost - Pagine Ebraiche International","robots":{"index":"index","follow":"follow","max-snippet":"max-snippet:-1","max-image-preview":"max-image-preview:large","max-video-preview":"max-video-preview:-1"},"canonical":"https:\/\/moked.it\/international\/2023\/10\/30\/hovori-vatikansky-archivar-g-coco-pius-xii-slozita-osobnost\/","og_locale":"en_US","og_type":"article","og_title":"Hovo\u0159\u00ed vatik\u00e1nsk\u00fd archiv\u00e1\u0159 G. Coco: Pius XII., slo\u017eit\u00e1 osobnost - Pagine Ebraiche International","og_description":"Pius XII., rodn\u00fdm jm\u00e9nem Eugenio Pacelli, v\u011bd\u011bl o existenci vyhlazovac\u00edch t\u00e1bor\u016f. Potvrzuje to ned\u00e1vn\u00fd objev vatik\u00e1nsk\u00e9ho archiv\u00e1\u0159e Giovanniho Coco, kter\u00fd nalezl dopis ze 14. prosince 1942 podepsan\u00fd n\u011bmeck\u00fdm jezuitou Lotharem K\u00f6nigem, v\u016fd\u010d\u00ed osobnost\u00ed opozice proti nacismu v N\u011bmecku. V dopise zaslan\u00e9m osobn\u00edmu sekret\u00e1\u0159i pape\u017ee Robertu Leiberovi, jsou zm\u00edn\u011bny koncentra\u010dn\u00ed t\u00e1bory Osv\u011btim a Dachau. A je&hellip; leggi&nbsp;","og_url":"https:\/\/moked.it\/international\/2023\/10\/30\/hovori-vatikansky-archivar-g-coco-pius-xii-slozita-osobnost\/","og_site_name":"Pagine Ebraiche International","article_published_time":"2023-10-30T18:04:10+00:00","article_modified_time":"2023-10-30T18:04:56+00:00","og_image":[{"width":568,"height":400,"url":"http:\/\/moked.it\/international\/files\/2023\/10\/Archivi-Vaticano.jpg","type":"image\/jpeg"}],"author":"International","twitter_card":"summary_large_image","twitter_misc":{"Written by":"International","Est. reading time":"3 minutes"},"schema":{"@context":"https:\/\/schema.org","@graph":[{"@type":"WebPage","@id":"https:\/\/moked.it\/international\/2023\/10\/30\/hovori-vatikansky-archivar-g-coco-pius-xii-slozita-osobnost\/","url":"https:\/\/moked.it\/international\/2023\/10\/30\/hovori-vatikansky-archivar-g-coco-pius-xii-slozita-osobnost\/","name":"Hovo\u0159\u00ed vatik\u00e1nsk\u00fd archiv\u00e1\u0159 G. Coco: Pius XII., slo\u017eit\u00e1 osobnost - Pagine Ebraiche International","isPartOf":{"@id":"https:\/\/moked.it\/international\/#website"},"primaryImageOfPage":{"@id":"https:\/\/moked.it\/international\/2023\/10\/30\/hovori-vatikansky-archivar-g-coco-pius-xii-slozita-osobnost\/#primaryimage"},"image":{"@id":"https:\/\/moked.it\/international\/2023\/10\/30\/hovori-vatikansky-archivar-g-coco-pius-xii-slozita-osobnost\/#primaryimage"},"thumbnailUrl":"https:\/\/moked.it\/international\/files\/2023\/10\/Archivi-Vaticano.jpg","datePublished":"2023-10-30T18:04:10+00:00","dateModified":"2023-10-30T18:04:56+00:00","author":{"@id":"https:\/\/moked.it\/international\/#\/schema\/person\/c3bf162332195ecfa0f59a8d77e2d8e0"},"breadcrumb":{"@id":"https:\/\/moked.it\/international\/2023\/10\/30\/hovori-vatikansky-archivar-g-coco-pius-xii-slozita-osobnost\/#breadcrumb"},"inLanguage":"en-US","potentialAction":[{"@type":"ReadAction","target":["https:\/\/moked.it\/international\/2023\/10\/30\/hovori-vatikansky-archivar-g-coco-pius-xii-slozita-osobnost\/"]}]},{"@type":"ImageObject","inLanguage":"en-US","@id":"https:\/\/moked.it\/international\/2023\/10\/30\/hovori-vatikansky-archivar-g-coco-pius-xii-slozita-osobnost\/#primaryimage","url":"https:\/\/moked.it\/international\/files\/2023\/10\/Archivi-Vaticano.jpg","contentUrl":"https:\/\/moked.it\/international\/files\/2023\/10\/Archivi-Vaticano.jpg","width":568,"height":400},{"@type":"BreadcrumbList","@id":"https:\/\/moked.it\/international\/2023\/10\/30\/hovori-vatikansky-archivar-g-coco-pius-xii-slozita-osobnost\/#breadcrumb","itemListElement":[{"@type":"ListItem","position":1,"name":"Home","item":"https:\/\/moked.it\/international\/"},{"@type":"ListItem","position":2,"name":"Hovo\u0159\u00ed vatik\u00e1nsk\u00fd archiv\u00e1\u0159 G. Coco: Pius XII., slo\u017eit\u00e1 osobnost"}]},{"@type":"WebSite","@id":"https:\/\/moked.it\/international\/#website","url":"https:\/\/moked.it\/international\/","name":"Pagine Ebraiche International","description":"A Taste of the Italian Jewish World","potentialAction":[{"@type":"SearchAction","target":{"@type":"EntryPoint","urlTemplate":"https:\/\/moked.it\/international\/?s={search_term_string}"},"query-input":{"@type":"PropertyValueSpecification","valueRequired":true,"valueName":"search_term_string"}}],"inLanguage":"en-US"},{"@type":"Person","@id":"https:\/\/moked.it\/international\/#\/schema\/person\/c3bf162332195ecfa0f59a8d77e2d8e0","name":"International","image":{"@type":"ImageObject","inLanguage":"en-US","@id":"https:\/\/moked.it\/international\/#\/schema\/person\/image\/","url":"https:\/\/secure.gravatar.com\/avatar\/fcc45e46827a23a18a55ed177c93c0128a33d90bcebafd45d3f1f9b8cac46b22?s=96&d=mm&r=g","contentUrl":"https:\/\/secure.gravatar.com\/avatar\/fcc45e46827a23a18a55ed177c93c0128a33d90bcebafd45d3f1f9b8cac46b22?s=96&d=mm&r=g","caption":"International"},"url":"https:\/\/moked.it\/international\/author\/danielagross\/"}]}},"_links":{"self":[{"href":"https:\/\/moked.it\/international\/wp-json\/wp\/v2\/posts\/9098","targetHints":{"allow":["GET"]}}],"collection":[{"href":"https:\/\/moked.it\/international\/wp-json\/wp\/v2\/posts"}],"about":[{"href":"https:\/\/moked.it\/international\/wp-json\/wp\/v2\/types\/post"}],"author":[{"embeddable":true,"href":"https:\/\/moked.it\/international\/wp-json\/wp\/v2\/users\/4563"}],"replies":[{"embeddable":true,"href":"https:\/\/moked.it\/international\/wp-json\/wp\/v2\/comments?post=9098"}],"version-history":[{"count":1,"href":"https:\/\/moked.it\/international\/wp-json\/wp\/v2\/posts\/9098\/revisions"}],"predecessor-version":[{"id":9100,"href":"https:\/\/moked.it\/international\/wp-json\/wp\/v2\/posts\/9098\/revisions\/9100"}],"wp:featuredmedia":[{"embeddable":true,"href":"https:\/\/moked.it\/international\/wp-json\/wp\/v2\/media\/9099"}],"wp:attachment":[{"href":"https:\/\/moked.it\/international\/wp-json\/wp\/v2\/media?parent=9098"}],"wp:term":[{"taxonomy":"category","embeddable":true,"href":"https:\/\/moked.it\/international\/wp-json\/wp\/v2\/categories?post=9098"},{"taxonomy":"post_tag","embeddable":true,"href":"https:\/\/moked.it\/international\/wp-json\/wp\/v2\/tags?post=9098"},{"taxonomy":"position","embeddable":true,"href":"https:\/\/moked.it\/international\/wp-json\/wp\/v2\/position?post=9098"}],"curies":[{"name":"wp","href":"https:\/\/api.w.org\/{rel}","templated":true}]}}