{"id":9104,"date":"2023-10-30T19:09:21","date_gmt":"2023-10-30T18:09:21","guid":{"rendered":"https:\/\/moked.it\/international\/?p=9104"},"modified":"2023-10-30T19:09:21","modified_gmt":"2023-10-30T18:09:21","slug":"1943-die-deportation-der-carabinieri","status":"publish","type":"post","link":"https:\/\/moked.it\/international\/2023\/10\/30\/1943-die-deportation-der-carabinieri\/","title":{"rendered":"1943: die Deportation der Carabinieri"},"content":{"rendered":"<p>Am 7. Oktober 1943, neun Tage bevor die r\u00f6mischen Juden geraubt wurden, verhafteten deutsche Fallschirmj\u00e4ger und SS-Truppen \u00fcber 2000 Carabinieri, die in Rom Dienst taten. Diese Initiative, gebilligt von Marschall Rodolfo Graziani, dem Verteidigungsminister der Italienischen Sozialrepublik, hatte das Ziel, die Arbeit der nationalsozialistischen Besatzer zu \u201eerleichtern\u201c. Man dachte n\u00e4mlich, dass die Mitglieder der Carabinieri Hindernisse f\u00fcr einige kriminelle Handlungen in der Zukunft darstellen k\u00f6nnten, wie eben die Verhaftung und die Deportation der Juden Roms. Die Carabinieri wurden ihrerseits in Konzentrationslager deportiert und \u00fcber 600 von ihnen kamen ums Leben.<br \/>\nDer 80. Jahrestag ihrer Verhaftung ist der Schwerpunkt einer Gedenkfeier, die am 27. September in der Kaserne stattfand, die dem Hauptmann Orlando De Tommaso gewidmet ist: Ein heldenhafter Staatsdiener, der im September 1943 an der Spitze seiner Einheit bei der Verteidigung der Stadt an der Porta San Paolo fiel. An der Gedenkzeremonie f\u00fcr die Carabinieri hat die UCEI-Beauftragte f\u00fcr Bildungspolitik Livia Ottolenghi teilgenommen, w\u00e4hrend Riccardo Di Segni, Oberrabbiner von Rom, ein Gebet gesprochen hat. W\u00e4hrend der Gedenkfeier des letzten Jahres hatte der Befehlshaber der Carabinieri-Schulen, Giuseppe Governale, den 7. Oktober 1943 als \u201eeinen von den Italienern vergessenen Tag\u201c bezeichnet. Einer der Tage, hatte er dann gesagt, \u201eder uns mit dem j\u00fcdischen Volk verbindet\u201c. <\/p>\n<p><em>\u00dcbersetzt von Martina Bandini, durchgesehen von Maria Cianciuolo, Sch\u00fclerinnen der Hochschule f\u00fcr moderne Sprachen f\u00fcr Dolmetscher und \u00dcbersetzer der Universit\u00e4t von Triest, Praktikantin in der Redaktion der Vereinigung der Italienischen J\u00fcdischen Gemeinschaften \u2013 Pagine Ebraiche.<\/em><\/p>\n","protected":false},"excerpt":{"rendered":"<p>Am 7. Oktober 1943, neun Tage bevor die r\u00f6mischen Juden geraubt wurden, verhafteten deutsche Fallschirmj\u00e4ger und SS-Truppen \u00fcber 2000 Carabinieri, die in Rom Dienst taten. Diese Initiative, gebilligt von Marschall Rodolfo Graziani, dem Verteidigungsminister der Italienischen Sozialrepublik, hatte das Ziel, die Arbeit der nationalsozialistischen Besatzer zu \u201eerleichtern\u201c. Man dachte n\u00e4mlich, dass die Mitglieder der Carabinieri&hellip; <a class=\"more\" rel=\"bookmark\" href=\"https:\/\/moked.it\/international\/2023\/10\/30\/1943-die-deportation-der-carabinieri\/\">leggi&nbsp;<i class=\"fa fa-chevron-circle-right\"><\/i><\/a><\/p>\n","protected":false},"author":4563,"featured_media":9105,"menu_order":0,"comment_status":"closed","ping_status":"open","sticky":false,"template":"","format":"standard","meta":{"footnotes":""},"categories":[7602],"tags":[],"position":[],"class_list":["post-9104","post","type-post","status-publish","format-standard","has-post-thumbnail","hentry","category-senza-categoria"],"yoast_head":"<!-- This site is optimized with the Yoast SEO plugin v26.0 - https:\/\/yoast.com\/wordpress\/plugins\/seo\/ -->\n<title>1943: die Deportation der Carabinieri - Pagine Ebraiche International<\/title>\n<meta name=\"robots\" content=\"index, follow, max-snippet:-1, max-image-preview:large, max-video-preview:-1\" \/>\n<link rel=\"canonical\" href=\"https:\/\/moked.it\/international\/2023\/10\/30\/1943-die-deportation-der-carabinieri\/\" \/>\n<meta property=\"og:locale\" content=\"en_US\" \/>\n<meta property=\"og:type\" content=\"article\" \/>\n<meta property=\"og:title\" content=\"1943: die Deportation der Carabinieri - Pagine Ebraiche International\" \/>\n<meta property=\"og:description\" content=\"Am 7. Oktober 1943, neun Tage bevor die r\u00f6mischen Juden geraubt wurden, verhafteten deutsche Fallschirmj\u00e4ger und SS-Truppen \u00fcber 2000 Carabinieri, die in Rom Dienst taten. Diese Initiative, gebilligt von Marschall Rodolfo Graziani, dem Verteidigungsminister der Italienischen Sozialrepublik, hatte das Ziel, die Arbeit der nationalsozialistischen Besatzer zu \u201eerleichtern\u201c. Man dachte n\u00e4mlich, dass die Mitglieder der Carabinieri&hellip; leggi&nbsp;\" \/>\n<meta property=\"og:url\" content=\"https:\/\/moked.it\/international\/2023\/10\/30\/1943-die-deportation-der-carabinieri\/\" \/>\n<meta property=\"og:site_name\" content=\"Pagine Ebraiche International\" \/>\n<meta property=\"article:published_time\" content=\"2023-10-30T18:09:21+00:00\" \/>\n<meta property=\"og:image\" content=\"http:\/\/moked.it\/international\/files\/2023\/10\/unnamed-3.jpg\" \/>\n\t<meta property=\"og:image:width\" content=\"1600\" \/>\n\t<meta property=\"og:image:height\" content=\"1067\" \/>\n\t<meta property=\"og:image:type\" content=\"image\/jpeg\" \/>\n<meta name=\"author\" content=\"International\" \/>\n<meta name=\"twitter:card\" content=\"summary_large_image\" \/>\n<meta name=\"twitter:label1\" content=\"Written by\" \/>\n\t<meta name=\"twitter:data1\" content=\"International\" \/>\n<script type=\"application\/ld+json\" class=\"yoast-schema-graph\">{\"@context\":\"https:\/\/schema.org\",\"@graph\":[{\"@type\":\"WebPage\",\"@id\":\"https:\/\/moked.it\/international\/2023\/10\/30\/1943-die-deportation-der-carabinieri\/\",\"url\":\"https:\/\/moked.it\/international\/2023\/10\/30\/1943-die-deportation-der-carabinieri\/\",\"name\":\"1943: die Deportation der Carabinieri - Pagine Ebraiche International\",\"isPartOf\":{\"@id\":\"https:\/\/moked.it\/international\/#website\"},\"primaryImageOfPage\":{\"@id\":\"https:\/\/moked.it\/international\/2023\/10\/30\/1943-die-deportation-der-carabinieri\/#primaryimage\"},\"image\":{\"@id\":\"https:\/\/moked.it\/international\/2023\/10\/30\/1943-die-deportation-der-carabinieri\/#primaryimage\"},\"thumbnailUrl\":\"https:\/\/moked.it\/international\/files\/2023\/10\/unnamed-3.jpg\",\"datePublished\":\"2023-10-30T18:09:21+00:00\",\"author\":{\"@id\":\"https:\/\/moked.it\/international\/#\/schema\/person\/c3bf162332195ecfa0f59a8d77e2d8e0\"},\"breadcrumb\":{\"@id\":\"https:\/\/moked.it\/international\/2023\/10\/30\/1943-die-deportation-der-carabinieri\/#breadcrumb\"},\"inLanguage\":\"en-US\",\"potentialAction\":[{\"@type\":\"ReadAction\",\"target\":[\"https:\/\/moked.it\/international\/2023\/10\/30\/1943-die-deportation-der-carabinieri\/\"]}]},{\"@type\":\"ImageObject\",\"inLanguage\":\"en-US\",\"@id\":\"https:\/\/moked.it\/international\/2023\/10\/30\/1943-die-deportation-der-carabinieri\/#primaryimage\",\"url\":\"https:\/\/moked.it\/international\/files\/2023\/10\/unnamed-3.jpg\",\"contentUrl\":\"https:\/\/moked.it\/international\/files\/2023\/10\/unnamed-3.jpg\",\"width\":1600,\"height\":1067,\"caption\":\"Soldiers of the Carabinieri, lined up in full uniform with the typical hat called Lucerna, during the Arma festival held in Taranto on 05 June 2023\"},{\"@type\":\"BreadcrumbList\",\"@id\":\"https:\/\/moked.it\/international\/2023\/10\/30\/1943-die-deportation-der-carabinieri\/#breadcrumb\",\"itemListElement\":[{\"@type\":\"ListItem\",\"position\":1,\"name\":\"Home\",\"item\":\"https:\/\/moked.it\/international\/\"},{\"@type\":\"ListItem\",\"position\":2,\"name\":\"1943: die Deportation der Carabinieri\"}]},{\"@type\":\"WebSite\",\"@id\":\"https:\/\/moked.it\/international\/#website\",\"url\":\"https:\/\/moked.it\/international\/\",\"name\":\"Pagine Ebraiche International\",\"description\":\"A Taste of the Italian Jewish World\",\"potentialAction\":[{\"@type\":\"SearchAction\",\"target\":{\"@type\":\"EntryPoint\",\"urlTemplate\":\"https:\/\/moked.it\/international\/?s={search_term_string}\"},\"query-input\":{\"@type\":\"PropertyValueSpecification\",\"valueRequired\":true,\"valueName\":\"search_term_string\"}}],\"inLanguage\":\"en-US\"},{\"@type\":\"Person\",\"@id\":\"https:\/\/moked.it\/international\/#\/schema\/person\/c3bf162332195ecfa0f59a8d77e2d8e0\",\"name\":\"International\",\"image\":{\"@type\":\"ImageObject\",\"inLanguage\":\"en-US\",\"@id\":\"https:\/\/moked.it\/international\/#\/schema\/person\/image\/\",\"url\":\"https:\/\/secure.gravatar.com\/avatar\/fcc45e46827a23a18a55ed177c93c0128a33d90bcebafd45d3f1f9b8cac46b22?s=96&d=mm&r=g\",\"contentUrl\":\"https:\/\/secure.gravatar.com\/avatar\/fcc45e46827a23a18a55ed177c93c0128a33d90bcebafd45d3f1f9b8cac46b22?s=96&d=mm&r=g\",\"caption\":\"International\"},\"url\":\"https:\/\/moked.it\/international\/author\/danielagross\/\"}]}<\/script>\n<!-- \/ Yoast SEO plugin. -->","yoast_head_json":{"title":"1943: die Deportation der Carabinieri - Pagine Ebraiche International","robots":{"index":"index","follow":"follow","max-snippet":"max-snippet:-1","max-image-preview":"max-image-preview:large","max-video-preview":"max-video-preview:-1"},"canonical":"https:\/\/moked.it\/international\/2023\/10\/30\/1943-die-deportation-der-carabinieri\/","og_locale":"en_US","og_type":"article","og_title":"1943: die Deportation der Carabinieri - Pagine Ebraiche International","og_description":"Am 7. Oktober 1943, neun Tage bevor die r\u00f6mischen Juden geraubt wurden, verhafteten deutsche Fallschirmj\u00e4ger und SS-Truppen \u00fcber 2000 Carabinieri, die in Rom Dienst taten. Diese Initiative, gebilligt von Marschall Rodolfo Graziani, dem Verteidigungsminister der Italienischen Sozialrepublik, hatte das Ziel, die Arbeit der nationalsozialistischen Besatzer zu \u201eerleichtern\u201c. Man dachte n\u00e4mlich, dass die Mitglieder der Carabinieri&hellip; leggi&nbsp;","og_url":"https:\/\/moked.it\/international\/2023\/10\/30\/1943-die-deportation-der-carabinieri\/","og_site_name":"Pagine Ebraiche International","article_published_time":"2023-10-30T18:09:21+00:00","og_image":[{"width":1600,"height":1067,"url":"http:\/\/moked.it\/international\/files\/2023\/10\/unnamed-3.jpg","type":"image\/jpeg"}],"author":"International","twitter_card":"summary_large_image","twitter_misc":{"Written by":"International"},"schema":{"@context":"https:\/\/schema.org","@graph":[{"@type":"WebPage","@id":"https:\/\/moked.it\/international\/2023\/10\/30\/1943-die-deportation-der-carabinieri\/","url":"https:\/\/moked.it\/international\/2023\/10\/30\/1943-die-deportation-der-carabinieri\/","name":"1943: die Deportation der Carabinieri - Pagine Ebraiche International","isPartOf":{"@id":"https:\/\/moked.it\/international\/#website"},"primaryImageOfPage":{"@id":"https:\/\/moked.it\/international\/2023\/10\/30\/1943-die-deportation-der-carabinieri\/#primaryimage"},"image":{"@id":"https:\/\/moked.it\/international\/2023\/10\/30\/1943-die-deportation-der-carabinieri\/#primaryimage"},"thumbnailUrl":"https:\/\/moked.it\/international\/files\/2023\/10\/unnamed-3.jpg","datePublished":"2023-10-30T18:09:21+00:00","author":{"@id":"https:\/\/moked.it\/international\/#\/schema\/person\/c3bf162332195ecfa0f59a8d77e2d8e0"},"breadcrumb":{"@id":"https:\/\/moked.it\/international\/2023\/10\/30\/1943-die-deportation-der-carabinieri\/#breadcrumb"},"inLanguage":"en-US","potentialAction":[{"@type":"ReadAction","target":["https:\/\/moked.it\/international\/2023\/10\/30\/1943-die-deportation-der-carabinieri\/"]}]},{"@type":"ImageObject","inLanguage":"en-US","@id":"https:\/\/moked.it\/international\/2023\/10\/30\/1943-die-deportation-der-carabinieri\/#primaryimage","url":"https:\/\/moked.it\/international\/files\/2023\/10\/unnamed-3.jpg","contentUrl":"https:\/\/moked.it\/international\/files\/2023\/10\/unnamed-3.jpg","width":1600,"height":1067,"caption":"Soldiers of the Carabinieri, lined up in full uniform with the typical hat called Lucerna, during the Arma festival held in Taranto on 05 June 2023"},{"@type":"BreadcrumbList","@id":"https:\/\/moked.it\/international\/2023\/10\/30\/1943-die-deportation-der-carabinieri\/#breadcrumb","itemListElement":[{"@type":"ListItem","position":1,"name":"Home","item":"https:\/\/moked.it\/international\/"},{"@type":"ListItem","position":2,"name":"1943: die Deportation der Carabinieri"}]},{"@type":"WebSite","@id":"https:\/\/moked.it\/international\/#website","url":"https:\/\/moked.it\/international\/","name":"Pagine Ebraiche International","description":"A Taste of the Italian Jewish World","potentialAction":[{"@type":"SearchAction","target":{"@type":"EntryPoint","urlTemplate":"https:\/\/moked.it\/international\/?s={search_term_string}"},"query-input":{"@type":"PropertyValueSpecification","valueRequired":true,"valueName":"search_term_string"}}],"inLanguage":"en-US"},{"@type":"Person","@id":"https:\/\/moked.it\/international\/#\/schema\/person\/c3bf162332195ecfa0f59a8d77e2d8e0","name":"International","image":{"@type":"ImageObject","inLanguage":"en-US","@id":"https:\/\/moked.it\/international\/#\/schema\/person\/image\/","url":"https:\/\/secure.gravatar.com\/avatar\/fcc45e46827a23a18a55ed177c93c0128a33d90bcebafd45d3f1f9b8cac46b22?s=96&d=mm&r=g","contentUrl":"https:\/\/secure.gravatar.com\/avatar\/fcc45e46827a23a18a55ed177c93c0128a33d90bcebafd45d3f1f9b8cac46b22?s=96&d=mm&r=g","caption":"International"},"url":"https:\/\/moked.it\/international\/author\/danielagross\/"}]}},"_links":{"self":[{"href":"https:\/\/moked.it\/international\/wp-json\/wp\/v2\/posts\/9104","targetHints":{"allow":["GET"]}}],"collection":[{"href":"https:\/\/moked.it\/international\/wp-json\/wp\/v2\/posts"}],"about":[{"href":"https:\/\/moked.it\/international\/wp-json\/wp\/v2\/types\/post"}],"author":[{"embeddable":true,"href":"https:\/\/moked.it\/international\/wp-json\/wp\/v2\/users\/4563"}],"replies":[{"embeddable":true,"href":"https:\/\/moked.it\/international\/wp-json\/wp\/v2\/comments?post=9104"}],"version-history":[{"count":1,"href":"https:\/\/moked.it\/international\/wp-json\/wp\/v2\/posts\/9104\/revisions"}],"predecessor-version":[{"id":9106,"href":"https:\/\/moked.it\/international\/wp-json\/wp\/v2\/posts\/9104\/revisions\/9106"}],"wp:featuredmedia":[{"embeddable":true,"href":"https:\/\/moked.it\/international\/wp-json\/wp\/v2\/media\/9105"}],"wp:attachment":[{"href":"https:\/\/moked.it\/international\/wp-json\/wp\/v2\/media?parent=9104"}],"wp:term":[{"taxonomy":"category","embeddable":true,"href":"https:\/\/moked.it\/international\/wp-json\/wp\/v2\/categories?post=9104"},{"taxonomy":"post_tag","embeddable":true,"href":"https:\/\/moked.it\/international\/wp-json\/wp\/v2\/tags?post=9104"},{"taxonomy":"position","embeddable":true,"href":"https:\/\/moked.it\/international\/wp-json\/wp\/v2\/position?post=9104"}],"curies":[{"name":"wp","href":"https:\/\/api.w.org\/{rel}","templated":true}]}}