{"id":9107,"date":"2023-10-30T19:10:30","date_gmt":"2023-10-30T18:10:30","guid":{"rendered":"https:\/\/moked.it\/international\/?p=9107"},"modified":"2023-10-30T19:10:30","modified_gmt":"2023-10-30T18:10:30","slug":"eugenio-calabi-100-anos-de-ciencia","status":"publish","type":"post","link":"https:\/\/moked.it\/international\/2023\/10\/30\/eugenio-calabi-100-anos-de-ciencia\/","title":{"rendered":"Eugenio Calabi, 100 anos de ci\u00eancia"},"content":{"rendered":"<p>&#8220;Um matem\u00e1tico vision\u00e1rio cujo trabalho teve profundas implica\u00e7\u00f5es at\u00e9 al\u00e9m do seu campo de estudo.&#8221; Poucas palavras, escritas por colegas da Universidade da Pennsylvania, para explicar a import\u00e2ncia do trabalho de Eugenio Calabi, que morreu o 25 de setembro passado aos 100 anos. Irm\u00e3o de Tullia Zevi (uma figura central do juda\u00edsmo italiano do p\u00f3s-guerra), Calabi foi um matem\u00e1tico de renome internacional. Gra\u00e7as aos seus estudos na \u00e1rea de geometria diferencial complexa, ele ganhou pr\u00eamios e reconhecimentos internacionais.<br \/>\nCalebi nasceu em Mil\u00e3o em 1923 e estava na escola nos anos em que a ditadura fascista consolidou seu poder. O ponto de virada para a sua fam\u00edlia chegou com as leis raciais de 1938. Depois da promulga\u00e7\u00e3o, o advogado antifascista Giuseppe Calabi, o pai de Eugenio, decidiu mudar a fam\u00edlia para os Estados Unidos, passando pela Fran\u00e7a. \u201cMeu pai tinha come\u00e7ado a planejar um poss\u00edvel abandono do pa\u00eds por volta de 1936, no final da Guerra Et\u00edope e no come\u00e7o da Guerra Civil Espanhola, na qual Mussolini e Hitler eram aliados. Quando as leis raciais foram promulgadas, ele decidiu prontamente, da noite para o dia, que tinha que proteger a sua fam\u00edlia. Ent\u00e3o, no final, chegamos aos Estados Unidos na primavera de 1939\u201d, disse Calabi em uma entrevista de 2019 no Simons Center for Geometry and Physics.<br \/>\nNessa entrevista, ele contou que tamb\u00e9m uma intui\u00e7\u00e3o paterna o empurraria para o caminho da matem\u00e1tica. \u201cEle percebeu imediatamente que eu tinha talento para a matem\u00e1tica. Lembro-me de quando estava na primeira ou segunda s\u00e9rie tentando memorizar a tabuada. Meu pai me ensinou o que era um n\u00famero primo e disse: &#8220;Seu trabalho \u00e9 encontrar a lei: os n\u00fameros primos v\u00eam um atrais do outro&#8221;. E a pergunta que ele me fazia era sempre a mesma: &#8216;Voc\u00ea encontrou a lei dos n\u00fameros primos?'&#8221;. O jovem Eugenio foi muito mais longe. Com apenas dezesseis anos, pouco tempo depois de ter desembarcado nos Estados Unidos, enrolou-se no Instituto de Tecnologia de Massachusetts (MIT) onde se formou em engenharia qu\u00edmica. Em seguida decidiu passar para a matem\u00e1tica. Foi admitido tanto em Harvard quanto em Princeton, e optou pela segunda, onde tamb\u00e9m obteve o doutorado e voltou para trabalhar como professor. Em 1967 sucedeu ao famoso matem\u00e1tico Hans Rademacher como titular da cadeira de Matem\u00e1tica da Universidade da Pennsylvania, que em 1994 lhe atribuiu o t\u00edtulo de professor em\u00e9rito.<br \/>\nNesse per\u00edodo realizou as suas pesquisas em geometria diferencial e variedades diferenci\u00e1veis a vari\u00e1veis complexas, com aplica\u00e7\u00f5es no campo da f\u00edsica e da teoria das cordas. Trabalhos que o levaram, juntamente com o seu colega mais jovem Shing-Tung Yau, a teorizar a variedade Calabi-Yau.<br \/>\nPara recordar a sua contribui\u00e7\u00e3o, ao lado de colegas e estudantes, a presidente da Uni\u00e3o das Comunidades Judaicas Italianas, Noemi Di Segni, que em nome do juda\u00edsmo italiano expressou as suas condol\u00eancias pelo desaparecimento do matem\u00e1tico. Um desaparecimento que, diz Di Segni, deixa \u201cum vazio que s\u00f3 podemos preencher com o compromisso da mem\u00f3ria e continuando a contribuir para o desenvolvimento da ci\u00eancia\u201d.<\/p>\n<p><em>Traduzido por Annadora Zuanel, aluna da Universidade para Tradutores e Int\u00e9rpretes em Trieste, estagi\u00e1rias no escrit\u00f3rio do jornal da Uni\u00e3o das Comunidades Judaicas da It\u00e1lia \u2013 Pagine Ebraiche.<\/em><\/p>\n","protected":false},"excerpt":{"rendered":"<p>&#8220;Um matem\u00e1tico vision\u00e1rio cujo trabalho teve profundas implica\u00e7\u00f5es at\u00e9 al\u00e9m do seu campo de estudo.&#8221; Poucas palavras, escritas por colegas da Universidade da Pennsylvania, para explicar a import\u00e2ncia do trabalho de Eugenio Calabi, que morreu o 25 de setembro passado aos 100 anos. Irm\u00e3o de Tullia Zevi (uma figura central do juda\u00edsmo italiano do p\u00f3s-guerra),&hellip; <a class=\"more\" rel=\"bookmark\" href=\"https:\/\/moked.it\/international\/2023\/10\/30\/eugenio-calabi-100-anos-de-ciencia\/\">leggi&nbsp;<i class=\"fa fa-chevron-circle-right\"><\/i><\/a><\/p>\n","protected":false},"author":4563,"featured_media":0,"menu_order":0,"comment_status":"closed","ping_status":"open","sticky":false,"template":"","format":"standard","meta":{"footnotes":""},"categories":[7602],"tags":[],"position":[],"class_list":["post-9107","post","type-post","status-publish","format-standard","hentry","category-senza-categoria"],"yoast_head":"<!-- This site is optimized with the Yoast SEO plugin v26.0 - https:\/\/yoast.com\/wordpress\/plugins\/seo\/ -->\n<title>Eugenio Calabi, 100 anos de ci\u00eancia - Pagine Ebraiche International<\/title>\n<meta name=\"robots\" content=\"index, follow, max-snippet:-1, max-image-preview:large, max-video-preview:-1\" \/>\n<link rel=\"canonical\" href=\"https:\/\/moked.it\/international\/2023\/10\/30\/eugenio-calabi-100-anos-de-ciencia\/\" \/>\n<meta property=\"og:locale\" content=\"en_US\" \/>\n<meta property=\"og:type\" content=\"article\" \/>\n<meta property=\"og:title\" content=\"Eugenio Calabi, 100 anos de ci\u00eancia - Pagine Ebraiche International\" \/>\n<meta property=\"og:description\" content=\"&#8220;Um matem\u00e1tico vision\u00e1rio cujo trabalho teve profundas implica\u00e7\u00f5es at\u00e9 al\u00e9m do seu campo de estudo.&#8221; Poucas palavras, escritas por colegas da Universidade da Pennsylvania, para explicar a import\u00e2ncia do trabalho de Eugenio Calabi, que morreu o 25 de setembro passado aos 100 anos. Irm\u00e3o de Tullia Zevi (uma figura central do juda\u00edsmo italiano do p\u00f3s-guerra),&hellip; leggi&nbsp;\" \/>\n<meta property=\"og:url\" content=\"https:\/\/moked.it\/international\/2023\/10\/30\/eugenio-calabi-100-anos-de-ciencia\/\" \/>\n<meta property=\"og:site_name\" content=\"Pagine Ebraiche International\" \/>\n<meta property=\"article:published_time\" content=\"2023-10-30T18:10:30+00:00\" \/>\n<meta name=\"author\" content=\"International\" \/>\n<meta name=\"twitter:card\" content=\"summary_large_image\" \/>\n<meta name=\"twitter:label1\" content=\"Written by\" \/>\n\t<meta name=\"twitter:data1\" content=\"International\" \/>\n<script type=\"application\/ld+json\" class=\"yoast-schema-graph\">{\"@context\":\"https:\/\/schema.org\",\"@graph\":[{\"@type\":\"WebPage\",\"@id\":\"https:\/\/moked.it\/international\/2023\/10\/30\/eugenio-calabi-100-anos-de-ciencia\/\",\"url\":\"https:\/\/moked.it\/international\/2023\/10\/30\/eugenio-calabi-100-anos-de-ciencia\/\",\"name\":\"Eugenio Calabi, 100 anos de ci\u00eancia - Pagine Ebraiche International\",\"isPartOf\":{\"@id\":\"https:\/\/moked.it\/international\/#website\"},\"datePublished\":\"2023-10-30T18:10:30+00:00\",\"author\":{\"@id\":\"https:\/\/moked.it\/international\/#\/schema\/person\/c3bf162332195ecfa0f59a8d77e2d8e0\"},\"breadcrumb\":{\"@id\":\"https:\/\/moked.it\/international\/2023\/10\/30\/eugenio-calabi-100-anos-de-ciencia\/#breadcrumb\"},\"inLanguage\":\"en-US\",\"potentialAction\":[{\"@type\":\"ReadAction\",\"target\":[\"https:\/\/moked.it\/international\/2023\/10\/30\/eugenio-calabi-100-anos-de-ciencia\/\"]}]},{\"@type\":\"BreadcrumbList\",\"@id\":\"https:\/\/moked.it\/international\/2023\/10\/30\/eugenio-calabi-100-anos-de-ciencia\/#breadcrumb\",\"itemListElement\":[{\"@type\":\"ListItem\",\"position\":1,\"name\":\"Home\",\"item\":\"https:\/\/moked.it\/international\/\"},{\"@type\":\"ListItem\",\"position\":2,\"name\":\"Eugenio Calabi, 100 anos de ci\u00eancia\"}]},{\"@type\":\"WebSite\",\"@id\":\"https:\/\/moked.it\/international\/#website\",\"url\":\"https:\/\/moked.it\/international\/\",\"name\":\"Pagine Ebraiche International\",\"description\":\"A Taste of the Italian Jewish World\",\"potentialAction\":[{\"@type\":\"SearchAction\",\"target\":{\"@type\":\"EntryPoint\",\"urlTemplate\":\"https:\/\/moked.it\/international\/?s={search_term_string}\"},\"query-input\":{\"@type\":\"PropertyValueSpecification\",\"valueRequired\":true,\"valueName\":\"search_term_string\"}}],\"inLanguage\":\"en-US\"},{\"@type\":\"Person\",\"@id\":\"https:\/\/moked.it\/international\/#\/schema\/person\/c3bf162332195ecfa0f59a8d77e2d8e0\",\"name\":\"International\",\"image\":{\"@type\":\"ImageObject\",\"inLanguage\":\"en-US\",\"@id\":\"https:\/\/moked.it\/international\/#\/schema\/person\/image\/\",\"url\":\"https:\/\/secure.gravatar.com\/avatar\/fcc45e46827a23a18a55ed177c93c0128a33d90bcebafd45d3f1f9b8cac46b22?s=96&d=mm&r=g\",\"contentUrl\":\"https:\/\/secure.gravatar.com\/avatar\/fcc45e46827a23a18a55ed177c93c0128a33d90bcebafd45d3f1f9b8cac46b22?s=96&d=mm&r=g\",\"caption\":\"International\"},\"url\":\"https:\/\/moked.it\/international\/author\/danielagross\/\"}]}<\/script>\n<!-- \/ Yoast SEO plugin. -->","yoast_head_json":{"title":"Eugenio Calabi, 100 anos de ci\u00eancia - Pagine Ebraiche International","robots":{"index":"index","follow":"follow","max-snippet":"max-snippet:-1","max-image-preview":"max-image-preview:large","max-video-preview":"max-video-preview:-1"},"canonical":"https:\/\/moked.it\/international\/2023\/10\/30\/eugenio-calabi-100-anos-de-ciencia\/","og_locale":"en_US","og_type":"article","og_title":"Eugenio Calabi, 100 anos de ci\u00eancia - Pagine Ebraiche International","og_description":"&#8220;Um matem\u00e1tico vision\u00e1rio cujo trabalho teve profundas implica\u00e7\u00f5es at\u00e9 al\u00e9m do seu campo de estudo.&#8221; Poucas palavras, escritas por colegas da Universidade da Pennsylvania, para explicar a import\u00e2ncia do trabalho de Eugenio Calabi, que morreu o 25 de setembro passado aos 100 anos. Irm\u00e3o de Tullia Zevi (uma figura central do juda\u00edsmo italiano do p\u00f3s-guerra),&hellip; leggi&nbsp;","og_url":"https:\/\/moked.it\/international\/2023\/10\/30\/eugenio-calabi-100-anos-de-ciencia\/","og_site_name":"Pagine Ebraiche International","article_published_time":"2023-10-30T18:10:30+00:00","author":"International","twitter_card":"summary_large_image","twitter_misc":{"Written by":"International"},"schema":{"@context":"https:\/\/schema.org","@graph":[{"@type":"WebPage","@id":"https:\/\/moked.it\/international\/2023\/10\/30\/eugenio-calabi-100-anos-de-ciencia\/","url":"https:\/\/moked.it\/international\/2023\/10\/30\/eugenio-calabi-100-anos-de-ciencia\/","name":"Eugenio Calabi, 100 anos de ci\u00eancia - Pagine Ebraiche International","isPartOf":{"@id":"https:\/\/moked.it\/international\/#website"},"datePublished":"2023-10-30T18:10:30+00:00","author":{"@id":"https:\/\/moked.it\/international\/#\/schema\/person\/c3bf162332195ecfa0f59a8d77e2d8e0"},"breadcrumb":{"@id":"https:\/\/moked.it\/international\/2023\/10\/30\/eugenio-calabi-100-anos-de-ciencia\/#breadcrumb"},"inLanguage":"en-US","potentialAction":[{"@type":"ReadAction","target":["https:\/\/moked.it\/international\/2023\/10\/30\/eugenio-calabi-100-anos-de-ciencia\/"]}]},{"@type":"BreadcrumbList","@id":"https:\/\/moked.it\/international\/2023\/10\/30\/eugenio-calabi-100-anos-de-ciencia\/#breadcrumb","itemListElement":[{"@type":"ListItem","position":1,"name":"Home","item":"https:\/\/moked.it\/international\/"},{"@type":"ListItem","position":2,"name":"Eugenio Calabi, 100 anos de ci\u00eancia"}]},{"@type":"WebSite","@id":"https:\/\/moked.it\/international\/#website","url":"https:\/\/moked.it\/international\/","name":"Pagine Ebraiche International","description":"A Taste of the Italian Jewish World","potentialAction":[{"@type":"SearchAction","target":{"@type":"EntryPoint","urlTemplate":"https:\/\/moked.it\/international\/?s={search_term_string}"},"query-input":{"@type":"PropertyValueSpecification","valueRequired":true,"valueName":"search_term_string"}}],"inLanguage":"en-US"},{"@type":"Person","@id":"https:\/\/moked.it\/international\/#\/schema\/person\/c3bf162332195ecfa0f59a8d77e2d8e0","name":"International","image":{"@type":"ImageObject","inLanguage":"en-US","@id":"https:\/\/moked.it\/international\/#\/schema\/person\/image\/","url":"https:\/\/secure.gravatar.com\/avatar\/fcc45e46827a23a18a55ed177c93c0128a33d90bcebafd45d3f1f9b8cac46b22?s=96&d=mm&r=g","contentUrl":"https:\/\/secure.gravatar.com\/avatar\/fcc45e46827a23a18a55ed177c93c0128a33d90bcebafd45d3f1f9b8cac46b22?s=96&d=mm&r=g","caption":"International"},"url":"https:\/\/moked.it\/international\/author\/danielagross\/"}]}},"_links":{"self":[{"href":"https:\/\/moked.it\/international\/wp-json\/wp\/v2\/posts\/9107","targetHints":{"allow":["GET"]}}],"collection":[{"href":"https:\/\/moked.it\/international\/wp-json\/wp\/v2\/posts"}],"about":[{"href":"https:\/\/moked.it\/international\/wp-json\/wp\/v2\/types\/post"}],"author":[{"embeddable":true,"href":"https:\/\/moked.it\/international\/wp-json\/wp\/v2\/users\/4563"}],"replies":[{"embeddable":true,"href":"https:\/\/moked.it\/international\/wp-json\/wp\/v2\/comments?post=9107"}],"version-history":[{"count":1,"href":"https:\/\/moked.it\/international\/wp-json\/wp\/v2\/posts\/9107\/revisions"}],"predecessor-version":[{"id":9108,"href":"https:\/\/moked.it\/international\/wp-json\/wp\/v2\/posts\/9107\/revisions\/9108"}],"wp:attachment":[{"href":"https:\/\/moked.it\/international\/wp-json\/wp\/v2\/media?parent=9107"}],"wp:term":[{"taxonomy":"category","embeddable":true,"href":"https:\/\/moked.it\/international\/wp-json\/wp\/v2\/categories?post=9107"},{"taxonomy":"post_tag","embeddable":true,"href":"https:\/\/moked.it\/international\/wp-json\/wp\/v2\/tags?post=9107"},{"taxonomy":"position","embeddable":true,"href":"https:\/\/moked.it\/international\/wp-json\/wp\/v2\/position?post=9107"}],"curies":[{"name":"wp","href":"https:\/\/api.w.org\/{rel}","templated":true}]}}