{"id":9109,"date":"2023-10-30T19:12:00","date_gmt":"2023-10-30T18:12:00","guid":{"rendered":"https:\/\/moked.it\/international\/?p=9109"},"modified":"2023-10-30T19:12:00","modified_gmt":"2023-10-30T18:12:00","slug":"conferencia-em-roma-sobre-os-silencios-do-papa-pio-xil","status":"publish","type":"post","link":"https:\/\/moked.it\/international\/2023\/10\/30\/conferencia-em-roma-sobre-os-silencios-do-papa-pio-xil\/","title":{"rendered":"Confer\u00eancia em Roma sobre os sil\u00eancios do papa Pio XIl"},"content":{"rendered":"<p>Em seu \u00faltimo livro &#8220;Um papa em guerra. A hist\u00f3ria secreta de Mussolini, Hitler e Pio XII&#8221;, publicado na It\u00e1lia pela editora Garzanti, o pr\u00eamio Pulitzer David Kertzer fala de &#8220;provas irrefut\u00e1veis do exterm\u00ednio&#8221; conhecidas por Eugenio Pacelli. No entanto, como \u00e9 sabido, o papa Pio XII n\u00e3o pronunciou nenhuma condena\u00e7\u00e3o p\u00fablica contra a Shoah. Certamente, uma avalia\u00e7\u00e3o dos seus atos n\u00e3o poder\u00e1 ignorar, a partir de agora, a descoberta pelo arquivista do Vaticano Giovanni Coco de uma carta datada de 14 de dezembro de 1942, na qual o jesu\u00edta alem\u00e3o Lothar K\u00f6nig informa o seu compatriota Robert Leiber, secret\u00e1rio do papa, sobre os cremat\u00f3rios em funcionamento. Coco relatou a not\u00edcia a &#8220;Lettura&#8221;, uma inser\u00e7\u00e3o do jornal italiano Corriere della Sera.<br \/>\nUma oportunidade para falar novamente sobre isso vir\u00e1 da confer\u00eancia &#8220;New Documents from the Pontificate of Pope Pius XII and their Meaning for Jewish-Christian Relations: A Dialogue between Historians and Theologians&#8221;, agendada para a Pontif\u00edcia Universidade Gregoriana em Roma de 9 a 11 de outubro. A iniciativa, organizada pela Funda\u00e7\u00e3o Cdec de Mil\u00e3o, o Centro Cardinal Bea de Estudos Judaicos \u2013 Faculdade de Hist\u00f3ria e Patrim\u00f4nio Cultural da Igreja Gregoriana, o U.S. Holocaust Memorial Museum, Yad Vashem e o Center for Catholic-Jewish Studies da Saint Leo University, conta com o apoio da Uni\u00e3o das Comunidades Judaicas Italianas, da Embaixada de Israel na Santa S\u00e9 e do American Jewish Committee, entre outros.<br \/>\nEntre os temas anunciados no programa, contam-se as motiva\u00e7\u00f5es e decis\u00f5es do papa \u201cdiante do fascismo, do nazismo e do comunismo\u201d; a vis\u00e3o de mundo do Vaticano como um todo \u201cconsiderando o Holocausto\u201d e em particular os pontos de vista \u201cque moldaram a resposta dos funcion\u00e1rios\u201d; mas tamb\u00e9m uma an\u00e1lise dos documentos recentemente consultados sobre \u201cas raz\u00f5es pelas quais o resgate ocorreu ou n\u00e3o\u201d; sem esquecer o argumento igualmente espinhoso da ajuda oferecida \u201caos criminosos de guerra nazistas e do Eixo\u201d.<br \/>\nQuest\u00f5es entrela\u00e7adas relan\u00e7adas por evid\u00eancias que surgiram com a abertura dos arquivos do Vaticano em mar\u00e7o de 2020. &#8220;Estudiosos de v\u00e1rios pa\u00edses e especializados em diferentes t\u00f3picos compartilhar\u00e3o os resultados de suas pesquisas e suas reflex\u00f5es, oferecendo diferentes perspectivas que podem contribuir para uma discuss\u00e3o aberta e para entender melhor algumas das quest\u00f5es centrais examinadas&#8221;, explicou Iael Nidam-Orvieto, diretora do Instituto Internacional de Pesquisa sobre o Holocausto do Yad Vashem, segundo a qual este momento de encontro e discuss\u00e3o &#8220;n\u00e3o apenas aumentar\u00e1 o nosso conhecimento, mas construir\u00e1 novas inst\u00e2ncias de di\u00e1logo e incentivar\u00e1 pesquisas s\u00e9rias e meticulosas&#8221;.<br \/>\nNa mesma linha de pensamento Liliana Picciotto, estudiosa do Cdec: &#8220;A confer\u00eancia promover\u00e1 uma reflex\u00e3o, nos mais altos n\u00edveis hist\u00f3ricos e teol\u00f3gicos judaicos e crist\u00e3os, sobre a atitude da Santa S\u00e9 em rela\u00e7\u00e3o \u00e0 Segunda Guerra Mundial&#8221;. Segundo Picciotto, \u201cser\u00e1 sem d\u00favida um dos momentos decisivos na hist\u00f3ria das rela\u00e7\u00f5es judaico-crist\u00e3s do nosso tempo\u201d. Estas rela\u00e7\u00f5es, sublinha Massimo Gargiulo, pr\u00f3-diretor do Centro Cardinal Bea, \u201cbaseiam-se na origem do cristianismo a partir do juda\u00edsmo e numa heran\u00e7a de escrituras amplamente comum\u201d. Mas tamb\u00e9m \u201cnuma hist\u00f3ria complexa em que o antijuda\u00edsmo crist\u00e3o desempenhou um papel consider\u00e1vel na afirma\u00e7\u00e3o do antissemitismo\u201d. Numa entrevista a Pagine Ebraiche, Kertzer descreveu a abertura dos arquivos como \u201cuma oportunidade a n\u00e3o perder para a Igreja: a de questionar as premissas da Shoah, sobre o fruto envenenado do antissemitismo em que foi baseada\u201d. As responsabilidades hist\u00f3ricas, insistiu o estudioso americano, \u201cs\u00e3o enormes e diante dos olhos de todos\u201d. E, portanto, &#8220;um percurso de processamento s\u00f3 pode ser positivo, tamb\u00e9m para corrigir algumas distor\u00e7\u00f5es recentes&#8221;. <\/p>\n<p><em>Traduzido por Annadora Zuanel e revisado por Klara Mattiussi, alunas da Universidade para Tradutores e Int\u00e9rpretes em Trieste, estagi\u00e1rias no escrit\u00f3rio do jornal da Uni\u00e3o das Comunidades Judaicas da It\u00e1lia &#8211; Pagine Ebraiche.<\/em><\/p>\n","protected":false},"excerpt":{"rendered":"<p>Em seu \u00faltimo livro &#8220;Um papa em guerra. A hist\u00f3ria secreta de Mussolini, Hitler e Pio XII&#8221;, publicado na It\u00e1lia pela editora Garzanti, o pr\u00eamio Pulitzer David Kertzer fala de &#8220;provas irrefut\u00e1veis do exterm\u00ednio&#8221; conhecidas por Eugenio Pacelli. No entanto, como \u00e9 sabido, o papa Pio XII n\u00e3o pronunciou nenhuma condena\u00e7\u00e3o p\u00fablica contra a Shoah.&hellip; <a class=\"more\" rel=\"bookmark\" href=\"https:\/\/moked.it\/international\/2023\/10\/30\/conferencia-em-roma-sobre-os-silencios-do-papa-pio-xil\/\">leggi&nbsp;<i class=\"fa fa-chevron-circle-right\"><\/i><\/a><\/p>\n","protected":false},"author":4563,"featured_media":9110,"menu_order":0,"comment_status":"closed","ping_status":"open","sticky":false,"template":"","format":"standard","meta":{"footnotes":""},"categories":[7602],"tags":[],"position":[],"class_list":["post-9109","post","type-post","status-publish","format-standard","has-post-thumbnail","hentry","category-senza-categoria"],"yoast_head":"<!-- This site is optimized with the Yoast SEO plugin v26.0 - https:\/\/yoast.com\/wordpress\/plugins\/seo\/ -->\n<title>Confer\u00eancia em Roma sobre os sil\u00eancios do papa Pio XIl - Pagine Ebraiche International<\/title>\n<meta name=\"robots\" content=\"index, follow, max-snippet:-1, max-image-preview:large, max-video-preview:-1\" \/>\n<link rel=\"canonical\" href=\"https:\/\/moked.it\/international\/2023\/10\/30\/conferencia-em-roma-sobre-os-silencios-do-papa-pio-xil\/\" \/>\n<meta property=\"og:locale\" content=\"en_US\" \/>\n<meta property=\"og:type\" content=\"article\" \/>\n<meta property=\"og:title\" content=\"Confer\u00eancia em Roma sobre os sil\u00eancios do papa Pio XIl - Pagine Ebraiche International\" \/>\n<meta property=\"og:description\" content=\"Em seu \u00faltimo livro &#8220;Um papa em guerra. A hist\u00f3ria secreta de Mussolini, Hitler e Pio XII&#8221;, publicado na It\u00e1lia pela editora Garzanti, o pr\u00eamio Pulitzer David Kertzer fala de &#8220;provas irrefut\u00e1veis do exterm\u00ednio&#8221; conhecidas por Eugenio Pacelli. No entanto, como \u00e9 sabido, o papa Pio XII n\u00e3o pronunciou nenhuma condena\u00e7\u00e3o p\u00fablica contra a Shoah.&hellip; leggi&nbsp;\" \/>\n<meta property=\"og:url\" content=\"https:\/\/moked.it\/international\/2023\/10\/30\/conferencia-em-roma-sobre-os-silencios-do-papa-pio-xil\/\" \/>\n<meta property=\"og:site_name\" content=\"Pagine Ebraiche International\" \/>\n<meta property=\"article:published_time\" content=\"2023-10-30T18:12:00+00:00\" \/>\n<meta property=\"og:image\" content=\"http:\/\/moked.it\/international\/files\/2023\/10\/Pio-XII.jpg\" \/>\n\t<meta property=\"og:image:width\" content=\"640\" \/>\n\t<meta property=\"og:image:height\" content=\"511\" \/>\n\t<meta property=\"og:image:type\" content=\"image\/jpeg\" \/>\n<meta name=\"author\" content=\"International\" \/>\n<meta name=\"twitter:card\" content=\"summary_large_image\" \/>\n<meta name=\"twitter:label1\" content=\"Written by\" \/>\n\t<meta name=\"twitter:data1\" content=\"International\" \/>\n<script type=\"application\/ld+json\" class=\"yoast-schema-graph\">{\"@context\":\"https:\/\/schema.org\",\"@graph\":[{\"@type\":\"WebPage\",\"@id\":\"https:\/\/moked.it\/international\/2023\/10\/30\/conferencia-em-roma-sobre-os-silencios-do-papa-pio-xil\/\",\"url\":\"https:\/\/moked.it\/international\/2023\/10\/30\/conferencia-em-roma-sobre-os-silencios-do-papa-pio-xil\/\",\"name\":\"Confer\u00eancia em Roma sobre os sil\u00eancios do papa Pio XIl - Pagine Ebraiche International\",\"isPartOf\":{\"@id\":\"https:\/\/moked.it\/international\/#website\"},\"primaryImageOfPage\":{\"@id\":\"https:\/\/moked.it\/international\/2023\/10\/30\/conferencia-em-roma-sobre-os-silencios-do-papa-pio-xil\/#primaryimage\"},\"image\":{\"@id\":\"https:\/\/moked.it\/international\/2023\/10\/30\/conferencia-em-roma-sobre-os-silencios-do-papa-pio-xil\/#primaryimage\"},\"thumbnailUrl\":\"https:\/\/moked.it\/international\/files\/2023\/10\/Pio-XII.jpg\",\"datePublished\":\"2023-10-30T18:12:00+00:00\",\"author\":{\"@id\":\"https:\/\/moked.it\/international\/#\/schema\/person\/c3bf162332195ecfa0f59a8d77e2d8e0\"},\"breadcrumb\":{\"@id\":\"https:\/\/moked.it\/international\/2023\/10\/30\/conferencia-em-roma-sobre-os-silencios-do-papa-pio-xil\/#breadcrumb\"},\"inLanguage\":\"en-US\",\"potentialAction\":[{\"@type\":\"ReadAction\",\"target\":[\"https:\/\/moked.it\/international\/2023\/10\/30\/conferencia-em-roma-sobre-os-silencios-do-papa-pio-xil\/\"]}]},{\"@type\":\"ImageObject\",\"inLanguage\":\"en-US\",\"@id\":\"https:\/\/moked.it\/international\/2023\/10\/30\/conferencia-em-roma-sobre-os-silencios-do-papa-pio-xil\/#primaryimage\",\"url\":\"https:\/\/moked.it\/international\/files\/2023\/10\/Pio-XII.jpg\",\"contentUrl\":\"https:\/\/moked.it\/international\/files\/2023\/10\/Pio-XII.jpg\",\"width\":640,\"height\":511},{\"@type\":\"BreadcrumbList\",\"@id\":\"https:\/\/moked.it\/international\/2023\/10\/30\/conferencia-em-roma-sobre-os-silencios-do-papa-pio-xil\/#breadcrumb\",\"itemListElement\":[{\"@type\":\"ListItem\",\"position\":1,\"name\":\"Home\",\"item\":\"https:\/\/moked.it\/international\/\"},{\"@type\":\"ListItem\",\"position\":2,\"name\":\"Confer\u00eancia em Roma sobre os sil\u00eancios do papa Pio XIl\"}]},{\"@type\":\"WebSite\",\"@id\":\"https:\/\/moked.it\/international\/#website\",\"url\":\"https:\/\/moked.it\/international\/\",\"name\":\"Pagine Ebraiche International\",\"description\":\"A Taste of the Italian Jewish World\",\"potentialAction\":[{\"@type\":\"SearchAction\",\"target\":{\"@type\":\"EntryPoint\",\"urlTemplate\":\"https:\/\/moked.it\/international\/?s={search_term_string}\"},\"query-input\":{\"@type\":\"PropertyValueSpecification\",\"valueRequired\":true,\"valueName\":\"search_term_string\"}}],\"inLanguage\":\"en-US\"},{\"@type\":\"Person\",\"@id\":\"https:\/\/moked.it\/international\/#\/schema\/person\/c3bf162332195ecfa0f59a8d77e2d8e0\",\"name\":\"International\",\"image\":{\"@type\":\"ImageObject\",\"inLanguage\":\"en-US\",\"@id\":\"https:\/\/moked.it\/international\/#\/schema\/person\/image\/\",\"url\":\"https:\/\/secure.gravatar.com\/avatar\/fcc45e46827a23a18a55ed177c93c0128a33d90bcebafd45d3f1f9b8cac46b22?s=96&d=mm&r=g\",\"contentUrl\":\"https:\/\/secure.gravatar.com\/avatar\/fcc45e46827a23a18a55ed177c93c0128a33d90bcebafd45d3f1f9b8cac46b22?s=96&d=mm&r=g\",\"caption\":\"International\"},\"url\":\"https:\/\/moked.it\/international\/author\/danielagross\/\"}]}<\/script>\n<!-- \/ Yoast SEO plugin. -->","yoast_head_json":{"title":"Confer\u00eancia em Roma sobre os sil\u00eancios do papa Pio XIl - Pagine Ebraiche International","robots":{"index":"index","follow":"follow","max-snippet":"max-snippet:-1","max-image-preview":"max-image-preview:large","max-video-preview":"max-video-preview:-1"},"canonical":"https:\/\/moked.it\/international\/2023\/10\/30\/conferencia-em-roma-sobre-os-silencios-do-papa-pio-xil\/","og_locale":"en_US","og_type":"article","og_title":"Confer\u00eancia em Roma sobre os sil\u00eancios do papa Pio XIl - Pagine Ebraiche International","og_description":"Em seu \u00faltimo livro &#8220;Um papa em guerra. A hist\u00f3ria secreta de Mussolini, Hitler e Pio XII&#8221;, publicado na It\u00e1lia pela editora Garzanti, o pr\u00eamio Pulitzer David Kertzer fala de &#8220;provas irrefut\u00e1veis do exterm\u00ednio&#8221; conhecidas por Eugenio Pacelli. No entanto, como \u00e9 sabido, o papa Pio XII n\u00e3o pronunciou nenhuma condena\u00e7\u00e3o p\u00fablica contra a Shoah.&hellip; leggi&nbsp;","og_url":"https:\/\/moked.it\/international\/2023\/10\/30\/conferencia-em-roma-sobre-os-silencios-do-papa-pio-xil\/","og_site_name":"Pagine Ebraiche International","article_published_time":"2023-10-30T18:12:00+00:00","og_image":[{"width":640,"height":511,"url":"http:\/\/moked.it\/international\/files\/2023\/10\/Pio-XII.jpg","type":"image\/jpeg"}],"author":"International","twitter_card":"summary_large_image","twitter_misc":{"Written by":"International"},"schema":{"@context":"https:\/\/schema.org","@graph":[{"@type":"WebPage","@id":"https:\/\/moked.it\/international\/2023\/10\/30\/conferencia-em-roma-sobre-os-silencios-do-papa-pio-xil\/","url":"https:\/\/moked.it\/international\/2023\/10\/30\/conferencia-em-roma-sobre-os-silencios-do-papa-pio-xil\/","name":"Confer\u00eancia em Roma sobre os sil\u00eancios do papa Pio XIl - Pagine Ebraiche International","isPartOf":{"@id":"https:\/\/moked.it\/international\/#website"},"primaryImageOfPage":{"@id":"https:\/\/moked.it\/international\/2023\/10\/30\/conferencia-em-roma-sobre-os-silencios-do-papa-pio-xil\/#primaryimage"},"image":{"@id":"https:\/\/moked.it\/international\/2023\/10\/30\/conferencia-em-roma-sobre-os-silencios-do-papa-pio-xil\/#primaryimage"},"thumbnailUrl":"https:\/\/moked.it\/international\/files\/2023\/10\/Pio-XII.jpg","datePublished":"2023-10-30T18:12:00+00:00","author":{"@id":"https:\/\/moked.it\/international\/#\/schema\/person\/c3bf162332195ecfa0f59a8d77e2d8e0"},"breadcrumb":{"@id":"https:\/\/moked.it\/international\/2023\/10\/30\/conferencia-em-roma-sobre-os-silencios-do-papa-pio-xil\/#breadcrumb"},"inLanguage":"en-US","potentialAction":[{"@type":"ReadAction","target":["https:\/\/moked.it\/international\/2023\/10\/30\/conferencia-em-roma-sobre-os-silencios-do-papa-pio-xil\/"]}]},{"@type":"ImageObject","inLanguage":"en-US","@id":"https:\/\/moked.it\/international\/2023\/10\/30\/conferencia-em-roma-sobre-os-silencios-do-papa-pio-xil\/#primaryimage","url":"https:\/\/moked.it\/international\/files\/2023\/10\/Pio-XII.jpg","contentUrl":"https:\/\/moked.it\/international\/files\/2023\/10\/Pio-XII.jpg","width":640,"height":511},{"@type":"BreadcrumbList","@id":"https:\/\/moked.it\/international\/2023\/10\/30\/conferencia-em-roma-sobre-os-silencios-do-papa-pio-xil\/#breadcrumb","itemListElement":[{"@type":"ListItem","position":1,"name":"Home","item":"https:\/\/moked.it\/international\/"},{"@type":"ListItem","position":2,"name":"Confer\u00eancia em Roma sobre os sil\u00eancios do papa Pio XIl"}]},{"@type":"WebSite","@id":"https:\/\/moked.it\/international\/#website","url":"https:\/\/moked.it\/international\/","name":"Pagine Ebraiche International","description":"A Taste of the Italian Jewish World","potentialAction":[{"@type":"SearchAction","target":{"@type":"EntryPoint","urlTemplate":"https:\/\/moked.it\/international\/?s={search_term_string}"},"query-input":{"@type":"PropertyValueSpecification","valueRequired":true,"valueName":"search_term_string"}}],"inLanguage":"en-US"},{"@type":"Person","@id":"https:\/\/moked.it\/international\/#\/schema\/person\/c3bf162332195ecfa0f59a8d77e2d8e0","name":"International","image":{"@type":"ImageObject","inLanguage":"en-US","@id":"https:\/\/moked.it\/international\/#\/schema\/person\/image\/","url":"https:\/\/secure.gravatar.com\/avatar\/fcc45e46827a23a18a55ed177c93c0128a33d90bcebafd45d3f1f9b8cac46b22?s=96&d=mm&r=g","contentUrl":"https:\/\/secure.gravatar.com\/avatar\/fcc45e46827a23a18a55ed177c93c0128a33d90bcebafd45d3f1f9b8cac46b22?s=96&d=mm&r=g","caption":"International"},"url":"https:\/\/moked.it\/international\/author\/danielagross\/"}]}},"_links":{"self":[{"href":"https:\/\/moked.it\/international\/wp-json\/wp\/v2\/posts\/9109","targetHints":{"allow":["GET"]}}],"collection":[{"href":"https:\/\/moked.it\/international\/wp-json\/wp\/v2\/posts"}],"about":[{"href":"https:\/\/moked.it\/international\/wp-json\/wp\/v2\/types\/post"}],"author":[{"embeddable":true,"href":"https:\/\/moked.it\/international\/wp-json\/wp\/v2\/users\/4563"}],"replies":[{"embeddable":true,"href":"https:\/\/moked.it\/international\/wp-json\/wp\/v2\/comments?post=9109"}],"version-history":[{"count":1,"href":"https:\/\/moked.it\/international\/wp-json\/wp\/v2\/posts\/9109\/revisions"}],"predecessor-version":[{"id":9111,"href":"https:\/\/moked.it\/international\/wp-json\/wp\/v2\/posts\/9109\/revisions\/9111"}],"wp:featuredmedia":[{"embeddable":true,"href":"https:\/\/moked.it\/international\/wp-json\/wp\/v2\/media\/9110"}],"wp:attachment":[{"href":"https:\/\/moked.it\/international\/wp-json\/wp\/v2\/media?parent=9109"}],"wp:term":[{"taxonomy":"category","embeddable":true,"href":"https:\/\/moked.it\/international\/wp-json\/wp\/v2\/categories?post=9109"},{"taxonomy":"post_tag","embeddable":true,"href":"https:\/\/moked.it\/international\/wp-json\/wp\/v2\/tags?post=9109"},{"taxonomy":"position","embeddable":true,"href":"https:\/\/moked.it\/international\/wp-json\/wp\/v2\/position?post=9109"}],"curies":[{"name":"wp","href":"https:\/\/api.w.org\/{rel}","templated":true}]}}