{"id":9112,"date":"2023-10-30T19:12:49","date_gmt":"2023-10-30T18:12:49","guid":{"rendered":"https:\/\/moked.it\/international\/?p=9112"},"modified":"2023-10-30T19:12:49","modified_gmt":"2023-10-30T18:12:49","slug":"los-ninos-fueron-las-primeras-victimas-de-las-leyes-racistas-de-1938","status":"publish","type":"post","link":"https:\/\/moked.it\/international\/2023\/10\/30\/los-ninos-fueron-las-primeras-victimas-de-las-leyes-racistas-de-1938\/","title":{"rendered":"\u201cLos ni\u00f1os fueron las primeras v\u00edctimas de las leyes racistas de 1938\u201d"},"content":{"rendered":"<p>En Roma, en la sede del Ministerio italiano de Educaci\u00f3n y M\u00e9rito, se desvel\u00f3 una placa en memoria de los profesores y de los estudiantes expulsados de las escuelas hace 85 a\u00f1os con la promulgaci\u00f3n por parte del fascismo de las leyes racistas. \u201cNo luchemos contra el antisemitismo y contra el racismo solo hoy, sino todo el a\u00f1o. La memoria es el instrumento imprescindible para la promoci\u00f3n de la libertad y de la democracia, que son los valores fundamentales de nuestra escuela\u201d, declar\u00f3 el ministro Giuseppe Valditara durante la ceremonia que tuvo lugar en la semana en la que empezaron las clases para millones de estudiantes. En la celebraci\u00f3n intervinieron la presidenta UCEI Noemi Di Segni, que desvel\u00f3 la placa junto al ministro, el presidente de la Comunidad jud\u00eda de Roma Victor Fadlun, el embajador de Israel en Italia Alon Bar, la profesora Tiziana Della Rocca de la Asociaci\u00f3n de Profesores Italianos para la Memoria en las Escuelas y Ugo Fo\u00e0, de 95 a\u00f1os, que de ni\u00f1o experiment\u00f3 la expulsi\u00f3n de la escuela a causa de las disposiciones antisemitas. La senadora vitalicia Liliana Segre elogi\u00f3 esta iniciativa y se ley\u00f3 su mensaje de apreciaci\u00f3n.<br \/>\n\u201cFue significativo que el r\u00e9gimen fascista eligi\u00f3 empezar la persecuci\u00f3n a partir de los ni\u00f1os. En signo contrario, es significativo que antes del comienzo de las clases se afirme el valor de la escuela como lugar de acogida y de crecimiento, y que sea el Ministerio quien lo hace\u201d, subray\u00f3 la presidenta UCEI.<br \/>\nEn la ceremonia particip\u00f3 una delegaci\u00f3n de estudiantes del Istituto Comprensivo estadal Regina Margherita y algunas escuelas jud\u00edas de Roma, el Instituto \u201cAngelo Sacerdoti\u201d y el Instituto \u201cRenzo Levi\u201d. En ocasi\u00f3n del evento, en la biblioteca del ministerio se inaugur\u00f3 la exposici\u00f3n \u201cLa escuela denegada\u201d que recorre la historia de los libros de textos que, el 30 de septiembre de 1938 con la Circular No. 33 del ministro de Educaci\u00f3n Nacional, Giuseppe Bottai, se eliminaron de las escuelas porque sus autores eran jud\u00edos. <\/p>\n<p><em>Traducido por Francesca Pischedda y revisado por Diana Drudi, estudiantes de la Escuela Superior de Int\u00e9rpretes y Traductores de la Universidad de Trieste, pasantes en la oficina del peri\u00f3dico de la Uni\u00f3n de las Comunidades Jud\u00edas Italianas \u2013 Pagine Ebraiche.<\/em><\/p>\n","protected":false},"excerpt":{"rendered":"<p>En Roma, en la sede del Ministerio italiano de Educaci\u00f3n y M\u00e9rito, se desvel\u00f3 una placa en memoria de los profesores y de los estudiantes expulsados de las escuelas hace 85 a\u00f1os con la promulgaci\u00f3n por parte del fascismo de las leyes racistas. \u201cNo luchemos contra el antisemitismo y contra el racismo solo hoy, sino&hellip; <a class=\"more\" rel=\"bookmark\" href=\"https:\/\/moked.it\/international\/2023\/10\/30\/los-ninos-fueron-las-primeras-victimas-de-las-leyes-racistas-de-1938\/\">leggi&nbsp;<i class=\"fa fa-chevron-circle-right\"><\/i><\/a><\/p>\n","protected":false},"author":4563,"featured_media":9113,"menu_order":0,"comment_status":"closed","ping_status":"open","sticky":false,"template":"","format":"standard","meta":{"footnotes":""},"categories":[7602],"tags":[],"position":[],"class_list":["post-9112","post","type-post","status-publish","format-standard","has-post-thumbnail","hentry","category-senza-categoria"],"yoast_head":"<!-- This site is optimized with the Yoast SEO plugin v26.0 - https:\/\/yoast.com\/wordpress\/plugins\/seo\/ -->\n<title>\u201cLos ni\u00f1os fueron las primeras v\u00edctimas de las leyes racistas de 1938\u201d - Pagine Ebraiche International<\/title>\n<meta name=\"robots\" content=\"index, follow, max-snippet:-1, max-image-preview:large, max-video-preview:-1\" \/>\n<link rel=\"canonical\" href=\"https:\/\/moked.it\/international\/2023\/10\/30\/los-ninos-fueron-las-primeras-victimas-de-las-leyes-racistas-de-1938\/\" \/>\n<meta property=\"og:locale\" content=\"en_US\" \/>\n<meta property=\"og:type\" content=\"article\" \/>\n<meta property=\"og:title\" content=\"\u201cLos ni\u00f1os fueron las primeras v\u00edctimas de las leyes racistas de 1938\u201d - Pagine Ebraiche International\" \/>\n<meta property=\"og:description\" content=\"En Roma, en la sede del Ministerio italiano de Educaci\u00f3n y M\u00e9rito, se desvel\u00f3 una placa en memoria de los profesores y de los estudiantes expulsados de las escuelas hace 85 a\u00f1os con la promulgaci\u00f3n por parte del fascismo de las leyes racistas. \u201cNo luchemos contra el antisemitismo y contra el racismo solo hoy, sino&hellip; leggi&nbsp;\" \/>\n<meta property=\"og:url\" content=\"https:\/\/moked.it\/international\/2023\/10\/30\/los-ninos-fueron-las-primeras-victimas-de-las-leyes-racistas-de-1938\/\" \/>\n<meta property=\"og:site_name\" content=\"Pagine Ebraiche International\" \/>\n<meta property=\"article:published_time\" content=\"2023-10-30T18:12:49+00:00\" \/>\n<meta property=\"og:image\" content=\"http:\/\/moked.it\/international\/files\/2023\/10\/Targa-Leggi-razziste-Mim.jpg\" \/>\n\t<meta property=\"og:image:width\" content=\"720\" \/>\n\t<meta property=\"og:image:height\" content=\"526\" \/>\n\t<meta property=\"og:image:type\" content=\"image\/jpeg\" \/>\n<meta name=\"author\" content=\"International\" \/>\n<meta name=\"twitter:card\" content=\"summary_large_image\" \/>\n<meta name=\"twitter:label1\" content=\"Written by\" \/>\n\t<meta name=\"twitter:data1\" content=\"International\" \/>\n<script type=\"application\/ld+json\" class=\"yoast-schema-graph\">{\"@context\":\"https:\/\/schema.org\",\"@graph\":[{\"@type\":\"WebPage\",\"@id\":\"https:\/\/moked.it\/international\/2023\/10\/30\/los-ninos-fueron-las-primeras-victimas-de-las-leyes-racistas-de-1938\/\",\"url\":\"https:\/\/moked.it\/international\/2023\/10\/30\/los-ninos-fueron-las-primeras-victimas-de-las-leyes-racistas-de-1938\/\",\"name\":\"\u201cLos ni\u00f1os fueron las primeras v\u00edctimas de las leyes racistas de 1938\u201d - Pagine Ebraiche International\",\"isPartOf\":{\"@id\":\"https:\/\/moked.it\/international\/#website\"},\"primaryImageOfPage\":{\"@id\":\"https:\/\/moked.it\/international\/2023\/10\/30\/los-ninos-fueron-las-primeras-victimas-de-las-leyes-racistas-de-1938\/#primaryimage\"},\"image\":{\"@id\":\"https:\/\/moked.it\/international\/2023\/10\/30\/los-ninos-fueron-las-primeras-victimas-de-las-leyes-racistas-de-1938\/#primaryimage\"},\"thumbnailUrl\":\"https:\/\/moked.it\/international\/files\/2023\/10\/Targa-Leggi-razziste-Mim.jpg\",\"datePublished\":\"2023-10-30T18:12:49+00:00\",\"author\":{\"@id\":\"https:\/\/moked.it\/international\/#\/schema\/person\/c3bf162332195ecfa0f59a8d77e2d8e0\"},\"breadcrumb\":{\"@id\":\"https:\/\/moked.it\/international\/2023\/10\/30\/los-ninos-fueron-las-primeras-victimas-de-las-leyes-racistas-de-1938\/#breadcrumb\"},\"inLanguage\":\"en-US\",\"potentialAction\":[{\"@type\":\"ReadAction\",\"target\":[\"https:\/\/moked.it\/international\/2023\/10\/30\/los-ninos-fueron-las-primeras-victimas-de-las-leyes-racistas-de-1938\/\"]}]},{\"@type\":\"ImageObject\",\"inLanguage\":\"en-US\",\"@id\":\"https:\/\/moked.it\/international\/2023\/10\/30\/los-ninos-fueron-las-primeras-victimas-de-las-leyes-racistas-de-1938\/#primaryimage\",\"url\":\"https:\/\/moked.it\/international\/files\/2023\/10\/Targa-Leggi-razziste-Mim.jpg\",\"contentUrl\":\"https:\/\/moked.it\/international\/files\/2023\/10\/Targa-Leggi-razziste-Mim.jpg\",\"width\":720,\"height\":526},{\"@type\":\"BreadcrumbList\",\"@id\":\"https:\/\/moked.it\/international\/2023\/10\/30\/los-ninos-fueron-las-primeras-victimas-de-las-leyes-racistas-de-1938\/#breadcrumb\",\"itemListElement\":[{\"@type\":\"ListItem\",\"position\":1,\"name\":\"Home\",\"item\":\"https:\/\/moked.it\/international\/\"},{\"@type\":\"ListItem\",\"position\":2,\"name\":\"\u201cLos ni\u00f1os fueron las primeras v\u00edctimas de las leyes racistas de 1938\u201d\"}]},{\"@type\":\"WebSite\",\"@id\":\"https:\/\/moked.it\/international\/#website\",\"url\":\"https:\/\/moked.it\/international\/\",\"name\":\"Pagine Ebraiche International\",\"description\":\"A Taste of the Italian Jewish World\",\"potentialAction\":[{\"@type\":\"SearchAction\",\"target\":{\"@type\":\"EntryPoint\",\"urlTemplate\":\"https:\/\/moked.it\/international\/?s={search_term_string}\"},\"query-input\":{\"@type\":\"PropertyValueSpecification\",\"valueRequired\":true,\"valueName\":\"search_term_string\"}}],\"inLanguage\":\"en-US\"},{\"@type\":\"Person\",\"@id\":\"https:\/\/moked.it\/international\/#\/schema\/person\/c3bf162332195ecfa0f59a8d77e2d8e0\",\"name\":\"International\",\"image\":{\"@type\":\"ImageObject\",\"inLanguage\":\"en-US\",\"@id\":\"https:\/\/moked.it\/international\/#\/schema\/person\/image\/\",\"url\":\"https:\/\/secure.gravatar.com\/avatar\/fcc45e46827a23a18a55ed177c93c0128a33d90bcebafd45d3f1f9b8cac46b22?s=96&d=mm&r=g\",\"contentUrl\":\"https:\/\/secure.gravatar.com\/avatar\/fcc45e46827a23a18a55ed177c93c0128a33d90bcebafd45d3f1f9b8cac46b22?s=96&d=mm&r=g\",\"caption\":\"International\"},\"url\":\"https:\/\/moked.it\/international\/author\/danielagross\/\"}]}<\/script>\n<!-- \/ Yoast SEO plugin. -->","yoast_head_json":{"title":"\u201cLos ni\u00f1os fueron las primeras v\u00edctimas de las leyes racistas de 1938\u201d - Pagine Ebraiche International","robots":{"index":"index","follow":"follow","max-snippet":"max-snippet:-1","max-image-preview":"max-image-preview:large","max-video-preview":"max-video-preview:-1"},"canonical":"https:\/\/moked.it\/international\/2023\/10\/30\/los-ninos-fueron-las-primeras-victimas-de-las-leyes-racistas-de-1938\/","og_locale":"en_US","og_type":"article","og_title":"\u201cLos ni\u00f1os fueron las primeras v\u00edctimas de las leyes racistas de 1938\u201d - Pagine Ebraiche International","og_description":"En Roma, en la sede del Ministerio italiano de Educaci\u00f3n y M\u00e9rito, se desvel\u00f3 una placa en memoria de los profesores y de los estudiantes expulsados de las escuelas hace 85 a\u00f1os con la promulgaci\u00f3n por parte del fascismo de las leyes racistas. \u201cNo luchemos contra el antisemitismo y contra el racismo solo hoy, sino&hellip; leggi&nbsp;","og_url":"https:\/\/moked.it\/international\/2023\/10\/30\/los-ninos-fueron-las-primeras-victimas-de-las-leyes-racistas-de-1938\/","og_site_name":"Pagine Ebraiche International","article_published_time":"2023-10-30T18:12:49+00:00","og_image":[{"width":720,"height":526,"url":"http:\/\/moked.it\/international\/files\/2023\/10\/Targa-Leggi-razziste-Mim.jpg","type":"image\/jpeg"}],"author":"International","twitter_card":"summary_large_image","twitter_misc":{"Written by":"International"},"schema":{"@context":"https:\/\/schema.org","@graph":[{"@type":"WebPage","@id":"https:\/\/moked.it\/international\/2023\/10\/30\/los-ninos-fueron-las-primeras-victimas-de-las-leyes-racistas-de-1938\/","url":"https:\/\/moked.it\/international\/2023\/10\/30\/los-ninos-fueron-las-primeras-victimas-de-las-leyes-racistas-de-1938\/","name":"\u201cLos ni\u00f1os fueron las primeras v\u00edctimas de las leyes racistas de 1938\u201d - Pagine Ebraiche International","isPartOf":{"@id":"https:\/\/moked.it\/international\/#website"},"primaryImageOfPage":{"@id":"https:\/\/moked.it\/international\/2023\/10\/30\/los-ninos-fueron-las-primeras-victimas-de-las-leyes-racistas-de-1938\/#primaryimage"},"image":{"@id":"https:\/\/moked.it\/international\/2023\/10\/30\/los-ninos-fueron-las-primeras-victimas-de-las-leyes-racistas-de-1938\/#primaryimage"},"thumbnailUrl":"https:\/\/moked.it\/international\/files\/2023\/10\/Targa-Leggi-razziste-Mim.jpg","datePublished":"2023-10-30T18:12:49+00:00","author":{"@id":"https:\/\/moked.it\/international\/#\/schema\/person\/c3bf162332195ecfa0f59a8d77e2d8e0"},"breadcrumb":{"@id":"https:\/\/moked.it\/international\/2023\/10\/30\/los-ninos-fueron-las-primeras-victimas-de-las-leyes-racistas-de-1938\/#breadcrumb"},"inLanguage":"en-US","potentialAction":[{"@type":"ReadAction","target":["https:\/\/moked.it\/international\/2023\/10\/30\/los-ninos-fueron-las-primeras-victimas-de-las-leyes-racistas-de-1938\/"]}]},{"@type":"ImageObject","inLanguage":"en-US","@id":"https:\/\/moked.it\/international\/2023\/10\/30\/los-ninos-fueron-las-primeras-victimas-de-las-leyes-racistas-de-1938\/#primaryimage","url":"https:\/\/moked.it\/international\/files\/2023\/10\/Targa-Leggi-razziste-Mim.jpg","contentUrl":"https:\/\/moked.it\/international\/files\/2023\/10\/Targa-Leggi-razziste-Mim.jpg","width":720,"height":526},{"@type":"BreadcrumbList","@id":"https:\/\/moked.it\/international\/2023\/10\/30\/los-ninos-fueron-las-primeras-victimas-de-las-leyes-racistas-de-1938\/#breadcrumb","itemListElement":[{"@type":"ListItem","position":1,"name":"Home","item":"https:\/\/moked.it\/international\/"},{"@type":"ListItem","position":2,"name":"\u201cLos ni\u00f1os fueron las primeras v\u00edctimas de las leyes racistas de 1938\u201d"}]},{"@type":"WebSite","@id":"https:\/\/moked.it\/international\/#website","url":"https:\/\/moked.it\/international\/","name":"Pagine Ebraiche International","description":"A Taste of the Italian Jewish World","potentialAction":[{"@type":"SearchAction","target":{"@type":"EntryPoint","urlTemplate":"https:\/\/moked.it\/international\/?s={search_term_string}"},"query-input":{"@type":"PropertyValueSpecification","valueRequired":true,"valueName":"search_term_string"}}],"inLanguage":"en-US"},{"@type":"Person","@id":"https:\/\/moked.it\/international\/#\/schema\/person\/c3bf162332195ecfa0f59a8d77e2d8e0","name":"International","image":{"@type":"ImageObject","inLanguage":"en-US","@id":"https:\/\/moked.it\/international\/#\/schema\/person\/image\/","url":"https:\/\/secure.gravatar.com\/avatar\/fcc45e46827a23a18a55ed177c93c0128a33d90bcebafd45d3f1f9b8cac46b22?s=96&d=mm&r=g","contentUrl":"https:\/\/secure.gravatar.com\/avatar\/fcc45e46827a23a18a55ed177c93c0128a33d90bcebafd45d3f1f9b8cac46b22?s=96&d=mm&r=g","caption":"International"},"url":"https:\/\/moked.it\/international\/author\/danielagross\/"}]}},"_links":{"self":[{"href":"https:\/\/moked.it\/international\/wp-json\/wp\/v2\/posts\/9112","targetHints":{"allow":["GET"]}}],"collection":[{"href":"https:\/\/moked.it\/international\/wp-json\/wp\/v2\/posts"}],"about":[{"href":"https:\/\/moked.it\/international\/wp-json\/wp\/v2\/types\/post"}],"author":[{"embeddable":true,"href":"https:\/\/moked.it\/international\/wp-json\/wp\/v2\/users\/4563"}],"replies":[{"embeddable":true,"href":"https:\/\/moked.it\/international\/wp-json\/wp\/v2\/comments?post=9112"}],"version-history":[{"count":1,"href":"https:\/\/moked.it\/international\/wp-json\/wp\/v2\/posts\/9112\/revisions"}],"predecessor-version":[{"id":9114,"href":"https:\/\/moked.it\/international\/wp-json\/wp\/v2\/posts\/9112\/revisions\/9114"}],"wp:featuredmedia":[{"embeddable":true,"href":"https:\/\/moked.it\/international\/wp-json\/wp\/v2\/media\/9113"}],"wp:attachment":[{"href":"https:\/\/moked.it\/international\/wp-json\/wp\/v2\/media?parent=9112"}],"wp:term":[{"taxonomy":"category","embeddable":true,"href":"https:\/\/moked.it\/international\/wp-json\/wp\/v2\/categories?post=9112"},{"taxonomy":"post_tag","embeddable":true,"href":"https:\/\/moked.it\/international\/wp-json\/wp\/v2\/tags?post=9112"},{"taxonomy":"position","embeddable":true,"href":"https:\/\/moked.it\/international\/wp-json\/wp\/v2\/position?post=9112"}],"curies":[{"name":"wp","href":"https:\/\/api.w.org\/{rel}","templated":true}]}}