{"id":9121,"date":"2023-10-30T19:16:45","date_gmt":"2023-10-30T18:16:45","guid":{"rendered":"https:\/\/moked.it\/international\/?p=9121"},"modified":"2023-10-30T19:16:45","modified_gmt":"2023-10-30T18:16:45","slug":"decimos-que-no-a-via-almirante-en-grosseto-que-no-a-la-legitimacion-del-fascismo","status":"publish","type":"post","link":"https:\/\/moked.it\/international\/2023\/10\/30\/decimos-que-no-a-via-almirante-en-grosseto-que-no-a-la-legitimacion-del-fascismo\/","title":{"rendered":"\u201cDecimos que no a via Almirante en Grosseto, que no a la legitimaci\u00f3n del fascismo\u201d"},"content":{"rendered":"<p>La presidenta de la Uni\u00f3n de las Comunidades Jud\u00edas Italianas, Noemi Di Segni, junto a los presidentes de las Comunidades Jud\u00edas de Toscana (Florencia, Livorno, Pisa), ha declarado: \u201cCon gran desconcierto, nos hemos enterado de que, en los d\u00edas pasados, el Consejo Municipal de Grosseto aprob\u00f3 definitivamente la dedicaci\u00f3n de una calle del nudo viario de Grosseto a la memoria de Giorgio Almirante. Llevamos a\u00f1os intentando desarraigar esta iniciativa, que sigue en marcha a pesar de los numerosos llamamientos a las razones de la dolorosa historia y necesaria memoria. Giorgio Almirante forma parte de un pensamiento firmado que se convirti\u00f3 en acci\u00f3n y responsabilidad del fascismo en Italia. Justo en la v\u00edspera del 88 aniversario de las deportaciones de los jud\u00edos italianos, a partir del saqueo del 16 de octubre de 1943, nos esper\u00e1bamos una respuesta de signo opuesto, a lo mejor la dedicaci\u00f3n de una calle a la memoria de quien \u2013 justo por esas teorizaciones de raza y de exclusi\u00f3n bien redactadas &#8211; nunca pudo regresar a su hogar.<br \/>\nLa Administraci\u00f3n municipal, que no ha contestado a las comunicaciones enviadas previamente, escribe una p\u00e1gina de infamia, contribuyendo a la legitimaci\u00f3n del fascismo con resultados ruinosos y tensiones sociales en toda la sociedad italiana\u201d. Giorgio Almirante(1914-1988) fue el presidente del Movimiento Social Italiano Derecha Nacional (MSI-DN), partido pol\u00edtico fundado por \u00e9l mismo en 1946 y l\u00edder carism\u00e1tico del neofascismo en Italia.<\/p>\n<p><em>Traducido por Francesca Pischedda y revisado por Diana Drudi, estudiantes de la Escuela Superior de Int\u00e9rpretes y Traductores de la Universidad de Trieste, pasantes en la oficina del peri\u00f3dico de la Uni\u00f3n de las Comunidades Jud\u00edas Italianas \u2013 Pagine Ebraiche.<\/em><\/p>\n","protected":false},"excerpt":{"rendered":"<p>La presidenta de la Uni\u00f3n de las Comunidades Jud\u00edas Italianas, Noemi Di Segni, junto a los presidentes de las Comunidades Jud\u00edas de Toscana (Florencia, Livorno, Pisa), ha declarado: \u201cCon gran desconcierto, nos hemos enterado de que, en los d\u00edas pasados, el Consejo Municipal de Grosseto aprob\u00f3 definitivamente la dedicaci\u00f3n de una calle del nudo viario&hellip; <a class=\"more\" rel=\"bookmark\" href=\"https:\/\/moked.it\/international\/2023\/10\/30\/decimos-que-no-a-via-almirante-en-grosseto-que-no-a-la-legitimacion-del-fascismo\/\">leggi&nbsp;<i class=\"fa fa-chevron-circle-right\"><\/i><\/a><\/p>\n","protected":false},"author":4563,"featured_media":0,"menu_order":0,"comment_status":"closed","ping_status":"open","sticky":false,"template":"","format":"standard","meta":{"footnotes":""},"categories":[7602],"tags":[],"position":[],"class_list":["post-9121","post","type-post","status-publish","format-standard","hentry","category-senza-categoria"],"yoast_head":"<!-- This site is optimized with the Yoast SEO plugin v26.0 - https:\/\/yoast.com\/wordpress\/plugins\/seo\/ -->\n<title>\u201cDecimos que no a via Almirante en Grosseto, que no a la legitimaci\u00f3n del fascismo\u201d - Pagine Ebraiche International<\/title>\n<meta name=\"robots\" content=\"index, follow, max-snippet:-1, max-image-preview:large, max-video-preview:-1\" \/>\n<link rel=\"canonical\" href=\"https:\/\/moked.it\/international\/2023\/10\/30\/decimos-que-no-a-via-almirante-en-grosseto-que-no-a-la-legitimacion-del-fascismo\/\" \/>\n<meta property=\"og:locale\" content=\"en_US\" \/>\n<meta property=\"og:type\" content=\"article\" \/>\n<meta property=\"og:title\" content=\"\u201cDecimos que no a via Almirante en Grosseto, que no a la legitimaci\u00f3n del fascismo\u201d - Pagine Ebraiche International\" \/>\n<meta property=\"og:description\" content=\"La presidenta de la Uni\u00f3n de las Comunidades Jud\u00edas Italianas, Noemi Di Segni, junto a los presidentes de las Comunidades Jud\u00edas de Toscana (Florencia, Livorno, Pisa), ha declarado: \u201cCon gran desconcierto, nos hemos enterado de que, en los d\u00edas pasados, el Consejo Municipal de Grosseto aprob\u00f3 definitivamente la dedicaci\u00f3n de una calle del nudo viario&hellip; leggi&nbsp;\" \/>\n<meta property=\"og:url\" content=\"https:\/\/moked.it\/international\/2023\/10\/30\/decimos-que-no-a-via-almirante-en-grosseto-que-no-a-la-legitimacion-del-fascismo\/\" \/>\n<meta property=\"og:site_name\" content=\"Pagine Ebraiche International\" \/>\n<meta property=\"article:published_time\" content=\"2023-10-30T18:16:45+00:00\" \/>\n<meta name=\"author\" content=\"International\" \/>\n<meta name=\"twitter:card\" content=\"summary_large_image\" \/>\n<meta name=\"twitter:label1\" content=\"Written by\" \/>\n\t<meta name=\"twitter:data1\" content=\"International\" \/>\n<script type=\"application\/ld+json\" class=\"yoast-schema-graph\">{\"@context\":\"https:\/\/schema.org\",\"@graph\":[{\"@type\":\"WebPage\",\"@id\":\"https:\/\/moked.it\/international\/2023\/10\/30\/decimos-que-no-a-via-almirante-en-grosseto-que-no-a-la-legitimacion-del-fascismo\/\",\"url\":\"https:\/\/moked.it\/international\/2023\/10\/30\/decimos-que-no-a-via-almirante-en-grosseto-que-no-a-la-legitimacion-del-fascismo\/\",\"name\":\"\u201cDecimos que no a via Almirante en Grosseto, que no a la legitimaci\u00f3n del fascismo\u201d - Pagine Ebraiche International\",\"isPartOf\":{\"@id\":\"https:\/\/moked.it\/international\/#website\"},\"datePublished\":\"2023-10-30T18:16:45+00:00\",\"author\":{\"@id\":\"https:\/\/moked.it\/international\/#\/schema\/person\/c3bf162332195ecfa0f59a8d77e2d8e0\"},\"breadcrumb\":{\"@id\":\"https:\/\/moked.it\/international\/2023\/10\/30\/decimos-que-no-a-via-almirante-en-grosseto-que-no-a-la-legitimacion-del-fascismo\/#breadcrumb\"},\"inLanguage\":\"en-US\",\"potentialAction\":[{\"@type\":\"ReadAction\",\"target\":[\"https:\/\/moked.it\/international\/2023\/10\/30\/decimos-que-no-a-via-almirante-en-grosseto-que-no-a-la-legitimacion-del-fascismo\/\"]}]},{\"@type\":\"BreadcrumbList\",\"@id\":\"https:\/\/moked.it\/international\/2023\/10\/30\/decimos-que-no-a-via-almirante-en-grosseto-que-no-a-la-legitimacion-del-fascismo\/#breadcrumb\",\"itemListElement\":[{\"@type\":\"ListItem\",\"position\":1,\"name\":\"Home\",\"item\":\"https:\/\/moked.it\/international\/\"},{\"@type\":\"ListItem\",\"position\":2,\"name\":\"\u201cDecimos que no a via Almirante en Grosseto, que no a la legitimaci\u00f3n del fascismo\u201d\"}]},{\"@type\":\"WebSite\",\"@id\":\"https:\/\/moked.it\/international\/#website\",\"url\":\"https:\/\/moked.it\/international\/\",\"name\":\"Pagine Ebraiche International\",\"description\":\"A Taste of the Italian Jewish World\",\"potentialAction\":[{\"@type\":\"SearchAction\",\"target\":{\"@type\":\"EntryPoint\",\"urlTemplate\":\"https:\/\/moked.it\/international\/?s={search_term_string}\"},\"query-input\":{\"@type\":\"PropertyValueSpecification\",\"valueRequired\":true,\"valueName\":\"search_term_string\"}}],\"inLanguage\":\"en-US\"},{\"@type\":\"Person\",\"@id\":\"https:\/\/moked.it\/international\/#\/schema\/person\/c3bf162332195ecfa0f59a8d77e2d8e0\",\"name\":\"International\",\"image\":{\"@type\":\"ImageObject\",\"inLanguage\":\"en-US\",\"@id\":\"https:\/\/moked.it\/international\/#\/schema\/person\/image\/\",\"url\":\"https:\/\/secure.gravatar.com\/avatar\/fcc45e46827a23a18a55ed177c93c0128a33d90bcebafd45d3f1f9b8cac46b22?s=96&d=mm&r=g\",\"contentUrl\":\"https:\/\/secure.gravatar.com\/avatar\/fcc45e46827a23a18a55ed177c93c0128a33d90bcebafd45d3f1f9b8cac46b22?s=96&d=mm&r=g\",\"caption\":\"International\"},\"url\":\"https:\/\/moked.it\/international\/author\/danielagross\/\"}]}<\/script>\n<!-- \/ Yoast SEO plugin. -->","yoast_head_json":{"title":"\u201cDecimos que no a via Almirante en Grosseto, que no a la legitimaci\u00f3n del fascismo\u201d - Pagine Ebraiche International","robots":{"index":"index","follow":"follow","max-snippet":"max-snippet:-1","max-image-preview":"max-image-preview:large","max-video-preview":"max-video-preview:-1"},"canonical":"https:\/\/moked.it\/international\/2023\/10\/30\/decimos-que-no-a-via-almirante-en-grosseto-que-no-a-la-legitimacion-del-fascismo\/","og_locale":"en_US","og_type":"article","og_title":"\u201cDecimos que no a via Almirante en Grosseto, que no a la legitimaci\u00f3n del fascismo\u201d - Pagine Ebraiche International","og_description":"La presidenta de la Uni\u00f3n de las Comunidades Jud\u00edas Italianas, Noemi Di Segni, junto a los presidentes de las Comunidades Jud\u00edas de Toscana (Florencia, Livorno, Pisa), ha declarado: \u201cCon gran desconcierto, nos hemos enterado de que, en los d\u00edas pasados, el Consejo Municipal de Grosseto aprob\u00f3 definitivamente la dedicaci\u00f3n de una calle del nudo viario&hellip; leggi&nbsp;","og_url":"https:\/\/moked.it\/international\/2023\/10\/30\/decimos-que-no-a-via-almirante-en-grosseto-que-no-a-la-legitimacion-del-fascismo\/","og_site_name":"Pagine Ebraiche International","article_published_time":"2023-10-30T18:16:45+00:00","author":"International","twitter_card":"summary_large_image","twitter_misc":{"Written by":"International"},"schema":{"@context":"https:\/\/schema.org","@graph":[{"@type":"WebPage","@id":"https:\/\/moked.it\/international\/2023\/10\/30\/decimos-que-no-a-via-almirante-en-grosseto-que-no-a-la-legitimacion-del-fascismo\/","url":"https:\/\/moked.it\/international\/2023\/10\/30\/decimos-que-no-a-via-almirante-en-grosseto-que-no-a-la-legitimacion-del-fascismo\/","name":"\u201cDecimos que no a via Almirante en Grosseto, que no a la legitimaci\u00f3n del fascismo\u201d - Pagine Ebraiche International","isPartOf":{"@id":"https:\/\/moked.it\/international\/#website"},"datePublished":"2023-10-30T18:16:45+00:00","author":{"@id":"https:\/\/moked.it\/international\/#\/schema\/person\/c3bf162332195ecfa0f59a8d77e2d8e0"},"breadcrumb":{"@id":"https:\/\/moked.it\/international\/2023\/10\/30\/decimos-que-no-a-via-almirante-en-grosseto-que-no-a-la-legitimacion-del-fascismo\/#breadcrumb"},"inLanguage":"en-US","potentialAction":[{"@type":"ReadAction","target":["https:\/\/moked.it\/international\/2023\/10\/30\/decimos-que-no-a-via-almirante-en-grosseto-que-no-a-la-legitimacion-del-fascismo\/"]}]},{"@type":"BreadcrumbList","@id":"https:\/\/moked.it\/international\/2023\/10\/30\/decimos-que-no-a-via-almirante-en-grosseto-que-no-a-la-legitimacion-del-fascismo\/#breadcrumb","itemListElement":[{"@type":"ListItem","position":1,"name":"Home","item":"https:\/\/moked.it\/international\/"},{"@type":"ListItem","position":2,"name":"\u201cDecimos que no a via Almirante en Grosseto, que no a la legitimaci\u00f3n del fascismo\u201d"}]},{"@type":"WebSite","@id":"https:\/\/moked.it\/international\/#website","url":"https:\/\/moked.it\/international\/","name":"Pagine Ebraiche International","description":"A Taste of the Italian Jewish World","potentialAction":[{"@type":"SearchAction","target":{"@type":"EntryPoint","urlTemplate":"https:\/\/moked.it\/international\/?s={search_term_string}"},"query-input":{"@type":"PropertyValueSpecification","valueRequired":true,"valueName":"search_term_string"}}],"inLanguage":"en-US"},{"@type":"Person","@id":"https:\/\/moked.it\/international\/#\/schema\/person\/c3bf162332195ecfa0f59a8d77e2d8e0","name":"International","image":{"@type":"ImageObject","inLanguage":"en-US","@id":"https:\/\/moked.it\/international\/#\/schema\/person\/image\/","url":"https:\/\/secure.gravatar.com\/avatar\/fcc45e46827a23a18a55ed177c93c0128a33d90bcebafd45d3f1f9b8cac46b22?s=96&d=mm&r=g","contentUrl":"https:\/\/secure.gravatar.com\/avatar\/fcc45e46827a23a18a55ed177c93c0128a33d90bcebafd45d3f1f9b8cac46b22?s=96&d=mm&r=g","caption":"International"},"url":"https:\/\/moked.it\/international\/author\/danielagross\/"}]}},"_links":{"self":[{"href":"https:\/\/moked.it\/international\/wp-json\/wp\/v2\/posts\/9121","targetHints":{"allow":["GET"]}}],"collection":[{"href":"https:\/\/moked.it\/international\/wp-json\/wp\/v2\/posts"}],"about":[{"href":"https:\/\/moked.it\/international\/wp-json\/wp\/v2\/types\/post"}],"author":[{"embeddable":true,"href":"https:\/\/moked.it\/international\/wp-json\/wp\/v2\/users\/4563"}],"replies":[{"embeddable":true,"href":"https:\/\/moked.it\/international\/wp-json\/wp\/v2\/comments?post=9121"}],"version-history":[{"count":1,"href":"https:\/\/moked.it\/international\/wp-json\/wp\/v2\/posts\/9121\/revisions"}],"predecessor-version":[{"id":9122,"href":"https:\/\/moked.it\/international\/wp-json\/wp\/v2\/posts\/9121\/revisions\/9122"}],"wp:attachment":[{"href":"https:\/\/moked.it\/international\/wp-json\/wp\/v2\/media?parent=9121"}],"wp:term":[{"taxonomy":"category","embeddable":true,"href":"https:\/\/moked.it\/international\/wp-json\/wp\/v2\/categories?post=9121"},{"taxonomy":"post_tag","embeddable":true,"href":"https:\/\/moked.it\/international\/wp-json\/wp\/v2\/tags?post=9121"},{"taxonomy":"position","embeddable":true,"href":"https:\/\/moked.it\/international\/wp-json\/wp\/v2\/position?post=9121"}],"curies":[{"name":"wp","href":"https:\/\/api.w.org\/{rel}","templated":true}]}}