{"id":237,"date":"2012-02-22T16:50:31","date_gmt":"2012-02-22T21:50:31","guid":{"rendered":"http:\/\/moked.it\/paginebraiche\/?p=237"},"modified":"2012-02-22T16:50:31","modified_gmt":"2012-02-22T21:50:31","slug":"delizie-kasher-ci-pensa-il-personal-chef","status":"publish","type":"post","link":"https:\/\/moked.it\/paginebraiche\/2012\/02\/22\/delizie-kasher-ci-pensa-il-personal-chef\/","title":{"rendered":"Delizie kasher? Ci pensa il Personal Chef"},"content":{"rendered":"<p>Vogliono sterminarci, con l\u2019aiuto di Dio ci salviamo, festeggiamo mangiando: Pesach, Hannukkah, Purim\u2026 Sembra proprio che il convivio faccia parte del nostro Dna. Forse \u00e8 in questa chiave che si pu\u00f2 interpretare la diffusione, anche all\u2019interno del mondo ebraico, di un mestiere che attira sempre di pi\u00f9: il Personal Chef. In Italia sono pi\u00f9 di duecento a essere iscritti alla Federazione nazionale e si tratta di cuochi professionisti che cucinano a casa del cliente, accordando le ricette alle sue esigenze. \u00c8 diverso da un catering: tutto viene preparato al momento e non per forza su larga scala.<br \/>\nDa poco \u00e8 possibile avere questo servizio anche nel pieno rispetto della kasherut. 2chefs4u nasce dalla collaborazione di tre chef italiani \u2013 Daniela Di Veroli, Alberto Anticoli e Michela Ghiorzi \u2013 che hanno come autorit\u00e0 di riferimento l\u2019Assemblea dei rabbini d\u2019Italia. Questa iniziativa si rivolge soprattutto alle piccole Comunit\u00e0 ebraiche che non hanno al loro interno un servizio di ristorazione kasher strutturato. \u201cHo scelto di fare questo lavoro per passione: rendere felici le persone attraverso il profumo e il sapore del cibo\u201d. \u00c8 cos\u00ec che Daniela Di Veroli vive quest\u2019avventura. Ebrea romana, i piatti tipici della sua citt\u00e0 l\u2019accompagnano fin dall\u2019infanzia. Per aprire i suoi orizzonti anche alla cucina ebraica internazionale si \u00e8 rivolta a maestri d\u2019eccezione. \u201cPer imparare a fare le mafrume mi sono fatta adottare da una mamma tripolina\u201d, racconta a Pagine Ebraiche. In pi\u00f9, cerca di reinterpretare la cucina italiana e regionale all\u2019interno dei vincoli della kasherut. Il segreto di Daniela \u00e8 l\u2019amore per la sperimentazione di nuovi sapori per arricchire il suo men\u00f9, caratterizzato da un vivacissimo eclettismo in grado, nel corso di una sola cena, di far volare i palati dalla Libia alla Persia e di nuovo all\u2019Italia. Perch\u00e9 questo \u00e8 il bello della cucina: gustare un piatto non \u00e8 solo un\u2019esperienza sensoriale ma significa calarsi nel mondo e nei valori che esso rappresenta. E proprio in questo senso Daniela intende sfruttare le sue \u201cradici lavorative\u201d, che consistono nelle lezioni di ebraismo ai visitatori della sinagoga prima di Roma, oggi di Milano. Dall\u2019abbinamento delle sue due passioni trae origine il suo nuovo progetto: tour cultural-gastronomici dell\u2019Italia ebraica. Una nuova attivit\u00e0 sospesa fra il piacere di gustare manicaretti e la scoperta di nuove culture. Forse, le parole pi\u00f9 giuste per descriverla le ha trovate il topolino Remy, geniale protagonista del film Disney Ratatouille: \u201cSe \u00e8 vero che siamo ci\u00f3 che mangiamo, io voglio mangiare solo cose buone\u201d.<br \/>\n<strong><br \/>\nFrancesca Matalon, Pagine Ebraiche febbraio 2012<\/strong><\/p>\n","protected":false},"excerpt":{"rendered":"<p>Vogliono sterminarci, con l\u2019aiuto di Dio ci salviamo, festeggiamo mangiando: Pesach, Hannukkah, Purim\u2026 Sembra proprio che il convivio faccia parte del nostro Dna. Forse \u00e8 in questa chiave che si pu\u00f2 interpretare la diffusione, anche all\u2019interno del mondo ebraico, di un mestiere che attira sempre di pi\u00f9: il Personal Chef. In Italia sono pi\u00f9 di&hellip; <a class=\"more\" rel=\"bookmark\" href=\"https:\/\/moked.it\/paginebraiche\/2012\/02\/22\/delizie-kasher-ci-pensa-il-personal-chef\/\">leggi&nbsp;<i class=\"fa fa-chevron-circle-right\"><\/i><\/a><\/p>\n","protected":false},"author":422,"featured_media":0,"menu_order":0,"comment_status":"closed","ping_status":"open","sticky":false,"template":"","format":"standard","meta":{"footnotes":""},"categories":[1],"tags":[],"position":[],"class_list":["post-237","post","type-post","status-publish","format-standard","hentry","category-uncategorized"],"yoast_head":"<!-- This site is optimized with the Yoast SEO plugin v26.0 - https:\/\/yoast.com\/wordpress\/plugins\/seo\/ -->\n<title>Delizie kasher? Ci pensa il Personal Chef - Pagine Ebraiche<\/title>\n<meta name=\"robots\" content=\"index, follow, max-snippet:-1, max-image-preview:large, max-video-preview:-1\" \/>\n<link rel=\"canonical\" href=\"https:\/\/moked.it\/paginebraiche\/2012\/02\/22\/delizie-kasher-ci-pensa-il-personal-chef\/\" \/>\n<meta property=\"og:locale\" content=\"it_IT\" \/>\n<meta property=\"og:type\" content=\"article\" \/>\n<meta property=\"og:title\" content=\"Delizie kasher? Ci pensa il Personal Chef - Pagine Ebraiche\" \/>\n<meta property=\"og:description\" content=\"Vogliono sterminarci, con l\u2019aiuto di Dio ci salviamo, festeggiamo mangiando: Pesach, Hannukkah, Purim\u2026 Sembra proprio che il convivio faccia parte del nostro Dna. Forse \u00e8 in questa chiave che si pu\u00f2 interpretare la diffusione, anche all\u2019interno del mondo ebraico, di un mestiere che attira sempre di pi\u00f9: il Personal Chef. In Italia sono pi\u00f9 di&hellip; leggi&nbsp;\" \/>\n<meta property=\"og:url\" content=\"https:\/\/moked.it\/paginebraiche\/2012\/02\/22\/delizie-kasher-ci-pensa-il-personal-chef\/\" \/>\n<meta property=\"og:site_name\" content=\"Pagine Ebraiche\" \/>\n<meta property=\"article:published_time\" content=\"2012-02-22T21:50:31+00:00\" \/>\n<meta name=\"author\" content=\"valerio\" \/>\n<meta name=\"twitter:card\" content=\"summary_large_image\" \/>\n<meta name=\"twitter:label1\" content=\"Scritto da\" \/>\n\t<meta name=\"twitter:data1\" content=\"valerio\" \/>\n\t<meta name=\"twitter:label2\" content=\"Tempo di lettura stimato\" \/>\n\t<meta name=\"twitter:data2\" content=\"2 minuti\" \/>\n<script type=\"application\/ld+json\" class=\"yoast-schema-graph\">{\"@context\":\"https:\/\/schema.org\",\"@graph\":[{\"@type\":\"WebPage\",\"@id\":\"https:\/\/moked.it\/paginebraiche\/2012\/02\/22\/delizie-kasher-ci-pensa-il-personal-chef\/\",\"url\":\"https:\/\/moked.it\/paginebraiche\/2012\/02\/22\/delizie-kasher-ci-pensa-il-personal-chef\/\",\"name\":\"Delizie kasher? Ci pensa il Personal Chef - Pagine Ebraiche\",\"isPartOf\":{\"@id\":\"https:\/\/moked.it\/paginebraiche\/#website\"},\"datePublished\":\"2012-02-22T21:50:31+00:00\",\"author\":{\"@id\":\"https:\/\/moked.it\/paginebraiche\/#\/schema\/person\/98faa2b6cf7e48f741d7368e7bde9a41\"},\"breadcrumb\":{\"@id\":\"https:\/\/moked.it\/paginebraiche\/2012\/02\/22\/delizie-kasher-ci-pensa-il-personal-chef\/#breadcrumb\"},\"inLanguage\":\"it-IT\",\"potentialAction\":[{\"@type\":\"ReadAction\",\"target\":[\"https:\/\/moked.it\/paginebraiche\/2012\/02\/22\/delizie-kasher-ci-pensa-il-personal-chef\/\"]}]},{\"@type\":\"BreadcrumbList\",\"@id\":\"https:\/\/moked.it\/paginebraiche\/2012\/02\/22\/delizie-kasher-ci-pensa-il-personal-chef\/#breadcrumb\",\"itemListElement\":[{\"@type\":\"ListItem\",\"position\":1,\"name\":\"Home\",\"item\":\"https:\/\/moked.it\/paginebraiche\/\"},{\"@type\":\"ListItem\",\"position\":2,\"name\":\"Delizie kasher? Ci pensa il Personal Chef\"}]},{\"@type\":\"WebSite\",\"@id\":\"https:\/\/moked.it\/paginebraiche\/#website\",\"url\":\"https:\/\/moked.it\/paginebraiche\/\",\"name\":\"Pagine Ebraiche\",\"description\":\"Il giornale dell&#039;ebraismo italiano\",\"potentialAction\":[{\"@type\":\"SearchAction\",\"target\":{\"@type\":\"EntryPoint\",\"urlTemplate\":\"https:\/\/moked.it\/paginebraiche\/?s={search_term_string}\"},\"query-input\":{\"@type\":\"PropertyValueSpecification\",\"valueRequired\":true,\"valueName\":\"search_term_string\"}}],\"inLanguage\":\"it-IT\"},{\"@type\":\"Person\",\"@id\":\"https:\/\/moked.it\/paginebraiche\/#\/schema\/person\/98faa2b6cf7e48f741d7368e7bde9a41\",\"name\":\"valerio\",\"image\":{\"@type\":\"ImageObject\",\"inLanguage\":\"it-IT\",\"@id\":\"https:\/\/moked.it\/paginebraiche\/#\/schema\/person\/image\/\",\"url\":\"https:\/\/secure.gravatar.com\/avatar\/ef452dd763370c0796e77f514e3e014f42f74f708738e04bce9f81dd409e2c93?s=96&d=mm&r=g\",\"contentUrl\":\"https:\/\/secure.gravatar.com\/avatar\/ef452dd763370c0796e77f514e3e014f42f74f708738e04bce9f81dd409e2c93?s=96&d=mm&r=g\",\"caption\":\"valerio\"},\"sameAs\":[\"http:\/\/\"],\"url\":\"https:\/\/moked.it\/paginebraiche\/author\/valerio\/\"}]}<\/script>\n<!-- \/ Yoast SEO plugin. -->","yoast_head_json":{"title":"Delizie kasher? Ci pensa il Personal Chef - Pagine Ebraiche","robots":{"index":"index","follow":"follow","max-snippet":"max-snippet:-1","max-image-preview":"max-image-preview:large","max-video-preview":"max-video-preview:-1"},"canonical":"https:\/\/moked.it\/paginebraiche\/2012\/02\/22\/delizie-kasher-ci-pensa-il-personal-chef\/","og_locale":"it_IT","og_type":"article","og_title":"Delizie kasher? Ci pensa il Personal Chef - Pagine Ebraiche","og_description":"Vogliono sterminarci, con l\u2019aiuto di Dio ci salviamo, festeggiamo mangiando: Pesach, Hannukkah, Purim\u2026 Sembra proprio che il convivio faccia parte del nostro Dna. Forse \u00e8 in questa chiave che si pu\u00f2 interpretare la diffusione, anche all\u2019interno del mondo ebraico, di un mestiere che attira sempre di pi\u00f9: il Personal Chef. In Italia sono pi\u00f9 di&hellip; leggi&nbsp;","og_url":"https:\/\/moked.it\/paginebraiche\/2012\/02\/22\/delizie-kasher-ci-pensa-il-personal-chef\/","og_site_name":"Pagine Ebraiche","article_published_time":"2012-02-22T21:50:31+00:00","author":"valerio","twitter_card":"summary_large_image","twitter_misc":{"Scritto da":"valerio","Tempo di lettura stimato":"2 minuti"},"schema":{"@context":"https:\/\/schema.org","@graph":[{"@type":"WebPage","@id":"https:\/\/moked.it\/paginebraiche\/2012\/02\/22\/delizie-kasher-ci-pensa-il-personal-chef\/","url":"https:\/\/moked.it\/paginebraiche\/2012\/02\/22\/delizie-kasher-ci-pensa-il-personal-chef\/","name":"Delizie kasher? Ci pensa il Personal Chef - Pagine Ebraiche","isPartOf":{"@id":"https:\/\/moked.it\/paginebraiche\/#website"},"datePublished":"2012-02-22T21:50:31+00:00","author":{"@id":"https:\/\/moked.it\/paginebraiche\/#\/schema\/person\/98faa2b6cf7e48f741d7368e7bde9a41"},"breadcrumb":{"@id":"https:\/\/moked.it\/paginebraiche\/2012\/02\/22\/delizie-kasher-ci-pensa-il-personal-chef\/#breadcrumb"},"inLanguage":"it-IT","potentialAction":[{"@type":"ReadAction","target":["https:\/\/moked.it\/paginebraiche\/2012\/02\/22\/delizie-kasher-ci-pensa-il-personal-chef\/"]}]},{"@type":"BreadcrumbList","@id":"https:\/\/moked.it\/paginebraiche\/2012\/02\/22\/delizie-kasher-ci-pensa-il-personal-chef\/#breadcrumb","itemListElement":[{"@type":"ListItem","position":1,"name":"Home","item":"https:\/\/moked.it\/paginebraiche\/"},{"@type":"ListItem","position":2,"name":"Delizie kasher? Ci pensa il Personal Chef"}]},{"@type":"WebSite","@id":"https:\/\/moked.it\/paginebraiche\/#website","url":"https:\/\/moked.it\/paginebraiche\/","name":"Pagine Ebraiche","description":"Il giornale dell&#039;ebraismo italiano","potentialAction":[{"@type":"SearchAction","target":{"@type":"EntryPoint","urlTemplate":"https:\/\/moked.it\/paginebraiche\/?s={search_term_string}"},"query-input":{"@type":"PropertyValueSpecification","valueRequired":true,"valueName":"search_term_string"}}],"inLanguage":"it-IT"},{"@type":"Person","@id":"https:\/\/moked.it\/paginebraiche\/#\/schema\/person\/98faa2b6cf7e48f741d7368e7bde9a41","name":"valerio","image":{"@type":"ImageObject","inLanguage":"it-IT","@id":"https:\/\/moked.it\/paginebraiche\/#\/schema\/person\/image\/","url":"https:\/\/secure.gravatar.com\/avatar\/ef452dd763370c0796e77f514e3e014f42f74f708738e04bce9f81dd409e2c93?s=96&d=mm&r=g","contentUrl":"https:\/\/secure.gravatar.com\/avatar\/ef452dd763370c0796e77f514e3e014f42f74f708738e04bce9f81dd409e2c93?s=96&d=mm&r=g","caption":"valerio"},"sameAs":["http:\/\/"],"url":"https:\/\/moked.it\/paginebraiche\/author\/valerio\/"}]}},"_links":{"self":[{"href":"https:\/\/moked.it\/paginebraiche\/wp-json\/wp\/v2\/posts\/237","targetHints":{"allow":["GET"]}}],"collection":[{"href":"https:\/\/moked.it\/paginebraiche\/wp-json\/wp\/v2\/posts"}],"about":[{"href":"https:\/\/moked.it\/paginebraiche\/wp-json\/wp\/v2\/types\/post"}],"author":[{"embeddable":true,"href":"https:\/\/moked.it\/paginebraiche\/wp-json\/wp\/v2\/users\/422"}],"replies":[{"embeddable":true,"href":"https:\/\/moked.it\/paginebraiche\/wp-json\/wp\/v2\/comments?post=237"}],"version-history":[{"count":1,"href":"https:\/\/moked.it\/paginebraiche\/wp-json\/wp\/v2\/posts\/237\/revisions"}],"predecessor-version":[{"id":238,"href":"https:\/\/moked.it\/paginebraiche\/wp-json\/wp\/v2\/posts\/237\/revisions\/238"}],"wp:attachment":[{"href":"https:\/\/moked.it\/paginebraiche\/wp-json\/wp\/v2\/media?parent=237"}],"wp:term":[{"taxonomy":"category","embeddable":true,"href":"https:\/\/moked.it\/paginebraiche\/wp-json\/wp\/v2\/categories?post=237"},{"taxonomy":"post_tag","embeddable":true,"href":"https:\/\/moked.it\/paginebraiche\/wp-json\/wp\/v2\/tags?post=237"},{"taxonomy":"position","embeddable":true,"href":"https:\/\/moked.it\/paginebraiche\/wp-json\/wp\/v2\/position?post=237"}],"curies":[{"name":"wp","href":"https:\/\/api.w.org\/{rel}","templated":true}]}}