{"id":274,"date":"2012-03-18T06:33:13","date_gmt":"2012-03-18T11:33:13","guid":{"rendered":"http:\/\/moked.it\/paginebraiche\/?p=274"},"modified":"2012-03-18T06:33:13","modified_gmt":"2012-03-18T11:33:13","slug":"appuntamento-alla-childrens-book-fair-le-storie-nostre-per-capire-la-nostra-storia","status":"publish","type":"post","link":"https:\/\/moked.it\/paginebraiche\/2012\/03\/18\/appuntamento-alla-childrens-book-fair-le-storie-nostre-per-capire-la-nostra-storia\/","title":{"rendered":"Appuntamento alla Children&#8217;s Book Fair<br> Le storie nostre per capire la nostra storia"},"content":{"rendered":"<p><a href=\"http:\/\/moked.it\/files\/2012\/03\/page8image28336.png\"><img loading=\"lazy\" decoding=\"async\" src=\"http:\/\/moked.it\/files\/2012\/03\/page8image28336.png\" alt=\"\" title=\"page8image28336\" width=\"108\" height=\"129\" class=\"alignnone size-full wp-image-21111\" \/><\/a>Torna l&#8217;appuntamento con Bologna Children&#8217;s Book Fair, la grande fiera internazionale dedicata alla letteratura per ragazzi. Tradizionalmente riservata agli addetti ai lavori, con il coinvolgimento di centinaia di espositori dai cinque continenti, la rassegna si svolger\u00e0 dal 19 al 22 marzo e vedr\u00e0 anche quest&#8217;anno protagonista la nostra redazione con due incontri: il primo riservato agli ospiti della fiera, il secondo aperto invece a tutti gli interessati.<br \/>\nLeggere per crescere \u2013 Cultura ebraica e societ\u00e0 plurale, in programma marted\u00ec 20 marzo alle 11.30 alla Sala Ronda del Blocco C, vedr\u00e0 la partecipazione della traduttrice e docente di ebraico moderno Sarah Kaminski, della coordinatrice del Centro Pedagogico dell&#8217;Unione delle Comunit\u00e0 Ebraiche Italiane Odelia Liberanome, della docente di pedagogia dell&#8217;Universit\u00e0 di Padova Paola Milani e dalla coordinatrice del giornale ebraico per bambini Daf Daf Ada Treves. Moderer\u00e0 il dibattito Guido Vitale, giornalista e coordinatore dei dipartimenti Informazione e Cultura UCEI. I relatori della mattinata saranno poi ospiti il pomeriggio dello stesso giorno al museo ebraico di Bologna per l&#8217;incontro Ebraismo e societ\u00e0 plurale \u2013 Itinerari di conoscenza. A condurre i lavori, che si apriranno alle 17.30 con un intervento di Vitale, il direttore del MEB Franco Bonilauri.<\/p>\n<p>Ogni tradizione, ogni cultura ha i suoi racconti a cui affidare il complicato compito di educare o dare risposte alle nuove generazioni. E lo scorrere del tempo sembra in molti casi non intaccarne l\u2019attualit\u00e0. Cambiano gli sguardi e le interpretazioni ma le storie sono le stesse. Purtroppo alcune si perdono e finiscono in una soffitta polverosa in attesa di essere riscoperte. E cos\u00ec quando qualcuno le rispolvera, tutti abbiamo la possibilit\u00e0 di recuperare un pezzo delle nostre tradizioni, della nostra cultura. Almeno cos\u00ec \u00e8 stato per il nuovo libro di Shoham Smith, Haggadoth Shelanu (Le nostre storie \u2013 Edizioni Kinnneret ), che porta l\u2019eloquente sottotitolo di \u201cun universo di leggende ebraiche per bambini\u201d. La critica in Israele ha applaudito l\u2019idea della Smith di riproporre, in una versione pi\u00f9 accessibile, i racconti tradizionali e talmudici per bambini. Un omaggio al Sefer Haaggadah dei celebri autori Bialik e Y.H. Rawnitzky ma soprattutto un ponte letterario con una tradizione poco conosciuta dalle giovani generazioni. E cos\u00ec alcuni midrashim della tradizione rabbinica ritornano, riadattate in ebraico moderno, per essere lette e raccontate ai pi\u00f9 piccoli e non solo. Troviamo la storia del Re Salomone e della Regina di Saba, di Honi Ha- Ma\u2019agel come di Rabbi Akiva e Rachel, accompagnate dalle eleganti e colorate illustrazioni di Vali Mintzi. Una selezione accompagnata a margine dalle annotazioni della Smith,per una struttura che ricorda la Ghemarah, il commentario del Talmud. Note che riflettono il pensiero e l\u2019interpretazione in chiave moderna quanto personale delle leggende della tradizione: femminismo, pensiero laico e altre tematiche emergono dalle riflessioni dell\u2019autrice israeliana. Un esempio? La storia di Rabbi Akiva e Rachel. \u201cDal punto di vista del mondo femminista \u2013 spiega ad Haaretz la scrittrice \u2013 \u00e8 un racconto che pone diverse problematiche\u201d. Rachel \u00e8 la bella e giovane figlia di Kalba Savua. Rimasta impressionata dalla personalit\u00e0 del quarantenne Akiva, la donna decide di \u201csacrificare se stessa \u2013 spiega la Smith \u2013 per permettergli di frequentare una scuola di Torah mentre lei lo attende a lungo, sola e in povert\u00e0\u201d.<br \/>\nQuando rabbi Akiva, divenuto oramai un\u2019autorit\u00e0, torna da Rachel, la primavera della giovinezza \u00e8 ormai passata e il tempo segna profondo il volto della donna. \u201cUn\u2019altra donna allora probabilmente al suo posto avrebbe rinunciato a questa logorante attesa, avrebbe pianto un po\u2019, ingoiato l\u2019amara pillola e aspettato che il padre le scegliesse un nuovo marito. Ma Rachel non era una donna ordinaria\u201d. L\u2019interpretazione data dalla scrittrice si sofferma ed enfatizza la scelta di Rachel di scegliere l\u2019amore in favore delle comodit\u00e0 della casa paterna, di percorrere la via pi\u00f9 impervia e attendere nella solitudine l\u2019amato. \u201cTutto questo non \u00e8 scritto esplicitamente nel testo, \u00e8 una mia lettura personale della vicenda\u201d, ammette la Smith che, rispondendo al giornalista Tamir Rotem, spiega di non aver cambiato nessun fatto. \u201cMa piuttosto che sperare che il lettore faccia una sua interpretazione, ho inserito i commenti. In ogni caso c\u2019\u00e8 spazio per considerazioni autonome. Un riadattamento \u00e8 anche un commento e io l\u2019ho sentita come un\u2019opportunit\u00e0 per aggiungere il mio pensiero e il mio punto di vista, ad esempio sulla differenza del ruolo maschile e femminile\u201d. Cresciuta a pane e classici (con una particolare attenzione a Gerrald Durrell, tra gli autori preferiti della madre), Shoham si immerge nella lettura per l\u2019infanzia, scrivendo diversi libri tra cui un\u2019antologia dei miti dell\u2019antica Grecia. In casa, i suoi tre figli sono cresciuti senza televisione, ascoltando con avidit\u00e0 i racconti di Huckleberry Finn e le avventure di altri celebri personaggi del mondo letterario. \u00c8 soprattutto Bialik a ricoprire un posto d\u2019onore nelle letture serali: l\u2019ultima fatica della Smith si presenta proprio come un omaggio al poeta e scrittore ucraino. \u201cHo preso lui e Rawniztky come esempi da seguire e sono tornata alle fonti \u2013 spiega, ricordando poi come \u00e8 nata la prima bozza di idea per la nascita di Haggadoth Shelanu \u2013 Quando i miei bambini erano piccoli cercavo di raccontare loro le storie di Re Salomone tratte dal libro Va&#8217;yehi Hayom ma in ogni frase c\u2019erano parole complicate e una sintassi difficile da comprendere. Cos\u00ec, un po\u2019 per gioco, dissi a mio marito che il libro doveva essere tradotto in ebraico ma lui non condivise questa mia idea. Per un po\u2019 non ci pensai, senza per\u00f2 abbandonare il progetto. Dall\u2019incontro con Yael Molchadsky della casa editrice Kinneret, a cui la mia proposta piacque, siamo arrivati fino alla pubblicazione\u201d. Laica e con un background ben diverso dalle leggende della tradizione talmudica, Smith si \u00e8 interessata progressivamente a questo mondo. Un fascino che non ha fatto che crescere quando \u00e8 entrata in contatto con la Alma College, istituto di cultura ebraica di Tel Aviv che organizza gruppi di studio sul Talmud. E da qui la scelta di tornare alle fonti, dandone per\u00f2 una chiave di lettura nuova. La giuria della Acum (Associazione israeliana per i diritti musicali e letterari) nel premiare la Smith nella sezione della letteratura per l\u2019infanzia, ha sottolineato come l\u2019autrice abbia avuto il merito di riadattare una parte del prezioso tesoro delle leggende talmudiche in una versione \u201caggiornata, semplice e affascinante\u201d. A coloro che chiedono per quale motivo non abbia inserito questo o quel racconto, la Smith risponde senza tanti convenevoli. \u201cCi sono alcune storie che non mi piacciono o che credo non siano adatte ai pi\u00f9 piccoli. Cos\u00ec non le ho inserite. Ed \u00e8 questo il bello, o meglio il privilegio, di avere la possibilit\u00e0 di scegliere: poter lasciare qualcosa fuori\u201d.<\/p>\n<p><strong>Daniel Reichel, Pagine Ebraiche, marzo 2012<\/strong><\/p>\n","protected":false},"excerpt":{"rendered":"<p>Torna l&#8217;appuntamento con Bologna Children&#8217;s Book Fair, la grande fiera internazionale dedicata alla letteratura per ragazzi. Tradizionalmente riservata agli addetti ai lavori, con il coinvolgimento di centinaia di espositori dai cinque continenti, la rassegna si svolger\u00e0 dal 19 al 22 marzo e vedr\u00e0 anche quest&#8217;anno protagonista la nostra redazione con due incontri: il primo riservato&hellip; <a class=\"more\" rel=\"bookmark\" href=\"https:\/\/moked.it\/paginebraiche\/2012\/03\/18\/appuntamento-alla-childrens-book-fair-le-storie-nostre-per-capire-la-nostra-storia\/\">leggi&nbsp;<i class=\"fa fa-chevron-circle-right\"><\/i><\/a><\/p>\n","protected":false},"author":422,"featured_media":275,"menu_order":0,"comment_status":"closed","ping_status":"open","sticky":false,"template":"","format":"standard","meta":{"footnotes":""},"categories":[1],"tags":[],"position":[],"class_list":["post-274","post","type-post","status-publish","format-standard","has-post-thumbnail","hentry","category-uncategorized"],"yoast_head":"<!-- This site is optimized with the Yoast SEO plugin v26.0 - https:\/\/yoast.com\/wordpress\/plugins\/seo\/ -->\n<title>Appuntamento alla Children&#039;s Book Fair Le storie nostre per capire la nostra storia - Pagine Ebraiche<\/title>\n<meta name=\"robots\" content=\"index, follow, max-snippet:-1, max-image-preview:large, max-video-preview:-1\" \/>\n<link rel=\"canonical\" href=\"https:\/\/moked.it\/paginebraiche\/2012\/03\/18\/appuntamento-alla-childrens-book-fair-le-storie-nostre-per-capire-la-nostra-storia\/\" \/>\n<meta property=\"og:locale\" content=\"it_IT\" \/>\n<meta property=\"og:type\" content=\"article\" \/>\n<meta property=\"og:title\" content=\"Appuntamento alla Children&#039;s Book Fair Le storie nostre per capire la nostra storia - Pagine Ebraiche\" \/>\n<meta property=\"og:description\" content=\"Torna l&#8217;appuntamento con Bologna Children&#8217;s Book Fair, la grande fiera internazionale dedicata alla letteratura per ragazzi. Tradizionalmente riservata agli addetti ai lavori, con il coinvolgimento di centinaia di espositori dai cinque continenti, la rassegna si svolger\u00e0 dal 19 al 22 marzo e vedr\u00e0 anche quest&#8217;anno protagonista la nostra redazione con due incontri: il primo riservato&hellip; leggi&nbsp;\" \/>\n<meta property=\"og:url\" content=\"https:\/\/moked.it\/paginebraiche\/2012\/03\/18\/appuntamento-alla-childrens-book-fair-le-storie-nostre-per-capire-la-nostra-storia\/\" \/>\n<meta property=\"og:site_name\" content=\"Pagine Ebraiche\" \/>\n<meta property=\"article:published_time\" content=\"2012-03-18T11:33:13+00:00\" \/>\n<meta property=\"og:image\" content=\"https:\/\/moked.it\/paginebraiche\/files\/2012\/03\/Schermata-2012-03-18-a-12.31.28.png\" \/>\n\t<meta property=\"og:image:width\" content=\"1093\" \/>\n\t<meta property=\"og:image:height\" content=\"597\" \/>\n\t<meta property=\"og:image:type\" content=\"image\/png\" \/>\n<meta name=\"author\" content=\"valerio\" \/>\n<meta name=\"twitter:card\" content=\"summary_large_image\" \/>\n<meta name=\"twitter:label1\" content=\"Scritto da\" \/>\n\t<meta name=\"twitter:data1\" content=\"valerio\" \/>\n\t<meta name=\"twitter:label2\" content=\"Tempo di lettura stimato\" \/>\n\t<meta name=\"twitter:data2\" content=\"6 minuti\" \/>\n<script type=\"application\/ld+json\" class=\"yoast-schema-graph\">{\"@context\":\"https:\/\/schema.org\",\"@graph\":[{\"@type\":\"WebPage\",\"@id\":\"https:\/\/moked.it\/paginebraiche\/2012\/03\/18\/appuntamento-alla-childrens-book-fair-le-storie-nostre-per-capire-la-nostra-storia\/\",\"url\":\"https:\/\/moked.it\/paginebraiche\/2012\/03\/18\/appuntamento-alla-childrens-book-fair-le-storie-nostre-per-capire-la-nostra-storia\/\",\"name\":\"Appuntamento alla Children's Book Fair Le storie nostre per capire la nostra storia - Pagine Ebraiche\",\"isPartOf\":{\"@id\":\"https:\/\/moked.it\/paginebraiche\/#website\"},\"primaryImageOfPage\":{\"@id\":\"https:\/\/moked.it\/paginebraiche\/2012\/03\/18\/appuntamento-alla-childrens-book-fair-le-storie-nostre-per-capire-la-nostra-storia\/#primaryimage\"},\"image\":{\"@id\":\"https:\/\/moked.it\/paginebraiche\/2012\/03\/18\/appuntamento-alla-childrens-book-fair-le-storie-nostre-per-capire-la-nostra-storia\/#primaryimage\"},\"thumbnailUrl\":\"https:\/\/moked.it\/paginebraiche\/files\/2012\/03\/Schermata-2012-03-18-a-12.31.28.png\",\"datePublished\":\"2012-03-18T11:33:13+00:00\",\"author\":{\"@id\":\"https:\/\/moked.it\/paginebraiche\/#\/schema\/person\/98faa2b6cf7e48f741d7368e7bde9a41\"},\"breadcrumb\":{\"@id\":\"https:\/\/moked.it\/paginebraiche\/2012\/03\/18\/appuntamento-alla-childrens-book-fair-le-storie-nostre-per-capire-la-nostra-storia\/#breadcrumb\"},\"inLanguage\":\"it-IT\",\"potentialAction\":[{\"@type\":\"ReadAction\",\"target\":[\"https:\/\/moked.it\/paginebraiche\/2012\/03\/18\/appuntamento-alla-childrens-book-fair-le-storie-nostre-per-capire-la-nostra-storia\/\"]}]},{\"@type\":\"ImageObject\",\"inLanguage\":\"it-IT\",\"@id\":\"https:\/\/moked.it\/paginebraiche\/2012\/03\/18\/appuntamento-alla-childrens-book-fair-le-storie-nostre-per-capire-la-nostra-storia\/#primaryimage\",\"url\":\"https:\/\/moked.it\/paginebraiche\/files\/2012\/03\/Schermata-2012-03-18-a-12.31.28.png\",\"contentUrl\":\"https:\/\/moked.it\/paginebraiche\/files\/2012\/03\/Schermata-2012-03-18-a-12.31.28.png\",\"width\":\"1093\",\"height\":\"597\"},{\"@type\":\"BreadcrumbList\",\"@id\":\"https:\/\/moked.it\/paginebraiche\/2012\/03\/18\/appuntamento-alla-childrens-book-fair-le-storie-nostre-per-capire-la-nostra-storia\/#breadcrumb\",\"itemListElement\":[{\"@type\":\"ListItem\",\"position\":1,\"name\":\"Home\",\"item\":\"https:\/\/moked.it\/paginebraiche\/\"},{\"@type\":\"ListItem\",\"position\":2,\"name\":\"Appuntamento alla Children&#8217;s Book Fair Le storie nostre per capire la nostra storia\"}]},{\"@type\":\"WebSite\",\"@id\":\"https:\/\/moked.it\/paginebraiche\/#website\",\"url\":\"https:\/\/moked.it\/paginebraiche\/\",\"name\":\"Pagine Ebraiche\",\"description\":\"Il giornale dell&#039;ebraismo italiano\",\"potentialAction\":[{\"@type\":\"SearchAction\",\"target\":{\"@type\":\"EntryPoint\",\"urlTemplate\":\"https:\/\/moked.it\/paginebraiche\/?s={search_term_string}\"},\"query-input\":{\"@type\":\"PropertyValueSpecification\",\"valueRequired\":true,\"valueName\":\"search_term_string\"}}],\"inLanguage\":\"it-IT\"},{\"@type\":\"Person\",\"@id\":\"https:\/\/moked.it\/paginebraiche\/#\/schema\/person\/98faa2b6cf7e48f741d7368e7bde9a41\",\"name\":\"valerio\",\"image\":{\"@type\":\"ImageObject\",\"inLanguage\":\"it-IT\",\"@id\":\"https:\/\/moked.it\/paginebraiche\/#\/schema\/person\/image\/\",\"url\":\"https:\/\/secure.gravatar.com\/avatar\/ef452dd763370c0796e77f514e3e014f42f74f708738e04bce9f81dd409e2c93?s=96&d=mm&r=g\",\"contentUrl\":\"https:\/\/secure.gravatar.com\/avatar\/ef452dd763370c0796e77f514e3e014f42f74f708738e04bce9f81dd409e2c93?s=96&d=mm&r=g\",\"caption\":\"valerio\"},\"sameAs\":[\"http:\/\/\"],\"url\":\"https:\/\/moked.it\/paginebraiche\/author\/valerio\/\"}]}<\/script>\n<!-- \/ Yoast SEO plugin. -->","yoast_head_json":{"title":"Appuntamento alla Children's Book Fair Le storie nostre per capire la nostra storia - Pagine Ebraiche","robots":{"index":"index","follow":"follow","max-snippet":"max-snippet:-1","max-image-preview":"max-image-preview:large","max-video-preview":"max-video-preview:-1"},"canonical":"https:\/\/moked.it\/paginebraiche\/2012\/03\/18\/appuntamento-alla-childrens-book-fair-le-storie-nostre-per-capire-la-nostra-storia\/","og_locale":"it_IT","og_type":"article","og_title":"Appuntamento alla Children's Book Fair Le storie nostre per capire la nostra storia - Pagine Ebraiche","og_description":"Torna l&#8217;appuntamento con Bologna Children&#8217;s Book Fair, la grande fiera internazionale dedicata alla letteratura per ragazzi. Tradizionalmente riservata agli addetti ai lavori, con il coinvolgimento di centinaia di espositori dai cinque continenti, la rassegna si svolger\u00e0 dal 19 al 22 marzo e vedr\u00e0 anche quest&#8217;anno protagonista la nostra redazione con due incontri: il primo riservato&hellip; leggi&nbsp;","og_url":"https:\/\/moked.it\/paginebraiche\/2012\/03\/18\/appuntamento-alla-childrens-book-fair-le-storie-nostre-per-capire-la-nostra-storia\/","og_site_name":"Pagine Ebraiche","article_published_time":"2012-03-18T11:33:13+00:00","og_image":[{"width":1093,"height":597,"url":"https:\/\/moked.it\/paginebraiche\/files\/2012\/03\/Schermata-2012-03-18-a-12.31.28.png","type":"image\/png"}],"author":"valerio","twitter_card":"summary_large_image","twitter_misc":{"Scritto da":"valerio","Tempo di lettura stimato":"6 minuti"},"schema":{"@context":"https:\/\/schema.org","@graph":[{"@type":"WebPage","@id":"https:\/\/moked.it\/paginebraiche\/2012\/03\/18\/appuntamento-alla-childrens-book-fair-le-storie-nostre-per-capire-la-nostra-storia\/","url":"https:\/\/moked.it\/paginebraiche\/2012\/03\/18\/appuntamento-alla-childrens-book-fair-le-storie-nostre-per-capire-la-nostra-storia\/","name":"Appuntamento alla Children's Book Fair Le storie nostre per capire la nostra storia - Pagine Ebraiche","isPartOf":{"@id":"https:\/\/moked.it\/paginebraiche\/#website"},"primaryImageOfPage":{"@id":"https:\/\/moked.it\/paginebraiche\/2012\/03\/18\/appuntamento-alla-childrens-book-fair-le-storie-nostre-per-capire-la-nostra-storia\/#primaryimage"},"image":{"@id":"https:\/\/moked.it\/paginebraiche\/2012\/03\/18\/appuntamento-alla-childrens-book-fair-le-storie-nostre-per-capire-la-nostra-storia\/#primaryimage"},"thumbnailUrl":"https:\/\/moked.it\/paginebraiche\/files\/2012\/03\/Schermata-2012-03-18-a-12.31.28.png","datePublished":"2012-03-18T11:33:13+00:00","author":{"@id":"https:\/\/moked.it\/paginebraiche\/#\/schema\/person\/98faa2b6cf7e48f741d7368e7bde9a41"},"breadcrumb":{"@id":"https:\/\/moked.it\/paginebraiche\/2012\/03\/18\/appuntamento-alla-childrens-book-fair-le-storie-nostre-per-capire-la-nostra-storia\/#breadcrumb"},"inLanguage":"it-IT","potentialAction":[{"@type":"ReadAction","target":["https:\/\/moked.it\/paginebraiche\/2012\/03\/18\/appuntamento-alla-childrens-book-fair-le-storie-nostre-per-capire-la-nostra-storia\/"]}]},{"@type":"ImageObject","inLanguage":"it-IT","@id":"https:\/\/moked.it\/paginebraiche\/2012\/03\/18\/appuntamento-alla-childrens-book-fair-le-storie-nostre-per-capire-la-nostra-storia\/#primaryimage","url":"https:\/\/moked.it\/paginebraiche\/files\/2012\/03\/Schermata-2012-03-18-a-12.31.28.png","contentUrl":"https:\/\/moked.it\/paginebraiche\/files\/2012\/03\/Schermata-2012-03-18-a-12.31.28.png","width":"1093","height":"597"},{"@type":"BreadcrumbList","@id":"https:\/\/moked.it\/paginebraiche\/2012\/03\/18\/appuntamento-alla-childrens-book-fair-le-storie-nostre-per-capire-la-nostra-storia\/#breadcrumb","itemListElement":[{"@type":"ListItem","position":1,"name":"Home","item":"https:\/\/moked.it\/paginebraiche\/"},{"@type":"ListItem","position":2,"name":"Appuntamento alla Children&#8217;s Book Fair Le storie nostre per capire la nostra storia"}]},{"@type":"WebSite","@id":"https:\/\/moked.it\/paginebraiche\/#website","url":"https:\/\/moked.it\/paginebraiche\/","name":"Pagine Ebraiche","description":"Il giornale dell&#039;ebraismo italiano","potentialAction":[{"@type":"SearchAction","target":{"@type":"EntryPoint","urlTemplate":"https:\/\/moked.it\/paginebraiche\/?s={search_term_string}"},"query-input":{"@type":"PropertyValueSpecification","valueRequired":true,"valueName":"search_term_string"}}],"inLanguage":"it-IT"},{"@type":"Person","@id":"https:\/\/moked.it\/paginebraiche\/#\/schema\/person\/98faa2b6cf7e48f741d7368e7bde9a41","name":"valerio","image":{"@type":"ImageObject","inLanguage":"it-IT","@id":"https:\/\/moked.it\/paginebraiche\/#\/schema\/person\/image\/","url":"https:\/\/secure.gravatar.com\/avatar\/ef452dd763370c0796e77f514e3e014f42f74f708738e04bce9f81dd409e2c93?s=96&d=mm&r=g","contentUrl":"https:\/\/secure.gravatar.com\/avatar\/ef452dd763370c0796e77f514e3e014f42f74f708738e04bce9f81dd409e2c93?s=96&d=mm&r=g","caption":"valerio"},"sameAs":["http:\/\/"],"url":"https:\/\/moked.it\/paginebraiche\/author\/valerio\/"}]}},"_links":{"self":[{"href":"https:\/\/moked.it\/paginebraiche\/wp-json\/wp\/v2\/posts\/274","targetHints":{"allow":["GET"]}}],"collection":[{"href":"https:\/\/moked.it\/paginebraiche\/wp-json\/wp\/v2\/posts"}],"about":[{"href":"https:\/\/moked.it\/paginebraiche\/wp-json\/wp\/v2\/types\/post"}],"author":[{"embeddable":true,"href":"https:\/\/moked.it\/paginebraiche\/wp-json\/wp\/v2\/users\/422"}],"replies":[{"embeddable":true,"href":"https:\/\/moked.it\/paginebraiche\/wp-json\/wp\/v2\/comments?post=274"}],"version-history":[{"count":1,"href":"https:\/\/moked.it\/paginebraiche\/wp-json\/wp\/v2\/posts\/274\/revisions"}],"predecessor-version":[{"id":276,"href":"https:\/\/moked.it\/paginebraiche\/wp-json\/wp\/v2\/posts\/274\/revisions\/276"}],"wp:featuredmedia":[{"embeddable":true,"href":"https:\/\/moked.it\/paginebraiche\/wp-json\/wp\/v2\/media\/275"}],"wp:attachment":[{"href":"https:\/\/moked.it\/paginebraiche\/wp-json\/wp\/v2\/media?parent=274"}],"wp:term":[{"taxonomy":"category","embeddable":true,"href":"https:\/\/moked.it\/paginebraiche\/wp-json\/wp\/v2\/categories?post=274"},{"taxonomy":"post_tag","embeddable":true,"href":"https:\/\/moked.it\/paginebraiche\/wp-json\/wp\/v2\/tags?post=274"},{"taxonomy":"position","embeddable":true,"href":"https:\/\/moked.it\/paginebraiche\/wp-json\/wp\/v2\/position?post=274"}],"curies":[{"name":"wp","href":"https:\/\/api.w.org\/{rel}","templated":true}]}}