{"id":282,"date":"2012-03-22T05:28:55","date_gmt":"2012-03-22T10:28:55","guid":{"rendered":"http:\/\/moked.it\/paginebraiche\/?p=282"},"modified":"2012-03-22T05:28:55","modified_gmt":"2012-03-22T10:28:55","slug":"ferrara-torna-la-gran-festa-dei-libri-intervista-a-riccardo-calimani","status":"publish","type":"post","link":"https:\/\/moked.it\/paginebraiche\/2012\/03\/22\/ferrara-torna-la-gran-festa-dei-libri-intervista-a-riccardo-calimani\/","title":{"rendered":"Ferrara, torna la gran Festa dei libri <br> Intervista a Riccardo Calimani"},"content":{"rendered":"<p><a href=\"http:\/\/moked.it\/paginebraiche\/files\/2012\/03\/Schermata-2012-03-22-a-11.26.33.png\"><img loading=\"lazy\" decoding=\"async\" src=\"http:\/\/moked.it\/paginebraiche\/files\/2012\/03\/Schermata-2012-03-22-a-11.26.33-300x183.png\" alt=\"\" title=\"festa libro ferrara\" width=\"300\" height=\"183\" class=\"alignnone size-medium wp-image-283\" srcset=\"https:\/\/moked.it\/paginebraiche\/files\/2012\/03\/Schermata-2012-03-22-a-11.26.33-300x183.png 300w, https:\/\/moked.it\/paginebraiche\/files\/2012\/03\/Schermata-2012-03-22-a-11.26.33.png 981w\" sizes=\"auto, (max-width: 300px) 100vw, 300px\" \/><\/a>Sembrava una scommessa quasi impossibile: costruire dal nulla un grande evento dedicato al libro ebraico, ai suoi contenuti e ai suoi autori. Non un momento riservato agli specialisti e agli addetti ai lavori, ma una proposta capace di attirare anche il grande pubblico e di parlare linguaggi diversi. La terza edizione, ormai alle porte, della Festa del libro ebraico in Italia sottolinea questa vittoria, per nulla scontata. In questo breve arco di tempo la manifestazione \u00e8 riuscita infatti a coinvolgere i cittadini di Ferrara che ne frequentano con grande entusiasmo gli appuntamenti, a richiamare appassionati da tutt\u2019Italia e a suscitare l\u2019interesse dei media. \u201cLa Festa del libro ebraico in Italia \u00e8 un\u2019iniziativa ormai consolidata\u201d spiega Riccardo Calimani, presidente della Fondazione Meis-Museo dell\u2019ebraismo italiano e della Shoah che organizza l\u2019evento. \u201cLa vastissima attenzione che continua a suscitare \u2013 continua \u2013 ci permette di tenere vivo e attuale il tema del museo. Dopo l\u2019inaugurazione della palazzina a dicembre ci avviamo ora a dare il via ai lavori del secondo lotto, che interverranno sul corpo centrale del complesso di via Piangipane\u201d. Mentre le opere edilizie procedono e gi\u00e0 si segnalano alcune prime donazioni, si continua dunque a lavorare per costruire l\u2019orizzonte in cui muover\u00e0 il Meis attraverso un laboratorio culturale che proprio nella Festa del libro ebraico vede uno dei suoi momenti centrali.<\/p>\n<p><strong>Riccardo Calimani, cosa ci porter\u00e0 di nuovo quest\u2019anno la Festa del libro ebraico? <\/strong><\/p>\n<p>Inauguriamo sabato 28 aprile con la Notte bianca che tanto successo ha avuto lo scorso anno e fino a luned\u00ec 30 vi saranno proposte aggiornate per ci\u00f2 che riguarda le presentazioni dei libri e gli incontri con gli autori e momenti artistici di grande significato. In particolare saranno ricordati i 25 anni dalla drammatica morte di Primo Levi e i cinquant\u2019anni dall\u2019uscita del film Il giardino dei Finzi Contini. E non mancheranno le passeggiate notturne nei luoghi di Giorgio Bassani che ogni volta riscuotono notevole interesse.<\/p>\n<p><strong>Qualche argomento in particolare da segnalare?<\/strong><\/p>\n<p>Ho trovato molto interessante il tema della condizione giuridica degli ebrei italiani attraverso i secoli, tema difficile e molto sfrangiato. \u00c8 un aspetto che ha fortemente influito sulla vita degli ebrei fin dal loro arrivo in Italia 22 secoli fa, dopo la caduta del Tempio di Gerusalemme. Lo status giuridico si \u00e8 infatti modificato in modo notevole nel corso del tempo, a partire dalla decisione di Costantino di dichiarare il cristianesimo religione ufficiale di Stato passando per l\u2019intreccio di privilegi concessi, secolo dopo secolo, dai sovrani e dai papi anche sulla base dei lavori svolti.<\/p>\n<p><strong>Una questione molto complessa, dunque.<\/strong><\/p>\n<p>Senz\u2019altro. Anche perch\u00e9 ogni trasformazione ha motivi di interesse non solo dal punto di vista giuridico e sociale ma anche psicologico. Un esempio lo possiamo ritrovare nell\u2019affermazione per cui gli ebrei non fanno proselitismo. Se analizziamo la storia ci possiamo rendere conto che non \u00e8 un atteggiamento escluso a priori dal mondo ebraico ma determinato dal fatto che nel quarto secolo Costantino pone un divieto in tale senso. Lo stesso antisemitismo, se lo guardiamo dal punto di vista storico, ci appare in una luce nuova.<\/p>\n<p><strong>Uno degli obiettivi del Meis \u00e8 d\u2019altronde proprio quello di fare chiarezza su tanti punti ancora oscuri.<\/strong><\/p>\n<p>Con il Museo abbiamo per la prima volta l\u2019occasione di avere una realt\u00e0 nazionale, legata al nostro Paese, che ci permette di sviluppare una linea culturale che sia composita e non tramata di personalismi. E questo presuppone che nella discussione delle idee ognuno di noi si sforzi di essere disponibile ad accettare le idee degli altri, senza lasciarsi andare alla tentazione di certe \u201cscomuniche\u201d: dobbiamo tornare a discutere sulle idee e superare schematismi di esclusione sia nei confronti di noi stessi sia nei confronti dell\u2019esterno. La sfida ora \u00e8 quella di far crescere una sensibilit\u00e0, nelle Comunit\u00e0 ebraiche e non solo, nella consapevolezza che abbiamo una debolezza numerica e per raggiungere certi risultati dobbiamo lavorare insieme. Possiamo essere forti solo nell\u2019unione: le baruffe interne rischiano invece di far dimenticare il quadro complessivo.<\/p>\n<p><strong>Tradotto in termini pratici cosa significa?<\/strong><\/p>\n<p>Il Meis deve diventare punto di raccolta di documenti e oggetti e al tempo stesso laboratorio culturale cos\u00ec da costruire una testimonianza vivente di due secoli di storia, raccogliere energie, sviluppare idee e dare un senso alla presenza ebraica in Italia. Stiamo gi\u00e0 registrando le prime donazioni. La speranza \u00e8 che piano piano si crei una partecipazione sempre pi\u00f9 ampia e un entusiasmo corale. Stiamo organizzando un programma che mi auguro possa divenire un punto di riferimento per le Comunit\u00e0 e coinvolgerle.<br \/>\n<strong><br \/>\nIl Meis non potrebbe rappresentare una sorta di concorrenza per i tanti Musei ebraici presenti in Italia?<\/strong><\/p>\n<p>Lo escludo. Il museo che nelle Comunit\u00e0 raccoglie meravigliosi argenti o libri miniati mostra il passato. Il Meis \u00e8 molto meno ricco di queste belle testimonianze e fa piuttosto appello ai contenuti. L\u2019obiettivo \u00e8 quello di avere un respiro diverso e pi\u00f9 ampio e di porsi come complementare alle altre realt\u00e0 museali, guardando al futuro piuttosto che al passato. Al Meis sar\u00e0 possibile scoprire un\u2019Italia ebraica piccola ma sorprendente attraverso un approccio che rende il complesso delle Comunit\u00e0: uscendo dalla frammentariet\u00e0 e offrendo una visione complessiva.<\/p>\n<p><strong>Di recente si \u00e8 registrata una sua polemica con Dario Calimani a proposito di Heidegger. Lei ha sostenuto che \u201cchi \u00e8 stato, o \u00e8, fascista, nazista o antisemita in modo grave, e non lieve, non \u00e8 grande nel pensiero\u201d. Conferma questa visione?<\/strong><\/p>\n<p>Assolutamente. Il fatto che un grande uomo sia stato antisemita o fortemente compromesso con il nazismo o il fascismo lo rende moralmente riprovevole e criticabile. Dobbiamo privilegiare la coerenza e l\u2019etica rispetto all\u2019arte.<\/p>\n","protected":false},"excerpt":{"rendered":"<p>Sembrava una scommessa quasi impossibile: costruire dal nulla un grande evento dedicato al libro ebraico, ai suoi contenuti e ai suoi autori. Non un momento riservato agli specialisti e agli addetti ai lavori, ma una proposta capace di attirare anche il grande pubblico e di parlare linguaggi diversi. La terza edizione, ormai alle porte, della&hellip; <a class=\"more\" rel=\"bookmark\" href=\"https:\/\/moked.it\/paginebraiche\/2012\/03\/22\/ferrara-torna-la-gran-festa-dei-libri-intervista-a-riccardo-calimani\/\">leggi&nbsp;<i class=\"fa fa-chevron-circle-right\"><\/i><\/a><\/p>\n","protected":false},"author":422,"featured_media":283,"menu_order":0,"comment_status":"closed","ping_status":"open","sticky":false,"template":"","format":"standard","meta":{"footnotes":""},"categories":[1],"tags":[],"position":[],"class_list":["post-282","post","type-post","status-publish","format-standard","has-post-thumbnail","hentry","category-uncategorized"],"yoast_head":"<!-- This site is optimized with the Yoast SEO plugin v26.0 - https:\/\/yoast.com\/wordpress\/plugins\/seo\/ -->\n<title>Ferrara, torna la gran Festa dei libri  Intervista a Riccardo Calimani - Pagine Ebraiche<\/title>\n<meta name=\"robots\" content=\"index, follow, max-snippet:-1, max-image-preview:large, max-video-preview:-1\" \/>\n<link rel=\"canonical\" href=\"https:\/\/moked.it\/paginebraiche\/2012\/03\/22\/ferrara-torna-la-gran-festa-dei-libri-intervista-a-riccardo-calimani\/\" \/>\n<meta property=\"og:locale\" content=\"it_IT\" \/>\n<meta property=\"og:type\" content=\"article\" \/>\n<meta property=\"og:title\" content=\"Ferrara, torna la gran Festa dei libri  Intervista a Riccardo Calimani - Pagine Ebraiche\" \/>\n<meta property=\"og:description\" content=\"Sembrava una scommessa quasi impossibile: costruire dal nulla un grande evento dedicato al libro ebraico, ai suoi contenuti e ai suoi autori. Non un momento riservato agli specialisti e agli addetti ai lavori, ma una proposta capace di attirare anche il grande pubblico e di parlare linguaggi diversi. La terza edizione, ormai alle porte, della&hellip; leggi&nbsp;\" \/>\n<meta property=\"og:url\" content=\"https:\/\/moked.it\/paginebraiche\/2012\/03\/22\/ferrara-torna-la-gran-festa-dei-libri-intervista-a-riccardo-calimani\/\" \/>\n<meta property=\"og:site_name\" content=\"Pagine Ebraiche\" \/>\n<meta property=\"article:published_time\" content=\"2012-03-22T10:28:55+00:00\" \/>\n<meta property=\"og:image\" content=\"https:\/\/moked.it\/paginebraiche\/files\/2012\/03\/Schermata-2012-03-22-a-11.26.33.png\" \/>\n\t<meta property=\"og:image:width\" content=\"981\" \/>\n\t<meta property=\"og:image:height\" content=\"601\" \/>\n\t<meta property=\"og:image:type\" content=\"image\/png\" \/>\n<meta name=\"author\" content=\"valerio\" \/>\n<meta name=\"twitter:card\" content=\"summary_large_image\" \/>\n<meta name=\"twitter:label1\" content=\"Scritto da\" \/>\n\t<meta name=\"twitter:data1\" content=\"valerio\" \/>\n\t<meta name=\"twitter:label2\" content=\"Tempo di lettura stimato\" \/>\n\t<meta name=\"twitter:data2\" content=\"5 minuti\" \/>\n<script type=\"application\/ld+json\" class=\"yoast-schema-graph\">{\"@context\":\"https:\/\/schema.org\",\"@graph\":[{\"@type\":\"WebPage\",\"@id\":\"https:\/\/moked.it\/paginebraiche\/2012\/03\/22\/ferrara-torna-la-gran-festa-dei-libri-intervista-a-riccardo-calimani\/\",\"url\":\"https:\/\/moked.it\/paginebraiche\/2012\/03\/22\/ferrara-torna-la-gran-festa-dei-libri-intervista-a-riccardo-calimani\/\",\"name\":\"Ferrara, torna la gran Festa dei libri Intervista a Riccardo Calimani - Pagine Ebraiche\",\"isPartOf\":{\"@id\":\"https:\/\/moked.it\/paginebraiche\/#website\"},\"primaryImageOfPage\":{\"@id\":\"https:\/\/moked.it\/paginebraiche\/2012\/03\/22\/ferrara-torna-la-gran-festa-dei-libri-intervista-a-riccardo-calimani\/#primaryimage\"},\"image\":{\"@id\":\"https:\/\/moked.it\/paginebraiche\/2012\/03\/22\/ferrara-torna-la-gran-festa-dei-libri-intervista-a-riccardo-calimani\/#primaryimage\"},\"thumbnailUrl\":\"https:\/\/moked.it\/paginebraiche\/files\/2012\/03\/Schermata-2012-03-22-a-11.26.33.png\",\"datePublished\":\"2012-03-22T10:28:55+00:00\",\"author\":{\"@id\":\"https:\/\/moked.it\/paginebraiche\/#\/schema\/person\/98faa2b6cf7e48f741d7368e7bde9a41\"},\"breadcrumb\":{\"@id\":\"https:\/\/moked.it\/paginebraiche\/2012\/03\/22\/ferrara-torna-la-gran-festa-dei-libri-intervista-a-riccardo-calimani\/#breadcrumb\"},\"inLanguage\":\"it-IT\",\"potentialAction\":[{\"@type\":\"ReadAction\",\"target\":[\"https:\/\/moked.it\/paginebraiche\/2012\/03\/22\/ferrara-torna-la-gran-festa-dei-libri-intervista-a-riccardo-calimani\/\"]}]},{\"@type\":\"ImageObject\",\"inLanguage\":\"it-IT\",\"@id\":\"https:\/\/moked.it\/paginebraiche\/2012\/03\/22\/ferrara-torna-la-gran-festa-dei-libri-intervista-a-riccardo-calimani\/#primaryimage\",\"url\":\"https:\/\/moked.it\/paginebraiche\/files\/2012\/03\/Schermata-2012-03-22-a-11.26.33.png\",\"contentUrl\":\"https:\/\/moked.it\/paginebraiche\/files\/2012\/03\/Schermata-2012-03-22-a-11.26.33.png\",\"width\":\"981\",\"height\":\"601\"},{\"@type\":\"BreadcrumbList\",\"@id\":\"https:\/\/moked.it\/paginebraiche\/2012\/03\/22\/ferrara-torna-la-gran-festa-dei-libri-intervista-a-riccardo-calimani\/#breadcrumb\",\"itemListElement\":[{\"@type\":\"ListItem\",\"position\":1,\"name\":\"Home\",\"item\":\"https:\/\/moked.it\/paginebraiche\/\"},{\"@type\":\"ListItem\",\"position\":2,\"name\":\"Ferrara, torna la gran Festa dei libri Intervista a Riccardo Calimani\"}]},{\"@type\":\"WebSite\",\"@id\":\"https:\/\/moked.it\/paginebraiche\/#website\",\"url\":\"https:\/\/moked.it\/paginebraiche\/\",\"name\":\"Pagine Ebraiche\",\"description\":\"Il giornale dell&#039;ebraismo italiano\",\"potentialAction\":[{\"@type\":\"SearchAction\",\"target\":{\"@type\":\"EntryPoint\",\"urlTemplate\":\"https:\/\/moked.it\/paginebraiche\/?s={search_term_string}\"},\"query-input\":{\"@type\":\"PropertyValueSpecification\",\"valueRequired\":true,\"valueName\":\"search_term_string\"}}],\"inLanguage\":\"it-IT\"},{\"@type\":\"Person\",\"@id\":\"https:\/\/moked.it\/paginebraiche\/#\/schema\/person\/98faa2b6cf7e48f741d7368e7bde9a41\",\"name\":\"valerio\",\"image\":{\"@type\":\"ImageObject\",\"inLanguage\":\"it-IT\",\"@id\":\"https:\/\/moked.it\/paginebraiche\/#\/schema\/person\/image\/\",\"url\":\"https:\/\/secure.gravatar.com\/avatar\/ef452dd763370c0796e77f514e3e014f42f74f708738e04bce9f81dd409e2c93?s=96&d=mm&r=g\",\"contentUrl\":\"https:\/\/secure.gravatar.com\/avatar\/ef452dd763370c0796e77f514e3e014f42f74f708738e04bce9f81dd409e2c93?s=96&d=mm&r=g\",\"caption\":\"valerio\"},\"sameAs\":[\"http:\/\/\"],\"url\":\"https:\/\/moked.it\/paginebraiche\/author\/valerio\/\"}]}<\/script>\n<!-- \/ Yoast SEO plugin. -->","yoast_head_json":{"title":"Ferrara, torna la gran Festa dei libri  Intervista a Riccardo Calimani - Pagine Ebraiche","robots":{"index":"index","follow":"follow","max-snippet":"max-snippet:-1","max-image-preview":"max-image-preview:large","max-video-preview":"max-video-preview:-1"},"canonical":"https:\/\/moked.it\/paginebraiche\/2012\/03\/22\/ferrara-torna-la-gran-festa-dei-libri-intervista-a-riccardo-calimani\/","og_locale":"it_IT","og_type":"article","og_title":"Ferrara, torna la gran Festa dei libri  Intervista a Riccardo Calimani - Pagine Ebraiche","og_description":"Sembrava una scommessa quasi impossibile: costruire dal nulla un grande evento dedicato al libro ebraico, ai suoi contenuti e ai suoi autori. Non un momento riservato agli specialisti e agli addetti ai lavori, ma una proposta capace di attirare anche il grande pubblico e di parlare linguaggi diversi. La terza edizione, ormai alle porte, della&hellip; leggi&nbsp;","og_url":"https:\/\/moked.it\/paginebraiche\/2012\/03\/22\/ferrara-torna-la-gran-festa-dei-libri-intervista-a-riccardo-calimani\/","og_site_name":"Pagine Ebraiche","article_published_time":"2012-03-22T10:28:55+00:00","og_image":[{"width":981,"height":601,"url":"https:\/\/moked.it\/paginebraiche\/files\/2012\/03\/Schermata-2012-03-22-a-11.26.33.png","type":"image\/png"}],"author":"valerio","twitter_card":"summary_large_image","twitter_misc":{"Scritto da":"valerio","Tempo di lettura stimato":"5 minuti"},"schema":{"@context":"https:\/\/schema.org","@graph":[{"@type":"WebPage","@id":"https:\/\/moked.it\/paginebraiche\/2012\/03\/22\/ferrara-torna-la-gran-festa-dei-libri-intervista-a-riccardo-calimani\/","url":"https:\/\/moked.it\/paginebraiche\/2012\/03\/22\/ferrara-torna-la-gran-festa-dei-libri-intervista-a-riccardo-calimani\/","name":"Ferrara, torna la gran Festa dei libri Intervista a Riccardo Calimani - Pagine Ebraiche","isPartOf":{"@id":"https:\/\/moked.it\/paginebraiche\/#website"},"primaryImageOfPage":{"@id":"https:\/\/moked.it\/paginebraiche\/2012\/03\/22\/ferrara-torna-la-gran-festa-dei-libri-intervista-a-riccardo-calimani\/#primaryimage"},"image":{"@id":"https:\/\/moked.it\/paginebraiche\/2012\/03\/22\/ferrara-torna-la-gran-festa-dei-libri-intervista-a-riccardo-calimani\/#primaryimage"},"thumbnailUrl":"https:\/\/moked.it\/paginebraiche\/files\/2012\/03\/Schermata-2012-03-22-a-11.26.33.png","datePublished":"2012-03-22T10:28:55+00:00","author":{"@id":"https:\/\/moked.it\/paginebraiche\/#\/schema\/person\/98faa2b6cf7e48f741d7368e7bde9a41"},"breadcrumb":{"@id":"https:\/\/moked.it\/paginebraiche\/2012\/03\/22\/ferrara-torna-la-gran-festa-dei-libri-intervista-a-riccardo-calimani\/#breadcrumb"},"inLanguage":"it-IT","potentialAction":[{"@type":"ReadAction","target":["https:\/\/moked.it\/paginebraiche\/2012\/03\/22\/ferrara-torna-la-gran-festa-dei-libri-intervista-a-riccardo-calimani\/"]}]},{"@type":"ImageObject","inLanguage":"it-IT","@id":"https:\/\/moked.it\/paginebraiche\/2012\/03\/22\/ferrara-torna-la-gran-festa-dei-libri-intervista-a-riccardo-calimani\/#primaryimage","url":"https:\/\/moked.it\/paginebraiche\/files\/2012\/03\/Schermata-2012-03-22-a-11.26.33.png","contentUrl":"https:\/\/moked.it\/paginebraiche\/files\/2012\/03\/Schermata-2012-03-22-a-11.26.33.png","width":"981","height":"601"},{"@type":"BreadcrumbList","@id":"https:\/\/moked.it\/paginebraiche\/2012\/03\/22\/ferrara-torna-la-gran-festa-dei-libri-intervista-a-riccardo-calimani\/#breadcrumb","itemListElement":[{"@type":"ListItem","position":1,"name":"Home","item":"https:\/\/moked.it\/paginebraiche\/"},{"@type":"ListItem","position":2,"name":"Ferrara, torna la gran Festa dei libri Intervista a Riccardo Calimani"}]},{"@type":"WebSite","@id":"https:\/\/moked.it\/paginebraiche\/#website","url":"https:\/\/moked.it\/paginebraiche\/","name":"Pagine Ebraiche","description":"Il giornale dell&#039;ebraismo italiano","potentialAction":[{"@type":"SearchAction","target":{"@type":"EntryPoint","urlTemplate":"https:\/\/moked.it\/paginebraiche\/?s={search_term_string}"},"query-input":{"@type":"PropertyValueSpecification","valueRequired":true,"valueName":"search_term_string"}}],"inLanguage":"it-IT"},{"@type":"Person","@id":"https:\/\/moked.it\/paginebraiche\/#\/schema\/person\/98faa2b6cf7e48f741d7368e7bde9a41","name":"valerio","image":{"@type":"ImageObject","inLanguage":"it-IT","@id":"https:\/\/moked.it\/paginebraiche\/#\/schema\/person\/image\/","url":"https:\/\/secure.gravatar.com\/avatar\/ef452dd763370c0796e77f514e3e014f42f74f708738e04bce9f81dd409e2c93?s=96&d=mm&r=g","contentUrl":"https:\/\/secure.gravatar.com\/avatar\/ef452dd763370c0796e77f514e3e014f42f74f708738e04bce9f81dd409e2c93?s=96&d=mm&r=g","caption":"valerio"},"sameAs":["http:\/\/"],"url":"https:\/\/moked.it\/paginebraiche\/author\/valerio\/"}]}},"_links":{"self":[{"href":"https:\/\/moked.it\/paginebraiche\/wp-json\/wp\/v2\/posts\/282","targetHints":{"allow":["GET"]}}],"collection":[{"href":"https:\/\/moked.it\/paginebraiche\/wp-json\/wp\/v2\/posts"}],"about":[{"href":"https:\/\/moked.it\/paginebraiche\/wp-json\/wp\/v2\/types\/post"}],"author":[{"embeddable":true,"href":"https:\/\/moked.it\/paginebraiche\/wp-json\/wp\/v2\/users\/422"}],"replies":[{"embeddable":true,"href":"https:\/\/moked.it\/paginebraiche\/wp-json\/wp\/v2\/comments?post=282"}],"version-history":[{"count":1,"href":"https:\/\/moked.it\/paginebraiche\/wp-json\/wp\/v2\/posts\/282\/revisions"}],"predecessor-version":[{"id":284,"href":"https:\/\/moked.it\/paginebraiche\/wp-json\/wp\/v2\/posts\/282\/revisions\/284"}],"wp:featuredmedia":[{"embeddable":true,"href":"https:\/\/moked.it\/paginebraiche\/wp-json\/wp\/v2\/media\/283"}],"wp:attachment":[{"href":"https:\/\/moked.it\/paginebraiche\/wp-json\/wp\/v2\/media?parent=282"}],"wp:term":[{"taxonomy":"category","embeddable":true,"href":"https:\/\/moked.it\/paginebraiche\/wp-json\/wp\/v2\/categories?post=282"},{"taxonomy":"post_tag","embeddable":true,"href":"https:\/\/moked.it\/paginebraiche\/wp-json\/wp\/v2\/tags?post=282"},{"taxonomy":"position","embeddable":true,"href":"https:\/\/moked.it\/paginebraiche\/wp-json\/wp\/v2\/position?post=282"}],"curies":[{"name":"wp","href":"https:\/\/api.w.org\/{rel}","templated":true}]}}