{"id":350,"date":"2012-05-13T09:10:27","date_gmt":"2012-05-13T14:10:27","guid":{"rendered":"http:\/\/moked.it\/paginebraiche\/?p=350"},"modified":"2012-05-13T09:10:27","modified_gmt":"2012-05-13T14:10:27","slug":"ron-leshem-e-quell%e2%80%99incontro-mancato","status":"publish","type":"post","link":"https:\/\/moked.it\/paginebraiche\/2012\/05\/13\/ron-leshem-e-quell%e2%80%99incontro-mancato\/","title":{"rendered":"Ron Leshem e quell\u2019incontro mancato"},"content":{"rendered":"<p><a href=\"http:\/\/moked.it\/paginebraiche\/files\/2012\/05\/leshemapp.jpg\"><img loading=\"lazy\" decoding=\"async\" src=\"http:\/\/moked.it\/paginebraiche\/files\/2012\/05\/leshemapp-300x200.jpg\" alt=\"\" title=\"leshemapp\" width=\"300\" height=\"200\" class=\"alignright size-medium wp-image-351\" srcset=\"https:\/\/moked.it\/paginebraiche\/files\/2012\/05\/leshemapp-300x200.jpg 300w, https:\/\/moked.it\/paginebraiche\/files\/2012\/05\/leshemapp.jpg 1024w\" sizes=\"auto, (max-width: 300px) 100vw, 300px\" \/><\/a>Doveva essere uno degli incontri pi\u00f9 significativi del Salone del libro di Torino. Un momento simbolico, carico di nuove possibilit\u00e0 di dialogo. Ma alla fine le ragioni della politica hanno avuto la meglio. L\u2019incontro fra lo scrittore israeliano Ron Leshem e l\u2019iraniano Mahmoud Doulatabadi, in programma stamattina, \u00e8 dunque saltato. E i due autori hanno incontrato il pubblico ciascuno per suo conto. Un vero peccato, soprattutto alla luce di Leshem, Underground Bazar (Cargo editore), dedicato proprio all\u2019incontro con il mondo iraniano.<br \/>\n\u201cAttendevo con grande interesse quest\u2019incontro con Doulatabadi, ma sapevo che sarebbe stato molto difficile realizzarlo\u201d, dice Ron Leshem. \u201cNon mi stupisce per\u00f2 che l\u2019appuntamento sia saltato: per gli iraniani incontrare un israeliano pu\u00f2 essere molto pericoloso \u2013 continua \u2013 Anche nei giorni della riforma del presidente Katami sono stati uccisi dalla polizia segreta pi\u00f9 di cento giornalisti, scrittori, traduttori, editori. E il mondo \u00e8 rimasto in silenzio. Per questo iraniani e israeliani non s\u2019incontrano mai in pubblico. Ed \u00e8 un peccato perch\u00e9 si elimina cos\u00ec un\u2019opportunit\u00e0 preziosa di dialogo\u201d.<br \/>\n\u201cLe somiglianze tra i nostri popoli sono pi\u00f9 profonde delle differenze. E questa somiglianza \u00e8 bella e terribile al tempo stesso\u201d ha ricordato lo scrittore nell\u2019incontro condotto da Farian Sabahi. \u201cSono molto attratto dalle cose vietate \u2013 ha continuato \u2013 Cos\u00ec mi sono chiesto cos\u2019avrei fatto io in una situazione quale quella iraniana. Volevo anche capire in che modo un giovane si arrende a un credo religioso, come si vive in un paese in cui c\u2019\u00e8 un regime. Ed \u00e8 una questione politica, prima che religiosa. Un tema che riguarda non solo l\u2019Iran o Israele ma molti altri paesi. Quella storia in qualche modo mi ha trovato e l\u2019ho scritta insieme agli iraniani che poi sono diventati miei amici. Anche se non \u00e8 una storia dell\u2019Iran ma una storia d\u2019amore che coinvolge i giovani iraniani\u201d.<br \/>\nQuanto alle analogie fra i due paesi, Leshem ha sottolineato come tanti ragazzi iraniani si trovino oggi a vivere in un mondo di illusioni, alimentato da internet (\u00e8 vero che l\u00ec c\u2019\u00e8 la censura, ma i ragazzi sanno bene come fare a evitarla). \u201cIo vivo a Tel Aviv, che \u00e8 un\u2019isola di liberalismo con club, discoteche, bar, la spiaggia in cui si pu\u00f2 girare nudi. Ma chi sta l\u00ec spesso non s\u2019interessa del contesto pi\u00f9 generale: vive in questa bolla di libert\u00e0, in una realt\u00e0 di sesso, droga e rock\u2019n roll, senza pi\u00f9 la speranza di poter cambiare le cose\u201d.<br \/>\nInfine le minacce di guerra. \u201cNon credo ci sia un pericolo incombente. Mi spaventa di pi\u00f9 il fatto che dall\u2019altra parte del confine ci siano donne lapidate a morte per adulterio o persone picchiate e uccise per la strada per presunti comportamenti immorali. Il mio nemico, in realt\u00e0, \u00e8 la politica basata sulla religione\u201d.<\/p>\n<p>Daniela Gross twitter @dgrossmoked <\/p>\n","protected":false},"excerpt":{"rendered":"<p>Doveva essere uno degli incontri pi\u00f9 significativi del Salone del libro di Torino. Un momento simbolico, carico di nuove possibilit\u00e0 di dialogo. Ma alla fine le ragioni della politica hanno avuto la meglio. L\u2019incontro fra lo scrittore israeliano Ron Leshem e l\u2019iraniano Mahmoud Doulatabadi, in programma stamattina, \u00e8 dunque saltato. E i due autori hanno&hellip; <a class=\"more\" rel=\"bookmark\" href=\"https:\/\/moked.it\/paginebraiche\/2012\/05\/13\/ron-leshem-e-quell%e2%80%99incontro-mancato\/\">leggi&nbsp;<i class=\"fa fa-chevron-circle-right\"><\/i><\/a><\/p>\n","protected":false},"author":422,"featured_media":351,"menu_order":0,"comment_status":"closed","ping_status":"open","sticky":false,"template":"","format":"standard","meta":{"footnotes":""},"categories":[1],"tags":[],"position":[],"class_list":["post-350","post","type-post","status-publish","format-standard","has-post-thumbnail","hentry","category-uncategorized"],"yoast_head":"<!-- This site is optimized with the Yoast SEO plugin v26.0 - https:\/\/yoast.com\/wordpress\/plugins\/seo\/ -->\n<title>Ron Leshem e quell\u2019incontro mancato - Pagine Ebraiche<\/title>\n<meta name=\"robots\" content=\"index, follow, max-snippet:-1, max-image-preview:large, max-video-preview:-1\" \/>\n<link rel=\"canonical\" href=\"https:\/\/moked.it\/paginebraiche\/2012\/05\/13\/ron-leshem-e-quell\u2019incontro-mancato\/\" \/>\n<meta property=\"og:locale\" content=\"it_IT\" \/>\n<meta property=\"og:type\" content=\"article\" \/>\n<meta property=\"og:title\" content=\"Ron Leshem e quell\u2019incontro mancato - Pagine Ebraiche\" \/>\n<meta property=\"og:description\" content=\"Doveva essere uno degli incontri pi\u00f9 significativi del Salone del libro di Torino. Un momento simbolico, carico di nuove possibilit\u00e0 di dialogo. Ma alla fine le ragioni della politica hanno avuto la meglio. L\u2019incontro fra lo scrittore israeliano Ron Leshem e l\u2019iraniano Mahmoud Doulatabadi, in programma stamattina, \u00e8 dunque saltato. E i due autori hanno&hellip; leggi&nbsp;\" \/>\n<meta property=\"og:url\" content=\"https:\/\/moked.it\/paginebraiche\/2012\/05\/13\/ron-leshem-e-quell\u2019incontro-mancato\/\" \/>\n<meta property=\"og:site_name\" content=\"Pagine Ebraiche\" \/>\n<meta property=\"article:published_time\" content=\"2012-05-13T14:10:27+00:00\" \/>\n<meta property=\"og:image\" content=\"https:\/\/moked.it\/paginebraiche\/files\/2012\/05\/leshemapp.jpg\" \/>\n\t<meta property=\"og:image:width\" content=\"1024\" \/>\n\t<meta property=\"og:image:height\" content=\"685\" \/>\n\t<meta property=\"og:image:type\" content=\"image\/jpeg\" \/>\n<meta name=\"author\" content=\"valerio\" \/>\n<meta name=\"twitter:card\" content=\"summary_large_image\" \/>\n<meta name=\"twitter:label1\" content=\"Scritto da\" \/>\n\t<meta name=\"twitter:data1\" content=\"valerio\" \/>\n\t<meta name=\"twitter:label2\" content=\"Tempo di lettura stimato\" \/>\n\t<meta name=\"twitter:data2\" content=\"2 minuti\" \/>\n<script type=\"application\/ld+json\" class=\"yoast-schema-graph\">{\"@context\":\"https:\/\/schema.org\",\"@graph\":[{\"@type\":\"WebPage\",\"@id\":\"https:\/\/moked.it\/paginebraiche\/2012\/05\/13\/ron-leshem-e-quell%e2%80%99incontro-mancato\/\",\"url\":\"https:\/\/moked.it\/paginebraiche\/2012\/05\/13\/ron-leshem-e-quell%e2%80%99incontro-mancato\/\",\"name\":\"Ron Leshem e quell\u2019incontro mancato - Pagine Ebraiche\",\"isPartOf\":{\"@id\":\"https:\/\/moked.it\/paginebraiche\/#website\"},\"primaryImageOfPage\":{\"@id\":\"https:\/\/moked.it\/paginebraiche\/2012\/05\/13\/ron-leshem-e-quell%e2%80%99incontro-mancato\/#primaryimage\"},\"image\":{\"@id\":\"https:\/\/moked.it\/paginebraiche\/2012\/05\/13\/ron-leshem-e-quell%e2%80%99incontro-mancato\/#primaryimage\"},\"thumbnailUrl\":\"https:\/\/moked.it\/paginebraiche\/files\/2012\/05\/leshemapp.jpg\",\"datePublished\":\"2012-05-13T14:10:27+00:00\",\"author\":{\"@id\":\"https:\/\/moked.it\/paginebraiche\/#\/schema\/person\/98faa2b6cf7e48f741d7368e7bde9a41\"},\"breadcrumb\":{\"@id\":\"https:\/\/moked.it\/paginebraiche\/2012\/05\/13\/ron-leshem-e-quell%e2%80%99incontro-mancato\/#breadcrumb\"},\"inLanguage\":\"it-IT\",\"potentialAction\":[{\"@type\":\"ReadAction\",\"target\":[\"https:\/\/moked.it\/paginebraiche\/2012\/05\/13\/ron-leshem-e-quell%e2%80%99incontro-mancato\/\"]}]},{\"@type\":\"ImageObject\",\"inLanguage\":\"it-IT\",\"@id\":\"https:\/\/moked.it\/paginebraiche\/2012\/05\/13\/ron-leshem-e-quell%e2%80%99incontro-mancato\/#primaryimage\",\"url\":\"https:\/\/moked.it\/paginebraiche\/files\/2012\/05\/leshemapp.jpg\",\"contentUrl\":\"https:\/\/moked.it\/paginebraiche\/files\/2012\/05\/leshemapp.jpg\",\"width\":\"1024\",\"height\":\"685\"},{\"@type\":\"BreadcrumbList\",\"@id\":\"https:\/\/moked.it\/paginebraiche\/2012\/05\/13\/ron-leshem-e-quell%e2%80%99incontro-mancato\/#breadcrumb\",\"itemListElement\":[{\"@type\":\"ListItem\",\"position\":1,\"name\":\"Home\",\"item\":\"https:\/\/moked.it\/paginebraiche\/\"},{\"@type\":\"ListItem\",\"position\":2,\"name\":\"Ron Leshem e quell\u2019incontro mancato\"}]},{\"@type\":\"WebSite\",\"@id\":\"https:\/\/moked.it\/paginebraiche\/#website\",\"url\":\"https:\/\/moked.it\/paginebraiche\/\",\"name\":\"Pagine Ebraiche\",\"description\":\"Il giornale dell&#039;ebraismo italiano\",\"potentialAction\":[{\"@type\":\"SearchAction\",\"target\":{\"@type\":\"EntryPoint\",\"urlTemplate\":\"https:\/\/moked.it\/paginebraiche\/?s={search_term_string}\"},\"query-input\":{\"@type\":\"PropertyValueSpecification\",\"valueRequired\":true,\"valueName\":\"search_term_string\"}}],\"inLanguage\":\"it-IT\"},{\"@type\":\"Person\",\"@id\":\"https:\/\/moked.it\/paginebraiche\/#\/schema\/person\/98faa2b6cf7e48f741d7368e7bde9a41\",\"name\":\"valerio\",\"image\":{\"@type\":\"ImageObject\",\"inLanguage\":\"it-IT\",\"@id\":\"https:\/\/moked.it\/paginebraiche\/#\/schema\/person\/image\/\",\"url\":\"https:\/\/secure.gravatar.com\/avatar\/ef452dd763370c0796e77f514e3e014f42f74f708738e04bce9f81dd409e2c93?s=96&d=mm&r=g\",\"contentUrl\":\"https:\/\/secure.gravatar.com\/avatar\/ef452dd763370c0796e77f514e3e014f42f74f708738e04bce9f81dd409e2c93?s=96&d=mm&r=g\",\"caption\":\"valerio\"},\"sameAs\":[\"http:\/\/\"],\"url\":\"https:\/\/moked.it\/paginebraiche\/author\/valerio\/\"}]}<\/script>\n<!-- \/ Yoast SEO plugin. -->","yoast_head_json":{"title":"Ron Leshem e quell\u2019incontro mancato - Pagine Ebraiche","robots":{"index":"index","follow":"follow","max-snippet":"max-snippet:-1","max-image-preview":"max-image-preview:large","max-video-preview":"max-video-preview:-1"},"canonical":"https:\/\/moked.it\/paginebraiche\/2012\/05\/13\/ron-leshem-e-quell\u2019incontro-mancato\/","og_locale":"it_IT","og_type":"article","og_title":"Ron Leshem e quell\u2019incontro mancato - Pagine Ebraiche","og_description":"Doveva essere uno degli incontri pi\u00f9 significativi del Salone del libro di Torino. Un momento simbolico, carico di nuove possibilit\u00e0 di dialogo. Ma alla fine le ragioni della politica hanno avuto la meglio. L\u2019incontro fra lo scrittore israeliano Ron Leshem e l\u2019iraniano Mahmoud Doulatabadi, in programma stamattina, \u00e8 dunque saltato. E i due autori hanno&hellip; leggi&nbsp;","og_url":"https:\/\/moked.it\/paginebraiche\/2012\/05\/13\/ron-leshem-e-quell\u2019incontro-mancato\/","og_site_name":"Pagine Ebraiche","article_published_time":"2012-05-13T14:10:27+00:00","og_image":[{"width":1024,"height":685,"url":"https:\/\/moked.it\/paginebraiche\/files\/2012\/05\/leshemapp.jpg","type":"image\/jpeg"}],"author":"valerio","twitter_card":"summary_large_image","twitter_misc":{"Scritto da":"valerio","Tempo di lettura stimato":"2 minuti"},"schema":{"@context":"https:\/\/schema.org","@graph":[{"@type":"WebPage","@id":"https:\/\/moked.it\/paginebraiche\/2012\/05\/13\/ron-leshem-e-quell%e2%80%99incontro-mancato\/","url":"https:\/\/moked.it\/paginebraiche\/2012\/05\/13\/ron-leshem-e-quell%e2%80%99incontro-mancato\/","name":"Ron Leshem e quell\u2019incontro mancato - Pagine Ebraiche","isPartOf":{"@id":"https:\/\/moked.it\/paginebraiche\/#website"},"primaryImageOfPage":{"@id":"https:\/\/moked.it\/paginebraiche\/2012\/05\/13\/ron-leshem-e-quell%e2%80%99incontro-mancato\/#primaryimage"},"image":{"@id":"https:\/\/moked.it\/paginebraiche\/2012\/05\/13\/ron-leshem-e-quell%e2%80%99incontro-mancato\/#primaryimage"},"thumbnailUrl":"https:\/\/moked.it\/paginebraiche\/files\/2012\/05\/leshemapp.jpg","datePublished":"2012-05-13T14:10:27+00:00","author":{"@id":"https:\/\/moked.it\/paginebraiche\/#\/schema\/person\/98faa2b6cf7e48f741d7368e7bde9a41"},"breadcrumb":{"@id":"https:\/\/moked.it\/paginebraiche\/2012\/05\/13\/ron-leshem-e-quell%e2%80%99incontro-mancato\/#breadcrumb"},"inLanguage":"it-IT","potentialAction":[{"@type":"ReadAction","target":["https:\/\/moked.it\/paginebraiche\/2012\/05\/13\/ron-leshem-e-quell%e2%80%99incontro-mancato\/"]}]},{"@type":"ImageObject","inLanguage":"it-IT","@id":"https:\/\/moked.it\/paginebraiche\/2012\/05\/13\/ron-leshem-e-quell%e2%80%99incontro-mancato\/#primaryimage","url":"https:\/\/moked.it\/paginebraiche\/files\/2012\/05\/leshemapp.jpg","contentUrl":"https:\/\/moked.it\/paginebraiche\/files\/2012\/05\/leshemapp.jpg","width":"1024","height":"685"},{"@type":"BreadcrumbList","@id":"https:\/\/moked.it\/paginebraiche\/2012\/05\/13\/ron-leshem-e-quell%e2%80%99incontro-mancato\/#breadcrumb","itemListElement":[{"@type":"ListItem","position":1,"name":"Home","item":"https:\/\/moked.it\/paginebraiche\/"},{"@type":"ListItem","position":2,"name":"Ron Leshem e quell\u2019incontro mancato"}]},{"@type":"WebSite","@id":"https:\/\/moked.it\/paginebraiche\/#website","url":"https:\/\/moked.it\/paginebraiche\/","name":"Pagine Ebraiche","description":"Il giornale dell&#039;ebraismo italiano","potentialAction":[{"@type":"SearchAction","target":{"@type":"EntryPoint","urlTemplate":"https:\/\/moked.it\/paginebraiche\/?s={search_term_string}"},"query-input":{"@type":"PropertyValueSpecification","valueRequired":true,"valueName":"search_term_string"}}],"inLanguage":"it-IT"},{"@type":"Person","@id":"https:\/\/moked.it\/paginebraiche\/#\/schema\/person\/98faa2b6cf7e48f741d7368e7bde9a41","name":"valerio","image":{"@type":"ImageObject","inLanguage":"it-IT","@id":"https:\/\/moked.it\/paginebraiche\/#\/schema\/person\/image\/","url":"https:\/\/secure.gravatar.com\/avatar\/ef452dd763370c0796e77f514e3e014f42f74f708738e04bce9f81dd409e2c93?s=96&d=mm&r=g","contentUrl":"https:\/\/secure.gravatar.com\/avatar\/ef452dd763370c0796e77f514e3e014f42f74f708738e04bce9f81dd409e2c93?s=96&d=mm&r=g","caption":"valerio"},"sameAs":["http:\/\/"],"url":"https:\/\/moked.it\/paginebraiche\/author\/valerio\/"}]}},"_links":{"self":[{"href":"https:\/\/moked.it\/paginebraiche\/wp-json\/wp\/v2\/posts\/350","targetHints":{"allow":["GET"]}}],"collection":[{"href":"https:\/\/moked.it\/paginebraiche\/wp-json\/wp\/v2\/posts"}],"about":[{"href":"https:\/\/moked.it\/paginebraiche\/wp-json\/wp\/v2\/types\/post"}],"author":[{"embeddable":true,"href":"https:\/\/moked.it\/paginebraiche\/wp-json\/wp\/v2\/users\/422"}],"replies":[{"embeddable":true,"href":"https:\/\/moked.it\/paginebraiche\/wp-json\/wp\/v2\/comments?post=350"}],"version-history":[{"count":1,"href":"https:\/\/moked.it\/paginebraiche\/wp-json\/wp\/v2\/posts\/350\/revisions"}],"predecessor-version":[{"id":352,"href":"https:\/\/moked.it\/paginebraiche\/wp-json\/wp\/v2\/posts\/350\/revisions\/352"}],"wp:featuredmedia":[{"embeddable":true,"href":"https:\/\/moked.it\/paginebraiche\/wp-json\/wp\/v2\/media\/351"}],"wp:attachment":[{"href":"https:\/\/moked.it\/paginebraiche\/wp-json\/wp\/v2\/media?parent=350"}],"wp:term":[{"taxonomy":"category","embeddable":true,"href":"https:\/\/moked.it\/paginebraiche\/wp-json\/wp\/v2\/categories?post=350"},{"taxonomy":"post_tag","embeddable":true,"href":"https:\/\/moked.it\/paginebraiche\/wp-json\/wp\/v2\/tags?post=350"},{"taxonomy":"position","embeddable":true,"href":"https:\/\/moked.it\/paginebraiche\/wp-json\/wp\/v2\/position?post=350"}],"curies":[{"name":"wp","href":"https:\/\/api.w.org\/{rel}","templated":true}]}}