{"id":371,"date":"2012-05-31T15:32:11","date_gmt":"2012-05-31T20:32:11","guid":{"rendered":"http:\/\/moked.it\/paginebraiche\/?p=371"},"modified":"2012-05-31T15:32:11","modified_gmt":"2012-05-31T20:32:11","slug":"giornata-europea-della-cultura-ebraica-venezia-scelta-come-citta-capofila-2012","status":"publish","type":"post","link":"https:\/\/moked.it\/paginebraiche\/2012\/05\/31\/giornata-europea-della-cultura-ebraica-venezia-scelta-come-citta-capofila-2012\/","title":{"rendered":"Giornata europea della Cultura ebraica Venezia scelta come citt\u00e0 capofila 2012"},"content":{"rendered":"<p><a href=\"http:\/\/moked.it\/paginebraiche\/files\/2012\/05\/veneziaghetto.jpg\"><img loading=\"lazy\" decoding=\"async\" src=\"http:\/\/moked.it\/paginebraiche\/files\/2012\/05\/veneziaghetto.jpg\" alt=\"\" title=\"venezia ghetto\" width=\"960\" height=\"720\" class=\"alignright size-full wp-image-372\" srcset=\"https:\/\/moked.it\/paginebraiche\/files\/2012\/05\/veneziaghetto.jpg 960w, https:\/\/moked.it\/paginebraiche\/files\/2012\/05\/veneziaghetto-300x225.jpg 300w\" sizes=\"auto, (max-width: 960px) 100vw, 960px\" \/><\/a>Venezia scelta come citt\u00e0 capofila della Giornata europea della cultura ebraica 2012. L&#8217;appuntamento \u00e8 il 2 settembre. Soddisfazione \u00e8 stata espressa dal presidente della Comunit\u00e0 ebraica Amos Luzzatto. &#8220;Il tema caratterizzante la Giornata Europea della Cultura Ebraica di quest&#8217;anno \u00e8 definito l&#8217;umorismo ebraico. Deve essere chiaro che non si tratta di una antologia di barzellette, ma del modo tradizionale ebraico di affrontare e cercare di risolvere le avversit\u00e0 mettendo in evidenza le loro contraddizioni logiche e la forza secolare di coloro che ironizzando sulle proprie debolezze e sulla stessa forza di resistere malgrado tutto, ha sempre trovato la forza di minimizzare le difficolt\u00e0 esprimendo nel contempo la propria fiducia. Ne \u00e8 derivato un vero modo di vivere che si \u00e8 riprodotto con un sorriso in tutte le Comunit\u00e0, in tutti i paesi, trasformando le persecuzioni in prove che il coraggio d\u00e0 la forza di superare. Siamo onorati di essere al centro di questa manifestazione contribuendo con la classica ironia veneziana espressa anche nella letteratura locale e nello spirito degli ebrei di questa citt\u00e0.&#8221;<\/p>\n","protected":false},"excerpt":{"rendered":"<p>Venezia scelta come citt\u00e0 capofila della Giornata europea della cultura ebraica 2012. L&#8217;appuntamento \u00e8 il 2 settembre. Soddisfazione \u00e8 stata espressa dal presidente della Comunit\u00e0 ebraica Amos Luzzatto. &#8220;Il tema caratterizzante la Giornata Europea della Cultura Ebraica di quest&#8217;anno \u00e8 definito l&#8217;umorismo ebraico. Deve essere chiaro che non si tratta di una antologia di barzellette,&hellip; <a class=\"more\" rel=\"bookmark\" href=\"https:\/\/moked.it\/paginebraiche\/2012\/05\/31\/giornata-europea-della-cultura-ebraica-venezia-scelta-come-citta-capofila-2012\/\">leggi&nbsp;<i class=\"fa fa-chevron-circle-right\"><\/i><\/a><\/p>\n","protected":false},"author":422,"featured_media":0,"menu_order":0,"comment_status":"closed","ping_status":"open","sticky":false,"template":"","format":"standard","meta":{"footnotes":""},"categories":[1],"tags":[],"position":[],"class_list":["post-371","post","type-post","status-publish","format-standard","hentry","category-uncategorized"],"yoast_head":"<!-- This site is optimized with the Yoast SEO plugin v26.0 - https:\/\/yoast.com\/wordpress\/plugins\/seo\/ -->\n<title>Giornata europea della Cultura ebraica Venezia scelta come citt\u00e0 capofila 2012 - Pagine Ebraiche<\/title>\n<meta name=\"robots\" content=\"index, follow, max-snippet:-1, max-image-preview:large, max-video-preview:-1\" \/>\n<link rel=\"canonical\" href=\"https:\/\/moked.it\/paginebraiche\/2012\/05\/31\/giornata-europea-della-cultura-ebraica-venezia-scelta-come-citta-capofila-2012\/\" \/>\n<meta property=\"og:locale\" content=\"it_IT\" \/>\n<meta property=\"og:type\" content=\"article\" \/>\n<meta property=\"og:title\" content=\"Giornata europea della Cultura ebraica Venezia scelta come citt\u00e0 capofila 2012 - Pagine Ebraiche\" \/>\n<meta property=\"og:description\" content=\"Venezia scelta come citt\u00e0 capofila della Giornata europea della cultura ebraica 2012. L&#8217;appuntamento \u00e8 il 2 settembre. Soddisfazione \u00e8 stata espressa dal presidente della Comunit\u00e0 ebraica Amos Luzzatto. &#8220;Il tema caratterizzante la Giornata Europea della Cultura Ebraica di quest&#8217;anno \u00e8 definito l&#8217;umorismo ebraico. Deve essere chiaro che non si tratta di una antologia di barzellette,&hellip; leggi&nbsp;\" \/>\n<meta property=\"og:url\" content=\"https:\/\/moked.it\/paginebraiche\/2012\/05\/31\/giornata-europea-della-cultura-ebraica-venezia-scelta-come-citta-capofila-2012\/\" \/>\n<meta property=\"og:site_name\" content=\"Pagine Ebraiche\" \/>\n<meta property=\"article:published_time\" content=\"2012-05-31T20:32:11+00:00\" \/>\n<meta property=\"og:image\" content=\"http:\/\/moked.it\/paginebraiche\/files\/2012\/05\/veneziaghetto.jpg\" \/>\n<meta name=\"author\" content=\"valerio\" \/>\n<meta name=\"twitter:card\" content=\"summary_large_image\" \/>\n<meta name=\"twitter:label1\" content=\"Scritto da\" \/>\n\t<meta name=\"twitter:data1\" content=\"valerio\" \/>\n\t<meta name=\"twitter:label2\" content=\"Tempo di lettura stimato\" \/>\n\t<meta name=\"twitter:data2\" content=\"1 minuto\" \/>\n<script type=\"application\/ld+json\" class=\"yoast-schema-graph\">{\"@context\":\"https:\/\/schema.org\",\"@graph\":[{\"@type\":\"WebPage\",\"@id\":\"https:\/\/moked.it\/paginebraiche\/2012\/05\/31\/giornata-europea-della-cultura-ebraica-venezia-scelta-come-citta-capofila-2012\/\",\"url\":\"https:\/\/moked.it\/paginebraiche\/2012\/05\/31\/giornata-europea-della-cultura-ebraica-venezia-scelta-come-citta-capofila-2012\/\",\"name\":\"Giornata europea della Cultura ebraica Venezia scelta come citt\u00e0 capofila 2012 - Pagine Ebraiche\",\"isPartOf\":{\"@id\":\"https:\/\/moked.it\/paginebraiche\/#website\"},\"primaryImageOfPage\":{\"@id\":\"https:\/\/moked.it\/paginebraiche\/2012\/05\/31\/giornata-europea-della-cultura-ebraica-venezia-scelta-come-citta-capofila-2012\/#primaryimage\"},\"image\":{\"@id\":\"https:\/\/moked.it\/paginebraiche\/2012\/05\/31\/giornata-europea-della-cultura-ebraica-venezia-scelta-come-citta-capofila-2012\/#primaryimage\"},\"thumbnailUrl\":\"http:\/\/moked.it\/paginebraiche\/files\/2012\/05\/veneziaghetto.jpg\",\"datePublished\":\"2012-05-31T20:32:11+00:00\",\"author\":{\"@id\":\"https:\/\/moked.it\/paginebraiche\/#\/schema\/person\/98faa2b6cf7e48f741d7368e7bde9a41\"},\"breadcrumb\":{\"@id\":\"https:\/\/moked.it\/paginebraiche\/2012\/05\/31\/giornata-europea-della-cultura-ebraica-venezia-scelta-come-citta-capofila-2012\/#breadcrumb\"},\"inLanguage\":\"it-IT\",\"potentialAction\":[{\"@type\":\"ReadAction\",\"target\":[\"https:\/\/moked.it\/paginebraiche\/2012\/05\/31\/giornata-europea-della-cultura-ebraica-venezia-scelta-come-citta-capofila-2012\/\"]}]},{\"@type\":\"ImageObject\",\"inLanguage\":\"it-IT\",\"@id\":\"https:\/\/moked.it\/paginebraiche\/2012\/05\/31\/giornata-europea-della-cultura-ebraica-venezia-scelta-come-citta-capofila-2012\/#primaryimage\",\"url\":\"https:\/\/moked.it\/paginebraiche\/files\/2012\/05\/veneziaghetto.jpg\",\"contentUrl\":\"https:\/\/moked.it\/paginebraiche\/files\/2012\/05\/veneziaghetto.jpg\",\"width\":\"960\",\"height\":\"720\"},{\"@type\":\"BreadcrumbList\",\"@id\":\"https:\/\/moked.it\/paginebraiche\/2012\/05\/31\/giornata-europea-della-cultura-ebraica-venezia-scelta-come-citta-capofila-2012\/#breadcrumb\",\"itemListElement\":[{\"@type\":\"ListItem\",\"position\":1,\"name\":\"Home\",\"item\":\"https:\/\/moked.it\/paginebraiche\/\"},{\"@type\":\"ListItem\",\"position\":2,\"name\":\"Giornata europea della Cultura ebraica Venezia scelta come citt\u00e0 capofila 2012\"}]},{\"@type\":\"WebSite\",\"@id\":\"https:\/\/moked.it\/paginebraiche\/#website\",\"url\":\"https:\/\/moked.it\/paginebraiche\/\",\"name\":\"Pagine Ebraiche\",\"description\":\"Il giornale dell&#039;ebraismo italiano\",\"potentialAction\":[{\"@type\":\"SearchAction\",\"target\":{\"@type\":\"EntryPoint\",\"urlTemplate\":\"https:\/\/moked.it\/paginebraiche\/?s={search_term_string}\"},\"query-input\":{\"@type\":\"PropertyValueSpecification\",\"valueRequired\":true,\"valueName\":\"search_term_string\"}}],\"inLanguage\":\"it-IT\"},{\"@type\":\"Person\",\"@id\":\"https:\/\/moked.it\/paginebraiche\/#\/schema\/person\/98faa2b6cf7e48f741d7368e7bde9a41\",\"name\":\"valerio\",\"image\":{\"@type\":\"ImageObject\",\"inLanguage\":\"it-IT\",\"@id\":\"https:\/\/moked.it\/paginebraiche\/#\/schema\/person\/image\/\",\"url\":\"https:\/\/secure.gravatar.com\/avatar\/ef452dd763370c0796e77f514e3e014f42f74f708738e04bce9f81dd409e2c93?s=96&d=mm&r=g\",\"contentUrl\":\"https:\/\/secure.gravatar.com\/avatar\/ef452dd763370c0796e77f514e3e014f42f74f708738e04bce9f81dd409e2c93?s=96&d=mm&r=g\",\"caption\":\"valerio\"},\"sameAs\":[\"http:\/\/\"],\"url\":\"https:\/\/moked.it\/paginebraiche\/author\/valerio\/\"}]}<\/script>\n<!-- \/ Yoast SEO plugin. -->","yoast_head_json":{"title":"Giornata europea della Cultura ebraica Venezia scelta come citt\u00e0 capofila 2012 - Pagine Ebraiche","robots":{"index":"index","follow":"follow","max-snippet":"max-snippet:-1","max-image-preview":"max-image-preview:large","max-video-preview":"max-video-preview:-1"},"canonical":"https:\/\/moked.it\/paginebraiche\/2012\/05\/31\/giornata-europea-della-cultura-ebraica-venezia-scelta-come-citta-capofila-2012\/","og_locale":"it_IT","og_type":"article","og_title":"Giornata europea della Cultura ebraica Venezia scelta come citt\u00e0 capofila 2012 - Pagine Ebraiche","og_description":"Venezia scelta come citt\u00e0 capofila della Giornata europea della cultura ebraica 2012. L&#8217;appuntamento \u00e8 il 2 settembre. Soddisfazione \u00e8 stata espressa dal presidente della Comunit\u00e0 ebraica Amos Luzzatto. &#8220;Il tema caratterizzante la Giornata Europea della Cultura Ebraica di quest&#8217;anno \u00e8 definito l&#8217;umorismo ebraico. Deve essere chiaro che non si tratta di una antologia di barzellette,&hellip; leggi&nbsp;","og_url":"https:\/\/moked.it\/paginebraiche\/2012\/05\/31\/giornata-europea-della-cultura-ebraica-venezia-scelta-come-citta-capofila-2012\/","og_site_name":"Pagine Ebraiche","article_published_time":"2012-05-31T20:32:11+00:00","og_image":[{"url":"http:\/\/moked.it\/paginebraiche\/files\/2012\/05\/veneziaghetto.jpg","type":"","width":"","height":""}],"author":"valerio","twitter_card":"summary_large_image","twitter_misc":{"Scritto da":"valerio","Tempo di lettura stimato":"1 minuto"},"schema":{"@context":"https:\/\/schema.org","@graph":[{"@type":"WebPage","@id":"https:\/\/moked.it\/paginebraiche\/2012\/05\/31\/giornata-europea-della-cultura-ebraica-venezia-scelta-come-citta-capofila-2012\/","url":"https:\/\/moked.it\/paginebraiche\/2012\/05\/31\/giornata-europea-della-cultura-ebraica-venezia-scelta-come-citta-capofila-2012\/","name":"Giornata europea della Cultura ebraica Venezia scelta come citt\u00e0 capofila 2012 - Pagine Ebraiche","isPartOf":{"@id":"https:\/\/moked.it\/paginebraiche\/#website"},"primaryImageOfPage":{"@id":"https:\/\/moked.it\/paginebraiche\/2012\/05\/31\/giornata-europea-della-cultura-ebraica-venezia-scelta-come-citta-capofila-2012\/#primaryimage"},"image":{"@id":"https:\/\/moked.it\/paginebraiche\/2012\/05\/31\/giornata-europea-della-cultura-ebraica-venezia-scelta-come-citta-capofila-2012\/#primaryimage"},"thumbnailUrl":"http:\/\/moked.it\/paginebraiche\/files\/2012\/05\/veneziaghetto.jpg","datePublished":"2012-05-31T20:32:11+00:00","author":{"@id":"https:\/\/moked.it\/paginebraiche\/#\/schema\/person\/98faa2b6cf7e48f741d7368e7bde9a41"},"breadcrumb":{"@id":"https:\/\/moked.it\/paginebraiche\/2012\/05\/31\/giornata-europea-della-cultura-ebraica-venezia-scelta-come-citta-capofila-2012\/#breadcrumb"},"inLanguage":"it-IT","potentialAction":[{"@type":"ReadAction","target":["https:\/\/moked.it\/paginebraiche\/2012\/05\/31\/giornata-europea-della-cultura-ebraica-venezia-scelta-come-citta-capofila-2012\/"]}]},{"@type":"ImageObject","inLanguage":"it-IT","@id":"https:\/\/moked.it\/paginebraiche\/2012\/05\/31\/giornata-europea-della-cultura-ebraica-venezia-scelta-come-citta-capofila-2012\/#primaryimage","url":"https:\/\/moked.it\/paginebraiche\/files\/2012\/05\/veneziaghetto.jpg","contentUrl":"https:\/\/moked.it\/paginebraiche\/files\/2012\/05\/veneziaghetto.jpg","width":"960","height":"720"},{"@type":"BreadcrumbList","@id":"https:\/\/moked.it\/paginebraiche\/2012\/05\/31\/giornata-europea-della-cultura-ebraica-venezia-scelta-come-citta-capofila-2012\/#breadcrumb","itemListElement":[{"@type":"ListItem","position":1,"name":"Home","item":"https:\/\/moked.it\/paginebraiche\/"},{"@type":"ListItem","position":2,"name":"Giornata europea della Cultura ebraica Venezia scelta come citt\u00e0 capofila 2012"}]},{"@type":"WebSite","@id":"https:\/\/moked.it\/paginebraiche\/#website","url":"https:\/\/moked.it\/paginebraiche\/","name":"Pagine Ebraiche","description":"Il giornale dell&#039;ebraismo italiano","potentialAction":[{"@type":"SearchAction","target":{"@type":"EntryPoint","urlTemplate":"https:\/\/moked.it\/paginebraiche\/?s={search_term_string}"},"query-input":{"@type":"PropertyValueSpecification","valueRequired":true,"valueName":"search_term_string"}}],"inLanguage":"it-IT"},{"@type":"Person","@id":"https:\/\/moked.it\/paginebraiche\/#\/schema\/person\/98faa2b6cf7e48f741d7368e7bde9a41","name":"valerio","image":{"@type":"ImageObject","inLanguage":"it-IT","@id":"https:\/\/moked.it\/paginebraiche\/#\/schema\/person\/image\/","url":"https:\/\/secure.gravatar.com\/avatar\/ef452dd763370c0796e77f514e3e014f42f74f708738e04bce9f81dd409e2c93?s=96&d=mm&r=g","contentUrl":"https:\/\/secure.gravatar.com\/avatar\/ef452dd763370c0796e77f514e3e014f42f74f708738e04bce9f81dd409e2c93?s=96&d=mm&r=g","caption":"valerio"},"sameAs":["http:\/\/"],"url":"https:\/\/moked.it\/paginebraiche\/author\/valerio\/"}]}},"_links":{"self":[{"href":"https:\/\/moked.it\/paginebraiche\/wp-json\/wp\/v2\/posts\/371","targetHints":{"allow":["GET"]}}],"collection":[{"href":"https:\/\/moked.it\/paginebraiche\/wp-json\/wp\/v2\/posts"}],"about":[{"href":"https:\/\/moked.it\/paginebraiche\/wp-json\/wp\/v2\/types\/post"}],"author":[{"embeddable":true,"href":"https:\/\/moked.it\/paginebraiche\/wp-json\/wp\/v2\/users\/422"}],"replies":[{"embeddable":true,"href":"https:\/\/moked.it\/paginebraiche\/wp-json\/wp\/v2\/comments?post=371"}],"version-history":[{"count":1,"href":"https:\/\/moked.it\/paginebraiche\/wp-json\/wp\/v2\/posts\/371\/revisions"}],"predecessor-version":[{"id":373,"href":"https:\/\/moked.it\/paginebraiche\/wp-json\/wp\/v2\/posts\/371\/revisions\/373"}],"wp:attachment":[{"href":"https:\/\/moked.it\/paginebraiche\/wp-json\/wp\/v2\/media?parent=371"}],"wp:term":[{"taxonomy":"category","embeddable":true,"href":"https:\/\/moked.it\/paginebraiche\/wp-json\/wp\/v2\/categories?post=371"},{"taxonomy":"post_tag","embeddable":true,"href":"https:\/\/moked.it\/paginebraiche\/wp-json\/wp\/v2\/tags?post=371"},{"taxonomy":"position","embeddable":true,"href":"https:\/\/moked.it\/paginebraiche\/wp-json\/wp\/v2\/position?post=371"}],"curies":[{"name":"wp","href":"https:\/\/api.w.org\/{rel}","templated":true}]}}