{"id":380,"date":"2012-06-12T04:52:15","date_gmt":"2012-06-12T09:52:15","guid":{"rendered":"http:\/\/moked.it\/paginebraiche\/?p=380"},"modified":"2012-06-12T04:52:15","modified_gmt":"2012-06-12T09:52:15","slug":"qui-milano-i-nomi-del-nuovo-consiglio","status":"publish","type":"post","link":"https:\/\/moked.it\/paginebraiche\/2012\/06\/12\/qui-milano-i-nomi-del-nuovo-consiglio\/","title":{"rendered":"Qui Milano &#8211; I nomi del nuovo Consiglio"},"content":{"rendered":"<p><a href=\"http:\/\/moked.it\/paginebraiche\/files\/2012\/06\/neoeletti.jpg\"><img loading=\"lazy\" decoding=\"async\" src=\"http:\/\/moked.it\/paginebraiche\/files\/2012\/06\/neoeletti.jpg\" alt=\"\" title=\"neoeletti\" width=\"1024\" height=\"765\" class=\"alignleft size-full wp-image-382\" srcset=\"https:\/\/moked.it\/paginebraiche\/files\/2012\/06\/neoeletti.jpg 1024w, https:\/\/moked.it\/paginebraiche\/files\/2012\/06\/neoeletti-300x224.jpg 300w\" sizes=\"auto, (max-width: 1024px) 100vw, 1024px\" \/><\/a>Dieci consiglieri per la formazione Welcomunity guidata da Walker Meghnagi, nove per Ken 2.0, capolista Daniele Cohen, nessun eletto per le altre tre liste, Am Im, Shalom e Com.Unit\u00e0. Questa la sintesi dei risultati delle elezioni per il rinnovo dei vertici della Comunit\u00e0 ebraica di Milano, annunciati ufficialmente ieri sera dal segretario generale Alfonso Sassun. Eletti (in ordine di preferenze ricevute) Walker Meghnagi, Daniele Schwarz, Guido Osimo, Joseph Menda, Rami Galante e Ruben Gorjan (Welcomunity), Simone Mortara, Claudio Gabbai, Daniele Nahum, Daniele Cohen (Ken 2.0), Raffaele Turiel, Raffaele Besso (Welcomunity), Stefano Jesurum (Ken 2.0), Vanessa Alazraky, David Nassimiha (Welcomunity), Gad Lazarov, Afshin Kaboli, Claudia Terracina, Davide Hazan (Ken 2.0). Di Ken 2.0 \u00e8 anche il primo dei non eletti Gadi Schoneit.<br \/>\n Un risultato in equilibrio, se si considera che nonostante il gruppo di Meghnagi abbia raccolto una solida maggioranza relativa del totale delle preferenze espresse, Ken, espressione della maggioranza uscente, avr\u00e0 appena un consigliere in meno, nove contro i dieci di Welcomunity.<br \/>\n \u201cComunit\u00e0 ebraica: l\u2019imprenditore Meghnagi \u00e8 il nuovo presidente\u201d il titolo riportato dalle pagine milanesi del <a href=\"http:\/\/80.241.231.25\/ucei\/MvieW.aspx?ID=2012061221901223-1\">Corriere della Sera<\/a> di questa mattina. Meghnagi, sessantuno anni, di origine libica ha rilasciato intanto alcune dichiarazioni al quotidiano il <a href=\"http:\/\/80.241.231.25\/ucei\/MvieW.aspx?ID=2012061221900128\">Giornale<\/a> respingendo l\u2019idea che la sua lista possa essere etichettata come \u2018religiosa\u2019 o \u2018di centrodestra\u2019. \u201cIn passato, \u00e8 vero, la distinzione era fra laici e religiosi, ma la mia lista non \u00e8 di religiosi, n\u00e9 di centrodestra. Credo che nella Comunit\u00e0 ci fosse grande voglia di rinnovamento. E con noi c\u2019erano tanti giovani, come peraltro nell\u2019altra lista &#8211; le parole di Meghnagi, che ha poi commentato il dato sul rinnovamento dei nomi nel Consiglio dettato dalla mancata possibilit\u00e0 di ricandidarsi per chi avesse alle spalle tre mandati consecutivi &#8211; C\u2019erano consiglieri eletti da decenni e si era creato un clima di gelosie e contrasti di vecchia data\u201d.<br \/>\n La prima riunione di Consiglio \u00e8 prevista per il 26 giugno prossimo. Sulla possibilit\u00e0 di formare una \u2018grande coalizione\u2019 con una giunta in cui figurino nomi di entrambe le liste, Meghnagi ha tenuto a sottolineare \u201cE\u2019 il mio desiderio fin dalla campagna elettorale e credo che ci possa essere un grado di governabilit\u00e0 molto superiore rispetto al passato\u201d.<\/p>\n<p>(Nell&#8217;immagine Walker Meghnagi insieme ad alcuni componenti di Welcomunity durante la proclamazione dei risultati)<\/p>\n<p><strong>Rossella Tercatin<\/strong> twitter @rtercatinmoked<\/p>\n","protected":false},"excerpt":{"rendered":"<p>Dieci consiglieri per la formazione Welcomunity guidata da Walker Meghnagi, nove per Ken 2.0, capolista Daniele Cohen, nessun eletto per le altre tre liste, Am Im, Shalom e Com.Unit\u00e0. Questa la sintesi dei risultati delle elezioni per il rinnovo dei vertici della Comunit\u00e0 ebraica di Milano, annunciati ufficialmente ieri sera dal segretario generale Alfonso Sassun.&hellip; <a class=\"more\" rel=\"bookmark\" href=\"https:\/\/moked.it\/paginebraiche\/2012\/06\/12\/qui-milano-i-nomi-del-nuovo-consiglio\/\">leggi&nbsp;<i class=\"fa fa-chevron-circle-right\"><\/i><\/a><\/p>\n","protected":false},"author":422,"featured_media":0,"menu_order":0,"comment_status":"closed","ping_status":"open","sticky":false,"template":"","format":"standard","meta":{"footnotes":""},"categories":[1],"tags":[],"position":[],"class_list":["post-380","post","type-post","status-publish","format-standard","hentry","category-uncategorized"],"yoast_head":"<!-- This site is optimized with the Yoast SEO plugin v26.0 - https:\/\/yoast.com\/wordpress\/plugins\/seo\/ -->\n<title>Qui Milano - I nomi del nuovo Consiglio - Pagine Ebraiche<\/title>\n<meta name=\"robots\" content=\"index, follow, max-snippet:-1, max-image-preview:large, max-video-preview:-1\" \/>\n<link rel=\"canonical\" href=\"https:\/\/moked.it\/paginebraiche\/2012\/06\/12\/qui-milano-i-nomi-del-nuovo-consiglio\/\" \/>\n<meta property=\"og:locale\" content=\"it_IT\" \/>\n<meta property=\"og:type\" content=\"article\" \/>\n<meta property=\"og:title\" content=\"Qui Milano - I nomi del nuovo Consiglio - Pagine Ebraiche\" \/>\n<meta property=\"og:description\" content=\"Dieci consiglieri per la formazione Welcomunity guidata da Walker Meghnagi, nove per Ken 2.0, capolista Daniele Cohen, nessun eletto per le altre tre liste, Am Im, Shalom e Com.Unit\u00e0. Questa la sintesi dei risultati delle elezioni per il rinnovo dei vertici della Comunit\u00e0 ebraica di Milano, annunciati ufficialmente ieri sera dal segretario generale Alfonso Sassun.&hellip; leggi&nbsp;\" \/>\n<meta property=\"og:url\" content=\"https:\/\/moked.it\/paginebraiche\/2012\/06\/12\/qui-milano-i-nomi-del-nuovo-consiglio\/\" \/>\n<meta property=\"og:site_name\" content=\"Pagine Ebraiche\" \/>\n<meta property=\"article:published_time\" content=\"2012-06-12T09:52:15+00:00\" \/>\n<meta property=\"og:image\" content=\"http:\/\/moked.it\/paginebraiche\/files\/2012\/06\/neoeletti.jpg\" \/>\n<meta name=\"author\" content=\"valerio\" \/>\n<meta name=\"twitter:card\" content=\"summary_large_image\" \/>\n<meta name=\"twitter:label1\" content=\"Scritto da\" \/>\n\t<meta name=\"twitter:data1\" content=\"valerio\" \/>\n\t<meta name=\"twitter:label2\" content=\"Tempo di lettura stimato\" \/>\n\t<meta name=\"twitter:data2\" content=\"2 minuti\" \/>\n<script type=\"application\/ld+json\" class=\"yoast-schema-graph\">{\"@context\":\"https:\/\/schema.org\",\"@graph\":[{\"@type\":\"WebPage\",\"@id\":\"https:\/\/moked.it\/paginebraiche\/2012\/06\/12\/qui-milano-i-nomi-del-nuovo-consiglio\/\",\"url\":\"https:\/\/moked.it\/paginebraiche\/2012\/06\/12\/qui-milano-i-nomi-del-nuovo-consiglio\/\",\"name\":\"Qui Milano - I nomi del nuovo Consiglio - Pagine Ebraiche\",\"isPartOf\":{\"@id\":\"https:\/\/moked.it\/paginebraiche\/#website\"},\"primaryImageOfPage\":{\"@id\":\"https:\/\/moked.it\/paginebraiche\/2012\/06\/12\/qui-milano-i-nomi-del-nuovo-consiglio\/#primaryimage\"},\"image\":{\"@id\":\"https:\/\/moked.it\/paginebraiche\/2012\/06\/12\/qui-milano-i-nomi-del-nuovo-consiglio\/#primaryimage\"},\"thumbnailUrl\":\"http:\/\/moked.it\/paginebraiche\/files\/2012\/06\/neoeletti.jpg\",\"datePublished\":\"2012-06-12T09:52:15+00:00\",\"author\":{\"@id\":\"https:\/\/moked.it\/paginebraiche\/#\/schema\/person\/98faa2b6cf7e48f741d7368e7bde9a41\"},\"breadcrumb\":{\"@id\":\"https:\/\/moked.it\/paginebraiche\/2012\/06\/12\/qui-milano-i-nomi-del-nuovo-consiglio\/#breadcrumb\"},\"inLanguage\":\"it-IT\",\"potentialAction\":[{\"@type\":\"ReadAction\",\"target\":[\"https:\/\/moked.it\/paginebraiche\/2012\/06\/12\/qui-milano-i-nomi-del-nuovo-consiglio\/\"]}]},{\"@type\":\"ImageObject\",\"inLanguage\":\"it-IT\",\"@id\":\"https:\/\/moked.it\/paginebraiche\/2012\/06\/12\/qui-milano-i-nomi-del-nuovo-consiglio\/#primaryimage\",\"url\":\"https:\/\/moked.it\/paginebraiche\/files\/2012\/06\/neoeletti.jpg\",\"contentUrl\":\"https:\/\/moked.it\/paginebraiche\/files\/2012\/06\/neoeletti.jpg\",\"width\":\"1024\",\"height\":\"765\"},{\"@type\":\"BreadcrumbList\",\"@id\":\"https:\/\/moked.it\/paginebraiche\/2012\/06\/12\/qui-milano-i-nomi-del-nuovo-consiglio\/#breadcrumb\",\"itemListElement\":[{\"@type\":\"ListItem\",\"position\":1,\"name\":\"Home\",\"item\":\"https:\/\/moked.it\/paginebraiche\/\"},{\"@type\":\"ListItem\",\"position\":2,\"name\":\"Qui Milano &#8211; I nomi del nuovo Consiglio\"}]},{\"@type\":\"WebSite\",\"@id\":\"https:\/\/moked.it\/paginebraiche\/#website\",\"url\":\"https:\/\/moked.it\/paginebraiche\/\",\"name\":\"Pagine Ebraiche\",\"description\":\"Il giornale dell&#039;ebraismo italiano\",\"potentialAction\":[{\"@type\":\"SearchAction\",\"target\":{\"@type\":\"EntryPoint\",\"urlTemplate\":\"https:\/\/moked.it\/paginebraiche\/?s={search_term_string}\"},\"query-input\":{\"@type\":\"PropertyValueSpecification\",\"valueRequired\":true,\"valueName\":\"search_term_string\"}}],\"inLanguage\":\"it-IT\"},{\"@type\":\"Person\",\"@id\":\"https:\/\/moked.it\/paginebraiche\/#\/schema\/person\/98faa2b6cf7e48f741d7368e7bde9a41\",\"name\":\"valerio\",\"image\":{\"@type\":\"ImageObject\",\"inLanguage\":\"it-IT\",\"@id\":\"https:\/\/moked.it\/paginebraiche\/#\/schema\/person\/image\/\",\"url\":\"https:\/\/secure.gravatar.com\/avatar\/ef452dd763370c0796e77f514e3e014f42f74f708738e04bce9f81dd409e2c93?s=96&d=mm&r=g\",\"contentUrl\":\"https:\/\/secure.gravatar.com\/avatar\/ef452dd763370c0796e77f514e3e014f42f74f708738e04bce9f81dd409e2c93?s=96&d=mm&r=g\",\"caption\":\"valerio\"},\"sameAs\":[\"http:\/\/\"],\"url\":\"https:\/\/moked.it\/paginebraiche\/author\/valerio\/\"}]}<\/script>\n<!-- \/ Yoast SEO plugin. -->","yoast_head_json":{"title":"Qui Milano - I nomi del nuovo Consiglio - Pagine Ebraiche","robots":{"index":"index","follow":"follow","max-snippet":"max-snippet:-1","max-image-preview":"max-image-preview:large","max-video-preview":"max-video-preview:-1"},"canonical":"https:\/\/moked.it\/paginebraiche\/2012\/06\/12\/qui-milano-i-nomi-del-nuovo-consiglio\/","og_locale":"it_IT","og_type":"article","og_title":"Qui Milano - I nomi del nuovo Consiglio - Pagine Ebraiche","og_description":"Dieci consiglieri per la formazione Welcomunity guidata da Walker Meghnagi, nove per Ken 2.0, capolista Daniele Cohen, nessun eletto per le altre tre liste, Am Im, Shalom e Com.Unit\u00e0. Questa la sintesi dei risultati delle elezioni per il rinnovo dei vertici della Comunit\u00e0 ebraica di Milano, annunciati ufficialmente ieri sera dal segretario generale Alfonso Sassun.&hellip; leggi&nbsp;","og_url":"https:\/\/moked.it\/paginebraiche\/2012\/06\/12\/qui-milano-i-nomi-del-nuovo-consiglio\/","og_site_name":"Pagine Ebraiche","article_published_time":"2012-06-12T09:52:15+00:00","og_image":[{"url":"http:\/\/moked.it\/paginebraiche\/files\/2012\/06\/neoeletti.jpg","type":"","width":"","height":""}],"author":"valerio","twitter_card":"summary_large_image","twitter_misc":{"Scritto da":"valerio","Tempo di lettura stimato":"2 minuti"},"schema":{"@context":"https:\/\/schema.org","@graph":[{"@type":"WebPage","@id":"https:\/\/moked.it\/paginebraiche\/2012\/06\/12\/qui-milano-i-nomi-del-nuovo-consiglio\/","url":"https:\/\/moked.it\/paginebraiche\/2012\/06\/12\/qui-milano-i-nomi-del-nuovo-consiglio\/","name":"Qui Milano - I nomi del nuovo Consiglio - Pagine Ebraiche","isPartOf":{"@id":"https:\/\/moked.it\/paginebraiche\/#website"},"primaryImageOfPage":{"@id":"https:\/\/moked.it\/paginebraiche\/2012\/06\/12\/qui-milano-i-nomi-del-nuovo-consiglio\/#primaryimage"},"image":{"@id":"https:\/\/moked.it\/paginebraiche\/2012\/06\/12\/qui-milano-i-nomi-del-nuovo-consiglio\/#primaryimage"},"thumbnailUrl":"http:\/\/moked.it\/paginebraiche\/files\/2012\/06\/neoeletti.jpg","datePublished":"2012-06-12T09:52:15+00:00","author":{"@id":"https:\/\/moked.it\/paginebraiche\/#\/schema\/person\/98faa2b6cf7e48f741d7368e7bde9a41"},"breadcrumb":{"@id":"https:\/\/moked.it\/paginebraiche\/2012\/06\/12\/qui-milano-i-nomi-del-nuovo-consiglio\/#breadcrumb"},"inLanguage":"it-IT","potentialAction":[{"@type":"ReadAction","target":["https:\/\/moked.it\/paginebraiche\/2012\/06\/12\/qui-milano-i-nomi-del-nuovo-consiglio\/"]}]},{"@type":"ImageObject","inLanguage":"it-IT","@id":"https:\/\/moked.it\/paginebraiche\/2012\/06\/12\/qui-milano-i-nomi-del-nuovo-consiglio\/#primaryimage","url":"https:\/\/moked.it\/paginebraiche\/files\/2012\/06\/neoeletti.jpg","contentUrl":"https:\/\/moked.it\/paginebraiche\/files\/2012\/06\/neoeletti.jpg","width":"1024","height":"765"},{"@type":"BreadcrumbList","@id":"https:\/\/moked.it\/paginebraiche\/2012\/06\/12\/qui-milano-i-nomi-del-nuovo-consiglio\/#breadcrumb","itemListElement":[{"@type":"ListItem","position":1,"name":"Home","item":"https:\/\/moked.it\/paginebraiche\/"},{"@type":"ListItem","position":2,"name":"Qui Milano &#8211; I nomi del nuovo Consiglio"}]},{"@type":"WebSite","@id":"https:\/\/moked.it\/paginebraiche\/#website","url":"https:\/\/moked.it\/paginebraiche\/","name":"Pagine Ebraiche","description":"Il giornale dell&#039;ebraismo italiano","potentialAction":[{"@type":"SearchAction","target":{"@type":"EntryPoint","urlTemplate":"https:\/\/moked.it\/paginebraiche\/?s={search_term_string}"},"query-input":{"@type":"PropertyValueSpecification","valueRequired":true,"valueName":"search_term_string"}}],"inLanguage":"it-IT"},{"@type":"Person","@id":"https:\/\/moked.it\/paginebraiche\/#\/schema\/person\/98faa2b6cf7e48f741d7368e7bde9a41","name":"valerio","image":{"@type":"ImageObject","inLanguage":"it-IT","@id":"https:\/\/moked.it\/paginebraiche\/#\/schema\/person\/image\/","url":"https:\/\/secure.gravatar.com\/avatar\/ef452dd763370c0796e77f514e3e014f42f74f708738e04bce9f81dd409e2c93?s=96&d=mm&r=g","contentUrl":"https:\/\/secure.gravatar.com\/avatar\/ef452dd763370c0796e77f514e3e014f42f74f708738e04bce9f81dd409e2c93?s=96&d=mm&r=g","caption":"valerio"},"sameAs":["http:\/\/"],"url":"https:\/\/moked.it\/paginebraiche\/author\/valerio\/"}]}},"_links":{"self":[{"href":"https:\/\/moked.it\/paginebraiche\/wp-json\/wp\/v2\/posts\/380","targetHints":{"allow":["GET"]}}],"collection":[{"href":"https:\/\/moked.it\/paginebraiche\/wp-json\/wp\/v2\/posts"}],"about":[{"href":"https:\/\/moked.it\/paginebraiche\/wp-json\/wp\/v2\/types\/post"}],"author":[{"embeddable":true,"href":"https:\/\/moked.it\/paginebraiche\/wp-json\/wp\/v2\/users\/422"}],"replies":[{"embeddable":true,"href":"https:\/\/moked.it\/paginebraiche\/wp-json\/wp\/v2\/comments?post=380"}],"version-history":[{"count":2,"href":"https:\/\/moked.it\/paginebraiche\/wp-json\/wp\/v2\/posts\/380\/revisions"}],"predecessor-version":[{"id":384,"href":"https:\/\/moked.it\/paginebraiche\/wp-json\/wp\/v2\/posts\/380\/revisions\/384"}],"wp:attachment":[{"href":"https:\/\/moked.it\/paginebraiche\/wp-json\/wp\/v2\/media?parent=380"}],"wp:term":[{"taxonomy":"category","embeddable":true,"href":"https:\/\/moked.it\/paginebraiche\/wp-json\/wp\/v2\/categories?post=380"},{"taxonomy":"post_tag","embeddable":true,"href":"https:\/\/moked.it\/paginebraiche\/wp-json\/wp\/v2\/tags?post=380"},{"taxonomy":"position","embeddable":true,"href":"https:\/\/moked.it\/paginebraiche\/wp-json\/wp\/v2\/position?post=380"}],"curies":[{"name":"wp","href":"https:\/\/api.w.org\/{rel}","templated":true}]}}