{"id":390,"date":"2012-06-17T09:39:17","date_gmt":"2012-06-17T14:39:17","guid":{"rendered":"http:\/\/moked.it\/paginebraiche\/?p=390"},"modified":"2012-06-17T09:39:17","modified_gmt":"2012-06-17T14:39:17","slug":"terremoto-un-territorio-ferito","status":"publish","type":"post","link":"https:\/\/moked.it\/paginebraiche\/2012\/06\/17\/terremoto-un-territorio-ferito\/","title":{"rendered":"Terremoto &#8211; Un territorio ferito"},"content":{"rendered":"<p><a href=\"http:\/\/moked.it\/paginebraiche\/files\/2012\/06\/Terremoto-Finale-Emilia-app.jpg\"><img loading=\"lazy\" decoding=\"async\" src=\"http:\/\/moked.it\/paginebraiche\/files\/2012\/06\/Terremoto-Finale-Emilia-app.jpg\" alt=\"\" title=\"Terremoto-Finale-Emilia app\" width=\"1024\" height=\"689\" class=\"alignleft size-full wp-image-391\" srcset=\"https:\/\/moked.it\/paginebraiche\/files\/2012\/06\/Terremoto-Finale-Emilia-app.jpg 1024w, https:\/\/moked.it\/paginebraiche\/files\/2012\/06\/Terremoto-Finale-Emilia-app-300x201.jpg 300w\" sizes=\"auto, (max-width: 1024px) 100vw, 1024px\" \/><\/a>Prosegue il monitoraggio della situazione nei territori colpiti dal terremoto. Anche le Comunit\u00e0 ebraiche di Ferrara, Mantova, Modena e Parma hanno stilato un primo elenco dei danni subiti dai propri beni culturali, danni che se non tamponati e messi in sicurezza al pi\u00f9 presto rischiano in breve tempo di aggravarsi e mettere in pericolo le intere strutture.<br \/>\nA Ferrara, dove le sinagoghe si trovano nello stesso complesso di edifici dal 1485, delle tre Scole (la tedesca, la piccola fanese, poi quella italiana che non \u00e8 pi\u00f9 stata riaperta dopo le distruzioni compiute dai fascisti), \u00e8 agibile soltanto la sinagoga fanese. Inoltre lapidi danneggiate si segnalano nei tre cimiteri ancora attivi che la Comunit\u00e0 gestisce (Ferrara, Cento e Lugo). Inagibili anche altri edifici di propriet\u00e0 della Comunit\u00e0, che ne hanno finora permesso la sopravvivenza.<br \/>\nLa Comunit\u00e0 ebraica di Mantova registra invece uno spostamento di tegole sul tetto della sinagoga, crepe in alcuni muri, cadute di intonaco e di decorazioni di gesso, calcinacci e fessure nella antica sinagoga di Sabbioneta, per la quale si \u00e8 in attesa del responso di un sopralluogo fatto dall\u2019ingegnere del Comune.<br \/>\nNella sinagoga di Modena il timpano \u00e8 pericolante e la balaustra davanti alla tevah parzialmente divelta. Il pavimento si \u00e8 abbassato di due centimetri e presenta evidenti crepe. Danni si riportano alle decorazioni.<br \/>\nA Parma le maggiori preoccupazioni si concentrano sull\u2019ottocentesca sinagoga di Soragna, in stile neoclassico con colonne e capitelli corinzi, decorazioni sui soffitti con motivi floreali, oggetti rituali e strumenti musicali tradizionali opera dell&#8217;artista locale Giuseppe Levi. L\u2019edificio, in cui risaltano le porte dell&#8217;Aron HaKodesh e le grate del matroneo, in bronzo di fusione dorato e che ospita anche un significativo museo ebraico dedicato alla memoria di Fausto Levi z.l., gi\u00e0 presidente della locale comunit\u00e0, presenta fessurazione all\u2019architrave di accesso, al volto portante del pavimento, al soffitto. Lesioni anche al vano di accesso del matroneo, sulle pareti delle scale e nella nicchia dell\u2019Aron HaKodesh, oltre al distacco di alcuni intonaci.<br \/>\nPer aiutare le Comunit\u00e0 in questo momento difficile, il consigliere dell\u2019Unione delle Comunit\u00e0 Ebraiche Italiane Giorgio Mortara, cui \u00e8 delegato il coordinamento delle iniziative di solidariet\u00e0, ha proposto a ciascuna di aprire una sottoscrizione. Un <a href=\"http:\/\/moked.it\/blog\/2012\/06\/15\/comunicato-announcement\/\">appello<\/a> \u00e8 stato poi lanciato alle principali istituzioni ebraiche internazionali.<br \/>\nPer chi volesse offrire il suo contributo, specificando nella causale &#8220;Terremoto 2012&#8221;, ecco i dati bancari (codice Iban) delle singole Comunit\u00e0:<\/p>\n<p>Comunit\u00e0 ebraica di Ferrara:  IT09F0615513000000000022715<\/p>\n<p>Comunit\u00e0 ebraica di Mantova: IT19O0503411501000000022100<\/p>\n<p>Comunit\u00e0 ebraica di Modena: IT55W0200812925000102122135<\/p>\n<p>Comunit\u00e0 ebraica di Parma:  IT82B0693065940000000001687<\/p>\n<p>In attesa di definizione anche il progetto di ricostruzione per le popolazioni colpite dal terremoto che verr\u00e0 finanziato dalla raccolta lanciata dall\u2019UCEI la quale vi ha contribuito con una quota dei fondi dell\u2019Otto per Mille.<br \/>\nChi desidera partecipare, potr\u00e0 farlo versando il proprio contributo al conto corrente bancario intestato all\u2019Unione delle Comunit\u00e0 Ebraiche Italiane, IBAN IT40V0200805189000400024817 causale Terremoto Emilia; oppure sul conto corrente postale intestato all\u2019Unione Comunita Ebraiche Italiane numero 45169000 sempre specificando la causale Terremoto Emilia.<\/p>\n<p><strong>Rossella Tercatin &#8211;<\/strong> twitter @rtercatinmoked<\/p>\n","protected":false},"excerpt":{"rendered":"<p>Prosegue il monitoraggio della situazione nei territori colpiti dal terremoto. Anche le Comunit\u00e0 ebraiche di Ferrara, Mantova, Modena e Parma hanno stilato un primo elenco dei danni subiti dai propri beni culturali, danni che se non tamponati e messi in sicurezza al pi\u00f9 presto rischiano in breve tempo di aggravarsi e mettere in pericolo le&hellip; <a class=\"more\" rel=\"bookmark\" href=\"https:\/\/moked.it\/paginebraiche\/2012\/06\/17\/terremoto-un-territorio-ferito\/\">leggi&nbsp;<i class=\"fa fa-chevron-circle-right\"><\/i><\/a><\/p>\n","protected":false},"author":422,"featured_media":0,"menu_order":0,"comment_status":"closed","ping_status":"open","sticky":false,"template":"","format":"standard","meta":{"footnotes":""},"categories":[1],"tags":[],"position":[],"class_list":["post-390","post","type-post","status-publish","format-standard","hentry","category-uncategorized"],"yoast_head":"<!-- This site is optimized with the Yoast SEO plugin v26.0 - https:\/\/yoast.com\/wordpress\/plugins\/seo\/ -->\n<title>Terremoto - Un territorio ferito - Pagine Ebraiche<\/title>\n<meta name=\"robots\" content=\"index, follow, max-snippet:-1, max-image-preview:large, max-video-preview:-1\" \/>\n<link rel=\"canonical\" href=\"https:\/\/moked.it\/paginebraiche\/2012\/06\/17\/terremoto-un-territorio-ferito\/\" \/>\n<meta property=\"og:locale\" content=\"it_IT\" \/>\n<meta property=\"og:type\" content=\"article\" \/>\n<meta property=\"og:title\" content=\"Terremoto - Un territorio ferito - Pagine Ebraiche\" \/>\n<meta property=\"og:description\" content=\"Prosegue il monitoraggio della situazione nei territori colpiti dal terremoto. Anche le Comunit\u00e0 ebraiche di Ferrara, Mantova, Modena e Parma hanno stilato un primo elenco dei danni subiti dai propri beni culturali, danni che se non tamponati e messi in sicurezza al pi\u00f9 presto rischiano in breve tempo di aggravarsi e mettere in pericolo le&hellip; leggi&nbsp;\" \/>\n<meta property=\"og:url\" content=\"https:\/\/moked.it\/paginebraiche\/2012\/06\/17\/terremoto-un-territorio-ferito\/\" \/>\n<meta property=\"og:site_name\" content=\"Pagine Ebraiche\" \/>\n<meta property=\"article:published_time\" content=\"2012-06-17T14:39:17+00:00\" \/>\n<meta property=\"og:image\" content=\"http:\/\/moked.it\/paginebraiche\/files\/2012\/06\/Terremoto-Finale-Emilia-app.jpg\" \/>\n<meta name=\"author\" content=\"valerio\" \/>\n<meta name=\"twitter:card\" content=\"summary_large_image\" \/>\n<meta name=\"twitter:label1\" content=\"Scritto da\" \/>\n\t<meta name=\"twitter:data1\" content=\"valerio\" \/>\n\t<meta name=\"twitter:label2\" content=\"Tempo di lettura stimato\" \/>\n\t<meta name=\"twitter:data2\" content=\"3 minuti\" \/>\n<script type=\"application\/ld+json\" class=\"yoast-schema-graph\">{\"@context\":\"https:\/\/schema.org\",\"@graph\":[{\"@type\":\"WebPage\",\"@id\":\"https:\/\/moked.it\/paginebraiche\/2012\/06\/17\/terremoto-un-territorio-ferito\/\",\"url\":\"https:\/\/moked.it\/paginebraiche\/2012\/06\/17\/terremoto-un-territorio-ferito\/\",\"name\":\"Terremoto - Un territorio ferito - Pagine Ebraiche\",\"isPartOf\":{\"@id\":\"https:\/\/moked.it\/paginebraiche\/#website\"},\"primaryImageOfPage\":{\"@id\":\"https:\/\/moked.it\/paginebraiche\/2012\/06\/17\/terremoto-un-territorio-ferito\/#primaryimage\"},\"image\":{\"@id\":\"https:\/\/moked.it\/paginebraiche\/2012\/06\/17\/terremoto-un-territorio-ferito\/#primaryimage\"},\"thumbnailUrl\":\"http:\/\/moked.it\/paginebraiche\/files\/2012\/06\/Terremoto-Finale-Emilia-app.jpg\",\"datePublished\":\"2012-06-17T14:39:17+00:00\",\"author\":{\"@id\":\"https:\/\/moked.it\/paginebraiche\/#\/schema\/person\/98faa2b6cf7e48f741d7368e7bde9a41\"},\"breadcrumb\":{\"@id\":\"https:\/\/moked.it\/paginebraiche\/2012\/06\/17\/terremoto-un-territorio-ferito\/#breadcrumb\"},\"inLanguage\":\"it-IT\",\"potentialAction\":[{\"@type\":\"ReadAction\",\"target\":[\"https:\/\/moked.it\/paginebraiche\/2012\/06\/17\/terremoto-un-territorio-ferito\/\"]}]},{\"@type\":\"ImageObject\",\"inLanguage\":\"it-IT\",\"@id\":\"https:\/\/moked.it\/paginebraiche\/2012\/06\/17\/terremoto-un-territorio-ferito\/#primaryimage\",\"url\":\"https:\/\/moked.it\/paginebraiche\/files\/2012\/06\/Terremoto-Finale-Emilia-app.jpg\",\"contentUrl\":\"https:\/\/moked.it\/paginebraiche\/files\/2012\/06\/Terremoto-Finale-Emilia-app.jpg\",\"width\":\"1024\",\"height\":\"689\"},{\"@type\":\"BreadcrumbList\",\"@id\":\"https:\/\/moked.it\/paginebraiche\/2012\/06\/17\/terremoto-un-territorio-ferito\/#breadcrumb\",\"itemListElement\":[{\"@type\":\"ListItem\",\"position\":1,\"name\":\"Home\",\"item\":\"https:\/\/moked.it\/paginebraiche\/\"},{\"@type\":\"ListItem\",\"position\":2,\"name\":\"Terremoto &#8211; Un territorio ferito\"}]},{\"@type\":\"WebSite\",\"@id\":\"https:\/\/moked.it\/paginebraiche\/#website\",\"url\":\"https:\/\/moked.it\/paginebraiche\/\",\"name\":\"Pagine Ebraiche\",\"description\":\"Il giornale dell&#039;ebraismo italiano\",\"potentialAction\":[{\"@type\":\"SearchAction\",\"target\":{\"@type\":\"EntryPoint\",\"urlTemplate\":\"https:\/\/moked.it\/paginebraiche\/?s={search_term_string}\"},\"query-input\":{\"@type\":\"PropertyValueSpecification\",\"valueRequired\":true,\"valueName\":\"search_term_string\"}}],\"inLanguage\":\"it-IT\"},{\"@type\":\"Person\",\"@id\":\"https:\/\/moked.it\/paginebraiche\/#\/schema\/person\/98faa2b6cf7e48f741d7368e7bde9a41\",\"name\":\"valerio\",\"image\":{\"@type\":\"ImageObject\",\"inLanguage\":\"it-IT\",\"@id\":\"https:\/\/moked.it\/paginebraiche\/#\/schema\/person\/image\/\",\"url\":\"https:\/\/secure.gravatar.com\/avatar\/ef452dd763370c0796e77f514e3e014f42f74f708738e04bce9f81dd409e2c93?s=96&d=mm&r=g\",\"contentUrl\":\"https:\/\/secure.gravatar.com\/avatar\/ef452dd763370c0796e77f514e3e014f42f74f708738e04bce9f81dd409e2c93?s=96&d=mm&r=g\",\"caption\":\"valerio\"},\"sameAs\":[\"http:\/\/\"],\"url\":\"https:\/\/moked.it\/paginebraiche\/author\/valerio\/\"}]}<\/script>\n<!-- \/ Yoast SEO plugin. -->","yoast_head_json":{"title":"Terremoto - Un territorio ferito - Pagine Ebraiche","robots":{"index":"index","follow":"follow","max-snippet":"max-snippet:-1","max-image-preview":"max-image-preview:large","max-video-preview":"max-video-preview:-1"},"canonical":"https:\/\/moked.it\/paginebraiche\/2012\/06\/17\/terremoto-un-territorio-ferito\/","og_locale":"it_IT","og_type":"article","og_title":"Terremoto - Un territorio ferito - Pagine Ebraiche","og_description":"Prosegue il monitoraggio della situazione nei territori colpiti dal terremoto. Anche le Comunit\u00e0 ebraiche di Ferrara, Mantova, Modena e Parma hanno stilato un primo elenco dei danni subiti dai propri beni culturali, danni che se non tamponati e messi in sicurezza al pi\u00f9 presto rischiano in breve tempo di aggravarsi e mettere in pericolo le&hellip; leggi&nbsp;","og_url":"https:\/\/moked.it\/paginebraiche\/2012\/06\/17\/terremoto-un-territorio-ferito\/","og_site_name":"Pagine Ebraiche","article_published_time":"2012-06-17T14:39:17+00:00","og_image":[{"url":"http:\/\/moked.it\/paginebraiche\/files\/2012\/06\/Terremoto-Finale-Emilia-app.jpg","type":"","width":"","height":""}],"author":"valerio","twitter_card":"summary_large_image","twitter_misc":{"Scritto da":"valerio","Tempo di lettura stimato":"3 minuti"},"schema":{"@context":"https:\/\/schema.org","@graph":[{"@type":"WebPage","@id":"https:\/\/moked.it\/paginebraiche\/2012\/06\/17\/terremoto-un-territorio-ferito\/","url":"https:\/\/moked.it\/paginebraiche\/2012\/06\/17\/terremoto-un-territorio-ferito\/","name":"Terremoto - Un territorio ferito - Pagine Ebraiche","isPartOf":{"@id":"https:\/\/moked.it\/paginebraiche\/#website"},"primaryImageOfPage":{"@id":"https:\/\/moked.it\/paginebraiche\/2012\/06\/17\/terremoto-un-territorio-ferito\/#primaryimage"},"image":{"@id":"https:\/\/moked.it\/paginebraiche\/2012\/06\/17\/terremoto-un-territorio-ferito\/#primaryimage"},"thumbnailUrl":"http:\/\/moked.it\/paginebraiche\/files\/2012\/06\/Terremoto-Finale-Emilia-app.jpg","datePublished":"2012-06-17T14:39:17+00:00","author":{"@id":"https:\/\/moked.it\/paginebraiche\/#\/schema\/person\/98faa2b6cf7e48f741d7368e7bde9a41"},"breadcrumb":{"@id":"https:\/\/moked.it\/paginebraiche\/2012\/06\/17\/terremoto-un-territorio-ferito\/#breadcrumb"},"inLanguage":"it-IT","potentialAction":[{"@type":"ReadAction","target":["https:\/\/moked.it\/paginebraiche\/2012\/06\/17\/terremoto-un-territorio-ferito\/"]}]},{"@type":"ImageObject","inLanguage":"it-IT","@id":"https:\/\/moked.it\/paginebraiche\/2012\/06\/17\/terremoto-un-territorio-ferito\/#primaryimage","url":"https:\/\/moked.it\/paginebraiche\/files\/2012\/06\/Terremoto-Finale-Emilia-app.jpg","contentUrl":"https:\/\/moked.it\/paginebraiche\/files\/2012\/06\/Terremoto-Finale-Emilia-app.jpg","width":"1024","height":"689"},{"@type":"BreadcrumbList","@id":"https:\/\/moked.it\/paginebraiche\/2012\/06\/17\/terremoto-un-territorio-ferito\/#breadcrumb","itemListElement":[{"@type":"ListItem","position":1,"name":"Home","item":"https:\/\/moked.it\/paginebraiche\/"},{"@type":"ListItem","position":2,"name":"Terremoto &#8211; Un territorio ferito"}]},{"@type":"WebSite","@id":"https:\/\/moked.it\/paginebraiche\/#website","url":"https:\/\/moked.it\/paginebraiche\/","name":"Pagine Ebraiche","description":"Il giornale dell&#039;ebraismo italiano","potentialAction":[{"@type":"SearchAction","target":{"@type":"EntryPoint","urlTemplate":"https:\/\/moked.it\/paginebraiche\/?s={search_term_string}"},"query-input":{"@type":"PropertyValueSpecification","valueRequired":true,"valueName":"search_term_string"}}],"inLanguage":"it-IT"},{"@type":"Person","@id":"https:\/\/moked.it\/paginebraiche\/#\/schema\/person\/98faa2b6cf7e48f741d7368e7bde9a41","name":"valerio","image":{"@type":"ImageObject","inLanguage":"it-IT","@id":"https:\/\/moked.it\/paginebraiche\/#\/schema\/person\/image\/","url":"https:\/\/secure.gravatar.com\/avatar\/ef452dd763370c0796e77f514e3e014f42f74f708738e04bce9f81dd409e2c93?s=96&d=mm&r=g","contentUrl":"https:\/\/secure.gravatar.com\/avatar\/ef452dd763370c0796e77f514e3e014f42f74f708738e04bce9f81dd409e2c93?s=96&d=mm&r=g","caption":"valerio"},"sameAs":["http:\/\/"],"url":"https:\/\/moked.it\/paginebraiche\/author\/valerio\/"}]}},"_links":{"self":[{"href":"https:\/\/moked.it\/paginebraiche\/wp-json\/wp\/v2\/posts\/390","targetHints":{"allow":["GET"]}}],"collection":[{"href":"https:\/\/moked.it\/paginebraiche\/wp-json\/wp\/v2\/posts"}],"about":[{"href":"https:\/\/moked.it\/paginebraiche\/wp-json\/wp\/v2\/types\/post"}],"author":[{"embeddable":true,"href":"https:\/\/moked.it\/paginebraiche\/wp-json\/wp\/v2\/users\/422"}],"replies":[{"embeddable":true,"href":"https:\/\/moked.it\/paginebraiche\/wp-json\/wp\/v2\/comments?post=390"}],"version-history":[{"count":1,"href":"https:\/\/moked.it\/paginebraiche\/wp-json\/wp\/v2\/posts\/390\/revisions"}],"predecessor-version":[{"id":392,"href":"https:\/\/moked.it\/paginebraiche\/wp-json\/wp\/v2\/posts\/390\/revisions\/392"}],"wp:attachment":[{"href":"https:\/\/moked.it\/paginebraiche\/wp-json\/wp\/v2\/media?parent=390"}],"wp:term":[{"taxonomy":"category","embeddable":true,"href":"https:\/\/moked.it\/paginebraiche\/wp-json\/wp\/v2\/categories?post=390"},{"taxonomy":"post_tag","embeddable":true,"href":"https:\/\/moked.it\/paginebraiche\/wp-json\/wp\/v2\/tags?post=390"},{"taxonomy":"position","embeddable":true,"href":"https:\/\/moked.it\/paginebraiche\/wp-json\/wp\/v2\/position?post=390"}],"curies":[{"name":"wp","href":"https:\/\/api.w.org\/{rel}","templated":true}]}}