{"id":398,"date":"2012-06-19T15:56:01","date_gmt":"2012-06-19T20:56:01","guid":{"rendered":"http:\/\/moked.it\/paginebraiche\/?p=398"},"modified":"2012-06-19T15:56:01","modified_gmt":"2012-06-19T20:56:01","slug":"storie-%e2%80%93-il-sisma-ferisce-anche-fossoli","status":"publish","type":"post","link":"https:\/\/moked.it\/paginebraiche\/2012\/06\/19\/storie-%e2%80%93-il-sisma-ferisce-anche-fossoli\/","title":{"rendered":"Storie \u2013 Il sisma ferisce anche Fossoli"},"content":{"rendered":"<p><a href=\"http:\/\/moked.it\/paginebraiche\/files\/2012\/06\/fossoli.jpg\"><img loading=\"lazy\" decoding=\"async\" src=\"http:\/\/moked.it\/paginebraiche\/files\/2012\/06\/fossoli.jpg\" alt=\"\" title=\"fossoli\" width=\"1024\" height=\"768\" class=\"alignleft size-full wp-image-400\" srcset=\"https:\/\/moked.it\/paginebraiche\/files\/2012\/06\/fossoli.jpg 1024w, https:\/\/moked.it\/paginebraiche\/files\/2012\/06\/fossoli-300x225.jpg 300w\" sizes=\"auto, (max-width: 1024px) 100vw, 1024px\" \/><\/a>Il sisma che ha colpito cos\u00ec duramente l\u2019Emilia Romagna, purtroppo non ha risparmiato neppure le strutture del campo di Fossoli, uno dei luoghi di Memoria della Shoah italiana e della persecuzione degli ebrei e degli oppositori politici del nazifascismo. Esso fu istituito da Mussolini nel maggio 1942 come campo per prigionieri di guerra inglesi. Nel gennaio del 1944, come \u00e8 noto, un\u2019ala della struttura venne requisita dalle SS e utilizzata come campo poliziesco e di transito (Polizei-und Durchgangslager) verso i Lager del Reich, per la sua vicinanza alla stazione ferroviaria di Carpi, considerata strategica perch\u00e9 posta sulla linea del Brennero. I circa 5.000 prigionieri politici e razziali che passarono da Fossoli ebbero come tragiche destinazioni i campi di Auschwitz-Birkenau, Dachau, Buchenwald, Mauthausen, Bergen-Belsen, Flossenburg.<br \/>\nSu uno dei convogli partiti dalla stazione di Carpi, il 22 febbraio 1944, viaggi\u00f2 Primo Levi, che rievoc\u00f2 la sua esperienza a Fossoli nelle prime pagine di \u201cSe questo e un uomo\u201d e nella poesia \u201cTramonto a Fossoli\u201d: \u201cL\u2019alba ci colse come un tradimento; come se il nuovo sole si associasse agli uomini nella deliberazione di distruggerci\u201d. Nell\u2019agosto del 1944 l\u2019avanzata degli Alleati costrinse i tedeschi a spostarsi verso nord e a creare un nuovo campo a Bolzano Gries. La struttura di Fossoli continu\u00f2 ad ospitare persone, da ex-combattenti in disaccordo con i regimi sorti nelle loro patrie a donne e orfani, fino agli ebrei che volevano salpare per la Palestina. Poi nel 1947 le baracche si animarono delle risate e delle grida dei ragazzi orfani di guerra della comunit\u00e0 Nomadelfia di Don Zeno Saltini. Infine nel 1952 il campo divent\u00f2 il Villaggio San Marco, che raccolse la tragedia (e le suppellettili) dei profughi istriano-dalmati. Negli anni Settanta il campo venne abbandonato. Alla fine degli anni Novanta gli studiosi della Fondazione Fossoli hanno recuperato questo luogo della Memoria, tentando di raccontare tutte le storie del campo, che attraversano il Novecento.<br \/>\nCome documentano le immagini, tutte le baracche sono rimaste danneggiate in modo pi\u00f9 o meno grave dalle scosse del 29 maggio 2012. Le priorit\u00e0 della ricostruzione post-sisma sono chiare e ben evidenti, soprattutto a chi in quelle zone abita: la possibilit\u00e0 per le persone di riprendere al meglio il corso normale della vita. Il prima possibile.<br \/>\nMa fin da ora, come avvertono gli amici della Fondazione Fossoli, \u201cdobbiamo domandarci cosa pu\u00f2 significare la perdita del patrimonio storico e culturale e preoccuparci perch\u00e9 non si faccia silenzio intorno ai crolli di monumenti e siti storici che ci appartengono, come il campo di Fossoli\u201d. Anche a questo servono le immagini: a far sapere che il campo c\u2019\u00e8 e che deve continuare ad esistere. Intanto il campo di Fossoli, che \u00e8 stato dichiarato inagibile dalle autorit\u00e0 locali, rester\u00e0 chiuso fino alla fine di agosto, mentre il Museo monumento rester\u00e0 chiuso fino alla fine di giugno. L\u2019auspicio \u00e8 che possano riaprire entrambi in condizioni di sicurezza e con il ripristino della situazione anteriore al terremoto. Il sisma non pu\u00f2 \u201cchiudere\u201d la Memoria.<\/p>\n<p>Mario Avagliano \u2013 twitter @MarioAvagliano<\/p>\n","protected":false},"excerpt":{"rendered":"<p>Il sisma che ha colpito cos\u00ec duramente l\u2019Emilia Romagna, purtroppo non ha risparmiato neppure le strutture del campo di Fossoli, uno dei luoghi di Memoria della Shoah italiana e della persecuzione degli ebrei e degli oppositori politici del nazifascismo. Esso fu istituito da Mussolini nel maggio 1942 come campo per prigionieri di guerra inglesi. Nel&hellip; <a class=\"more\" rel=\"bookmark\" href=\"https:\/\/moked.it\/paginebraiche\/2012\/06\/19\/storie-%e2%80%93-il-sisma-ferisce-anche-fossoli\/\">leggi&nbsp;<i class=\"fa fa-chevron-circle-right\"><\/i><\/a><\/p>\n","protected":false},"author":422,"featured_media":0,"menu_order":0,"comment_status":"closed","ping_status":"open","sticky":false,"template":"","format":"standard","meta":{"footnotes":""},"categories":[1],"tags":[],"position":[],"class_list":["post-398","post","type-post","status-publish","format-standard","hentry","category-uncategorized"],"yoast_head":"<!-- This site is optimized with the Yoast SEO plugin v26.0 - https:\/\/yoast.com\/wordpress\/plugins\/seo\/ -->\n<title>Storie \u2013 Il sisma ferisce anche Fossoli - Pagine Ebraiche<\/title>\n<meta name=\"robots\" content=\"index, follow, max-snippet:-1, max-image-preview:large, max-video-preview:-1\" \/>\n<link rel=\"canonical\" href=\"https:\/\/moked.it\/paginebraiche\/2012\/06\/19\/storie-\u2013-il-sisma-ferisce-anche-fossoli\/\" \/>\n<meta property=\"og:locale\" content=\"it_IT\" \/>\n<meta property=\"og:type\" content=\"article\" \/>\n<meta property=\"og:title\" content=\"Storie \u2013 Il sisma ferisce anche Fossoli - Pagine Ebraiche\" \/>\n<meta property=\"og:description\" content=\"Il sisma che ha colpito cos\u00ec duramente l\u2019Emilia Romagna, purtroppo non ha risparmiato neppure le strutture del campo di Fossoli, uno dei luoghi di Memoria della Shoah italiana e della persecuzione degli ebrei e degli oppositori politici del nazifascismo. Esso fu istituito da Mussolini nel maggio 1942 come campo per prigionieri di guerra inglesi. Nel&hellip; leggi&nbsp;\" \/>\n<meta property=\"og:url\" content=\"https:\/\/moked.it\/paginebraiche\/2012\/06\/19\/storie-\u2013-il-sisma-ferisce-anche-fossoli\/\" \/>\n<meta property=\"og:site_name\" content=\"Pagine Ebraiche\" \/>\n<meta property=\"article:published_time\" content=\"2012-06-19T20:56:01+00:00\" \/>\n<meta property=\"og:image\" content=\"http:\/\/moked.it\/paginebraiche\/files\/2012\/06\/fossoli.jpg\" \/>\n<meta name=\"author\" content=\"valerio\" \/>\n<meta name=\"twitter:card\" content=\"summary_large_image\" \/>\n<meta name=\"twitter:label1\" content=\"Scritto da\" \/>\n\t<meta name=\"twitter:data1\" content=\"valerio\" \/>\n\t<meta name=\"twitter:label2\" content=\"Tempo di lettura stimato\" \/>\n\t<meta name=\"twitter:data2\" content=\"2 minuti\" \/>\n<script type=\"application\/ld+json\" class=\"yoast-schema-graph\">{\"@context\":\"https:\/\/schema.org\",\"@graph\":[{\"@type\":\"WebPage\",\"@id\":\"https:\/\/moked.it\/paginebraiche\/2012\/06\/19\/storie-%e2%80%93-il-sisma-ferisce-anche-fossoli\/\",\"url\":\"https:\/\/moked.it\/paginebraiche\/2012\/06\/19\/storie-%e2%80%93-il-sisma-ferisce-anche-fossoli\/\",\"name\":\"Storie \u2013 Il sisma ferisce anche Fossoli - Pagine Ebraiche\",\"isPartOf\":{\"@id\":\"https:\/\/moked.it\/paginebraiche\/#website\"},\"primaryImageOfPage\":{\"@id\":\"https:\/\/moked.it\/paginebraiche\/2012\/06\/19\/storie-%e2%80%93-il-sisma-ferisce-anche-fossoli\/#primaryimage\"},\"image\":{\"@id\":\"https:\/\/moked.it\/paginebraiche\/2012\/06\/19\/storie-%e2%80%93-il-sisma-ferisce-anche-fossoli\/#primaryimage\"},\"thumbnailUrl\":\"http:\/\/moked.it\/paginebraiche\/files\/2012\/06\/fossoli.jpg\",\"datePublished\":\"2012-06-19T20:56:01+00:00\",\"author\":{\"@id\":\"https:\/\/moked.it\/paginebraiche\/#\/schema\/person\/98faa2b6cf7e48f741d7368e7bde9a41\"},\"breadcrumb\":{\"@id\":\"https:\/\/moked.it\/paginebraiche\/2012\/06\/19\/storie-%e2%80%93-il-sisma-ferisce-anche-fossoli\/#breadcrumb\"},\"inLanguage\":\"it-IT\",\"potentialAction\":[{\"@type\":\"ReadAction\",\"target\":[\"https:\/\/moked.it\/paginebraiche\/2012\/06\/19\/storie-%e2%80%93-il-sisma-ferisce-anche-fossoli\/\"]}]},{\"@type\":\"ImageObject\",\"inLanguage\":\"it-IT\",\"@id\":\"https:\/\/moked.it\/paginebraiche\/2012\/06\/19\/storie-%e2%80%93-il-sisma-ferisce-anche-fossoli\/#primaryimage\",\"url\":\"https:\/\/moked.it\/paginebraiche\/files\/2012\/06\/fossoli.jpg\",\"contentUrl\":\"https:\/\/moked.it\/paginebraiche\/files\/2012\/06\/fossoli.jpg\",\"width\":\"1024\",\"height\":\"768\"},{\"@type\":\"BreadcrumbList\",\"@id\":\"https:\/\/moked.it\/paginebraiche\/2012\/06\/19\/storie-%e2%80%93-il-sisma-ferisce-anche-fossoli\/#breadcrumb\",\"itemListElement\":[{\"@type\":\"ListItem\",\"position\":1,\"name\":\"Home\",\"item\":\"https:\/\/moked.it\/paginebraiche\/\"},{\"@type\":\"ListItem\",\"position\":2,\"name\":\"Storie \u2013 Il sisma ferisce anche Fossoli\"}]},{\"@type\":\"WebSite\",\"@id\":\"https:\/\/moked.it\/paginebraiche\/#website\",\"url\":\"https:\/\/moked.it\/paginebraiche\/\",\"name\":\"Pagine Ebraiche\",\"description\":\"Il giornale dell&#039;ebraismo italiano\",\"potentialAction\":[{\"@type\":\"SearchAction\",\"target\":{\"@type\":\"EntryPoint\",\"urlTemplate\":\"https:\/\/moked.it\/paginebraiche\/?s={search_term_string}\"},\"query-input\":{\"@type\":\"PropertyValueSpecification\",\"valueRequired\":true,\"valueName\":\"search_term_string\"}}],\"inLanguage\":\"it-IT\"},{\"@type\":\"Person\",\"@id\":\"https:\/\/moked.it\/paginebraiche\/#\/schema\/person\/98faa2b6cf7e48f741d7368e7bde9a41\",\"name\":\"valerio\",\"image\":{\"@type\":\"ImageObject\",\"inLanguage\":\"it-IT\",\"@id\":\"https:\/\/moked.it\/paginebraiche\/#\/schema\/person\/image\/\",\"url\":\"https:\/\/secure.gravatar.com\/avatar\/ef452dd763370c0796e77f514e3e014f42f74f708738e04bce9f81dd409e2c93?s=96&d=mm&r=g\",\"contentUrl\":\"https:\/\/secure.gravatar.com\/avatar\/ef452dd763370c0796e77f514e3e014f42f74f708738e04bce9f81dd409e2c93?s=96&d=mm&r=g\",\"caption\":\"valerio\"},\"sameAs\":[\"http:\/\/\"],\"url\":\"https:\/\/moked.it\/paginebraiche\/author\/valerio\/\"}]}<\/script>\n<!-- \/ Yoast SEO plugin. -->","yoast_head_json":{"title":"Storie \u2013 Il sisma ferisce anche Fossoli - Pagine Ebraiche","robots":{"index":"index","follow":"follow","max-snippet":"max-snippet:-1","max-image-preview":"max-image-preview:large","max-video-preview":"max-video-preview:-1"},"canonical":"https:\/\/moked.it\/paginebraiche\/2012\/06\/19\/storie-\u2013-il-sisma-ferisce-anche-fossoli\/","og_locale":"it_IT","og_type":"article","og_title":"Storie \u2013 Il sisma ferisce anche Fossoli - Pagine Ebraiche","og_description":"Il sisma che ha colpito cos\u00ec duramente l\u2019Emilia Romagna, purtroppo non ha risparmiato neppure le strutture del campo di Fossoli, uno dei luoghi di Memoria della Shoah italiana e della persecuzione degli ebrei e degli oppositori politici del nazifascismo. Esso fu istituito da Mussolini nel maggio 1942 come campo per prigionieri di guerra inglesi. Nel&hellip; leggi&nbsp;","og_url":"https:\/\/moked.it\/paginebraiche\/2012\/06\/19\/storie-\u2013-il-sisma-ferisce-anche-fossoli\/","og_site_name":"Pagine Ebraiche","article_published_time":"2012-06-19T20:56:01+00:00","og_image":[{"url":"http:\/\/moked.it\/paginebraiche\/files\/2012\/06\/fossoli.jpg","type":"","width":"","height":""}],"author":"valerio","twitter_card":"summary_large_image","twitter_misc":{"Scritto da":"valerio","Tempo di lettura stimato":"2 minuti"},"schema":{"@context":"https:\/\/schema.org","@graph":[{"@type":"WebPage","@id":"https:\/\/moked.it\/paginebraiche\/2012\/06\/19\/storie-%e2%80%93-il-sisma-ferisce-anche-fossoli\/","url":"https:\/\/moked.it\/paginebraiche\/2012\/06\/19\/storie-%e2%80%93-il-sisma-ferisce-anche-fossoli\/","name":"Storie \u2013 Il sisma ferisce anche Fossoli - Pagine Ebraiche","isPartOf":{"@id":"https:\/\/moked.it\/paginebraiche\/#website"},"primaryImageOfPage":{"@id":"https:\/\/moked.it\/paginebraiche\/2012\/06\/19\/storie-%e2%80%93-il-sisma-ferisce-anche-fossoli\/#primaryimage"},"image":{"@id":"https:\/\/moked.it\/paginebraiche\/2012\/06\/19\/storie-%e2%80%93-il-sisma-ferisce-anche-fossoli\/#primaryimage"},"thumbnailUrl":"http:\/\/moked.it\/paginebraiche\/files\/2012\/06\/fossoli.jpg","datePublished":"2012-06-19T20:56:01+00:00","author":{"@id":"https:\/\/moked.it\/paginebraiche\/#\/schema\/person\/98faa2b6cf7e48f741d7368e7bde9a41"},"breadcrumb":{"@id":"https:\/\/moked.it\/paginebraiche\/2012\/06\/19\/storie-%e2%80%93-il-sisma-ferisce-anche-fossoli\/#breadcrumb"},"inLanguage":"it-IT","potentialAction":[{"@type":"ReadAction","target":["https:\/\/moked.it\/paginebraiche\/2012\/06\/19\/storie-%e2%80%93-il-sisma-ferisce-anche-fossoli\/"]}]},{"@type":"ImageObject","inLanguage":"it-IT","@id":"https:\/\/moked.it\/paginebraiche\/2012\/06\/19\/storie-%e2%80%93-il-sisma-ferisce-anche-fossoli\/#primaryimage","url":"https:\/\/moked.it\/paginebraiche\/files\/2012\/06\/fossoli.jpg","contentUrl":"https:\/\/moked.it\/paginebraiche\/files\/2012\/06\/fossoli.jpg","width":"1024","height":"768"},{"@type":"BreadcrumbList","@id":"https:\/\/moked.it\/paginebraiche\/2012\/06\/19\/storie-%e2%80%93-il-sisma-ferisce-anche-fossoli\/#breadcrumb","itemListElement":[{"@type":"ListItem","position":1,"name":"Home","item":"https:\/\/moked.it\/paginebraiche\/"},{"@type":"ListItem","position":2,"name":"Storie \u2013 Il sisma ferisce anche Fossoli"}]},{"@type":"WebSite","@id":"https:\/\/moked.it\/paginebraiche\/#website","url":"https:\/\/moked.it\/paginebraiche\/","name":"Pagine Ebraiche","description":"Il giornale dell&#039;ebraismo italiano","potentialAction":[{"@type":"SearchAction","target":{"@type":"EntryPoint","urlTemplate":"https:\/\/moked.it\/paginebraiche\/?s={search_term_string}"},"query-input":{"@type":"PropertyValueSpecification","valueRequired":true,"valueName":"search_term_string"}}],"inLanguage":"it-IT"},{"@type":"Person","@id":"https:\/\/moked.it\/paginebraiche\/#\/schema\/person\/98faa2b6cf7e48f741d7368e7bde9a41","name":"valerio","image":{"@type":"ImageObject","inLanguage":"it-IT","@id":"https:\/\/moked.it\/paginebraiche\/#\/schema\/person\/image\/","url":"https:\/\/secure.gravatar.com\/avatar\/ef452dd763370c0796e77f514e3e014f42f74f708738e04bce9f81dd409e2c93?s=96&d=mm&r=g","contentUrl":"https:\/\/secure.gravatar.com\/avatar\/ef452dd763370c0796e77f514e3e014f42f74f708738e04bce9f81dd409e2c93?s=96&d=mm&r=g","caption":"valerio"},"sameAs":["http:\/\/"],"url":"https:\/\/moked.it\/paginebraiche\/author\/valerio\/"}]}},"_links":{"self":[{"href":"https:\/\/moked.it\/paginebraiche\/wp-json\/wp\/v2\/posts\/398","targetHints":{"allow":["GET"]}}],"collection":[{"href":"https:\/\/moked.it\/paginebraiche\/wp-json\/wp\/v2\/posts"}],"about":[{"href":"https:\/\/moked.it\/paginebraiche\/wp-json\/wp\/v2\/types\/post"}],"author":[{"embeddable":true,"href":"https:\/\/moked.it\/paginebraiche\/wp-json\/wp\/v2\/users\/422"}],"replies":[{"embeddable":true,"href":"https:\/\/moked.it\/paginebraiche\/wp-json\/wp\/v2\/comments?post=398"}],"version-history":[{"count":1,"href":"https:\/\/moked.it\/paginebraiche\/wp-json\/wp\/v2\/posts\/398\/revisions"}],"predecessor-version":[{"id":401,"href":"https:\/\/moked.it\/paginebraiche\/wp-json\/wp\/v2\/posts\/398\/revisions\/401"}],"wp:attachment":[{"href":"https:\/\/moked.it\/paginebraiche\/wp-json\/wp\/v2\/media?parent=398"}],"wp:term":[{"taxonomy":"category","embeddable":true,"href":"https:\/\/moked.it\/paginebraiche\/wp-json\/wp\/v2\/categories?post=398"},{"taxonomy":"post_tag","embeddable":true,"href":"https:\/\/moked.it\/paginebraiche\/wp-json\/wp\/v2\/tags?post=398"},{"taxonomy":"position","embeddable":true,"href":"https:\/\/moked.it\/paginebraiche\/wp-json\/wp\/v2\/position?post=398"}],"curies":[{"name":"wp","href":"https:\/\/api.w.org\/{rel}","templated":true}]}}