{"id":415,"date":"2012-07-08T11:30:39","date_gmt":"2012-07-08T16:30:39","guid":{"rendered":"http:\/\/moked.it\/paginebraiche\/?p=415"},"modified":"2012-07-08T11:30:39","modified_gmt":"2012-07-08T16:30:39","slug":"pio-xii-nuove-critiche-a-yad-vashem","status":"publish","type":"post","link":"https:\/\/moked.it\/paginebraiche\/2012\/07\/08\/pio-xii-nuove-critiche-a-yad-vashem\/","title":{"rendered":"Pio XII &#8211; Nuove critiche a Yad Vashem"},"content":{"rendered":"<p><a href=\"http:\/\/moked.it\/paginebraiche\/files\/2012\/07\/Pio-XII.jpg\"><img loading=\"lazy\" decoding=\"async\" src=\"http:\/\/moked.it\/paginebraiche\/files\/2012\/07\/Pio-XII.jpg\" alt=\"\" title=\"Pio XII\" width=\"861\" height=\"784\" class=\"alignleft size-full wp-image-416\" srcset=\"https:\/\/moked.it\/paginebraiche\/files\/2012\/07\/Pio-XII.jpg 861w, https:\/\/moked.it\/paginebraiche\/files\/2012\/07\/Pio-XII-300x273.jpg 300w\" sizes=\"auto, (max-width: 861px) 100vw, 861px\" \/><\/a>\u201cUn Museo storico non deve dare spazio n\u00e9 a \u2018critici\u2019 n\u00e9 a \u2018difensori\u2019! Deve ricostruire, sintetizzare ed esporre fatti ed eventi, quando del caso esponendone la problematicit\u00e0, ma mai ponendosi come osservatore impossibilitato a comprendere\u201d. In un editoriale che apparir\u00e0 sul prossimo numero di Pagine Ebraiche, anche Michele Sarfatti, storico e direttore della Fondazione Centro di documentazione ebraica contemporanea interviene duramente nei confronti dello Yad Vashem, il Museo della Shoah di Gerusalemme, punto di riferimento mondiale per lo studio e il ricordo di quegli anni, che ha deciso negli scorsi giorni di rivedere il testo che accompagna le immagini di Pio XII, pontefice dal 1939 al 1958. Il riferimento \u00e8 alla scelta di esporre sia la tesi di coloro che criticano l\u2019operato del papa, sia quella di chi invece lo difende.<br \/>\nIl cambiamento operato dallo Yad Vashem ha suscitato negli scorsi giorni un ampio <a href=\"http:\/\/moked.it\/blog\/2012\/07\/08\/lo-yad-vashem-rivede-e-mitiga-il-suo-giudizio-su-pio-xii-per-il-rav-di-segni-un-gesto-che-lascia-lamaro-in-bocca\/\" target=\"_blank\">dibattito<\/a>. Dura era stata la presa di posizione del rabbino capo di Roma Riccardo Di Segni, che l\u2019aveva definito \u201cuna decisione che lascia l\u2019amaro in bocca\u201d, ritenendola motivata da intenti politici pi\u00f9 che storici.<br \/>\nUna dichiarazione che a Gerusalemme non \u00e8 passata inosservata: e cos\u00ec Dan Michman e Bella Gutterman, rispettivamente capo e direttore dell\u2019International Institute for Holocaust Research, la storica Dina Porat e Yehuda Bauer, consulente accademico, hanno deciso di rivolgersi al rav Di Segni \u201cCome storici della Shoah abbiamo letto con grande interesse e attenzione le sue osservazione sull\u2019<a href=\"http:\/\/www.moked.it\/unione_informa\/120702\/120702.html\" target=\"_blank\">Unione Informa del 2 luglio 2012<\/a>. Avendo il massimo rispetto per lei e per la sua opinione, desideriamo affrontare i suoi commenti, che ci sembrano basati su cattive informazioni\u201d hanno spiegato gli storici in una lettera indirizzata al rav, esponendo poi le ragioni del cambiamento. Gli studiosi hanno negato con vigore l\u2019asserzione che la revisione del testo rappresenti il frutto di pressioni da parte del Vaticano (\u201cNon ci sono parole per smentire questa affermazione con forza sufficiente\u201d), attribuendola invece a risultati di anni di ricerche e all\u2019attuale stato degli studi sul tema e annunciando la prossima pubblicazione degli atti del convegno sull\u2019argomento del 2009, che forniranno le basi storiche del nuovo pannello. Nel messaggio viene poi dato conto della scelta di riportare sia le posizioni critiche nei confronti di Pio XII che quelle dei difensori del suo operato, sottolineando come questa soluzione rifletta meglio l\u2019innegabile contesa che circonda le scelte del papa. \u201cInoltre oggi viene proposto al visitatore il testo integrale del messaggio radiofonico di Pio XII del Natale 1942, il punto centrale dell\u2019intera controversia\u201d l&#8217;osservazione conclusiva.<br \/>\nUna spiegazione molto vicina a quella che \u00e8 stata la considerazione espressa dalla storica Anna Foa all\u2019indomani dell\u2019annuncio \u201cIl cambiamento della didascalia su Pio XII al Museo di Yad Vashem era da tempo in programma. Contrariamente a quel che si \u00e8 subito detto dai media, non mi sembra che la nuova didascalia rappresenti un ammorbidimento del giudizio rispetto a quella precedente, che esprimeva una recisa condanna della posizione di Pio XII verso lo sterminio degli ebrei europei. Quello che la nuova didascalia riflette \u00e8, mi sembra, un giudizio pi\u00f9 che morale, storico: la consapevolezza che ci si trova all\u2019interno di un dibattito ancora aperto, in cui molta nuova documentazione ha gi\u00e0 contribuito a modificare le valutazioni e in cui ci si aspetta che l\u2019apertura degli archivi per gli anni della guerra porti altri contributi rilevanti. La didascalia precedente era frutto, a mio avviso, di un giudizio dogmatico, assoluto, che prescindeva dall\u2019esistenza di un dibattito a livello storiografico e dell\u2019esistenza di nuova documentazione a livello dell\u2019individuazione dei fatti. La nuova apre la strada ad ulteriori modifiche, in un senso o nell\u2019altro, a dimostrazione che la storia si basa sui documenti e sulle interpretazioni, non sui pregiudizi politici o sul senso comune. E i responsabili di Yad Vashem hanno dimostrato, con questo gesto coraggioso, di esserne pienamente consapevoli&#8221;. Mentre di \u201cesigenza di revisione della scritta illustrativa da tempo avvertita\u201d aveva parlato il diplomatico e saggista Vittorio Dan Segre, che aveva aggiunto \u201cIl fatto che l&#8217;istituto abbia ora deciso di metterci mano dimostra che siamo vicini a nuovi accordi complessivi fra Israele e Vaticano su cui si \u00e8 a lungo lavorato e che potrebbero essere presto siglati. La battaglia di chi da parte ebraica vorrebbe condannare la figura di papa Pacelli a restare perennemente rinchiusa in una dimensione di condanna morale senza appello non \u00e8 alla lunga sostenibile sotto il profilo politico e forse anche sotto quello storiografico. Ma quello che pi\u00f9 conta \u00e8 comprendere che l&#8217;argomento, da qualunque parte lo si voglia guardare, oggi \u00e8 in grado di suscitare solo un interesse limitato nelle opinioni pubbliche che le parti in causa dovrebbero rappresentare. Certo interessa poco all&#8217;opinione pubblica israeliana e certo ancora di meno a un mondo cattolico che comincia a temere il moltiplicarsi di massacri ai danni delle popolazioni cristiane in Africa e nel mondo islamico. C&#8217;\u00e8 un contenzioso da chiudere, fra Israele e il Vaticano, e questo deve avvenire nel migliore dei modi possibili senza lasciarsi condizionare eccessivamente dalle ferite che la storia ci ha lasciato in eredit\u00e0\u201d.<br \/>\nChiarimenti e spiegazioni che per\u00f2 non hanno rassicurato il rabbino capo di Roma. \u201cNon \u00e8 la disinformazione, ma la mancanza di informazioni, la ragione delle mie considerazioni. Se esistono ulteriori documenti in vostro possesso, lasciate che altri, studiosi e non, li conoscano. In caso contrario il pubblico sar\u00e0, cos\u00ec come si sente adesso, scioccato da quella che sembra essere una decisione unilaterale &#8211; ha sottolineato rav Di Segni nella sua risposta agli studiosi dello Yad Vashem, esprimendo poi il dolore della sua gente &#8211; Vi prego di comprendere l\u2019impatto della vostra decisione sulla nostra comunit\u00e0. Non sono storici, \u00e8 gente che la storia l\u2019ha subita. Possono cambiare la loro opinione, ma solo sulla base di fatti e di documenti\u201d.<br \/>\nSulla stessa lunghezza d\u2019onda era stata la presa di posizione dell&#8217;ambasciatore Sergio Minerbi, esponente di spicco della comunit\u00e0 degli Italkim e considerato fra i massimi esperti delle relazioni fra Israele e il Vaticano. \u201cChe vergogna, \u00e8 bastata una protesta del Nunzio della Santa Sede, per far cambiare allo Yad Vashem il testo della didascalia sotto la fotografia di Pio XII. Non so se sia per incompetenza in materia o per voler andar d&#8217;accordo con tutti, ed ignoro fino a qual punto abbia influito l&#8217;ebreo americano Gary Krupp, di Pave the Way, fiero della sua decorazione vaticana, la \u2018patacca\u2019 di San Gregorio Magno. Nel nuovo testo, se verr\u00e0 confermato, Yad Vashem agisce come se fosse neutrale in materia e si limita ad affermare che alcuni critici \u2018sostengono che ci fu un fallimento morale\u2019. Ma l&#8217;istituto non ha un&#8217;opinione propria su una questione tanto sensibile? E allora a che serve questa mastodontica istituzione, cosa insegna ai suoi numerosi ricercatori? Come \u00e8 possibile ammettere che Yad Vashem si limiti a constatare che \u2018la reazione di Pio XII \u00e8 questione controversa fra gli studiosi\u2019? Va in ogni caso ricordato che Pio XII non pronunci\u00f2 una sola volta in pubblico la parola ebrei durante tutta la seconda guerra mondiale, questo punto almeno non \u00e8 oggetto di controversia. Alla deportazione degli ebrei di Roma, Pio XII non reag\u00ec n\u00e9 in pubblico n\u00e9 in segreto. I suoi incontri diplomatici in quei giorni vertevano su Roma citt\u00e0 aperta o sui rifornimenti alimentari e nulla pi\u00f9. Yad Vashem potrebbe agire secondo l&#8217;esempio di un gesuita, John Morley, che termina il suo libro sulla Shoah con queste parole: \u2018Bisogna concludere che la diplomazia vaticana fall\u00ec nei confronti degli Ebrei durante l&#8217;Olocausto non facendo quanto era possibile fare (per venire) in loro aiuto\u2019.\u201d<br \/>\nUna soluzione, almeno parziale, della controversia, potrebbe venire dall\u2019apertura degli archivi vaticani. Un auspicio condiviso da tutti gli storici e ribadito anche dal canadese Michael M. Marrus, professore di Holocaust studies all\u2019Universit\u00e0 di Toronto, che ha commentato gli accadimenti sul New York Times \u201cDiversi anni fa, il Vaticano, rispondendo alle insistenti richieste di studiosi e non, compresa una commissione storica ebraico-cattolica di cui io stesso ho fatto parte, ha finalmente accettato di mettere gli archivi a disposizione dei ricercatori. Ad oggi questa promessa non ha avuto alcun seguito. Finch\u00e9 questo non accade, seri interrogativi a proposito di papa Pio XII persistono\u201d.<\/p>\n<p><strong>Rossella Tercatin<\/strong> <em>twitter @rtercatinmoked<\/em><\/p>\n","protected":false},"excerpt":{"rendered":"<p>\u201cUn Museo storico non deve dare spazio n\u00e9 a \u2018critici\u2019 n\u00e9 a \u2018difensori\u2019! Deve ricostruire, sintetizzare ed esporre fatti ed eventi, quando del caso esponendone la problematicit\u00e0, ma mai ponendosi come osservatore impossibilitato a comprendere\u201d. In un editoriale che apparir\u00e0 sul prossimo numero di Pagine Ebraiche, anche Michele Sarfatti, storico e direttore della Fondazione Centro&hellip; <a class=\"more\" rel=\"bookmark\" href=\"https:\/\/moked.it\/paginebraiche\/2012\/07\/08\/pio-xii-nuove-critiche-a-yad-vashem\/\">leggi&nbsp;<i class=\"fa fa-chevron-circle-right\"><\/i><\/a><\/p>\n","protected":false},"author":1,"featured_media":0,"menu_order":0,"comment_status":"closed","ping_status":"open","sticky":false,"template":"","format":"standard","meta":{"footnotes":""},"categories":[1],"tags":[],"position":[],"class_list":["post-415","post","type-post","status-publish","format-standard","hentry","category-uncategorized"],"yoast_head":"<!-- This site is optimized with the Yoast SEO plugin v26.0 - https:\/\/yoast.com\/wordpress\/plugins\/seo\/ -->\n<title>Pio XII - Nuove critiche a Yad Vashem - Pagine Ebraiche<\/title>\n<meta name=\"robots\" content=\"index, follow, max-snippet:-1, max-image-preview:large, max-video-preview:-1\" \/>\n<link rel=\"canonical\" href=\"https:\/\/moked.it\/paginebraiche\/2012\/07\/08\/pio-xii-nuove-critiche-a-yad-vashem\/\" \/>\n<meta property=\"og:locale\" content=\"it_IT\" \/>\n<meta property=\"og:type\" content=\"article\" \/>\n<meta property=\"og:title\" content=\"Pio XII - Nuove critiche a Yad Vashem - Pagine Ebraiche\" \/>\n<meta property=\"og:description\" content=\"\u201cUn Museo storico non deve dare spazio n\u00e9 a \u2018critici\u2019 n\u00e9 a \u2018difensori\u2019! Deve ricostruire, sintetizzare ed esporre fatti ed eventi, quando del caso esponendone la problematicit\u00e0, ma mai ponendosi come osservatore impossibilitato a comprendere\u201d. In un editoriale che apparir\u00e0 sul prossimo numero di Pagine Ebraiche, anche Michele Sarfatti, storico e direttore della Fondazione Centro&hellip; leggi&nbsp;\" \/>\n<meta property=\"og:url\" content=\"https:\/\/moked.it\/paginebraiche\/2012\/07\/08\/pio-xii-nuove-critiche-a-yad-vashem\/\" \/>\n<meta property=\"og:site_name\" content=\"Pagine Ebraiche\" \/>\n<meta property=\"article:published_time\" content=\"2012-07-08T16:30:39+00:00\" \/>\n<meta property=\"og:image\" content=\"http:\/\/moked.it\/paginebraiche\/files\/2012\/07\/Pio-XII.jpg\" \/>\n<meta name=\"author\" content=\"admin\" \/>\n<meta name=\"twitter:card\" content=\"summary_large_image\" \/>\n<meta name=\"twitter:label1\" content=\"Scritto da\" \/>\n\t<meta name=\"twitter:data1\" content=\"admin\" \/>\n\t<meta name=\"twitter:label2\" content=\"Tempo di lettura stimato\" \/>\n\t<meta name=\"twitter:data2\" content=\"7 minuti\" \/>\n<script type=\"application\/ld+json\" class=\"yoast-schema-graph\">{\"@context\":\"https:\/\/schema.org\",\"@graph\":[{\"@type\":\"WebPage\",\"@id\":\"https:\/\/moked.it\/paginebraiche\/2012\/07\/08\/pio-xii-nuove-critiche-a-yad-vashem\/\",\"url\":\"https:\/\/moked.it\/paginebraiche\/2012\/07\/08\/pio-xii-nuove-critiche-a-yad-vashem\/\",\"name\":\"Pio XII - Nuove critiche a Yad Vashem - Pagine Ebraiche\",\"isPartOf\":{\"@id\":\"https:\/\/moked.it\/paginebraiche\/#website\"},\"primaryImageOfPage\":{\"@id\":\"https:\/\/moked.it\/paginebraiche\/2012\/07\/08\/pio-xii-nuove-critiche-a-yad-vashem\/#primaryimage\"},\"image\":{\"@id\":\"https:\/\/moked.it\/paginebraiche\/2012\/07\/08\/pio-xii-nuove-critiche-a-yad-vashem\/#primaryimage\"},\"thumbnailUrl\":\"http:\/\/moked.it\/paginebraiche\/files\/2012\/07\/Pio-XII.jpg\",\"datePublished\":\"2012-07-08T16:30:39+00:00\",\"author\":{\"@id\":\"https:\/\/moked.it\/paginebraiche\/#\/schema\/person\/723f5746de4ea0e08fab5790d734e554\"},\"breadcrumb\":{\"@id\":\"https:\/\/moked.it\/paginebraiche\/2012\/07\/08\/pio-xii-nuove-critiche-a-yad-vashem\/#breadcrumb\"},\"inLanguage\":\"it-IT\",\"potentialAction\":[{\"@type\":\"ReadAction\",\"target\":[\"https:\/\/moked.it\/paginebraiche\/2012\/07\/08\/pio-xii-nuove-critiche-a-yad-vashem\/\"]}]},{\"@type\":\"ImageObject\",\"inLanguage\":\"it-IT\",\"@id\":\"https:\/\/moked.it\/paginebraiche\/2012\/07\/08\/pio-xii-nuove-critiche-a-yad-vashem\/#primaryimage\",\"url\":\"https:\/\/moked.it\/paginebraiche\/files\/2012\/07\/Pio-XII.jpg\",\"contentUrl\":\"https:\/\/moked.it\/paginebraiche\/files\/2012\/07\/Pio-XII.jpg\",\"width\":\"861\",\"height\":\"784\"},{\"@type\":\"BreadcrumbList\",\"@id\":\"https:\/\/moked.it\/paginebraiche\/2012\/07\/08\/pio-xii-nuove-critiche-a-yad-vashem\/#breadcrumb\",\"itemListElement\":[{\"@type\":\"ListItem\",\"position\":1,\"name\":\"Home\",\"item\":\"https:\/\/moked.it\/paginebraiche\/\"},{\"@type\":\"ListItem\",\"position\":2,\"name\":\"Pio XII &#8211; Nuove critiche a Yad Vashem\"}]},{\"@type\":\"WebSite\",\"@id\":\"https:\/\/moked.it\/paginebraiche\/#website\",\"url\":\"https:\/\/moked.it\/paginebraiche\/\",\"name\":\"Pagine Ebraiche\",\"description\":\"Il giornale dell&#039;ebraismo italiano\",\"potentialAction\":[{\"@type\":\"SearchAction\",\"target\":{\"@type\":\"EntryPoint\",\"urlTemplate\":\"https:\/\/moked.it\/paginebraiche\/?s={search_term_string}\"},\"query-input\":{\"@type\":\"PropertyValueSpecification\",\"valueRequired\":true,\"valueName\":\"search_term_string\"}}],\"inLanguage\":\"it-IT\"},{\"@type\":\"Person\",\"@id\":\"https:\/\/moked.it\/paginebraiche\/#\/schema\/person\/723f5746de4ea0e08fab5790d734e554\",\"name\":\"admin\",\"image\":{\"@type\":\"ImageObject\",\"inLanguage\":\"it-IT\",\"@id\":\"https:\/\/moked.it\/paginebraiche\/#\/schema\/person\/image\/\",\"url\":\"https:\/\/secure.gravatar.com\/avatar\/cadb6747455b21c18b2cfb9aad35ab377cb4ba61ea46f6fba9fb91fd33059fde?s=96&d=mm&r=g\",\"contentUrl\":\"https:\/\/secure.gravatar.com\/avatar\/cadb6747455b21c18b2cfb9aad35ab377cb4ba61ea46f6fba9fb91fd33059fde?s=96&d=mm&r=g\",\"caption\":\"admin\"},\"url\":\"https:\/\/moked.it\/paginebraiche\/author\/admin\/\"}]}<\/script>\n<!-- \/ Yoast SEO plugin. -->","yoast_head_json":{"title":"Pio XII - Nuove critiche a Yad Vashem - Pagine Ebraiche","robots":{"index":"index","follow":"follow","max-snippet":"max-snippet:-1","max-image-preview":"max-image-preview:large","max-video-preview":"max-video-preview:-1"},"canonical":"https:\/\/moked.it\/paginebraiche\/2012\/07\/08\/pio-xii-nuove-critiche-a-yad-vashem\/","og_locale":"it_IT","og_type":"article","og_title":"Pio XII - Nuove critiche a Yad Vashem - Pagine Ebraiche","og_description":"\u201cUn Museo storico non deve dare spazio n\u00e9 a \u2018critici\u2019 n\u00e9 a \u2018difensori\u2019! Deve ricostruire, sintetizzare ed esporre fatti ed eventi, quando del caso esponendone la problematicit\u00e0, ma mai ponendosi come osservatore impossibilitato a comprendere\u201d. In un editoriale che apparir\u00e0 sul prossimo numero di Pagine Ebraiche, anche Michele Sarfatti, storico e direttore della Fondazione Centro&hellip; leggi&nbsp;","og_url":"https:\/\/moked.it\/paginebraiche\/2012\/07\/08\/pio-xii-nuove-critiche-a-yad-vashem\/","og_site_name":"Pagine Ebraiche","article_published_time":"2012-07-08T16:30:39+00:00","og_image":[{"url":"http:\/\/moked.it\/paginebraiche\/files\/2012\/07\/Pio-XII.jpg","type":"","width":"","height":""}],"author":"admin","twitter_card":"summary_large_image","twitter_misc":{"Scritto da":"admin","Tempo di lettura stimato":"7 minuti"},"schema":{"@context":"https:\/\/schema.org","@graph":[{"@type":"WebPage","@id":"https:\/\/moked.it\/paginebraiche\/2012\/07\/08\/pio-xii-nuove-critiche-a-yad-vashem\/","url":"https:\/\/moked.it\/paginebraiche\/2012\/07\/08\/pio-xii-nuove-critiche-a-yad-vashem\/","name":"Pio XII - Nuove critiche a Yad Vashem - Pagine Ebraiche","isPartOf":{"@id":"https:\/\/moked.it\/paginebraiche\/#website"},"primaryImageOfPage":{"@id":"https:\/\/moked.it\/paginebraiche\/2012\/07\/08\/pio-xii-nuove-critiche-a-yad-vashem\/#primaryimage"},"image":{"@id":"https:\/\/moked.it\/paginebraiche\/2012\/07\/08\/pio-xii-nuove-critiche-a-yad-vashem\/#primaryimage"},"thumbnailUrl":"http:\/\/moked.it\/paginebraiche\/files\/2012\/07\/Pio-XII.jpg","datePublished":"2012-07-08T16:30:39+00:00","author":{"@id":"https:\/\/moked.it\/paginebraiche\/#\/schema\/person\/723f5746de4ea0e08fab5790d734e554"},"breadcrumb":{"@id":"https:\/\/moked.it\/paginebraiche\/2012\/07\/08\/pio-xii-nuove-critiche-a-yad-vashem\/#breadcrumb"},"inLanguage":"it-IT","potentialAction":[{"@type":"ReadAction","target":["https:\/\/moked.it\/paginebraiche\/2012\/07\/08\/pio-xii-nuove-critiche-a-yad-vashem\/"]}]},{"@type":"ImageObject","inLanguage":"it-IT","@id":"https:\/\/moked.it\/paginebraiche\/2012\/07\/08\/pio-xii-nuove-critiche-a-yad-vashem\/#primaryimage","url":"https:\/\/moked.it\/paginebraiche\/files\/2012\/07\/Pio-XII.jpg","contentUrl":"https:\/\/moked.it\/paginebraiche\/files\/2012\/07\/Pio-XII.jpg","width":"861","height":"784"},{"@type":"BreadcrumbList","@id":"https:\/\/moked.it\/paginebraiche\/2012\/07\/08\/pio-xii-nuove-critiche-a-yad-vashem\/#breadcrumb","itemListElement":[{"@type":"ListItem","position":1,"name":"Home","item":"https:\/\/moked.it\/paginebraiche\/"},{"@type":"ListItem","position":2,"name":"Pio XII &#8211; Nuove critiche a Yad Vashem"}]},{"@type":"WebSite","@id":"https:\/\/moked.it\/paginebraiche\/#website","url":"https:\/\/moked.it\/paginebraiche\/","name":"Pagine Ebraiche","description":"Il giornale dell&#039;ebraismo italiano","potentialAction":[{"@type":"SearchAction","target":{"@type":"EntryPoint","urlTemplate":"https:\/\/moked.it\/paginebraiche\/?s={search_term_string}"},"query-input":{"@type":"PropertyValueSpecification","valueRequired":true,"valueName":"search_term_string"}}],"inLanguage":"it-IT"},{"@type":"Person","@id":"https:\/\/moked.it\/paginebraiche\/#\/schema\/person\/723f5746de4ea0e08fab5790d734e554","name":"admin","image":{"@type":"ImageObject","inLanguage":"it-IT","@id":"https:\/\/moked.it\/paginebraiche\/#\/schema\/person\/image\/","url":"https:\/\/secure.gravatar.com\/avatar\/cadb6747455b21c18b2cfb9aad35ab377cb4ba61ea46f6fba9fb91fd33059fde?s=96&d=mm&r=g","contentUrl":"https:\/\/secure.gravatar.com\/avatar\/cadb6747455b21c18b2cfb9aad35ab377cb4ba61ea46f6fba9fb91fd33059fde?s=96&d=mm&r=g","caption":"admin"},"url":"https:\/\/moked.it\/paginebraiche\/author\/admin\/"}]}},"_links":{"self":[{"href":"https:\/\/moked.it\/paginebraiche\/wp-json\/wp\/v2\/posts\/415","targetHints":{"allow":["GET"]}}],"collection":[{"href":"https:\/\/moked.it\/paginebraiche\/wp-json\/wp\/v2\/posts"}],"about":[{"href":"https:\/\/moked.it\/paginebraiche\/wp-json\/wp\/v2\/types\/post"}],"author":[{"embeddable":true,"href":"https:\/\/moked.it\/paginebraiche\/wp-json\/wp\/v2\/users\/1"}],"replies":[{"embeddable":true,"href":"https:\/\/moked.it\/paginebraiche\/wp-json\/wp\/v2\/comments?post=415"}],"version-history":[{"count":1,"href":"https:\/\/moked.it\/paginebraiche\/wp-json\/wp\/v2\/posts\/415\/revisions"}],"predecessor-version":[{"id":417,"href":"https:\/\/moked.it\/paginebraiche\/wp-json\/wp\/v2\/posts\/415\/revisions\/417"}],"wp:attachment":[{"href":"https:\/\/moked.it\/paginebraiche\/wp-json\/wp\/v2\/media?parent=415"}],"wp:term":[{"taxonomy":"category","embeddable":true,"href":"https:\/\/moked.it\/paginebraiche\/wp-json\/wp\/v2\/categories?post=415"},{"taxonomy":"post_tag","embeddable":true,"href":"https:\/\/moked.it\/paginebraiche\/wp-json\/wp\/v2\/tags?post=415"},{"taxonomy":"position","embeddable":true,"href":"https:\/\/moked.it\/paginebraiche\/wp-json\/wp\/v2\/position?post=415"}],"curies":[{"name":"wp","href":"https:\/\/api.w.org\/{rel}","templated":true}]}}