{"id":439,"date":"2012-08-20T05:50:54","date_gmt":"2012-08-20T10:50:54","guid":{"rendered":"http:\/\/moked.it\/paginebraiche\/?p=439"},"modified":"2012-08-20T05:50:54","modified_gmt":"2012-08-20T10:50:54","slug":"calcio-yossi-benayoun-verso-firenze","status":"publish","type":"post","link":"https:\/\/moked.it\/paginebraiche\/2012\/08\/20\/calcio-yossi-benayoun-verso-firenze\/","title":{"rendered":"Calcio &#8211; Yossi Benayoun verso Firenze"},"content":{"rendered":"<p><a href=\"http:\/\/moked.it\/paginebraiche\/files\/2012\/08\/Yossi_Benayoun.jpg\"><img loading=\"lazy\" decoding=\"async\" src=\"http:\/\/moked.it\/paginebraiche\/files\/2012\/08\/Yossi_Benayoun.jpg\" alt=\"\" title=\"Yossi_Benayoun\" width=\"1024\" height=\"768\" class=\"alignright size-full wp-image-440\" srcset=\"https:\/\/moked.it\/paginebraiche\/files\/2012\/08\/Yossi_Benayoun.jpg 1024w, https:\/\/moked.it\/paginebraiche\/files\/2012\/08\/Yossi_Benayoun-300x225.jpg 300w\" sizes=\"auto, (max-width: 1024px) 100vw, 1024px\" \/><\/a>Le sirene di radiomercato danno segnali sempre pi\u00f9 forti sull&#8217;asse Firenze-Londra. La Fiorentina, alla ricerca di un attaccante per completare il reparto offensivo in vista dell&#8217;imminente avvio della Serie A 2012-2013, sarebbe infatti sulle tracce del &#8216;bimbo di Dimona&#8217;, all&#8217;anagrafe Yossi Benayoun, ala del Chelsea e uomo simbolo di una generazione di calciatori israeliani riuscita ad affermarsi sui pi\u00f9 prestigiosi prati europei. Artefice della trattativa \u2013 alte le possibilit\u00e0 di riuscita \u2013 il talent scout viola Eduardo Macia, che Benayoun ben conosce avendolo avuto come dirigente ai tempi del Liverpool, il club dove pi\u00f9 ha lasciato il segno (92 presenze e 22 reti).<br \/>\nSuperata la soglia dei 32 anni, Benayoun \u00e8 entrato nella fase declinante della carriera ma sembra ancora in grado di dare un contributo pi\u00f9 che significativo. Soprattutto se riuscir\u00e0 a tenersi lontano dai guai fisici che in questi ultimi anni lo hanno ripetutamente colpito costringendolo a centellinare le presenze sul terreno di gioco e relegandolo ai margini dei Blues di Abramovich e prima ancora all&#8217;Arsenal, dove \u00e8 stato in prestito dodici mesi senza lasciare un ricordo indimenticabile del suo tesseramento. Adesso Yossi ha in mano le ultime carte e vuole scegliere bene: restare in Inghilterra e provare a guadagnarsi uno spazio nel club campione d&#8217;Europa col rischio concreto di finire tagliato fuori oppure cambiare drasticamente orizzonte abbracciando la sfida del campionato italiano, certo meno prestigioso rispetto a un recente passato di gloria ma comunque sempre luogo appetibile per ritagliarsi soddisfazioni di un certo livello? La risposta la sapremo nelle prossime ore. Nel caso di segnali positivi da Londra, legati eventualmente anche a un diritto di prelazione da far valere su Jovetic nella prossima sessione di mercato, l&#8217;arrivo di Benayoun a Firenze sarebbe cosa quasi certa anche se il club gigliato continua a guardarsi attorno e sonda alcune soluzioni alternative.<br \/>\nEntro la prossima settimana il nostro torneo potrebbe cos\u00ec accogliere il terzo calciatore israeliano della sua storia dopo Tal Banin (tre anni non proprio strepitosi a Brescia nella seconda met\u00e0 degli anni Novanta) e il pi\u00f9 frizzante Eran Zahavi, jolly d&#8217;attacco del Palermo chiamato quest&#8217;anno al definitivo salto di qualit\u00e0. A Firenze tra l&#8217;altro Benayoun ha gi\u00e0 giocato come avversario nella Champions League di tre anni fa bucando nel match di ritorno ad Anfield Road la porta difesa da Frey con un calcio di punizione magistrale. A passare il turno erano stati (a sorpresa) i viola, ma Yossi era stato l&#8217;ultimo ad alzare bandiera bianca.<\/p>\n<p>Adam Smulevich &#8211; twitter @asmulevichmoked<\/p>\n","protected":false},"excerpt":{"rendered":"<p>Le sirene di radiomercato danno segnali sempre pi\u00f9 forti sull&#8217;asse Firenze-Londra. La Fiorentina, alla ricerca di un attaccante per completare il reparto offensivo in vista dell&#8217;imminente avvio della Serie A 2012-2013, sarebbe infatti sulle tracce del &#8216;bimbo di Dimona&#8217;, all&#8217;anagrafe Yossi Benayoun, ala del Chelsea e uomo simbolo di una generazione di calciatori israeliani riuscita&hellip; <a class=\"more\" rel=\"bookmark\" href=\"https:\/\/moked.it\/paginebraiche\/2012\/08\/20\/calcio-yossi-benayoun-verso-firenze\/\">leggi&nbsp;<i class=\"fa fa-chevron-circle-right\"><\/i><\/a><\/p>\n","protected":false},"author":1,"featured_media":0,"menu_order":0,"comment_status":"closed","ping_status":"open","sticky":false,"template":"","format":"standard","meta":{"footnotes":""},"categories":[1],"tags":[],"position":[],"class_list":["post-439","post","type-post","status-publish","format-standard","hentry","category-uncategorized"],"yoast_head":"<!-- This site is optimized with the Yoast SEO plugin v26.0 - https:\/\/yoast.com\/wordpress\/plugins\/seo\/ -->\n<title>Calcio - Yossi Benayoun verso Firenze - Pagine Ebraiche<\/title>\n<meta name=\"robots\" content=\"index, follow, max-snippet:-1, max-image-preview:large, max-video-preview:-1\" \/>\n<link rel=\"canonical\" href=\"https:\/\/moked.it\/paginebraiche\/2012\/08\/20\/calcio-yossi-benayoun-verso-firenze\/\" \/>\n<meta property=\"og:locale\" content=\"it_IT\" \/>\n<meta property=\"og:type\" content=\"article\" \/>\n<meta property=\"og:title\" content=\"Calcio - Yossi Benayoun verso Firenze - Pagine Ebraiche\" \/>\n<meta property=\"og:description\" content=\"Le sirene di radiomercato danno segnali sempre pi\u00f9 forti sull&#8217;asse Firenze-Londra. La Fiorentina, alla ricerca di un attaccante per completare il reparto offensivo in vista dell&#8217;imminente avvio della Serie A 2012-2013, sarebbe infatti sulle tracce del &#8216;bimbo di Dimona&#8217;, all&#8217;anagrafe Yossi Benayoun, ala del Chelsea e uomo simbolo di una generazione di calciatori israeliani riuscita&hellip; leggi&nbsp;\" \/>\n<meta property=\"og:url\" content=\"https:\/\/moked.it\/paginebraiche\/2012\/08\/20\/calcio-yossi-benayoun-verso-firenze\/\" \/>\n<meta property=\"og:site_name\" content=\"Pagine Ebraiche\" \/>\n<meta property=\"article:published_time\" content=\"2012-08-20T10:50:54+00:00\" \/>\n<meta property=\"og:image\" content=\"http:\/\/moked.it\/paginebraiche\/files\/2012\/08\/Yossi_Benayoun.jpg\" \/>\n<meta name=\"author\" content=\"admin\" \/>\n<meta name=\"twitter:card\" content=\"summary_large_image\" \/>\n<meta name=\"twitter:label1\" content=\"Scritto da\" \/>\n\t<meta name=\"twitter:data1\" content=\"admin\" \/>\n\t<meta name=\"twitter:label2\" content=\"Tempo di lettura stimato\" \/>\n\t<meta name=\"twitter:data2\" content=\"2 minuti\" \/>\n<script type=\"application\/ld+json\" class=\"yoast-schema-graph\">{\"@context\":\"https:\/\/schema.org\",\"@graph\":[{\"@type\":\"WebPage\",\"@id\":\"https:\/\/moked.it\/paginebraiche\/2012\/08\/20\/calcio-yossi-benayoun-verso-firenze\/\",\"url\":\"https:\/\/moked.it\/paginebraiche\/2012\/08\/20\/calcio-yossi-benayoun-verso-firenze\/\",\"name\":\"Calcio - Yossi Benayoun verso Firenze - Pagine Ebraiche\",\"isPartOf\":{\"@id\":\"https:\/\/moked.it\/paginebraiche\/#website\"},\"primaryImageOfPage\":{\"@id\":\"https:\/\/moked.it\/paginebraiche\/2012\/08\/20\/calcio-yossi-benayoun-verso-firenze\/#primaryimage\"},\"image\":{\"@id\":\"https:\/\/moked.it\/paginebraiche\/2012\/08\/20\/calcio-yossi-benayoun-verso-firenze\/#primaryimage\"},\"thumbnailUrl\":\"http:\/\/moked.it\/paginebraiche\/files\/2012\/08\/Yossi_Benayoun.jpg\",\"datePublished\":\"2012-08-20T10:50:54+00:00\",\"author\":{\"@id\":\"https:\/\/moked.it\/paginebraiche\/#\/schema\/person\/723f5746de4ea0e08fab5790d734e554\"},\"breadcrumb\":{\"@id\":\"https:\/\/moked.it\/paginebraiche\/2012\/08\/20\/calcio-yossi-benayoun-verso-firenze\/#breadcrumb\"},\"inLanguage\":\"it-IT\",\"potentialAction\":[{\"@type\":\"ReadAction\",\"target\":[\"https:\/\/moked.it\/paginebraiche\/2012\/08\/20\/calcio-yossi-benayoun-verso-firenze\/\"]}]},{\"@type\":\"ImageObject\",\"inLanguage\":\"it-IT\",\"@id\":\"https:\/\/moked.it\/paginebraiche\/2012\/08\/20\/calcio-yossi-benayoun-verso-firenze\/#primaryimage\",\"url\":\"https:\/\/moked.it\/paginebraiche\/files\/2012\/08\/Yossi_Benayoun.jpg\",\"contentUrl\":\"https:\/\/moked.it\/paginebraiche\/files\/2012\/08\/Yossi_Benayoun.jpg\",\"width\":\"1024\",\"height\":\"768\"},{\"@type\":\"BreadcrumbList\",\"@id\":\"https:\/\/moked.it\/paginebraiche\/2012\/08\/20\/calcio-yossi-benayoun-verso-firenze\/#breadcrumb\",\"itemListElement\":[{\"@type\":\"ListItem\",\"position\":1,\"name\":\"Home\",\"item\":\"https:\/\/moked.it\/paginebraiche\/\"},{\"@type\":\"ListItem\",\"position\":2,\"name\":\"Calcio &#8211; Yossi Benayoun verso Firenze\"}]},{\"@type\":\"WebSite\",\"@id\":\"https:\/\/moked.it\/paginebraiche\/#website\",\"url\":\"https:\/\/moked.it\/paginebraiche\/\",\"name\":\"Pagine Ebraiche\",\"description\":\"Il giornale dell&#039;ebraismo italiano\",\"potentialAction\":[{\"@type\":\"SearchAction\",\"target\":{\"@type\":\"EntryPoint\",\"urlTemplate\":\"https:\/\/moked.it\/paginebraiche\/?s={search_term_string}\"},\"query-input\":{\"@type\":\"PropertyValueSpecification\",\"valueRequired\":true,\"valueName\":\"search_term_string\"}}],\"inLanguage\":\"it-IT\"},{\"@type\":\"Person\",\"@id\":\"https:\/\/moked.it\/paginebraiche\/#\/schema\/person\/723f5746de4ea0e08fab5790d734e554\",\"name\":\"admin\",\"image\":{\"@type\":\"ImageObject\",\"inLanguage\":\"it-IT\",\"@id\":\"https:\/\/moked.it\/paginebraiche\/#\/schema\/person\/image\/\",\"url\":\"https:\/\/secure.gravatar.com\/avatar\/cadb6747455b21c18b2cfb9aad35ab377cb4ba61ea46f6fba9fb91fd33059fde?s=96&d=mm&r=g\",\"contentUrl\":\"https:\/\/secure.gravatar.com\/avatar\/cadb6747455b21c18b2cfb9aad35ab377cb4ba61ea46f6fba9fb91fd33059fde?s=96&d=mm&r=g\",\"caption\":\"admin\"},\"url\":\"https:\/\/moked.it\/paginebraiche\/author\/admin\/\"}]}<\/script>\n<!-- \/ Yoast SEO plugin. -->","yoast_head_json":{"title":"Calcio - Yossi Benayoun verso Firenze - Pagine Ebraiche","robots":{"index":"index","follow":"follow","max-snippet":"max-snippet:-1","max-image-preview":"max-image-preview:large","max-video-preview":"max-video-preview:-1"},"canonical":"https:\/\/moked.it\/paginebraiche\/2012\/08\/20\/calcio-yossi-benayoun-verso-firenze\/","og_locale":"it_IT","og_type":"article","og_title":"Calcio - Yossi Benayoun verso Firenze - Pagine Ebraiche","og_description":"Le sirene di radiomercato danno segnali sempre pi\u00f9 forti sull&#8217;asse Firenze-Londra. La Fiorentina, alla ricerca di un attaccante per completare il reparto offensivo in vista dell&#8217;imminente avvio della Serie A 2012-2013, sarebbe infatti sulle tracce del &#8216;bimbo di Dimona&#8217;, all&#8217;anagrafe Yossi Benayoun, ala del Chelsea e uomo simbolo di una generazione di calciatori israeliani riuscita&hellip; leggi&nbsp;","og_url":"https:\/\/moked.it\/paginebraiche\/2012\/08\/20\/calcio-yossi-benayoun-verso-firenze\/","og_site_name":"Pagine Ebraiche","article_published_time":"2012-08-20T10:50:54+00:00","og_image":[{"url":"http:\/\/moked.it\/paginebraiche\/files\/2012\/08\/Yossi_Benayoun.jpg","type":"","width":"","height":""}],"author":"admin","twitter_card":"summary_large_image","twitter_misc":{"Scritto da":"admin","Tempo di lettura stimato":"2 minuti"},"schema":{"@context":"https:\/\/schema.org","@graph":[{"@type":"WebPage","@id":"https:\/\/moked.it\/paginebraiche\/2012\/08\/20\/calcio-yossi-benayoun-verso-firenze\/","url":"https:\/\/moked.it\/paginebraiche\/2012\/08\/20\/calcio-yossi-benayoun-verso-firenze\/","name":"Calcio - Yossi Benayoun verso Firenze - Pagine Ebraiche","isPartOf":{"@id":"https:\/\/moked.it\/paginebraiche\/#website"},"primaryImageOfPage":{"@id":"https:\/\/moked.it\/paginebraiche\/2012\/08\/20\/calcio-yossi-benayoun-verso-firenze\/#primaryimage"},"image":{"@id":"https:\/\/moked.it\/paginebraiche\/2012\/08\/20\/calcio-yossi-benayoun-verso-firenze\/#primaryimage"},"thumbnailUrl":"http:\/\/moked.it\/paginebraiche\/files\/2012\/08\/Yossi_Benayoun.jpg","datePublished":"2012-08-20T10:50:54+00:00","author":{"@id":"https:\/\/moked.it\/paginebraiche\/#\/schema\/person\/723f5746de4ea0e08fab5790d734e554"},"breadcrumb":{"@id":"https:\/\/moked.it\/paginebraiche\/2012\/08\/20\/calcio-yossi-benayoun-verso-firenze\/#breadcrumb"},"inLanguage":"it-IT","potentialAction":[{"@type":"ReadAction","target":["https:\/\/moked.it\/paginebraiche\/2012\/08\/20\/calcio-yossi-benayoun-verso-firenze\/"]}]},{"@type":"ImageObject","inLanguage":"it-IT","@id":"https:\/\/moked.it\/paginebraiche\/2012\/08\/20\/calcio-yossi-benayoun-verso-firenze\/#primaryimage","url":"https:\/\/moked.it\/paginebraiche\/files\/2012\/08\/Yossi_Benayoun.jpg","contentUrl":"https:\/\/moked.it\/paginebraiche\/files\/2012\/08\/Yossi_Benayoun.jpg","width":"1024","height":"768"},{"@type":"BreadcrumbList","@id":"https:\/\/moked.it\/paginebraiche\/2012\/08\/20\/calcio-yossi-benayoun-verso-firenze\/#breadcrumb","itemListElement":[{"@type":"ListItem","position":1,"name":"Home","item":"https:\/\/moked.it\/paginebraiche\/"},{"@type":"ListItem","position":2,"name":"Calcio &#8211; Yossi Benayoun verso Firenze"}]},{"@type":"WebSite","@id":"https:\/\/moked.it\/paginebraiche\/#website","url":"https:\/\/moked.it\/paginebraiche\/","name":"Pagine Ebraiche","description":"Il giornale dell&#039;ebraismo italiano","potentialAction":[{"@type":"SearchAction","target":{"@type":"EntryPoint","urlTemplate":"https:\/\/moked.it\/paginebraiche\/?s={search_term_string}"},"query-input":{"@type":"PropertyValueSpecification","valueRequired":true,"valueName":"search_term_string"}}],"inLanguage":"it-IT"},{"@type":"Person","@id":"https:\/\/moked.it\/paginebraiche\/#\/schema\/person\/723f5746de4ea0e08fab5790d734e554","name":"admin","image":{"@type":"ImageObject","inLanguage":"it-IT","@id":"https:\/\/moked.it\/paginebraiche\/#\/schema\/person\/image\/","url":"https:\/\/secure.gravatar.com\/avatar\/cadb6747455b21c18b2cfb9aad35ab377cb4ba61ea46f6fba9fb91fd33059fde?s=96&d=mm&r=g","contentUrl":"https:\/\/secure.gravatar.com\/avatar\/cadb6747455b21c18b2cfb9aad35ab377cb4ba61ea46f6fba9fb91fd33059fde?s=96&d=mm&r=g","caption":"admin"},"url":"https:\/\/moked.it\/paginebraiche\/author\/admin\/"}]}},"_links":{"self":[{"href":"https:\/\/moked.it\/paginebraiche\/wp-json\/wp\/v2\/posts\/439","targetHints":{"allow":["GET"]}}],"collection":[{"href":"https:\/\/moked.it\/paginebraiche\/wp-json\/wp\/v2\/posts"}],"about":[{"href":"https:\/\/moked.it\/paginebraiche\/wp-json\/wp\/v2\/types\/post"}],"author":[{"embeddable":true,"href":"https:\/\/moked.it\/paginebraiche\/wp-json\/wp\/v2\/users\/1"}],"replies":[{"embeddable":true,"href":"https:\/\/moked.it\/paginebraiche\/wp-json\/wp\/v2\/comments?post=439"}],"version-history":[{"count":1,"href":"https:\/\/moked.it\/paginebraiche\/wp-json\/wp\/v2\/posts\/439\/revisions"}],"predecessor-version":[{"id":441,"href":"https:\/\/moked.it\/paginebraiche\/wp-json\/wp\/v2\/posts\/439\/revisions\/441"}],"wp:attachment":[{"href":"https:\/\/moked.it\/paginebraiche\/wp-json\/wp\/v2\/media?parent=439"}],"wp:term":[{"taxonomy":"category","embeddable":true,"href":"https:\/\/moked.it\/paginebraiche\/wp-json\/wp\/v2\/categories?post=439"},{"taxonomy":"post_tag","embeddable":true,"href":"https:\/\/moked.it\/paginebraiche\/wp-json\/wp\/v2\/tags?post=439"},{"taxonomy":"position","embeddable":true,"href":"https:\/\/moked.it\/paginebraiche\/wp-json\/wp\/v2\/position?post=439"}],"curies":[{"name":"wp","href":"https:\/\/api.w.org\/{rel}","templated":true}]}}