{"id":453,"date":"2012-08-31T09:59:46","date_gmt":"2012-08-31T14:59:46","guid":{"rendered":"http:\/\/moked.it\/paginebraiche\/?p=453"},"modified":"2012-08-31T09:59:46","modified_gmt":"2012-08-31T14:59:46","slug":"giornata-europea-della-cultura-ebraica-lappuntamento-col-witz-e-a-venezia","status":"publish","type":"post","link":"https:\/\/moked.it\/paginebraiche\/2012\/08\/31\/giornata-europea-della-cultura-ebraica-lappuntamento-col-witz-e-a-venezia\/","title":{"rendered":"Giornata europea della cultura ebraica L\u2019appuntamento col witz \u00e8 a Venezia"},"content":{"rendered":"<p><a href=\"http:\/\/moked.it\/paginebraiche\/files\/2012\/08\/veneziaapp.jpg\"><img loading=\"lazy\" decoding=\"async\" src=\"http:\/\/moked.it\/paginebraiche\/files\/2012\/08\/veneziaapp.jpg\" alt=\"\" title=\"veneziaapp\" width=\"960\" height=\"720\" class=\"alignnone size-full wp-image-454\" srcset=\"https:\/\/moked.it\/paginebraiche\/files\/2012\/08\/veneziaapp.jpg 960w, https:\/\/moked.it\/paginebraiche\/files\/2012\/08\/veneziaapp-300x225.jpg 300w\" sizes=\"auto, (max-width: 960px) 100vw, 960px\" \/><\/a>Grande attesa a Venezia per la tredicesima edizione della Giornata Europea della Cultura Ebraica che proprio nella citt\u00e0 lagunare, localit\u00e0 capofila per l\u2019Italia (nel 2011 l\u2019onore era toccato a Siena), vivr\u00e0 i suoi momenti pi\u00f9 significativi e intensi. L\u2019avvio delle manifestazioni si avr\u00e0 alle 11 con un triplice appuntamento: la performance Tra calli e campielli a cura di alcuni narratori itineranti per le strade del Vecchio Ghetto, l\u2019apertura del laboratorio per bambini Il riso di Mos\u00e8 e i saluti delle autorit\u00e0 in Sala Montefiore. All\u2019incontro prenderanno la parola tra gli altri il ministro dell\u2019Interno Anna Maria Cancellieri, il ministro dell\u2019Istruzione, dell\u2019Universit\u00e0 e della Ricerca Francesco Profumo, il presidente dell\u2019Unione delle Comunit\u00e0 Ebraiche Italiane Renzo Gattegna e il presidente della Comunit\u00e0 ebraica veneziana Amos Luzzatto. \u201cIl segnale che intendiamo inviare al folto, curioso e appassionato pubblico che ogni anno partecipa all\u2019iniziativa \u2013 spiega il presidente Gattegna \u2013 \u00e8 il nostro essere orgogliosi di una cultura antica, che siamo felici di far conoscere. E che fare cultura \u00e8 una necessit\u00e0 e uno stimolo positivo, specie nei momenti pi\u00f9 difficili\u201d.<br \/>\nConcluso il momento \u2018ufficiale\u2019 intervento di Dario Calimani sul tema Lo humour ebraico, rido ergo sum e visita alla mostra Jewish humour in photographs, litography and video realizzata in collaborazione con Ikona Gallery e a cura di Ziva Kraus e del Museo ebraico, per l\u2019occasione arricchito dalla presenza di un antico parochet del XVII secolo e della prestigiosa Bibbia miniata trecentesca. Spazio poi, a partire dal primo pomeriggio, ad alcuni titoli cinematografici di successo che saranno proposti nel corso della rassegna It hurts to laugh-L\u2019umorismo ai tempi di Mel Brooks e Gene Wilder. Ad essere proiettati classici come Per favore, non toccate le vecchiette, Scusi dov\u2019\u00e8 il West? e La pazza storia del mondo. Per gli appassionati di storielle ebraiche, alle 16 al Museo ebraico, in agenda l\u2019incontro Tra umorismo e ironia con Umberto Fortis e Alessandro Zanon. Conclusione in musica alle 21 con Shalom B\u00e0it. La pace in famiglia. Scene d\u2019interni di una famiglia ebraica, performance al Campo di Ghetto Nuovo ideata e con regia di Alexandra Wilson e con direzione musicale e clarinetto di Dan Rapoport. Nel corso della giornata porte aperte per tre delle cinque sinagoghe cittadine: la Levantina, la Tedesca e la Canton. Tra le varie opzioni offerte la possibilit\u00e0 di pranzare a men\u00f9 fisso presso il ristorante kasher Hostaria del Ghetto e di usufruire di alcuni stand gastronomici allestiti dalla scuola di cucina ebraica La cucina del Ghetto, dalla stessa Hostaria del Ghetto e dalla sezione locale dell\u2019Associazione Donne Ebree d\u2019Italia. Per i pi\u00f9 mattinieri alle 9.30 visita guidata gratuita all\u2019antico cimitero del Lido in compagnia del comandante Aldo Izzo. Il ritrovo \u00e8 alla fermata del ferry boat S. Nicol\u00f2.<\/p>\n","protected":false},"excerpt":{"rendered":"<p>Grande attesa a Venezia per la tredicesima edizione della Giornata Europea della Cultura Ebraica che proprio nella citt\u00e0 lagunare, localit\u00e0 capofila per l\u2019Italia (nel 2011 l\u2019onore era toccato a Siena), vivr\u00e0 i suoi momenti pi\u00f9 significativi e intensi. L\u2019avvio delle manifestazioni si avr\u00e0 alle 11 con un triplice appuntamento: la performance Tra calli e campielli&hellip; <a class=\"more\" rel=\"bookmark\" href=\"https:\/\/moked.it\/paginebraiche\/2012\/08\/31\/giornata-europea-della-cultura-ebraica-lappuntamento-col-witz-e-a-venezia\/\">leggi&nbsp;<i class=\"fa fa-chevron-circle-right\"><\/i><\/a><\/p>\n","protected":false},"author":1,"featured_media":0,"menu_order":0,"comment_status":"closed","ping_status":"open","sticky":false,"template":"","format":"standard","meta":{"footnotes":""},"categories":[1],"tags":[],"position":[],"class_list":["post-453","post","type-post","status-publish","format-standard","hentry","category-uncategorized"],"yoast_head":"<!-- This site is optimized with the Yoast SEO plugin v26.0 - https:\/\/yoast.com\/wordpress\/plugins\/seo\/ -->\n<title>Giornata europea della cultura ebraica L\u2019appuntamento col witz \u00e8 a Venezia - Pagine Ebraiche<\/title>\n<meta name=\"robots\" content=\"index, follow, max-snippet:-1, max-image-preview:large, max-video-preview:-1\" \/>\n<link rel=\"canonical\" href=\"https:\/\/moked.it\/paginebraiche\/2012\/08\/31\/giornata-europea-della-cultura-ebraica-lappuntamento-col-witz-e-a-venezia\/\" \/>\n<meta property=\"og:locale\" content=\"it_IT\" \/>\n<meta property=\"og:type\" content=\"article\" \/>\n<meta property=\"og:title\" content=\"Giornata europea della cultura ebraica L\u2019appuntamento col witz \u00e8 a Venezia - Pagine Ebraiche\" \/>\n<meta property=\"og:description\" content=\"Grande attesa a Venezia per la tredicesima edizione della Giornata Europea della Cultura Ebraica che proprio nella citt\u00e0 lagunare, localit\u00e0 capofila per l\u2019Italia (nel 2011 l\u2019onore era toccato a Siena), vivr\u00e0 i suoi momenti pi\u00f9 significativi e intensi. L\u2019avvio delle manifestazioni si avr\u00e0 alle 11 con un triplice appuntamento: la performance Tra calli e campielli&hellip; leggi&nbsp;\" \/>\n<meta property=\"og:url\" content=\"https:\/\/moked.it\/paginebraiche\/2012\/08\/31\/giornata-europea-della-cultura-ebraica-lappuntamento-col-witz-e-a-venezia\/\" \/>\n<meta property=\"og:site_name\" content=\"Pagine Ebraiche\" \/>\n<meta property=\"article:published_time\" content=\"2012-08-31T14:59:46+00:00\" \/>\n<meta property=\"og:image\" content=\"http:\/\/moked.it\/paginebraiche\/files\/2012\/08\/veneziaapp.jpg\" \/>\n<meta name=\"author\" content=\"admin\" \/>\n<meta name=\"twitter:card\" content=\"summary_large_image\" \/>\n<meta name=\"twitter:label1\" content=\"Scritto da\" \/>\n\t<meta name=\"twitter:data1\" content=\"admin\" \/>\n\t<meta name=\"twitter:label2\" content=\"Tempo di lettura stimato\" \/>\n\t<meta name=\"twitter:data2\" content=\"2 minuti\" \/>\n<script type=\"application\/ld+json\" class=\"yoast-schema-graph\">{\"@context\":\"https:\/\/schema.org\",\"@graph\":[{\"@type\":\"WebPage\",\"@id\":\"https:\/\/moked.it\/paginebraiche\/2012\/08\/31\/giornata-europea-della-cultura-ebraica-lappuntamento-col-witz-e-a-venezia\/\",\"url\":\"https:\/\/moked.it\/paginebraiche\/2012\/08\/31\/giornata-europea-della-cultura-ebraica-lappuntamento-col-witz-e-a-venezia\/\",\"name\":\"Giornata europea della cultura ebraica L\u2019appuntamento col witz \u00e8 a Venezia - Pagine Ebraiche\",\"isPartOf\":{\"@id\":\"https:\/\/moked.it\/paginebraiche\/#website\"},\"primaryImageOfPage\":{\"@id\":\"https:\/\/moked.it\/paginebraiche\/2012\/08\/31\/giornata-europea-della-cultura-ebraica-lappuntamento-col-witz-e-a-venezia\/#primaryimage\"},\"image\":{\"@id\":\"https:\/\/moked.it\/paginebraiche\/2012\/08\/31\/giornata-europea-della-cultura-ebraica-lappuntamento-col-witz-e-a-venezia\/#primaryimage\"},\"thumbnailUrl\":\"http:\/\/moked.it\/paginebraiche\/files\/2012\/08\/veneziaapp.jpg\",\"datePublished\":\"2012-08-31T14:59:46+00:00\",\"author\":{\"@id\":\"https:\/\/moked.it\/paginebraiche\/#\/schema\/person\/723f5746de4ea0e08fab5790d734e554\"},\"breadcrumb\":{\"@id\":\"https:\/\/moked.it\/paginebraiche\/2012\/08\/31\/giornata-europea-della-cultura-ebraica-lappuntamento-col-witz-e-a-venezia\/#breadcrumb\"},\"inLanguage\":\"it-IT\",\"potentialAction\":[{\"@type\":\"ReadAction\",\"target\":[\"https:\/\/moked.it\/paginebraiche\/2012\/08\/31\/giornata-europea-della-cultura-ebraica-lappuntamento-col-witz-e-a-venezia\/\"]}]},{\"@type\":\"ImageObject\",\"inLanguage\":\"it-IT\",\"@id\":\"https:\/\/moked.it\/paginebraiche\/2012\/08\/31\/giornata-europea-della-cultura-ebraica-lappuntamento-col-witz-e-a-venezia\/#primaryimage\",\"url\":\"https:\/\/moked.it\/paginebraiche\/files\/2012\/08\/veneziaapp.jpg\",\"contentUrl\":\"https:\/\/moked.it\/paginebraiche\/files\/2012\/08\/veneziaapp.jpg\",\"width\":\"960\",\"height\":\"720\"},{\"@type\":\"BreadcrumbList\",\"@id\":\"https:\/\/moked.it\/paginebraiche\/2012\/08\/31\/giornata-europea-della-cultura-ebraica-lappuntamento-col-witz-e-a-venezia\/#breadcrumb\",\"itemListElement\":[{\"@type\":\"ListItem\",\"position\":1,\"name\":\"Home\",\"item\":\"https:\/\/moked.it\/paginebraiche\/\"},{\"@type\":\"ListItem\",\"position\":2,\"name\":\"Giornata europea della cultura ebraica L\u2019appuntamento col witz \u00e8 a Venezia\"}]},{\"@type\":\"WebSite\",\"@id\":\"https:\/\/moked.it\/paginebraiche\/#website\",\"url\":\"https:\/\/moked.it\/paginebraiche\/\",\"name\":\"Pagine Ebraiche\",\"description\":\"Il giornale dell&#039;ebraismo italiano\",\"potentialAction\":[{\"@type\":\"SearchAction\",\"target\":{\"@type\":\"EntryPoint\",\"urlTemplate\":\"https:\/\/moked.it\/paginebraiche\/?s={search_term_string}\"},\"query-input\":{\"@type\":\"PropertyValueSpecification\",\"valueRequired\":true,\"valueName\":\"search_term_string\"}}],\"inLanguage\":\"it-IT\"},{\"@type\":\"Person\",\"@id\":\"https:\/\/moked.it\/paginebraiche\/#\/schema\/person\/723f5746de4ea0e08fab5790d734e554\",\"name\":\"admin\",\"image\":{\"@type\":\"ImageObject\",\"inLanguage\":\"it-IT\",\"@id\":\"https:\/\/moked.it\/paginebraiche\/#\/schema\/person\/image\/\",\"url\":\"https:\/\/secure.gravatar.com\/avatar\/cadb6747455b21c18b2cfb9aad35ab377cb4ba61ea46f6fba9fb91fd33059fde?s=96&d=mm&r=g\",\"contentUrl\":\"https:\/\/secure.gravatar.com\/avatar\/cadb6747455b21c18b2cfb9aad35ab377cb4ba61ea46f6fba9fb91fd33059fde?s=96&d=mm&r=g\",\"caption\":\"admin\"},\"url\":\"https:\/\/moked.it\/paginebraiche\/author\/admin\/\"}]}<\/script>\n<!-- \/ Yoast SEO plugin. -->","yoast_head_json":{"title":"Giornata europea della cultura ebraica L\u2019appuntamento col witz \u00e8 a Venezia - Pagine Ebraiche","robots":{"index":"index","follow":"follow","max-snippet":"max-snippet:-1","max-image-preview":"max-image-preview:large","max-video-preview":"max-video-preview:-1"},"canonical":"https:\/\/moked.it\/paginebraiche\/2012\/08\/31\/giornata-europea-della-cultura-ebraica-lappuntamento-col-witz-e-a-venezia\/","og_locale":"it_IT","og_type":"article","og_title":"Giornata europea della cultura ebraica L\u2019appuntamento col witz \u00e8 a Venezia - Pagine Ebraiche","og_description":"Grande attesa a Venezia per la tredicesima edizione della Giornata Europea della Cultura Ebraica che proprio nella citt\u00e0 lagunare, localit\u00e0 capofila per l\u2019Italia (nel 2011 l\u2019onore era toccato a Siena), vivr\u00e0 i suoi momenti pi\u00f9 significativi e intensi. L\u2019avvio delle manifestazioni si avr\u00e0 alle 11 con un triplice appuntamento: la performance Tra calli e campielli&hellip; leggi&nbsp;","og_url":"https:\/\/moked.it\/paginebraiche\/2012\/08\/31\/giornata-europea-della-cultura-ebraica-lappuntamento-col-witz-e-a-venezia\/","og_site_name":"Pagine Ebraiche","article_published_time":"2012-08-31T14:59:46+00:00","og_image":[{"url":"http:\/\/moked.it\/paginebraiche\/files\/2012\/08\/veneziaapp.jpg","type":"","width":"","height":""}],"author":"admin","twitter_card":"summary_large_image","twitter_misc":{"Scritto da":"admin","Tempo di lettura stimato":"2 minuti"},"schema":{"@context":"https:\/\/schema.org","@graph":[{"@type":"WebPage","@id":"https:\/\/moked.it\/paginebraiche\/2012\/08\/31\/giornata-europea-della-cultura-ebraica-lappuntamento-col-witz-e-a-venezia\/","url":"https:\/\/moked.it\/paginebraiche\/2012\/08\/31\/giornata-europea-della-cultura-ebraica-lappuntamento-col-witz-e-a-venezia\/","name":"Giornata europea della cultura ebraica L\u2019appuntamento col witz \u00e8 a Venezia - Pagine Ebraiche","isPartOf":{"@id":"https:\/\/moked.it\/paginebraiche\/#website"},"primaryImageOfPage":{"@id":"https:\/\/moked.it\/paginebraiche\/2012\/08\/31\/giornata-europea-della-cultura-ebraica-lappuntamento-col-witz-e-a-venezia\/#primaryimage"},"image":{"@id":"https:\/\/moked.it\/paginebraiche\/2012\/08\/31\/giornata-europea-della-cultura-ebraica-lappuntamento-col-witz-e-a-venezia\/#primaryimage"},"thumbnailUrl":"http:\/\/moked.it\/paginebraiche\/files\/2012\/08\/veneziaapp.jpg","datePublished":"2012-08-31T14:59:46+00:00","author":{"@id":"https:\/\/moked.it\/paginebraiche\/#\/schema\/person\/723f5746de4ea0e08fab5790d734e554"},"breadcrumb":{"@id":"https:\/\/moked.it\/paginebraiche\/2012\/08\/31\/giornata-europea-della-cultura-ebraica-lappuntamento-col-witz-e-a-venezia\/#breadcrumb"},"inLanguage":"it-IT","potentialAction":[{"@type":"ReadAction","target":["https:\/\/moked.it\/paginebraiche\/2012\/08\/31\/giornata-europea-della-cultura-ebraica-lappuntamento-col-witz-e-a-venezia\/"]}]},{"@type":"ImageObject","inLanguage":"it-IT","@id":"https:\/\/moked.it\/paginebraiche\/2012\/08\/31\/giornata-europea-della-cultura-ebraica-lappuntamento-col-witz-e-a-venezia\/#primaryimage","url":"https:\/\/moked.it\/paginebraiche\/files\/2012\/08\/veneziaapp.jpg","contentUrl":"https:\/\/moked.it\/paginebraiche\/files\/2012\/08\/veneziaapp.jpg","width":"960","height":"720"},{"@type":"BreadcrumbList","@id":"https:\/\/moked.it\/paginebraiche\/2012\/08\/31\/giornata-europea-della-cultura-ebraica-lappuntamento-col-witz-e-a-venezia\/#breadcrumb","itemListElement":[{"@type":"ListItem","position":1,"name":"Home","item":"https:\/\/moked.it\/paginebraiche\/"},{"@type":"ListItem","position":2,"name":"Giornata europea della cultura ebraica L\u2019appuntamento col witz \u00e8 a Venezia"}]},{"@type":"WebSite","@id":"https:\/\/moked.it\/paginebraiche\/#website","url":"https:\/\/moked.it\/paginebraiche\/","name":"Pagine Ebraiche","description":"Il giornale dell&#039;ebraismo italiano","potentialAction":[{"@type":"SearchAction","target":{"@type":"EntryPoint","urlTemplate":"https:\/\/moked.it\/paginebraiche\/?s={search_term_string}"},"query-input":{"@type":"PropertyValueSpecification","valueRequired":true,"valueName":"search_term_string"}}],"inLanguage":"it-IT"},{"@type":"Person","@id":"https:\/\/moked.it\/paginebraiche\/#\/schema\/person\/723f5746de4ea0e08fab5790d734e554","name":"admin","image":{"@type":"ImageObject","inLanguage":"it-IT","@id":"https:\/\/moked.it\/paginebraiche\/#\/schema\/person\/image\/","url":"https:\/\/secure.gravatar.com\/avatar\/cadb6747455b21c18b2cfb9aad35ab377cb4ba61ea46f6fba9fb91fd33059fde?s=96&d=mm&r=g","contentUrl":"https:\/\/secure.gravatar.com\/avatar\/cadb6747455b21c18b2cfb9aad35ab377cb4ba61ea46f6fba9fb91fd33059fde?s=96&d=mm&r=g","caption":"admin"},"url":"https:\/\/moked.it\/paginebraiche\/author\/admin\/"}]}},"_links":{"self":[{"href":"https:\/\/moked.it\/paginebraiche\/wp-json\/wp\/v2\/posts\/453","targetHints":{"allow":["GET"]}}],"collection":[{"href":"https:\/\/moked.it\/paginebraiche\/wp-json\/wp\/v2\/posts"}],"about":[{"href":"https:\/\/moked.it\/paginebraiche\/wp-json\/wp\/v2\/types\/post"}],"author":[{"embeddable":true,"href":"https:\/\/moked.it\/paginebraiche\/wp-json\/wp\/v2\/users\/1"}],"replies":[{"embeddable":true,"href":"https:\/\/moked.it\/paginebraiche\/wp-json\/wp\/v2\/comments?post=453"}],"version-history":[{"count":1,"href":"https:\/\/moked.it\/paginebraiche\/wp-json\/wp\/v2\/posts\/453\/revisions"}],"predecessor-version":[{"id":455,"href":"https:\/\/moked.it\/paginebraiche\/wp-json\/wp\/v2\/posts\/453\/revisions\/455"}],"wp:attachment":[{"href":"https:\/\/moked.it\/paginebraiche\/wp-json\/wp\/v2\/media?parent=453"}],"wp:term":[{"taxonomy":"category","embeddable":true,"href":"https:\/\/moked.it\/paginebraiche\/wp-json\/wp\/v2\/categories?post=453"},{"taxonomy":"post_tag","embeddable":true,"href":"https:\/\/moked.it\/paginebraiche\/wp-json\/wp\/v2\/tags?post=453"},{"taxonomy":"position","embeddable":true,"href":"https:\/\/moked.it\/paginebraiche\/wp-json\/wp\/v2\/position?post=453"}],"curies":[{"name":"wp","href":"https:\/\/api.w.org\/{rel}","templated":true}]}}