{"id":495,"date":"2012-09-25T04:58:31","date_gmt":"2012-09-25T09:58:31","guid":{"rendered":"http:\/\/moked.it\/paginebraiche\/?p=495"},"modified":"2012-09-25T04:58:31","modified_gmt":"2012-09-25T09:58:31","slug":"wallenberg-eroe-di-fronte-al-male","status":"publish","type":"post","link":"https:\/\/moked.it\/paginebraiche\/2012\/09\/25\/wallenberg-eroe-di-fronte-al-male\/","title":{"rendered":"Wallenberg, eroe di fronte al male"},"content":{"rendered":"<p><a href=\"http:\/\/moked.it\/paginebraiche\/files\/2012\/09\/wallenberg.jpg\"><img loading=\"lazy\" decoding=\"async\" src=\"http:\/\/moked.it\/paginebraiche\/files\/2012\/09\/wallenberg.jpg\" alt=\"\" title=\"wallenberg\" width=\"1024\" height=\"768\" class=\"alignnone size-full wp-image-496\" srcset=\"https:\/\/moked.it\/paginebraiche\/files\/2012\/09\/wallenberg.jpg 1024w, https:\/\/moked.it\/paginebraiche\/files\/2012\/09\/wallenberg-300x225.jpg 300w\" sizes=\"auto, (max-width: 1024px) 100vw, 1024px\" \/><\/a>Chi era veramente Raoul Wallenberg? Un nutrito gruppo di partecipanti ha affollato a Roma la sala della sede della Comunit\u00e0 di Sant&#8217;Egidio per cercare assieme una risposta. Un eroe borghese, un Giusto tra le nazioni, lo svedese che ha salvato centomila ebrei ungheresi, non per piet\u00e0 ma per giustizia. E a celebrare la sua memoria, a raccontarne il profilo, tante voci hanno colorato il convegno &#8220;Il coraggio di fronte al male&#8221;. Il primo incontro apre una serie di eventi, il prossimo il 3 ottobre all&#8217;Ara Pacis. Ulla Gudmundson, ambasciatore di Svezia presso la Santa Sede, modera e introduce gli ospiti.<br \/>\nRenzo Gattegna, Presidente Unione delle Comunit\u00e0 Ebraiche Italiane, \u00e8 il primo a dare un volto all&#8217;uomo che \u00e8 morto per i suoi ideali di giustizia. &#8220;La storia di Wallenberg non \u00e8 abbastanza conosciuta. Bisogna ricordare chi si \u00e8 opposto alle forze soverchianti e condannare l&#8217;indifferenza&#8221;. A far eco alle sue parole il professore Valerio De Cesaris della Comunit\u00e0 di Sant\u2019Egidio: &#8220;Il ricordo non deve essere formale. Non deve diventare un rituale, dobbiamo riflettere sul passato e il presente. Con le crisi si accendono nazionalismi pericolosi, ultimo il caso della Grecia. Non c&#8217;\u00e8 futuro senza memoria&#8221;. Poi spiega come l&#8217;ebraismo sia fondato sulla narrazione e come la narrazione renda vivo il ricordo. &#8220;Contestualizzare il ricordo nella storia \u00e8 fondamentale. Ed \u00e8 necessario parlare di pi\u00f9 dei salvatori, non solo dei carnefici&#8221;.<br \/>\nIl professor Bengt Jangfeldt porta la mente degli ascoltatori a Budapest nel 1944, il luogo, il momento nel quale Wallenberg divenne un eroe. Da diplomatico svedese forn\u00ec migliaia di documenti agli ebrei ungheresi e si dedic\u00f2 anche a problemi pratici come cibo e rifugi. Non proprio quello che il nonno Gustav aveva prospettato per lui. &#8220;Comportati da Wallenberg&#8221;. Educato e cresciuto per essere un businessman con i fiocchi ma con grande etica e senza perdere di vista la morale. E proprio l&#8217;etica di ferro impartita dal nonno lo hanno fatto essere il Giusto. &#8220;Era ossessionato dal salvare pi\u00f9 gente possibile&#8221;. Ma, ironia della sorte, scampato ai tedeschi sub\u00ec i sovietici. &#8220;Ognuno pu\u00f2 fare cose che non pensava di saper fare&#8221; conclude il professore. E a corredare il ritratto di Wallenberg, la testimonianza direttamente dall&#8217;Australia del Professor Frank Vajda, ebreo ungherese nel momento pi\u00f9 pericoloso per gli ebrei e per l&#8217;Ungheria. &#8220;Mio padre \u00e8 morto per un attacco cardiaco acuto, il modo in cui i tedeschi mascheravano il decesso tramite il gas&#8221; racconta lapidario.<br \/>\nIl germanista Claudio Magris aggiunge un tassello in pi\u00f9 con il suo stile inconfondibile: &#8220;Raoul Wallenberg ha salvato l&#8217;anima del mondo&#8221;. Camus parla della capacit\u00e0 di resistere all&#8217;aria del tempo. &#8220;Inutile incolpare i tempi, non sentirsi presi in causa, tu puoi perch\u00e9 devi&#8221;.<br \/>\nEra un eroe vitale, che ha lottato contro la morte, non le \u00e8 corso incontro. &#8220;Brecht diceva che \u00e8 una sventura avere bisogno di un eroe. Wallenberg era un eroe contro voglia, che non ha bisogno di alcuna retorica. Umano e creativo, geniale nelle sue strategie. Perch\u00e9 non solo il male, ma sopratutto il bene ha fascino&#8221;.<br \/>\nLa storica Liliana Picciotto del Centro di Documentazione Ebraica Contemporanea di Milano, spiega come sia in corso una mappatura delle modalit\u00e0 di soccorso durante le persecuzioni. Il &#8216;kit della sopravvivenza&#8217; consisteva in documenti falsi, una nuova residenza, del denaro e degli amici. &#8220;Bisogna cercare la giustizia&#8221; conclude.<br \/>\nLa Dott.ssa Flaminia Giovanelli del Pontificio Consiglio della Giustizia e della Pace insiste sull&#8217;umanit\u00e0. Interessante evidenziare la spontaneit\u00e0 e la modestia del bene, quella del diplomatico in primis. Jangfeldt conclude: &#8220;Molti si chiedono se Wallenberg fosse ebreo. Per la verit\u00e0, di origine s\u00ec&#8221;. Ebreo o non ebreo, fu un eroe. Un eroe contro l&#8217;ingiustizia.<\/p>\n<p>Rachel Silvera twitter @RachelSilvera2<\/p>\n","protected":false},"excerpt":{"rendered":"<p>Chi era veramente Raoul Wallenberg? Un nutrito gruppo di partecipanti ha affollato a Roma la sala della sede della Comunit\u00e0 di Sant&#8217;Egidio per cercare assieme una risposta. Un eroe borghese, un Giusto tra le nazioni, lo svedese che ha salvato centomila ebrei ungheresi, non per piet\u00e0 ma per giustizia. E a celebrare la sua memoria,&hellip; <a class=\"more\" rel=\"bookmark\" href=\"https:\/\/moked.it\/paginebraiche\/2012\/09\/25\/wallenberg-eroe-di-fronte-al-male\/\">leggi&nbsp;<i class=\"fa fa-chevron-circle-right\"><\/i><\/a><\/p>\n","protected":false},"author":1,"featured_media":0,"menu_order":0,"comment_status":"closed","ping_status":"open","sticky":false,"template":"","format":"standard","meta":{"footnotes":""},"categories":[1],"tags":[],"position":[],"class_list":["post-495","post","type-post","status-publish","format-standard","hentry","category-uncategorized"],"yoast_head":"<!-- This site is optimized with the Yoast SEO plugin v26.0 - https:\/\/yoast.com\/wordpress\/plugins\/seo\/ -->\n<title>Wallenberg, eroe di fronte al male - Pagine Ebraiche<\/title>\n<meta name=\"robots\" content=\"index, follow, max-snippet:-1, max-image-preview:large, max-video-preview:-1\" \/>\n<link rel=\"canonical\" href=\"https:\/\/moked.it\/paginebraiche\/2012\/09\/25\/wallenberg-eroe-di-fronte-al-male\/\" \/>\n<meta property=\"og:locale\" content=\"it_IT\" \/>\n<meta property=\"og:type\" content=\"article\" \/>\n<meta property=\"og:title\" content=\"Wallenberg, eroe di fronte al male - Pagine Ebraiche\" \/>\n<meta property=\"og:description\" content=\"Chi era veramente Raoul Wallenberg? Un nutrito gruppo di partecipanti ha affollato a Roma la sala della sede della Comunit\u00e0 di Sant&#8217;Egidio per cercare assieme una risposta. Un eroe borghese, un Giusto tra le nazioni, lo svedese che ha salvato centomila ebrei ungheresi, non per piet\u00e0 ma per giustizia. E a celebrare la sua memoria,&hellip; leggi&nbsp;\" \/>\n<meta property=\"og:url\" content=\"https:\/\/moked.it\/paginebraiche\/2012\/09\/25\/wallenberg-eroe-di-fronte-al-male\/\" \/>\n<meta property=\"og:site_name\" content=\"Pagine Ebraiche\" \/>\n<meta property=\"article:published_time\" content=\"2012-09-25T09:58:31+00:00\" \/>\n<meta property=\"og:image\" content=\"http:\/\/moked.it\/paginebraiche\/files\/2012\/09\/wallenberg.jpg\" \/>\n<meta name=\"author\" content=\"admin\" \/>\n<meta name=\"twitter:card\" content=\"summary_large_image\" \/>\n<meta name=\"twitter:label1\" content=\"Scritto da\" \/>\n\t<meta name=\"twitter:data1\" content=\"admin\" \/>\n\t<meta name=\"twitter:label2\" content=\"Tempo di lettura stimato\" \/>\n\t<meta name=\"twitter:data2\" content=\"3 minuti\" \/>\n<script type=\"application\/ld+json\" class=\"yoast-schema-graph\">{\"@context\":\"https:\/\/schema.org\",\"@graph\":[{\"@type\":\"WebPage\",\"@id\":\"https:\/\/moked.it\/paginebraiche\/2012\/09\/25\/wallenberg-eroe-di-fronte-al-male\/\",\"url\":\"https:\/\/moked.it\/paginebraiche\/2012\/09\/25\/wallenberg-eroe-di-fronte-al-male\/\",\"name\":\"Wallenberg, eroe di fronte al male - Pagine Ebraiche\",\"isPartOf\":{\"@id\":\"https:\/\/moked.it\/paginebraiche\/#website\"},\"primaryImageOfPage\":{\"@id\":\"https:\/\/moked.it\/paginebraiche\/2012\/09\/25\/wallenberg-eroe-di-fronte-al-male\/#primaryimage\"},\"image\":{\"@id\":\"https:\/\/moked.it\/paginebraiche\/2012\/09\/25\/wallenberg-eroe-di-fronte-al-male\/#primaryimage\"},\"thumbnailUrl\":\"http:\/\/moked.it\/paginebraiche\/files\/2012\/09\/wallenberg.jpg\",\"datePublished\":\"2012-09-25T09:58:31+00:00\",\"author\":{\"@id\":\"https:\/\/moked.it\/paginebraiche\/#\/schema\/person\/723f5746de4ea0e08fab5790d734e554\"},\"breadcrumb\":{\"@id\":\"https:\/\/moked.it\/paginebraiche\/2012\/09\/25\/wallenberg-eroe-di-fronte-al-male\/#breadcrumb\"},\"inLanguage\":\"it-IT\",\"potentialAction\":[{\"@type\":\"ReadAction\",\"target\":[\"https:\/\/moked.it\/paginebraiche\/2012\/09\/25\/wallenberg-eroe-di-fronte-al-male\/\"]}]},{\"@type\":\"ImageObject\",\"inLanguage\":\"it-IT\",\"@id\":\"https:\/\/moked.it\/paginebraiche\/2012\/09\/25\/wallenberg-eroe-di-fronte-al-male\/#primaryimage\",\"url\":\"https:\/\/moked.it\/paginebraiche\/files\/2012\/09\/wallenberg.jpg\",\"contentUrl\":\"https:\/\/moked.it\/paginebraiche\/files\/2012\/09\/wallenberg.jpg\",\"width\":\"1024\",\"height\":\"768\"},{\"@type\":\"BreadcrumbList\",\"@id\":\"https:\/\/moked.it\/paginebraiche\/2012\/09\/25\/wallenberg-eroe-di-fronte-al-male\/#breadcrumb\",\"itemListElement\":[{\"@type\":\"ListItem\",\"position\":1,\"name\":\"Home\",\"item\":\"https:\/\/moked.it\/paginebraiche\/\"},{\"@type\":\"ListItem\",\"position\":2,\"name\":\"Wallenberg, eroe di fronte al male\"}]},{\"@type\":\"WebSite\",\"@id\":\"https:\/\/moked.it\/paginebraiche\/#website\",\"url\":\"https:\/\/moked.it\/paginebraiche\/\",\"name\":\"Pagine Ebraiche\",\"description\":\"Il giornale dell&#039;ebraismo italiano\",\"potentialAction\":[{\"@type\":\"SearchAction\",\"target\":{\"@type\":\"EntryPoint\",\"urlTemplate\":\"https:\/\/moked.it\/paginebraiche\/?s={search_term_string}\"},\"query-input\":{\"@type\":\"PropertyValueSpecification\",\"valueRequired\":true,\"valueName\":\"search_term_string\"}}],\"inLanguage\":\"it-IT\"},{\"@type\":\"Person\",\"@id\":\"https:\/\/moked.it\/paginebraiche\/#\/schema\/person\/723f5746de4ea0e08fab5790d734e554\",\"name\":\"admin\",\"image\":{\"@type\":\"ImageObject\",\"inLanguage\":\"it-IT\",\"@id\":\"https:\/\/moked.it\/paginebraiche\/#\/schema\/person\/image\/\",\"url\":\"https:\/\/secure.gravatar.com\/avatar\/cadb6747455b21c18b2cfb9aad35ab377cb4ba61ea46f6fba9fb91fd33059fde?s=96&d=mm&r=g\",\"contentUrl\":\"https:\/\/secure.gravatar.com\/avatar\/cadb6747455b21c18b2cfb9aad35ab377cb4ba61ea46f6fba9fb91fd33059fde?s=96&d=mm&r=g\",\"caption\":\"admin\"},\"url\":\"https:\/\/moked.it\/paginebraiche\/author\/admin\/\"}]}<\/script>\n<!-- \/ Yoast SEO plugin. -->","yoast_head_json":{"title":"Wallenberg, eroe di fronte al male - Pagine Ebraiche","robots":{"index":"index","follow":"follow","max-snippet":"max-snippet:-1","max-image-preview":"max-image-preview:large","max-video-preview":"max-video-preview:-1"},"canonical":"https:\/\/moked.it\/paginebraiche\/2012\/09\/25\/wallenberg-eroe-di-fronte-al-male\/","og_locale":"it_IT","og_type":"article","og_title":"Wallenberg, eroe di fronte al male - Pagine Ebraiche","og_description":"Chi era veramente Raoul Wallenberg? Un nutrito gruppo di partecipanti ha affollato a Roma la sala della sede della Comunit\u00e0 di Sant&#8217;Egidio per cercare assieme una risposta. Un eroe borghese, un Giusto tra le nazioni, lo svedese che ha salvato centomila ebrei ungheresi, non per piet\u00e0 ma per giustizia. E a celebrare la sua memoria,&hellip; leggi&nbsp;","og_url":"https:\/\/moked.it\/paginebraiche\/2012\/09\/25\/wallenberg-eroe-di-fronte-al-male\/","og_site_name":"Pagine Ebraiche","article_published_time":"2012-09-25T09:58:31+00:00","og_image":[{"url":"http:\/\/moked.it\/paginebraiche\/files\/2012\/09\/wallenberg.jpg","type":"","width":"","height":""}],"author":"admin","twitter_card":"summary_large_image","twitter_misc":{"Scritto da":"admin","Tempo di lettura stimato":"3 minuti"},"schema":{"@context":"https:\/\/schema.org","@graph":[{"@type":"WebPage","@id":"https:\/\/moked.it\/paginebraiche\/2012\/09\/25\/wallenberg-eroe-di-fronte-al-male\/","url":"https:\/\/moked.it\/paginebraiche\/2012\/09\/25\/wallenberg-eroe-di-fronte-al-male\/","name":"Wallenberg, eroe di fronte al male - Pagine Ebraiche","isPartOf":{"@id":"https:\/\/moked.it\/paginebraiche\/#website"},"primaryImageOfPage":{"@id":"https:\/\/moked.it\/paginebraiche\/2012\/09\/25\/wallenberg-eroe-di-fronte-al-male\/#primaryimage"},"image":{"@id":"https:\/\/moked.it\/paginebraiche\/2012\/09\/25\/wallenberg-eroe-di-fronte-al-male\/#primaryimage"},"thumbnailUrl":"http:\/\/moked.it\/paginebraiche\/files\/2012\/09\/wallenberg.jpg","datePublished":"2012-09-25T09:58:31+00:00","author":{"@id":"https:\/\/moked.it\/paginebraiche\/#\/schema\/person\/723f5746de4ea0e08fab5790d734e554"},"breadcrumb":{"@id":"https:\/\/moked.it\/paginebraiche\/2012\/09\/25\/wallenberg-eroe-di-fronte-al-male\/#breadcrumb"},"inLanguage":"it-IT","potentialAction":[{"@type":"ReadAction","target":["https:\/\/moked.it\/paginebraiche\/2012\/09\/25\/wallenberg-eroe-di-fronte-al-male\/"]}]},{"@type":"ImageObject","inLanguage":"it-IT","@id":"https:\/\/moked.it\/paginebraiche\/2012\/09\/25\/wallenberg-eroe-di-fronte-al-male\/#primaryimage","url":"https:\/\/moked.it\/paginebraiche\/files\/2012\/09\/wallenberg.jpg","contentUrl":"https:\/\/moked.it\/paginebraiche\/files\/2012\/09\/wallenberg.jpg","width":"1024","height":"768"},{"@type":"BreadcrumbList","@id":"https:\/\/moked.it\/paginebraiche\/2012\/09\/25\/wallenberg-eroe-di-fronte-al-male\/#breadcrumb","itemListElement":[{"@type":"ListItem","position":1,"name":"Home","item":"https:\/\/moked.it\/paginebraiche\/"},{"@type":"ListItem","position":2,"name":"Wallenberg, eroe di fronte al male"}]},{"@type":"WebSite","@id":"https:\/\/moked.it\/paginebraiche\/#website","url":"https:\/\/moked.it\/paginebraiche\/","name":"Pagine Ebraiche","description":"Il giornale dell&#039;ebraismo italiano","potentialAction":[{"@type":"SearchAction","target":{"@type":"EntryPoint","urlTemplate":"https:\/\/moked.it\/paginebraiche\/?s={search_term_string}"},"query-input":{"@type":"PropertyValueSpecification","valueRequired":true,"valueName":"search_term_string"}}],"inLanguage":"it-IT"},{"@type":"Person","@id":"https:\/\/moked.it\/paginebraiche\/#\/schema\/person\/723f5746de4ea0e08fab5790d734e554","name":"admin","image":{"@type":"ImageObject","inLanguage":"it-IT","@id":"https:\/\/moked.it\/paginebraiche\/#\/schema\/person\/image\/","url":"https:\/\/secure.gravatar.com\/avatar\/cadb6747455b21c18b2cfb9aad35ab377cb4ba61ea46f6fba9fb91fd33059fde?s=96&d=mm&r=g","contentUrl":"https:\/\/secure.gravatar.com\/avatar\/cadb6747455b21c18b2cfb9aad35ab377cb4ba61ea46f6fba9fb91fd33059fde?s=96&d=mm&r=g","caption":"admin"},"url":"https:\/\/moked.it\/paginebraiche\/author\/admin\/"}]}},"_links":{"self":[{"href":"https:\/\/moked.it\/paginebraiche\/wp-json\/wp\/v2\/posts\/495","targetHints":{"allow":["GET"]}}],"collection":[{"href":"https:\/\/moked.it\/paginebraiche\/wp-json\/wp\/v2\/posts"}],"about":[{"href":"https:\/\/moked.it\/paginebraiche\/wp-json\/wp\/v2\/types\/post"}],"author":[{"embeddable":true,"href":"https:\/\/moked.it\/paginebraiche\/wp-json\/wp\/v2\/users\/1"}],"replies":[{"embeddable":true,"href":"https:\/\/moked.it\/paginebraiche\/wp-json\/wp\/v2\/comments?post=495"}],"version-history":[{"count":1,"href":"https:\/\/moked.it\/paginebraiche\/wp-json\/wp\/v2\/posts\/495\/revisions"}],"predecessor-version":[{"id":497,"href":"https:\/\/moked.it\/paginebraiche\/wp-json\/wp\/v2\/posts\/495\/revisions\/497"}],"wp:attachment":[{"href":"https:\/\/moked.it\/paginebraiche\/wp-json\/wp\/v2\/media?parent=495"}],"wp:term":[{"taxonomy":"category","embeddable":true,"href":"https:\/\/moked.it\/paginebraiche\/wp-json\/wp\/v2\/categories?post=495"},{"taxonomy":"post_tag","embeddable":true,"href":"https:\/\/moked.it\/paginebraiche\/wp-json\/wp\/v2\/tags?post=495"},{"taxonomy":"position","embeddable":true,"href":"https:\/\/moked.it\/paginebraiche\/wp-json\/wp\/v2\/position?post=495"}],"curies":[{"name":"wp","href":"https:\/\/api.w.org\/{rel}","templated":true}]}}