{"id":506,"date":"2012-10-25T08:26:04","date_gmt":"2012-10-25T13:26:04","guid":{"rendered":"http:\/\/moked.it\/paginebraiche\/?p=506"},"modified":"2012-10-25T08:26:04","modified_gmt":"2012-10-25T13:26:04","slug":"sulle-tracce-del-gusto-kosher","status":"publish","type":"post","link":"https:\/\/moked.it\/paginebraiche\/2012\/10\/25\/sulle-tracce-del-gusto-kosher\/","title":{"rendered":"Sulle tracce del gusto kosher"},"content":{"rendered":"<p><a href=\"http:\/\/moked.it\/paginebraiche\/files\/2012\/10\/israele-sial-parigi.jpg\"><img loading=\"lazy\" decoding=\"async\" src=\"http:\/\/moked.it\/paginebraiche\/files\/2012\/10\/israele-sial-parigi.jpg\" alt=\"\" title=\"israele sial parigi\" width=\"1024\" height=\"683\" class=\"alignright size-full wp-image-507\" srcset=\"https:\/\/moked.it\/paginebraiche\/files\/2012\/10\/israele-sial-parigi.jpg 1024w, https:\/\/moked.it\/paginebraiche\/files\/2012\/10\/israele-sial-parigi-300x200.jpg 300w\" sizes=\"auto, (max-width: 1024px) 100vw, 1024px\" \/><\/a>Chiude i battenti oggi a Parigi il Salon International de l&#8217;Agroalimentaire, una delle pi\u00f9 importanti rassegne dedicate al settore agroalimentare, con 5900 espositori da pi\u00f9 di cento paesi e 140 mila visitatori provenienti di 200 nazionalit\u00e0.<br \/>\nLa manifestazione funge ovviamente anche da fucina e cassa di risonanza delle ultime tendenze in fatto di gusto e alimentazione e ha proposto in questa edizione, per la seconda volta nella sua storia, una serie di percorsi tematici. Cos\u00ec non stupisce il fatto che, accanto ai prodotti biologici, al commercio equo e solidale, al cibo take-away, ai visitatori sia stata offerta una ricca incursione nel mondo del kosher con decine e decine di espositori scrupolosamente elencati nell\u2019opuscolo dedicato: \u201cOltre alla domanda originata dalle comunit\u00e0 ebraiche, la tracciabilit\u00e0 della provenienza del cibo garantita dai controlli delle autorit\u00e0 certificatrici riassicurano anche il resto dei consumatori: il mercato cresce ogni anno del 10 per cento\u201d, la spiegazione fornita per il grande interesse del Sial nei confronti del cibo preparato secondo i dettami della legge ebraica. Grande interesse da parte dei visitatori anche per lo stand dello stato d\u2019Israele nel padiglione dedicato alle esposizioni nazionali. Il testimone passa adesso al Salone del Gusto di Torino inaugurato ieri sera, un appuntamento imperdibile per gli appassionati di enogastronomia nel segno della qualit\u00e0 e della sostenibilit\u00e0.<br \/>\n\u201cTorino, a tutti gli effetti, \u00e8 una delle capitali mondiali delle politiche che riguardano il futuro del cibo\u201d ha ricordato il presidente di Slow Food Italia Roberto Burdese. Un\u2019affermazione ulteriormente rafforzata dalla fusione tra Salone del gusto e Terra Madre, l\u2019organizzazione che \u201criunisce tutti coloro che fanno parte della filiera alimentare e vogliono difendere l&#8217;agricoltura, la pesca e l&#8217;allevamento sostenibili, per preservare il gusto e la biodiversit\u00e0 del cibo\u201d, come si legge nella sua presentazione.<br \/>\nE in effetti la ricchissima offerta di eventi, conferenze e momenti di degustazione del Salone torinese si declina secondo un unico comun denominatore: quello di coniugare la straordinaria tradizione culinaria italiana, nella sua diversit\u00e0 regionale, con il concetto di solidariet\u00e0, e sviluppo sostenibile a livello globale. Tra le tante iniziative paradigmatiche, le bancarelle dei \u201cMercati della Terra\u201d, che offrono prodotti da tutto il mondo, tra cui spicca il Farmer\u2019s Market di Tel Aviv, che inaugurato nel 2008, ogni settimana offre i migliori prodotti locali, dall\u2019olio al formaggio, dall\u2019humus, agli ortaggi. Il tutto secondo la filosofia che Salone del Gusto e Terra Madre promuovono: acquistare prodotti unici, ma soprattutto \u201cascoltare il racconto di chi ha coltivato, allevato o trasformato il cibo, di chi \u00e8 impegnato a promuovere metodi di produzione rispettosi dell\u2019ambiente, attenti alle risorse naturali, alla conservazione della biodiversit\u00e0, alla giustizia sociale\u201d.<\/p>\n<p>Rossella Tercatin twitter @rtercatinmoked<\/p>\n","protected":false},"excerpt":{"rendered":"<p>Chiude i battenti oggi a Parigi il Salon International de l&#8217;Agroalimentaire, una delle pi\u00f9 importanti rassegne dedicate al settore agroalimentare, con 5900 espositori da pi\u00f9 di cento paesi e 140 mila visitatori provenienti di 200 nazionalit\u00e0. La manifestazione funge ovviamente anche da fucina e cassa di risonanza delle ultime tendenze in fatto di gusto e&hellip; <a class=\"more\" rel=\"bookmark\" href=\"https:\/\/moked.it\/paginebraiche\/2012\/10\/25\/sulle-tracce-del-gusto-kosher\/\">leggi&nbsp;<i class=\"fa fa-chevron-circle-right\"><\/i><\/a><\/p>\n","protected":false},"author":1,"featured_media":0,"menu_order":0,"comment_status":"closed","ping_status":"open","sticky":false,"template":"","format":"standard","meta":{"footnotes":""},"categories":[1],"tags":[],"position":[],"class_list":["post-506","post","type-post","status-publish","format-standard","hentry","category-uncategorized"],"yoast_head":"<!-- This site is optimized with the Yoast SEO plugin v26.0 - https:\/\/yoast.com\/wordpress\/plugins\/seo\/ -->\n<title>Sulle tracce del gusto kosher - Pagine Ebraiche<\/title>\n<meta name=\"robots\" content=\"index, follow, max-snippet:-1, max-image-preview:large, max-video-preview:-1\" \/>\n<link rel=\"canonical\" href=\"https:\/\/moked.it\/paginebraiche\/2012\/10\/25\/sulle-tracce-del-gusto-kosher\/\" \/>\n<meta property=\"og:locale\" content=\"it_IT\" \/>\n<meta property=\"og:type\" content=\"article\" \/>\n<meta property=\"og:title\" content=\"Sulle tracce del gusto kosher - Pagine Ebraiche\" \/>\n<meta property=\"og:description\" content=\"Chiude i battenti oggi a Parigi il Salon International de l&#8217;Agroalimentaire, una delle pi\u00f9 importanti rassegne dedicate al settore agroalimentare, con 5900 espositori da pi\u00f9 di cento paesi e 140 mila visitatori provenienti di 200 nazionalit\u00e0. La manifestazione funge ovviamente anche da fucina e cassa di risonanza delle ultime tendenze in fatto di gusto e&hellip; leggi&nbsp;\" \/>\n<meta property=\"og:url\" content=\"https:\/\/moked.it\/paginebraiche\/2012\/10\/25\/sulle-tracce-del-gusto-kosher\/\" \/>\n<meta property=\"og:site_name\" content=\"Pagine Ebraiche\" \/>\n<meta property=\"article:published_time\" content=\"2012-10-25T13:26:04+00:00\" \/>\n<meta property=\"og:image\" content=\"http:\/\/moked.it\/paginebraiche\/files\/2012\/10\/israele-sial-parigi.jpg\" \/>\n<meta name=\"author\" content=\"admin\" \/>\n<meta name=\"twitter:card\" content=\"summary_large_image\" \/>\n<meta name=\"twitter:label1\" content=\"Scritto da\" \/>\n\t<meta name=\"twitter:data1\" content=\"admin\" \/>\n\t<meta name=\"twitter:label2\" content=\"Tempo di lettura stimato\" \/>\n\t<meta name=\"twitter:data2\" content=\"2 minuti\" \/>\n<script type=\"application\/ld+json\" class=\"yoast-schema-graph\">{\"@context\":\"https:\/\/schema.org\",\"@graph\":[{\"@type\":\"WebPage\",\"@id\":\"https:\/\/moked.it\/paginebraiche\/2012\/10\/25\/sulle-tracce-del-gusto-kosher\/\",\"url\":\"https:\/\/moked.it\/paginebraiche\/2012\/10\/25\/sulle-tracce-del-gusto-kosher\/\",\"name\":\"Sulle tracce del gusto kosher - Pagine Ebraiche\",\"isPartOf\":{\"@id\":\"https:\/\/moked.it\/paginebraiche\/#website\"},\"primaryImageOfPage\":{\"@id\":\"https:\/\/moked.it\/paginebraiche\/2012\/10\/25\/sulle-tracce-del-gusto-kosher\/#primaryimage\"},\"image\":{\"@id\":\"https:\/\/moked.it\/paginebraiche\/2012\/10\/25\/sulle-tracce-del-gusto-kosher\/#primaryimage\"},\"thumbnailUrl\":\"http:\/\/moked.it\/paginebraiche\/files\/2012\/10\/israele-sial-parigi.jpg\",\"datePublished\":\"2012-10-25T13:26:04+00:00\",\"author\":{\"@id\":\"https:\/\/moked.it\/paginebraiche\/#\/schema\/person\/723f5746de4ea0e08fab5790d734e554\"},\"breadcrumb\":{\"@id\":\"https:\/\/moked.it\/paginebraiche\/2012\/10\/25\/sulle-tracce-del-gusto-kosher\/#breadcrumb\"},\"inLanguage\":\"it-IT\",\"potentialAction\":[{\"@type\":\"ReadAction\",\"target\":[\"https:\/\/moked.it\/paginebraiche\/2012\/10\/25\/sulle-tracce-del-gusto-kosher\/\"]}]},{\"@type\":\"ImageObject\",\"inLanguage\":\"it-IT\",\"@id\":\"https:\/\/moked.it\/paginebraiche\/2012\/10\/25\/sulle-tracce-del-gusto-kosher\/#primaryimage\",\"url\":\"https:\/\/moked.it\/paginebraiche\/files\/2012\/10\/israele-sial-parigi.jpg\",\"contentUrl\":\"https:\/\/moked.it\/paginebraiche\/files\/2012\/10\/israele-sial-parigi.jpg\",\"width\":\"1024\",\"height\":\"683\"},{\"@type\":\"BreadcrumbList\",\"@id\":\"https:\/\/moked.it\/paginebraiche\/2012\/10\/25\/sulle-tracce-del-gusto-kosher\/#breadcrumb\",\"itemListElement\":[{\"@type\":\"ListItem\",\"position\":1,\"name\":\"Home\",\"item\":\"https:\/\/moked.it\/paginebraiche\/\"},{\"@type\":\"ListItem\",\"position\":2,\"name\":\"Sulle tracce del gusto kosher\"}]},{\"@type\":\"WebSite\",\"@id\":\"https:\/\/moked.it\/paginebraiche\/#website\",\"url\":\"https:\/\/moked.it\/paginebraiche\/\",\"name\":\"Pagine Ebraiche\",\"description\":\"Il giornale dell&#039;ebraismo italiano\",\"potentialAction\":[{\"@type\":\"SearchAction\",\"target\":{\"@type\":\"EntryPoint\",\"urlTemplate\":\"https:\/\/moked.it\/paginebraiche\/?s={search_term_string}\"},\"query-input\":{\"@type\":\"PropertyValueSpecification\",\"valueRequired\":true,\"valueName\":\"search_term_string\"}}],\"inLanguage\":\"it-IT\"},{\"@type\":\"Person\",\"@id\":\"https:\/\/moked.it\/paginebraiche\/#\/schema\/person\/723f5746de4ea0e08fab5790d734e554\",\"name\":\"admin\",\"image\":{\"@type\":\"ImageObject\",\"inLanguage\":\"it-IT\",\"@id\":\"https:\/\/moked.it\/paginebraiche\/#\/schema\/person\/image\/\",\"url\":\"https:\/\/secure.gravatar.com\/avatar\/cadb6747455b21c18b2cfb9aad35ab377cb4ba61ea46f6fba9fb91fd33059fde?s=96&d=mm&r=g\",\"contentUrl\":\"https:\/\/secure.gravatar.com\/avatar\/cadb6747455b21c18b2cfb9aad35ab377cb4ba61ea46f6fba9fb91fd33059fde?s=96&d=mm&r=g\",\"caption\":\"admin\"},\"url\":\"https:\/\/moked.it\/paginebraiche\/author\/admin\/\"}]}<\/script>\n<!-- \/ Yoast SEO plugin. -->","yoast_head_json":{"title":"Sulle tracce del gusto kosher - Pagine Ebraiche","robots":{"index":"index","follow":"follow","max-snippet":"max-snippet:-1","max-image-preview":"max-image-preview:large","max-video-preview":"max-video-preview:-1"},"canonical":"https:\/\/moked.it\/paginebraiche\/2012\/10\/25\/sulle-tracce-del-gusto-kosher\/","og_locale":"it_IT","og_type":"article","og_title":"Sulle tracce del gusto kosher - Pagine Ebraiche","og_description":"Chiude i battenti oggi a Parigi il Salon International de l&#8217;Agroalimentaire, una delle pi\u00f9 importanti rassegne dedicate al settore agroalimentare, con 5900 espositori da pi\u00f9 di cento paesi e 140 mila visitatori provenienti di 200 nazionalit\u00e0. La manifestazione funge ovviamente anche da fucina e cassa di risonanza delle ultime tendenze in fatto di gusto e&hellip; leggi&nbsp;","og_url":"https:\/\/moked.it\/paginebraiche\/2012\/10\/25\/sulle-tracce-del-gusto-kosher\/","og_site_name":"Pagine Ebraiche","article_published_time":"2012-10-25T13:26:04+00:00","og_image":[{"url":"http:\/\/moked.it\/paginebraiche\/files\/2012\/10\/israele-sial-parigi.jpg","type":"","width":"","height":""}],"author":"admin","twitter_card":"summary_large_image","twitter_misc":{"Scritto da":"admin","Tempo di lettura stimato":"2 minuti"},"schema":{"@context":"https:\/\/schema.org","@graph":[{"@type":"WebPage","@id":"https:\/\/moked.it\/paginebraiche\/2012\/10\/25\/sulle-tracce-del-gusto-kosher\/","url":"https:\/\/moked.it\/paginebraiche\/2012\/10\/25\/sulle-tracce-del-gusto-kosher\/","name":"Sulle tracce del gusto kosher - Pagine Ebraiche","isPartOf":{"@id":"https:\/\/moked.it\/paginebraiche\/#website"},"primaryImageOfPage":{"@id":"https:\/\/moked.it\/paginebraiche\/2012\/10\/25\/sulle-tracce-del-gusto-kosher\/#primaryimage"},"image":{"@id":"https:\/\/moked.it\/paginebraiche\/2012\/10\/25\/sulle-tracce-del-gusto-kosher\/#primaryimage"},"thumbnailUrl":"http:\/\/moked.it\/paginebraiche\/files\/2012\/10\/israele-sial-parigi.jpg","datePublished":"2012-10-25T13:26:04+00:00","author":{"@id":"https:\/\/moked.it\/paginebraiche\/#\/schema\/person\/723f5746de4ea0e08fab5790d734e554"},"breadcrumb":{"@id":"https:\/\/moked.it\/paginebraiche\/2012\/10\/25\/sulle-tracce-del-gusto-kosher\/#breadcrumb"},"inLanguage":"it-IT","potentialAction":[{"@type":"ReadAction","target":["https:\/\/moked.it\/paginebraiche\/2012\/10\/25\/sulle-tracce-del-gusto-kosher\/"]}]},{"@type":"ImageObject","inLanguage":"it-IT","@id":"https:\/\/moked.it\/paginebraiche\/2012\/10\/25\/sulle-tracce-del-gusto-kosher\/#primaryimage","url":"https:\/\/moked.it\/paginebraiche\/files\/2012\/10\/israele-sial-parigi.jpg","contentUrl":"https:\/\/moked.it\/paginebraiche\/files\/2012\/10\/israele-sial-parigi.jpg","width":"1024","height":"683"},{"@type":"BreadcrumbList","@id":"https:\/\/moked.it\/paginebraiche\/2012\/10\/25\/sulle-tracce-del-gusto-kosher\/#breadcrumb","itemListElement":[{"@type":"ListItem","position":1,"name":"Home","item":"https:\/\/moked.it\/paginebraiche\/"},{"@type":"ListItem","position":2,"name":"Sulle tracce del gusto kosher"}]},{"@type":"WebSite","@id":"https:\/\/moked.it\/paginebraiche\/#website","url":"https:\/\/moked.it\/paginebraiche\/","name":"Pagine Ebraiche","description":"Il giornale dell&#039;ebraismo italiano","potentialAction":[{"@type":"SearchAction","target":{"@type":"EntryPoint","urlTemplate":"https:\/\/moked.it\/paginebraiche\/?s={search_term_string}"},"query-input":{"@type":"PropertyValueSpecification","valueRequired":true,"valueName":"search_term_string"}}],"inLanguage":"it-IT"},{"@type":"Person","@id":"https:\/\/moked.it\/paginebraiche\/#\/schema\/person\/723f5746de4ea0e08fab5790d734e554","name":"admin","image":{"@type":"ImageObject","inLanguage":"it-IT","@id":"https:\/\/moked.it\/paginebraiche\/#\/schema\/person\/image\/","url":"https:\/\/secure.gravatar.com\/avatar\/cadb6747455b21c18b2cfb9aad35ab377cb4ba61ea46f6fba9fb91fd33059fde?s=96&d=mm&r=g","contentUrl":"https:\/\/secure.gravatar.com\/avatar\/cadb6747455b21c18b2cfb9aad35ab377cb4ba61ea46f6fba9fb91fd33059fde?s=96&d=mm&r=g","caption":"admin"},"url":"https:\/\/moked.it\/paginebraiche\/author\/admin\/"}]}},"_links":{"self":[{"href":"https:\/\/moked.it\/paginebraiche\/wp-json\/wp\/v2\/posts\/506","targetHints":{"allow":["GET"]}}],"collection":[{"href":"https:\/\/moked.it\/paginebraiche\/wp-json\/wp\/v2\/posts"}],"about":[{"href":"https:\/\/moked.it\/paginebraiche\/wp-json\/wp\/v2\/types\/post"}],"author":[{"embeddable":true,"href":"https:\/\/moked.it\/paginebraiche\/wp-json\/wp\/v2\/users\/1"}],"replies":[{"embeddable":true,"href":"https:\/\/moked.it\/paginebraiche\/wp-json\/wp\/v2\/comments?post=506"}],"version-history":[{"count":1,"href":"https:\/\/moked.it\/paginebraiche\/wp-json\/wp\/v2\/posts\/506\/revisions"}],"predecessor-version":[{"id":508,"href":"https:\/\/moked.it\/paginebraiche\/wp-json\/wp\/v2\/posts\/506\/revisions\/508"}],"wp:attachment":[{"href":"https:\/\/moked.it\/paginebraiche\/wp-json\/wp\/v2\/media?parent=506"}],"wp:term":[{"taxonomy":"category","embeddable":true,"href":"https:\/\/moked.it\/paginebraiche\/wp-json\/wp\/v2\/categories?post=506"},{"taxonomy":"post_tag","embeddable":true,"href":"https:\/\/moked.it\/paginebraiche\/wp-json\/wp\/v2\/tags?post=506"},{"taxonomy":"position","embeddable":true,"href":"https:\/\/moked.it\/paginebraiche\/wp-json\/wp\/v2\/position?post=506"}],"curies":[{"name":"wp","href":"https:\/\/api.w.org\/{rel}","templated":true}]}}