{"id":513,"date":"2012-11-08T12:18:22","date_gmt":"2012-11-08T17:18:22","guid":{"rendered":"http:\/\/moked.it\/paginebraiche\/?p=513"},"modified":"2012-11-08T12:18:22","modified_gmt":"2012-11-08T17:18:22","slug":"speranza-e-reciproche-aspettative-la-stampa-ebraica-riaccoglie-obama","status":"publish","type":"post","link":"https:\/\/moked.it\/paginebraiche\/2012\/11\/08\/speranza-e-reciproche-aspettative-la-stampa-ebraica-riaccoglie-obama\/","title":{"rendered":"\u201cSperanza e reciproche aspettative\u201d La stampa ebraica riaccoglie Obama"},"content":{"rendered":"<p><a href=\"http:\/\/moked.it\/paginebraiche\/files\/2012\/11\/obama.jpg\"><img loading=\"lazy\" decoding=\"async\" src=\"http:\/\/moked.it\/paginebraiche\/files\/2012\/11\/obama-1024x708.jpg\" alt=\"\" title=\"Chicago\" width=\"1024\" height=\"708\" class=\"alignright size-large wp-image-514\" srcset=\"https:\/\/moked.it\/paginebraiche\/files\/2012\/11\/obama-1024x708.jpg 1024w, https:\/\/moked.it\/paginebraiche\/files\/2012\/11\/obama-300x207.jpg 300w, https:\/\/moked.it\/paginebraiche\/files\/2012\/11\/obama.jpg 1200w\" sizes=\"auto, (max-width: 1024px) 100vw, 1024px\" \/><\/a>\u201cSappiamo tutti che questa vittoria non \u00e8 come quella di quattro anni fa e che Obama non ha potuto soddisfare tutte le aspettative, alcune obiettivamente impossibili, che l\u2019elettorato americano riponeva nel suo mandato. Lo conosciamo meglio adesso. Sappiamo i suoi difetti e i suoi punti deboli. Auspicabilmente li conosce anche lui\u201d. Si intitola Great expectations ed \u00e8 un appello ai grandi obiettivi condivisi (e da condividere) l\u2019editoriale con cui Forward, giornale ebraico pi\u00f9 influente d\u2019America, accoglie la conferma di Barack Obama alla Casa Bianca. Dalla crisi economica al sociale, dal riconoscimento dei diritti civili alla politica estera, l\u2019intervento \u2013 pubblicato senza firma sulla home del sito \u2013 \u00e8 un doppio richiamo alla responsabilit\u00e0: abbiamo il diritto di aspettarci di pi\u00f9 da questo secondo quadriennio, si afferma, \u201cma allo stesso tempo il presidente ha il diritto di aspettarsi qualcosa di pi\u00f9 da noi, i cittadini che governa\u201d. \u201cObama finds the Promised Land Again\u201d, titola invece Tablet, altro magazine ricco di informazioni sulla particolare declinazione del voto ebraico. Un voto come noto in larga parte democratico ma che in questa circostanza sembrerebbe aver registrato una piccola ma significativa \u2018migrazione\u2019 repubblicana. Lo confermerebbe un sondaggio appena divulgato dalla CNN: il dato di cui si parla \u00e8 il 31 per cento. Per Nathan Guttman, ancora su Forward, \u201cresta comunque una vittoria ebraica\u201d. L\u2019uomo d\u2019affari George Soros, tra i massimi finanziatori della campagna democratica, si dice intanto convinto che con la conferma di Obama sar\u00e0 possibile rafforzare un\u2019azione politica sensibile e pi\u00f9 attenta al sociale. \u201cSono contento che abbia vinto \u2013 afferma \u2013 con la sua rielezione l\u2019elettorato americano ha rigettato alcune posizioni estremiste della controparte\u201d.<br \/>\nDelusione palpabile nella galassia dei movimenti ebraici di appoggio al candidato repubblicano. Soprattutto sui social network, con interventi caratterizzati da grande amarezza e sfiducia. \u201cPer Israele saranno tempi molto duri\u201d, scrive un blogger alludendo alle presunte ambiguit\u00e0 di Obama sulla politica mediorientale. Ma c\u2019\u00e8 anche chi come Reuven Boruch, admin della pagina Facebook di Jews for Romney, invita a voltare pagina e a rimboccarsi le maniche nel nome del bene comune e dello spirito di unit\u00e0. \u201cCome on guys, it\u2019s time to move on\u201d, il suo post. Delusioni dall\u2019urna anche per rav Shmuley Boteach, rabbino ortodosso protagonista del dibattito etico e religioso nazionale. In corsa con i repubblicani per un seggio nello Stato del New Jersey, \u00e8 stato sconfitto dal democratico Bill Pascrell. Molto interessante infine, per restare negli ambienti conservatori, la ferma denuncia di Commentary, testata fondata nel 1945 dall\u2019American Jewish Committee. \u201cSottovalutare l\u2019appeal di cui continua a godere Obama \u2013 si legge sul web \u2013 \u00e8 stato un errore gravissimo\u201d.<br \/>\nDa Israele, dove non sono mancati appuntamenti di piazza per seguire le dinamiche del voto, arrivano le congrutalazioni del primo ministro Benjamin Netanyahu. \u201cIl patto strategico fra Israele e Stati Uniti \u2013 ha commentato \u2013 \u00e8 pi\u00f9 forte che mai. Continuer\u00f2 a lavorare con il presidente Obama per garantire gli interessi essenziali per la sicurezza dei cittadini di Israele\u201d. Sulla stessa lunghezza d\u2019onda il ministro della Difesa Ehud Barak, che si \u00e8 detto fiducioso per un futuro di armonia e collaborazione: \u201cCredo \u2013 ha affermato \u2013 che nella tradizione di profonda amicizia e nello sfondo di condivise esperienze accumulate con il presidente Obama saremo in grado di superare tutte le nostre differenze\u201d.<\/p>\n<p>a.s twitter @asmulevichmoked<\/p>\n","protected":false},"excerpt":{"rendered":"<p>\u201cSappiamo tutti che questa vittoria non \u00e8 come quella di quattro anni fa e che Obama non ha potuto soddisfare tutte le aspettative, alcune obiettivamente impossibili, che l\u2019elettorato americano riponeva nel suo mandato. Lo conosciamo meglio adesso. Sappiamo i suoi difetti e i suoi punti deboli. Auspicabilmente li conosce anche lui\u201d. Si intitola Great expectations&hellip; <a class=\"more\" rel=\"bookmark\" href=\"https:\/\/moked.it\/paginebraiche\/2012\/11\/08\/speranza-e-reciproche-aspettative-la-stampa-ebraica-riaccoglie-obama\/\">leggi&nbsp;<i class=\"fa fa-chevron-circle-right\"><\/i><\/a><\/p>\n","protected":false},"author":1,"featured_media":0,"menu_order":0,"comment_status":"closed","ping_status":"open","sticky":false,"template":"","format":"standard","meta":{"footnotes":""},"categories":[1],"tags":[],"position":[],"class_list":["post-513","post","type-post","status-publish","format-standard","hentry","category-uncategorized"],"yoast_head":"<!-- This site is optimized with the Yoast SEO plugin v26.0 - https:\/\/yoast.com\/wordpress\/plugins\/seo\/ -->\n<title>\u201cSperanza e reciproche aspettative\u201d La stampa ebraica riaccoglie Obama - Pagine Ebraiche<\/title>\n<meta name=\"robots\" content=\"index, follow, max-snippet:-1, max-image-preview:large, max-video-preview:-1\" \/>\n<link rel=\"canonical\" href=\"https:\/\/moked.it\/paginebraiche\/2012\/11\/08\/speranza-e-reciproche-aspettative-la-stampa-ebraica-riaccoglie-obama\/\" \/>\n<meta property=\"og:locale\" content=\"it_IT\" \/>\n<meta property=\"og:type\" content=\"article\" \/>\n<meta property=\"og:title\" content=\"\u201cSperanza e reciproche aspettative\u201d La stampa ebraica riaccoglie Obama - Pagine Ebraiche\" \/>\n<meta property=\"og:description\" content=\"\u201cSappiamo tutti che questa vittoria non \u00e8 come quella di quattro anni fa e che Obama non ha potuto soddisfare tutte le aspettative, alcune obiettivamente impossibili, che l\u2019elettorato americano riponeva nel suo mandato. Lo conosciamo meglio adesso. Sappiamo i suoi difetti e i suoi punti deboli. Auspicabilmente li conosce anche lui\u201d. Si intitola Great expectations&hellip; leggi&nbsp;\" \/>\n<meta property=\"og:url\" content=\"https:\/\/moked.it\/paginebraiche\/2012\/11\/08\/speranza-e-reciproche-aspettative-la-stampa-ebraica-riaccoglie-obama\/\" \/>\n<meta property=\"og:site_name\" content=\"Pagine Ebraiche\" \/>\n<meta property=\"article:published_time\" content=\"2012-11-08T17:18:22+00:00\" \/>\n<meta property=\"og:image\" content=\"http:\/\/moked.it\/paginebraiche\/files\/2012\/11\/obama-1024x708.jpg\" \/>\n<meta name=\"author\" content=\"admin\" \/>\n<meta name=\"twitter:card\" content=\"summary_large_image\" \/>\n<meta name=\"twitter:label1\" content=\"Scritto da\" \/>\n\t<meta name=\"twitter:data1\" content=\"admin\" \/>\n\t<meta name=\"twitter:label2\" content=\"Tempo di lettura stimato\" \/>\n\t<meta name=\"twitter:data2\" content=\"3 minuti\" \/>\n<script type=\"application\/ld+json\" class=\"yoast-schema-graph\">{\"@context\":\"https:\/\/schema.org\",\"@graph\":[{\"@type\":\"WebPage\",\"@id\":\"https:\/\/moked.it\/paginebraiche\/2012\/11\/08\/speranza-e-reciproche-aspettative-la-stampa-ebraica-riaccoglie-obama\/\",\"url\":\"https:\/\/moked.it\/paginebraiche\/2012\/11\/08\/speranza-e-reciproche-aspettative-la-stampa-ebraica-riaccoglie-obama\/\",\"name\":\"\u201cSperanza e reciproche aspettative\u201d La stampa ebraica riaccoglie Obama - Pagine Ebraiche\",\"isPartOf\":{\"@id\":\"https:\/\/moked.it\/paginebraiche\/#website\"},\"primaryImageOfPage\":{\"@id\":\"https:\/\/moked.it\/paginebraiche\/2012\/11\/08\/speranza-e-reciproche-aspettative-la-stampa-ebraica-riaccoglie-obama\/#primaryimage\"},\"image\":{\"@id\":\"https:\/\/moked.it\/paginebraiche\/2012\/11\/08\/speranza-e-reciproche-aspettative-la-stampa-ebraica-riaccoglie-obama\/#primaryimage\"},\"thumbnailUrl\":\"http:\/\/moked.it\/paginebraiche\/files\/2012\/11\/obama-1024x708.jpg\",\"datePublished\":\"2012-11-08T17:18:22+00:00\",\"author\":{\"@id\":\"https:\/\/moked.it\/paginebraiche\/#\/schema\/person\/723f5746de4ea0e08fab5790d734e554\"},\"breadcrumb\":{\"@id\":\"https:\/\/moked.it\/paginebraiche\/2012\/11\/08\/speranza-e-reciproche-aspettative-la-stampa-ebraica-riaccoglie-obama\/#breadcrumb\"},\"inLanguage\":\"it-IT\",\"potentialAction\":[{\"@type\":\"ReadAction\",\"target\":[\"https:\/\/moked.it\/paginebraiche\/2012\/11\/08\/speranza-e-reciproche-aspettative-la-stampa-ebraica-riaccoglie-obama\/\"]}]},{\"@type\":\"ImageObject\",\"inLanguage\":\"it-IT\",\"@id\":\"https:\/\/moked.it\/paginebraiche\/2012\/11\/08\/speranza-e-reciproche-aspettative-la-stampa-ebraica-riaccoglie-obama\/#primaryimage\",\"url\":\"https:\/\/moked.it\/paginebraiche\/files\/2012\/11\/obama.jpg\",\"contentUrl\":\"https:\/\/moked.it\/paginebraiche\/files\/2012\/11\/obama.jpg\",\"width\":\"1200\",\"height\":\"830\"},{\"@type\":\"BreadcrumbList\",\"@id\":\"https:\/\/moked.it\/paginebraiche\/2012\/11\/08\/speranza-e-reciproche-aspettative-la-stampa-ebraica-riaccoglie-obama\/#breadcrumb\",\"itemListElement\":[{\"@type\":\"ListItem\",\"position\":1,\"name\":\"Home\",\"item\":\"https:\/\/moked.it\/paginebraiche\/\"},{\"@type\":\"ListItem\",\"position\":2,\"name\":\"\u201cSperanza e reciproche aspettative\u201d La stampa ebraica riaccoglie Obama\"}]},{\"@type\":\"WebSite\",\"@id\":\"https:\/\/moked.it\/paginebraiche\/#website\",\"url\":\"https:\/\/moked.it\/paginebraiche\/\",\"name\":\"Pagine Ebraiche\",\"description\":\"Il giornale dell&#039;ebraismo italiano\",\"potentialAction\":[{\"@type\":\"SearchAction\",\"target\":{\"@type\":\"EntryPoint\",\"urlTemplate\":\"https:\/\/moked.it\/paginebraiche\/?s={search_term_string}\"},\"query-input\":{\"@type\":\"PropertyValueSpecification\",\"valueRequired\":true,\"valueName\":\"search_term_string\"}}],\"inLanguage\":\"it-IT\"},{\"@type\":\"Person\",\"@id\":\"https:\/\/moked.it\/paginebraiche\/#\/schema\/person\/723f5746de4ea0e08fab5790d734e554\",\"name\":\"admin\",\"image\":{\"@type\":\"ImageObject\",\"inLanguage\":\"it-IT\",\"@id\":\"https:\/\/moked.it\/paginebraiche\/#\/schema\/person\/image\/\",\"url\":\"https:\/\/secure.gravatar.com\/avatar\/cadb6747455b21c18b2cfb9aad35ab377cb4ba61ea46f6fba9fb91fd33059fde?s=96&d=mm&r=g\",\"contentUrl\":\"https:\/\/secure.gravatar.com\/avatar\/cadb6747455b21c18b2cfb9aad35ab377cb4ba61ea46f6fba9fb91fd33059fde?s=96&d=mm&r=g\",\"caption\":\"admin\"},\"url\":\"https:\/\/moked.it\/paginebraiche\/author\/admin\/\"}]}<\/script>\n<!-- \/ Yoast SEO plugin. -->","yoast_head_json":{"title":"\u201cSperanza e reciproche aspettative\u201d La stampa ebraica riaccoglie Obama - Pagine Ebraiche","robots":{"index":"index","follow":"follow","max-snippet":"max-snippet:-1","max-image-preview":"max-image-preview:large","max-video-preview":"max-video-preview:-1"},"canonical":"https:\/\/moked.it\/paginebraiche\/2012\/11\/08\/speranza-e-reciproche-aspettative-la-stampa-ebraica-riaccoglie-obama\/","og_locale":"it_IT","og_type":"article","og_title":"\u201cSperanza e reciproche aspettative\u201d La stampa ebraica riaccoglie Obama - Pagine Ebraiche","og_description":"\u201cSappiamo tutti che questa vittoria non \u00e8 come quella di quattro anni fa e che Obama non ha potuto soddisfare tutte le aspettative, alcune obiettivamente impossibili, che l\u2019elettorato americano riponeva nel suo mandato. Lo conosciamo meglio adesso. Sappiamo i suoi difetti e i suoi punti deboli. Auspicabilmente li conosce anche lui\u201d. Si intitola Great expectations&hellip; leggi&nbsp;","og_url":"https:\/\/moked.it\/paginebraiche\/2012\/11\/08\/speranza-e-reciproche-aspettative-la-stampa-ebraica-riaccoglie-obama\/","og_site_name":"Pagine Ebraiche","article_published_time":"2012-11-08T17:18:22+00:00","og_image":[{"url":"http:\/\/moked.it\/paginebraiche\/files\/2012\/11\/obama-1024x708.jpg","type":"","width":"","height":""}],"author":"admin","twitter_card":"summary_large_image","twitter_misc":{"Scritto da":"admin","Tempo di lettura stimato":"3 minuti"},"schema":{"@context":"https:\/\/schema.org","@graph":[{"@type":"WebPage","@id":"https:\/\/moked.it\/paginebraiche\/2012\/11\/08\/speranza-e-reciproche-aspettative-la-stampa-ebraica-riaccoglie-obama\/","url":"https:\/\/moked.it\/paginebraiche\/2012\/11\/08\/speranza-e-reciproche-aspettative-la-stampa-ebraica-riaccoglie-obama\/","name":"\u201cSperanza e reciproche aspettative\u201d La stampa ebraica riaccoglie Obama - Pagine Ebraiche","isPartOf":{"@id":"https:\/\/moked.it\/paginebraiche\/#website"},"primaryImageOfPage":{"@id":"https:\/\/moked.it\/paginebraiche\/2012\/11\/08\/speranza-e-reciproche-aspettative-la-stampa-ebraica-riaccoglie-obama\/#primaryimage"},"image":{"@id":"https:\/\/moked.it\/paginebraiche\/2012\/11\/08\/speranza-e-reciproche-aspettative-la-stampa-ebraica-riaccoglie-obama\/#primaryimage"},"thumbnailUrl":"http:\/\/moked.it\/paginebraiche\/files\/2012\/11\/obama-1024x708.jpg","datePublished":"2012-11-08T17:18:22+00:00","author":{"@id":"https:\/\/moked.it\/paginebraiche\/#\/schema\/person\/723f5746de4ea0e08fab5790d734e554"},"breadcrumb":{"@id":"https:\/\/moked.it\/paginebraiche\/2012\/11\/08\/speranza-e-reciproche-aspettative-la-stampa-ebraica-riaccoglie-obama\/#breadcrumb"},"inLanguage":"it-IT","potentialAction":[{"@type":"ReadAction","target":["https:\/\/moked.it\/paginebraiche\/2012\/11\/08\/speranza-e-reciproche-aspettative-la-stampa-ebraica-riaccoglie-obama\/"]}]},{"@type":"ImageObject","inLanguage":"it-IT","@id":"https:\/\/moked.it\/paginebraiche\/2012\/11\/08\/speranza-e-reciproche-aspettative-la-stampa-ebraica-riaccoglie-obama\/#primaryimage","url":"https:\/\/moked.it\/paginebraiche\/files\/2012\/11\/obama.jpg","contentUrl":"https:\/\/moked.it\/paginebraiche\/files\/2012\/11\/obama.jpg","width":"1200","height":"830"},{"@type":"BreadcrumbList","@id":"https:\/\/moked.it\/paginebraiche\/2012\/11\/08\/speranza-e-reciproche-aspettative-la-stampa-ebraica-riaccoglie-obama\/#breadcrumb","itemListElement":[{"@type":"ListItem","position":1,"name":"Home","item":"https:\/\/moked.it\/paginebraiche\/"},{"@type":"ListItem","position":2,"name":"\u201cSperanza e reciproche aspettative\u201d La stampa ebraica riaccoglie Obama"}]},{"@type":"WebSite","@id":"https:\/\/moked.it\/paginebraiche\/#website","url":"https:\/\/moked.it\/paginebraiche\/","name":"Pagine Ebraiche","description":"Il giornale dell&#039;ebraismo italiano","potentialAction":[{"@type":"SearchAction","target":{"@type":"EntryPoint","urlTemplate":"https:\/\/moked.it\/paginebraiche\/?s={search_term_string}"},"query-input":{"@type":"PropertyValueSpecification","valueRequired":true,"valueName":"search_term_string"}}],"inLanguage":"it-IT"},{"@type":"Person","@id":"https:\/\/moked.it\/paginebraiche\/#\/schema\/person\/723f5746de4ea0e08fab5790d734e554","name":"admin","image":{"@type":"ImageObject","inLanguage":"it-IT","@id":"https:\/\/moked.it\/paginebraiche\/#\/schema\/person\/image\/","url":"https:\/\/secure.gravatar.com\/avatar\/cadb6747455b21c18b2cfb9aad35ab377cb4ba61ea46f6fba9fb91fd33059fde?s=96&d=mm&r=g","contentUrl":"https:\/\/secure.gravatar.com\/avatar\/cadb6747455b21c18b2cfb9aad35ab377cb4ba61ea46f6fba9fb91fd33059fde?s=96&d=mm&r=g","caption":"admin"},"url":"https:\/\/moked.it\/paginebraiche\/author\/admin\/"}]}},"_links":{"self":[{"href":"https:\/\/moked.it\/paginebraiche\/wp-json\/wp\/v2\/posts\/513","targetHints":{"allow":["GET"]}}],"collection":[{"href":"https:\/\/moked.it\/paginebraiche\/wp-json\/wp\/v2\/posts"}],"about":[{"href":"https:\/\/moked.it\/paginebraiche\/wp-json\/wp\/v2\/types\/post"}],"author":[{"embeddable":true,"href":"https:\/\/moked.it\/paginebraiche\/wp-json\/wp\/v2\/users\/1"}],"replies":[{"embeddable":true,"href":"https:\/\/moked.it\/paginebraiche\/wp-json\/wp\/v2\/comments?post=513"}],"version-history":[{"count":1,"href":"https:\/\/moked.it\/paginebraiche\/wp-json\/wp\/v2\/posts\/513\/revisions"}],"predecessor-version":[{"id":515,"href":"https:\/\/moked.it\/paginebraiche\/wp-json\/wp\/v2\/posts\/513\/revisions\/515"}],"wp:attachment":[{"href":"https:\/\/moked.it\/paginebraiche\/wp-json\/wp\/v2\/media?parent=513"}],"wp:term":[{"taxonomy":"category","embeddable":true,"href":"https:\/\/moked.it\/paginebraiche\/wp-json\/wp\/v2\/categories?post=513"},{"taxonomy":"post_tag","embeddable":true,"href":"https:\/\/moked.it\/paginebraiche\/wp-json\/wp\/v2\/tags?post=513"},{"taxonomy":"position","embeddable":true,"href":"https:\/\/moked.it\/paginebraiche\/wp-json\/wp\/v2\/position?post=513"}],"curies":[{"name":"wp","href":"https:\/\/api.w.org\/{rel}","templated":true}]}}