{"id":525,"date":"2012-11-19T14:46:07","date_gmt":"2012-11-19T19:46:07","guid":{"rendered":"http:\/\/moked.it\/paginebraiche\/?p=525"},"modified":"2012-11-19T14:46:07","modified_gmt":"2012-11-19T19:46:07","slug":"shimon-peres-al-tg1","status":"publish","type":"post","link":"https:\/\/moked.it\/paginebraiche\/2012\/11\/19\/shimon-peres-al-tg1\/","title":{"rendered":"Shimon Peres al TG1"},"content":{"rendered":"<p><a href=\"http:\/\/moked.it\/paginebraiche\/files\/2012\/11\/peres-app.jpg\"><img loading=\"lazy\" decoding=\"async\" src=\"http:\/\/moked.it\/paginebraiche\/files\/2012\/11\/peres-app.jpg\" alt=\"\" title=\"peres app\" width=\"1024\" height=\"740\" class=\"alignright size-full wp-image-526\" srcset=\"https:\/\/moked.it\/paginebraiche\/files\/2012\/11\/peres-app.jpg 1024w, https:\/\/moked.it\/paginebraiche\/files\/2012\/11\/peres-app-300x216.jpg 300w\" sizes=\"auto, (max-width: 1024px) 100vw, 1024px\" \/><\/a>Il presidente israeliano Shimon Peres ha rilasciato un\u2019intervista al corrispondere Rai in Israele Claudio Pagliara andata in onda al TG1 delle 20 di domenica 18 novembre. Questa la trascrizione completa dell\u2019intervista.<\/p>\n<p><strong>Signor Presidente, quali sono le condizioni israeliane per un cessate il fuoco?<\/strong><br \/>\nIsraele non ha iniziato a fare fuoco, quindi non abbiamo nessuna intenzione di mantenere il fuoco. Se il fuoco viene fermato, allora non ci sar\u00e0 alcun fuoco da parte nostra. Israele non ha messo nessuna condizione. Israele dice \u201cVogliamo essere sicuri che i nostri figli possano andare a scuola senza cadere in un\u2019imboscata di razzi, che le nostre mamme possano avere una notte di sonno intera\u201d. Non abbiamo l\u2019intenzione di conquistare Gaza, di restare a Gaza. Non abbiamo nessun altro scopo. La natura del confronto \u00e8 terribile. Sparano contro i nostri civili, i nostri bambini, le nostre donne. Noi stiamo molto attenti a sparare solo contro quelli che sparano ai nostri bambini e madri.<\/p>\n<p><strong>Dall\u2019operazione Piombo fuso il contesto regionale \u00e8 cambiato radicalmente in Medio Oriente. Teme che la guerra di Haza possa estendersi e diventare una guerra regionale?<\/strong><br \/>\nE perch\u00e9? Quello che sta succedendo nel Medio o fondamentalmente non ha nulla a che vedere con Israele. I ribelli in Siria non hanno connessioni con Israele, la battaglia contro Gheddafi non ha niente a che vedere con Israele. Tunisia? Nulla a che vedere con Israele. Egitto? Nulla a che vedere con Israele. C\u2019\u00e8 un risveglio nel mondo arabo. Devono decidere se vogliono entrare nella nuova era della scienza, o no. Ma non \u00e8 legato a Israele. Che cosa si ottiene sparando a Israele? Israele ha vissuto ormai molte guerre, abbiamo 64 anni, abbiamo passato sette guerre, in inferiorit\u00e0 militare e di uomini, e non ne abbiamo persa neanche una. Continueremo a difendere la nostra esistenza. Sappiamo che ci sono forze che vogliono distruggere Israele. Non abbiamo nessuna intenzione di dar loro soddisfazione.<br \/>\n<strong><br \/>\nCome giudica le misure prese dal presidente egiziano Morsi, dai Fratelli musulmani verso Gaza?<\/strong><br \/>\nApprezzo la sua posizione, l\u2019Egitto \u00e8 il pi\u00f9 grande e il pi\u00f9 importante paese arabo. Il presidente Morsi \u00e8 stato eletto correttamente in elezioni libere, rispettiamo i risultati delle elezioni e rispettiamo il suo sforzo di porre fine al fuoco. Non \u00e8 Israele a rifiutare le sue proposte, \u00e8 Hamas a rifiutarle. Vogliono avere un cessate il fuoco nel quale loro abbiamo il diritto di sparare, e noi non abbiamo il diritto di rispondere. Questo non \u00e8 un cessate il fuoco.<\/p>\n<p><strong>C\u2019\u00e8 il timore in Occidente che l\u2019offensiva diventi terrestre con un alto numero di vittime civili a Gaza.<\/strong><br \/>\nNon dipende da Israele, dipende da Gaza. Se Gaza smette, il fuoco si fermer\u00e0, se il fuoco aumenta, continueremo a difendere le nostre vite. Tutti i nostri amici ci dicono \u201cGuardate, non fate questo, non fate quello\u201d. Io chiedo loro \u201cCosa fareste voi? Cosa ci suggerireste di fare? Se aumentano il fuoco, dobbiamo smettere di difenderci?\u201d. Non siamo l\u00ec in cerca di gloria o per autosoddisfazione, facciamo quello che ogni governo farebbe: difendere le vite dei propri cittadini. \u00c8 tutto. E qualunque cosa sia necessaria per la difesa, il governo e l\u2019esercito lo faranno, in modo ordinato, con estrema attenzione a non colpire civili.<\/p>\n<p><strong>Presidente c\u2019\u00e8 una sensazione di d\u00e9j\u00e0 vu in questo conflitto. Quattro anni fa c\u2019\u00e8 stato Piombo fuso, adesso un\u2019altra operazione, questa guerra non si ferma mai. Lo dico a lei, che \u00e8 un Premio Nobel per la pace, si ripete sempre.<\/strong><br \/>\nNon \u00e8 a causa nostra. Abbiamo fatto una lunga strada. Abbiamo fatto pace con l\u2019Egitto. Abbiamo restituito tutta la terra e l\u2019acqua. Abbiamo fatto la pace con la Giordania e restituito tutta la terra e tutta l\u2019acqua. Abbiamo iniziato con i palestinesi, e gli abbiamo detto che siamo pronti ad avere una soluzione di due Stati. Un d\u00e9j\u00e0 vu forse, ma il nostro d\u00e9j\u00e0 vu \u00e8 fare la pace, e il loro d\u00e9j\u00e0 vu \u00e8 cercare di distruggerci. Non \u00e8 lo stesso vu. Continueremo i nostri sforzi per raggiungere la pace, non ci stancheremo. Ma allo stesso tempo, non permetteremo che il nostro popolo sia vittima di pazzi attacchi, del concetto di morte.<\/p>\n","protected":false},"excerpt":{"rendered":"<p>Il presidente israeliano Shimon Peres ha rilasciato un\u2019intervista al corrispondere Rai in Israele Claudio Pagliara andata in onda al TG1 delle 20 di domenica 18 novembre. Questa la trascrizione completa dell\u2019intervista. Signor Presidente, quali sono le condizioni israeliane per un cessate il fuoco? Israele non ha iniziato a fare fuoco, quindi non abbiamo nessuna intenzione&hellip; <a class=\"more\" rel=\"bookmark\" href=\"https:\/\/moked.it\/paginebraiche\/2012\/11\/19\/shimon-peres-al-tg1\/\">leggi&nbsp;<i class=\"fa fa-chevron-circle-right\"><\/i><\/a><\/p>\n","protected":false},"author":1,"featured_media":0,"menu_order":0,"comment_status":"closed","ping_status":"open","sticky":false,"template":"","format":"standard","meta":{"footnotes":""},"categories":[1],"tags":[],"position":[],"class_list":["post-525","post","type-post","status-publish","format-standard","hentry","category-uncategorized"],"yoast_head":"<!-- This site is optimized with the Yoast SEO plugin v26.0 - https:\/\/yoast.com\/wordpress\/plugins\/seo\/ -->\n<title>Shimon Peres al TG1 - Pagine Ebraiche<\/title>\n<meta name=\"robots\" content=\"index, follow, max-snippet:-1, max-image-preview:large, max-video-preview:-1\" \/>\n<link rel=\"canonical\" href=\"https:\/\/moked.it\/paginebraiche\/2012\/11\/19\/shimon-peres-al-tg1\/\" \/>\n<meta property=\"og:locale\" content=\"it_IT\" \/>\n<meta property=\"og:type\" content=\"article\" \/>\n<meta property=\"og:title\" content=\"Shimon Peres al TG1 - Pagine Ebraiche\" \/>\n<meta property=\"og:description\" content=\"Il presidente israeliano Shimon Peres ha rilasciato un\u2019intervista al corrispondere Rai in Israele Claudio Pagliara andata in onda al TG1 delle 20 di domenica 18 novembre. Questa la trascrizione completa dell\u2019intervista. Signor Presidente, quali sono le condizioni israeliane per un cessate il fuoco? Israele non ha iniziato a fare fuoco, quindi non abbiamo nessuna intenzione&hellip; leggi&nbsp;\" \/>\n<meta property=\"og:url\" content=\"https:\/\/moked.it\/paginebraiche\/2012\/11\/19\/shimon-peres-al-tg1\/\" \/>\n<meta property=\"og:site_name\" content=\"Pagine Ebraiche\" \/>\n<meta property=\"article:published_time\" content=\"2012-11-19T19:46:07+00:00\" \/>\n<meta property=\"og:image\" content=\"http:\/\/moked.it\/paginebraiche\/files\/2012\/11\/peres-app.jpg\" \/>\n<meta name=\"author\" content=\"admin\" \/>\n<meta name=\"twitter:card\" content=\"summary_large_image\" \/>\n<meta name=\"twitter:label1\" content=\"Scritto da\" \/>\n\t<meta name=\"twitter:data1\" content=\"admin\" \/>\n\t<meta name=\"twitter:label2\" content=\"Tempo di lettura stimato\" \/>\n\t<meta name=\"twitter:data2\" content=\"3 minuti\" \/>\n<script type=\"application\/ld+json\" class=\"yoast-schema-graph\">{\"@context\":\"https:\/\/schema.org\",\"@graph\":[{\"@type\":\"WebPage\",\"@id\":\"https:\/\/moked.it\/paginebraiche\/2012\/11\/19\/shimon-peres-al-tg1\/\",\"url\":\"https:\/\/moked.it\/paginebraiche\/2012\/11\/19\/shimon-peres-al-tg1\/\",\"name\":\"Shimon Peres al TG1 - Pagine Ebraiche\",\"isPartOf\":{\"@id\":\"https:\/\/moked.it\/paginebraiche\/#website\"},\"primaryImageOfPage\":{\"@id\":\"https:\/\/moked.it\/paginebraiche\/2012\/11\/19\/shimon-peres-al-tg1\/#primaryimage\"},\"image\":{\"@id\":\"https:\/\/moked.it\/paginebraiche\/2012\/11\/19\/shimon-peres-al-tg1\/#primaryimage\"},\"thumbnailUrl\":\"http:\/\/moked.it\/paginebraiche\/files\/2012\/11\/peres-app.jpg\",\"datePublished\":\"2012-11-19T19:46:07+00:00\",\"author\":{\"@id\":\"https:\/\/moked.it\/paginebraiche\/#\/schema\/person\/723f5746de4ea0e08fab5790d734e554\"},\"breadcrumb\":{\"@id\":\"https:\/\/moked.it\/paginebraiche\/2012\/11\/19\/shimon-peres-al-tg1\/#breadcrumb\"},\"inLanguage\":\"it-IT\",\"potentialAction\":[{\"@type\":\"ReadAction\",\"target\":[\"https:\/\/moked.it\/paginebraiche\/2012\/11\/19\/shimon-peres-al-tg1\/\"]}]},{\"@type\":\"ImageObject\",\"inLanguage\":\"it-IT\",\"@id\":\"https:\/\/moked.it\/paginebraiche\/2012\/11\/19\/shimon-peres-al-tg1\/#primaryimage\",\"url\":\"https:\/\/moked.it\/paginebraiche\/files\/2012\/11\/peres-app.jpg\",\"contentUrl\":\"https:\/\/moked.it\/paginebraiche\/files\/2012\/11\/peres-app.jpg\",\"width\":\"1024\",\"height\":\"740\"},{\"@type\":\"BreadcrumbList\",\"@id\":\"https:\/\/moked.it\/paginebraiche\/2012\/11\/19\/shimon-peres-al-tg1\/#breadcrumb\",\"itemListElement\":[{\"@type\":\"ListItem\",\"position\":1,\"name\":\"Home\",\"item\":\"https:\/\/moked.it\/paginebraiche\/\"},{\"@type\":\"ListItem\",\"position\":2,\"name\":\"Shimon Peres al TG1\"}]},{\"@type\":\"WebSite\",\"@id\":\"https:\/\/moked.it\/paginebraiche\/#website\",\"url\":\"https:\/\/moked.it\/paginebraiche\/\",\"name\":\"Pagine Ebraiche\",\"description\":\"Il giornale dell&#039;ebraismo italiano\",\"potentialAction\":[{\"@type\":\"SearchAction\",\"target\":{\"@type\":\"EntryPoint\",\"urlTemplate\":\"https:\/\/moked.it\/paginebraiche\/?s={search_term_string}\"},\"query-input\":{\"@type\":\"PropertyValueSpecification\",\"valueRequired\":true,\"valueName\":\"search_term_string\"}}],\"inLanguage\":\"it-IT\"},{\"@type\":\"Person\",\"@id\":\"https:\/\/moked.it\/paginebraiche\/#\/schema\/person\/723f5746de4ea0e08fab5790d734e554\",\"name\":\"admin\",\"image\":{\"@type\":\"ImageObject\",\"inLanguage\":\"it-IT\",\"@id\":\"https:\/\/moked.it\/paginebraiche\/#\/schema\/person\/image\/\",\"url\":\"https:\/\/secure.gravatar.com\/avatar\/cadb6747455b21c18b2cfb9aad35ab377cb4ba61ea46f6fba9fb91fd33059fde?s=96&d=mm&r=g\",\"contentUrl\":\"https:\/\/secure.gravatar.com\/avatar\/cadb6747455b21c18b2cfb9aad35ab377cb4ba61ea46f6fba9fb91fd33059fde?s=96&d=mm&r=g\",\"caption\":\"admin\"},\"url\":\"https:\/\/moked.it\/paginebraiche\/author\/admin\/\"}]}<\/script>\n<!-- \/ Yoast SEO plugin. -->","yoast_head_json":{"title":"Shimon Peres al TG1 - Pagine Ebraiche","robots":{"index":"index","follow":"follow","max-snippet":"max-snippet:-1","max-image-preview":"max-image-preview:large","max-video-preview":"max-video-preview:-1"},"canonical":"https:\/\/moked.it\/paginebraiche\/2012\/11\/19\/shimon-peres-al-tg1\/","og_locale":"it_IT","og_type":"article","og_title":"Shimon Peres al TG1 - Pagine Ebraiche","og_description":"Il presidente israeliano Shimon Peres ha rilasciato un\u2019intervista al corrispondere Rai in Israele Claudio Pagliara andata in onda al TG1 delle 20 di domenica 18 novembre. Questa la trascrizione completa dell\u2019intervista. Signor Presidente, quali sono le condizioni israeliane per un cessate il fuoco? Israele non ha iniziato a fare fuoco, quindi non abbiamo nessuna intenzione&hellip; leggi&nbsp;","og_url":"https:\/\/moked.it\/paginebraiche\/2012\/11\/19\/shimon-peres-al-tg1\/","og_site_name":"Pagine Ebraiche","article_published_time":"2012-11-19T19:46:07+00:00","og_image":[{"url":"http:\/\/moked.it\/paginebraiche\/files\/2012\/11\/peres-app.jpg","type":"","width":"","height":""}],"author":"admin","twitter_card":"summary_large_image","twitter_misc":{"Scritto da":"admin","Tempo di lettura stimato":"3 minuti"},"schema":{"@context":"https:\/\/schema.org","@graph":[{"@type":"WebPage","@id":"https:\/\/moked.it\/paginebraiche\/2012\/11\/19\/shimon-peres-al-tg1\/","url":"https:\/\/moked.it\/paginebraiche\/2012\/11\/19\/shimon-peres-al-tg1\/","name":"Shimon Peres al TG1 - Pagine Ebraiche","isPartOf":{"@id":"https:\/\/moked.it\/paginebraiche\/#website"},"primaryImageOfPage":{"@id":"https:\/\/moked.it\/paginebraiche\/2012\/11\/19\/shimon-peres-al-tg1\/#primaryimage"},"image":{"@id":"https:\/\/moked.it\/paginebraiche\/2012\/11\/19\/shimon-peres-al-tg1\/#primaryimage"},"thumbnailUrl":"http:\/\/moked.it\/paginebraiche\/files\/2012\/11\/peres-app.jpg","datePublished":"2012-11-19T19:46:07+00:00","author":{"@id":"https:\/\/moked.it\/paginebraiche\/#\/schema\/person\/723f5746de4ea0e08fab5790d734e554"},"breadcrumb":{"@id":"https:\/\/moked.it\/paginebraiche\/2012\/11\/19\/shimon-peres-al-tg1\/#breadcrumb"},"inLanguage":"it-IT","potentialAction":[{"@type":"ReadAction","target":["https:\/\/moked.it\/paginebraiche\/2012\/11\/19\/shimon-peres-al-tg1\/"]}]},{"@type":"ImageObject","inLanguage":"it-IT","@id":"https:\/\/moked.it\/paginebraiche\/2012\/11\/19\/shimon-peres-al-tg1\/#primaryimage","url":"https:\/\/moked.it\/paginebraiche\/files\/2012\/11\/peres-app.jpg","contentUrl":"https:\/\/moked.it\/paginebraiche\/files\/2012\/11\/peres-app.jpg","width":"1024","height":"740"},{"@type":"BreadcrumbList","@id":"https:\/\/moked.it\/paginebraiche\/2012\/11\/19\/shimon-peres-al-tg1\/#breadcrumb","itemListElement":[{"@type":"ListItem","position":1,"name":"Home","item":"https:\/\/moked.it\/paginebraiche\/"},{"@type":"ListItem","position":2,"name":"Shimon Peres al TG1"}]},{"@type":"WebSite","@id":"https:\/\/moked.it\/paginebraiche\/#website","url":"https:\/\/moked.it\/paginebraiche\/","name":"Pagine Ebraiche","description":"Il giornale dell&#039;ebraismo italiano","potentialAction":[{"@type":"SearchAction","target":{"@type":"EntryPoint","urlTemplate":"https:\/\/moked.it\/paginebraiche\/?s={search_term_string}"},"query-input":{"@type":"PropertyValueSpecification","valueRequired":true,"valueName":"search_term_string"}}],"inLanguage":"it-IT"},{"@type":"Person","@id":"https:\/\/moked.it\/paginebraiche\/#\/schema\/person\/723f5746de4ea0e08fab5790d734e554","name":"admin","image":{"@type":"ImageObject","inLanguage":"it-IT","@id":"https:\/\/moked.it\/paginebraiche\/#\/schema\/person\/image\/","url":"https:\/\/secure.gravatar.com\/avatar\/cadb6747455b21c18b2cfb9aad35ab377cb4ba61ea46f6fba9fb91fd33059fde?s=96&d=mm&r=g","contentUrl":"https:\/\/secure.gravatar.com\/avatar\/cadb6747455b21c18b2cfb9aad35ab377cb4ba61ea46f6fba9fb91fd33059fde?s=96&d=mm&r=g","caption":"admin"},"url":"https:\/\/moked.it\/paginebraiche\/author\/admin\/"}]}},"_links":{"self":[{"href":"https:\/\/moked.it\/paginebraiche\/wp-json\/wp\/v2\/posts\/525","targetHints":{"allow":["GET"]}}],"collection":[{"href":"https:\/\/moked.it\/paginebraiche\/wp-json\/wp\/v2\/posts"}],"about":[{"href":"https:\/\/moked.it\/paginebraiche\/wp-json\/wp\/v2\/types\/post"}],"author":[{"embeddable":true,"href":"https:\/\/moked.it\/paginebraiche\/wp-json\/wp\/v2\/users\/1"}],"replies":[{"embeddable":true,"href":"https:\/\/moked.it\/paginebraiche\/wp-json\/wp\/v2\/comments?post=525"}],"version-history":[{"count":1,"href":"https:\/\/moked.it\/paginebraiche\/wp-json\/wp\/v2\/posts\/525\/revisions"}],"predecessor-version":[{"id":527,"href":"https:\/\/moked.it\/paginebraiche\/wp-json\/wp\/v2\/posts\/525\/revisions\/527"}],"wp:attachment":[{"href":"https:\/\/moked.it\/paginebraiche\/wp-json\/wp\/v2\/media?parent=525"}],"wp:term":[{"taxonomy":"category","embeddable":true,"href":"https:\/\/moked.it\/paginebraiche\/wp-json\/wp\/v2\/categories?post=525"},{"taxonomy":"post_tag","embeddable":true,"href":"https:\/\/moked.it\/paginebraiche\/wp-json\/wp\/v2\/tags?post=525"},{"taxonomy":"position","embeddable":true,"href":"https:\/\/moked.it\/paginebraiche\/wp-json\/wp\/v2\/position?post=525"}],"curies":[{"name":"wp","href":"https:\/\/api.w.org\/{rel}","templated":true}]}}