{"id":550,"date":"2012-12-21T05:58:07","date_gmt":"2012-12-21T10:58:07","guid":{"rendered":"http:\/\/moked.it\/paginebraiche\/?p=550"},"modified":"2012-12-21T05:58:07","modified_gmt":"2012-12-21T10:58:07","slug":"rav-ephraim-mirvis-nuovo-rabbino-alla-guida-dellebraismo-britannico","status":"publish","type":"post","link":"https:\/\/moked.it\/paginebraiche\/2012\/12\/21\/rav-ephraim-mirvis-nuovo-rabbino-alla-guida-dellebraismo-britannico\/","title":{"rendered":"Rav Ephraim Mirvis nuovo rabbino alla guida dell\u2019ebraismo britannico"},"content":{"rendered":"<p><a href=\"http:\/\/moked.it\/paginebraiche\/files\/2012\/12\/mirvis.jpg\"><img loading=\"lazy\" decoding=\"async\" src=\"http:\/\/moked.it\/paginebraiche\/files\/2012\/12\/mirvis-1024x794.jpg\" alt=\"\" title=\"mirvis\" width=\"1024\" height=\"794\" class=\"alignright size-large wp-image-551\" srcset=\"https:\/\/moked.it\/paginebraiche\/files\/2012\/12\/mirvis-1024x794.jpg 1024w, https:\/\/moked.it\/paginebraiche\/files\/2012\/12\/mirvis-300x232.jpg 300w, https:\/\/moked.it\/paginebraiche\/files\/2012\/12\/mirvis.jpg 1501w\" sizes=\"auto, (max-width: 1024px) 100vw, 1024px\" \/><\/a>Rav Ephraim Mirvis, rabbino capo della Finchley United Synagogue di Londra, una delle pi\u00f9 importanti della citt\u00e0, \u00e8 stato nominato nuovo rabbino capo di Gran Bretagna (nell\u2019immagine da sinistra John Mendelsohn presidente della Finchley Synagogue rav Ephraim Mirvis, Boris Johnson sindaco di Londra e Steve Pack presidente della United Synagogue). A rav Mirvis, 55 anni, originario del Sud Africa, rabbino capo di Irlanda dal 1985 al 1992, il compito di prendere il posto del rav lord Jonathan Sacks, che ricopre l\u2019incarico dal 1991 e che \u00e8 diventato un\u2019autorit\u00e0 morale non soltanto per gli ebrei inglesi, ma per l\u2019intero paese e anche fuori dai confini nazionali. L\u2019annuncio \u00e8 stato dato ieri dalla United Synagogue, la principale federazione delle comunit\u00e0 ebraiche ortodosse del paese. L\u2019avvicendamento \u00e8 previsto per il prossimo settembre. Rav Mirvis viene da una famiglia di rabbini e insegnanti. <\/p>\n","protected":false},"excerpt":{"rendered":"<p>Rav Ephraim Mirvis, rabbino capo della Finchley United Synagogue di Londra, una delle pi\u00f9 importanti della citt\u00e0, \u00e8 stato nominato nuovo rabbino capo di Gran Bretagna (nell\u2019immagine da sinistra John Mendelsohn presidente della Finchley Synagogue rav Ephraim Mirvis, Boris Johnson sindaco di Londra e Steve Pack presidente della United Synagogue). A rav Mirvis, 55 anni,&hellip; <a class=\"more\" rel=\"bookmark\" href=\"https:\/\/moked.it\/paginebraiche\/2012\/12\/21\/rav-ephraim-mirvis-nuovo-rabbino-alla-guida-dellebraismo-britannico\/\">leggi&nbsp;<i class=\"fa fa-chevron-circle-right\"><\/i><\/a><\/p>\n","protected":false},"author":1,"featured_media":0,"menu_order":0,"comment_status":"closed","ping_status":"open","sticky":false,"template":"","format":"standard","meta":{"footnotes":""},"categories":[1],"tags":[],"position":[],"class_list":["post-550","post","type-post","status-publish","format-standard","hentry","category-uncategorized"],"yoast_head":"<!-- This site is optimized with the Yoast SEO plugin v26.0 - https:\/\/yoast.com\/wordpress\/plugins\/seo\/ -->\n<title>Rav Ephraim Mirvis nuovo rabbino alla guida dell\u2019ebraismo britannico - Pagine Ebraiche<\/title>\n<meta name=\"robots\" content=\"index, follow, max-snippet:-1, max-image-preview:large, max-video-preview:-1\" \/>\n<link rel=\"canonical\" href=\"https:\/\/moked.it\/paginebraiche\/2012\/12\/21\/rav-ephraim-mirvis-nuovo-rabbino-alla-guida-dellebraismo-britannico\/\" \/>\n<meta property=\"og:locale\" content=\"it_IT\" \/>\n<meta property=\"og:type\" content=\"article\" \/>\n<meta property=\"og:title\" content=\"Rav Ephraim Mirvis nuovo rabbino alla guida dell\u2019ebraismo britannico - Pagine Ebraiche\" \/>\n<meta property=\"og:description\" content=\"Rav Ephraim Mirvis, rabbino capo della Finchley United Synagogue di Londra, una delle pi\u00f9 importanti della citt\u00e0, \u00e8 stato nominato nuovo rabbino capo di Gran Bretagna (nell\u2019immagine da sinistra John Mendelsohn presidente della Finchley Synagogue rav Ephraim Mirvis, Boris Johnson sindaco di Londra e Steve Pack presidente della United Synagogue). A rav Mirvis, 55 anni,&hellip; leggi&nbsp;\" \/>\n<meta property=\"og:url\" content=\"https:\/\/moked.it\/paginebraiche\/2012\/12\/21\/rav-ephraim-mirvis-nuovo-rabbino-alla-guida-dellebraismo-britannico\/\" \/>\n<meta property=\"og:site_name\" content=\"Pagine Ebraiche\" \/>\n<meta property=\"article:published_time\" content=\"2012-12-21T10:58:07+00:00\" \/>\n<meta property=\"og:image\" content=\"http:\/\/moked.it\/paginebraiche\/files\/2012\/12\/mirvis-1024x794.jpg\" \/>\n<meta name=\"author\" content=\"admin\" \/>\n<meta name=\"twitter:card\" content=\"summary_large_image\" \/>\n<meta name=\"twitter:label1\" content=\"Scritto da\" \/>\n\t<meta name=\"twitter:data1\" content=\"admin\" \/>\n\t<meta name=\"twitter:label2\" content=\"Tempo di lettura stimato\" \/>\n\t<meta name=\"twitter:data2\" content=\"1 minuto\" \/>\n<script type=\"application\/ld+json\" class=\"yoast-schema-graph\">{\"@context\":\"https:\/\/schema.org\",\"@graph\":[{\"@type\":\"WebPage\",\"@id\":\"https:\/\/moked.it\/paginebraiche\/2012\/12\/21\/rav-ephraim-mirvis-nuovo-rabbino-alla-guida-dellebraismo-britannico\/\",\"url\":\"https:\/\/moked.it\/paginebraiche\/2012\/12\/21\/rav-ephraim-mirvis-nuovo-rabbino-alla-guida-dellebraismo-britannico\/\",\"name\":\"Rav Ephraim Mirvis nuovo rabbino alla guida dell\u2019ebraismo britannico - Pagine Ebraiche\",\"isPartOf\":{\"@id\":\"https:\/\/moked.it\/paginebraiche\/#website\"},\"primaryImageOfPage\":{\"@id\":\"https:\/\/moked.it\/paginebraiche\/2012\/12\/21\/rav-ephraim-mirvis-nuovo-rabbino-alla-guida-dellebraismo-britannico\/#primaryimage\"},\"image\":{\"@id\":\"https:\/\/moked.it\/paginebraiche\/2012\/12\/21\/rav-ephraim-mirvis-nuovo-rabbino-alla-guida-dellebraismo-britannico\/#primaryimage\"},\"thumbnailUrl\":\"http:\/\/moked.it\/paginebraiche\/files\/2012\/12\/mirvis-1024x794.jpg\",\"datePublished\":\"2012-12-21T10:58:07+00:00\",\"author\":{\"@id\":\"https:\/\/moked.it\/paginebraiche\/#\/schema\/person\/723f5746de4ea0e08fab5790d734e554\"},\"breadcrumb\":{\"@id\":\"https:\/\/moked.it\/paginebraiche\/2012\/12\/21\/rav-ephraim-mirvis-nuovo-rabbino-alla-guida-dellebraismo-britannico\/#breadcrumb\"},\"inLanguage\":\"it-IT\",\"potentialAction\":[{\"@type\":\"ReadAction\",\"target\":[\"https:\/\/moked.it\/paginebraiche\/2012\/12\/21\/rav-ephraim-mirvis-nuovo-rabbino-alla-guida-dellebraismo-britannico\/\"]}]},{\"@type\":\"ImageObject\",\"inLanguage\":\"it-IT\",\"@id\":\"https:\/\/moked.it\/paginebraiche\/2012\/12\/21\/rav-ephraim-mirvis-nuovo-rabbino-alla-guida-dellebraismo-britannico\/#primaryimage\",\"url\":\"https:\/\/moked.it\/paginebraiche\/files\/2012\/12\/mirvis.jpg\",\"contentUrl\":\"https:\/\/moked.it\/paginebraiche\/files\/2012\/12\/mirvis.jpg\",\"width\":\"1501\",\"height\":\"1164\"},{\"@type\":\"BreadcrumbList\",\"@id\":\"https:\/\/moked.it\/paginebraiche\/2012\/12\/21\/rav-ephraim-mirvis-nuovo-rabbino-alla-guida-dellebraismo-britannico\/#breadcrumb\",\"itemListElement\":[{\"@type\":\"ListItem\",\"position\":1,\"name\":\"Home\",\"item\":\"https:\/\/moked.it\/paginebraiche\/\"},{\"@type\":\"ListItem\",\"position\":2,\"name\":\"Rav Ephraim Mirvis nuovo rabbino alla guida dell\u2019ebraismo britannico\"}]},{\"@type\":\"WebSite\",\"@id\":\"https:\/\/moked.it\/paginebraiche\/#website\",\"url\":\"https:\/\/moked.it\/paginebraiche\/\",\"name\":\"Pagine Ebraiche\",\"description\":\"Il giornale dell&#039;ebraismo italiano\",\"potentialAction\":[{\"@type\":\"SearchAction\",\"target\":{\"@type\":\"EntryPoint\",\"urlTemplate\":\"https:\/\/moked.it\/paginebraiche\/?s={search_term_string}\"},\"query-input\":{\"@type\":\"PropertyValueSpecification\",\"valueRequired\":true,\"valueName\":\"search_term_string\"}}],\"inLanguage\":\"it-IT\"},{\"@type\":\"Person\",\"@id\":\"https:\/\/moked.it\/paginebraiche\/#\/schema\/person\/723f5746de4ea0e08fab5790d734e554\",\"name\":\"admin\",\"image\":{\"@type\":\"ImageObject\",\"inLanguage\":\"it-IT\",\"@id\":\"https:\/\/moked.it\/paginebraiche\/#\/schema\/person\/image\/\",\"url\":\"https:\/\/secure.gravatar.com\/avatar\/cadb6747455b21c18b2cfb9aad35ab377cb4ba61ea46f6fba9fb91fd33059fde?s=96&d=mm&r=g\",\"contentUrl\":\"https:\/\/secure.gravatar.com\/avatar\/cadb6747455b21c18b2cfb9aad35ab377cb4ba61ea46f6fba9fb91fd33059fde?s=96&d=mm&r=g\",\"caption\":\"admin\"},\"url\":\"https:\/\/moked.it\/paginebraiche\/author\/admin\/\"}]}<\/script>\n<!-- \/ Yoast SEO plugin. -->","yoast_head_json":{"title":"Rav Ephraim Mirvis nuovo rabbino alla guida dell\u2019ebraismo britannico - Pagine Ebraiche","robots":{"index":"index","follow":"follow","max-snippet":"max-snippet:-1","max-image-preview":"max-image-preview:large","max-video-preview":"max-video-preview:-1"},"canonical":"https:\/\/moked.it\/paginebraiche\/2012\/12\/21\/rav-ephraim-mirvis-nuovo-rabbino-alla-guida-dellebraismo-britannico\/","og_locale":"it_IT","og_type":"article","og_title":"Rav Ephraim Mirvis nuovo rabbino alla guida dell\u2019ebraismo britannico - Pagine Ebraiche","og_description":"Rav Ephraim Mirvis, rabbino capo della Finchley United Synagogue di Londra, una delle pi\u00f9 importanti della citt\u00e0, \u00e8 stato nominato nuovo rabbino capo di Gran Bretagna (nell\u2019immagine da sinistra John Mendelsohn presidente della Finchley Synagogue rav Ephraim Mirvis, Boris Johnson sindaco di Londra e Steve Pack presidente della United Synagogue). A rav Mirvis, 55 anni,&hellip; leggi&nbsp;","og_url":"https:\/\/moked.it\/paginebraiche\/2012\/12\/21\/rav-ephraim-mirvis-nuovo-rabbino-alla-guida-dellebraismo-britannico\/","og_site_name":"Pagine Ebraiche","article_published_time":"2012-12-21T10:58:07+00:00","og_image":[{"url":"http:\/\/moked.it\/paginebraiche\/files\/2012\/12\/mirvis-1024x794.jpg","type":"","width":"","height":""}],"author":"admin","twitter_card":"summary_large_image","twitter_misc":{"Scritto da":"admin","Tempo di lettura stimato":"1 minuto"},"schema":{"@context":"https:\/\/schema.org","@graph":[{"@type":"WebPage","@id":"https:\/\/moked.it\/paginebraiche\/2012\/12\/21\/rav-ephraim-mirvis-nuovo-rabbino-alla-guida-dellebraismo-britannico\/","url":"https:\/\/moked.it\/paginebraiche\/2012\/12\/21\/rav-ephraim-mirvis-nuovo-rabbino-alla-guida-dellebraismo-britannico\/","name":"Rav Ephraim Mirvis nuovo rabbino alla guida dell\u2019ebraismo britannico - Pagine Ebraiche","isPartOf":{"@id":"https:\/\/moked.it\/paginebraiche\/#website"},"primaryImageOfPage":{"@id":"https:\/\/moked.it\/paginebraiche\/2012\/12\/21\/rav-ephraim-mirvis-nuovo-rabbino-alla-guida-dellebraismo-britannico\/#primaryimage"},"image":{"@id":"https:\/\/moked.it\/paginebraiche\/2012\/12\/21\/rav-ephraim-mirvis-nuovo-rabbino-alla-guida-dellebraismo-britannico\/#primaryimage"},"thumbnailUrl":"http:\/\/moked.it\/paginebraiche\/files\/2012\/12\/mirvis-1024x794.jpg","datePublished":"2012-12-21T10:58:07+00:00","author":{"@id":"https:\/\/moked.it\/paginebraiche\/#\/schema\/person\/723f5746de4ea0e08fab5790d734e554"},"breadcrumb":{"@id":"https:\/\/moked.it\/paginebraiche\/2012\/12\/21\/rav-ephraim-mirvis-nuovo-rabbino-alla-guida-dellebraismo-britannico\/#breadcrumb"},"inLanguage":"it-IT","potentialAction":[{"@type":"ReadAction","target":["https:\/\/moked.it\/paginebraiche\/2012\/12\/21\/rav-ephraim-mirvis-nuovo-rabbino-alla-guida-dellebraismo-britannico\/"]}]},{"@type":"ImageObject","inLanguage":"it-IT","@id":"https:\/\/moked.it\/paginebraiche\/2012\/12\/21\/rav-ephraim-mirvis-nuovo-rabbino-alla-guida-dellebraismo-britannico\/#primaryimage","url":"https:\/\/moked.it\/paginebraiche\/files\/2012\/12\/mirvis.jpg","contentUrl":"https:\/\/moked.it\/paginebraiche\/files\/2012\/12\/mirvis.jpg","width":"1501","height":"1164"},{"@type":"BreadcrumbList","@id":"https:\/\/moked.it\/paginebraiche\/2012\/12\/21\/rav-ephraim-mirvis-nuovo-rabbino-alla-guida-dellebraismo-britannico\/#breadcrumb","itemListElement":[{"@type":"ListItem","position":1,"name":"Home","item":"https:\/\/moked.it\/paginebraiche\/"},{"@type":"ListItem","position":2,"name":"Rav Ephraim Mirvis nuovo rabbino alla guida dell\u2019ebraismo britannico"}]},{"@type":"WebSite","@id":"https:\/\/moked.it\/paginebraiche\/#website","url":"https:\/\/moked.it\/paginebraiche\/","name":"Pagine Ebraiche","description":"Il giornale dell&#039;ebraismo italiano","potentialAction":[{"@type":"SearchAction","target":{"@type":"EntryPoint","urlTemplate":"https:\/\/moked.it\/paginebraiche\/?s={search_term_string}"},"query-input":{"@type":"PropertyValueSpecification","valueRequired":true,"valueName":"search_term_string"}}],"inLanguage":"it-IT"},{"@type":"Person","@id":"https:\/\/moked.it\/paginebraiche\/#\/schema\/person\/723f5746de4ea0e08fab5790d734e554","name":"admin","image":{"@type":"ImageObject","inLanguage":"it-IT","@id":"https:\/\/moked.it\/paginebraiche\/#\/schema\/person\/image\/","url":"https:\/\/secure.gravatar.com\/avatar\/cadb6747455b21c18b2cfb9aad35ab377cb4ba61ea46f6fba9fb91fd33059fde?s=96&d=mm&r=g","contentUrl":"https:\/\/secure.gravatar.com\/avatar\/cadb6747455b21c18b2cfb9aad35ab377cb4ba61ea46f6fba9fb91fd33059fde?s=96&d=mm&r=g","caption":"admin"},"url":"https:\/\/moked.it\/paginebraiche\/author\/admin\/"}]}},"_links":{"self":[{"href":"https:\/\/moked.it\/paginebraiche\/wp-json\/wp\/v2\/posts\/550","targetHints":{"allow":["GET"]}}],"collection":[{"href":"https:\/\/moked.it\/paginebraiche\/wp-json\/wp\/v2\/posts"}],"about":[{"href":"https:\/\/moked.it\/paginebraiche\/wp-json\/wp\/v2\/types\/post"}],"author":[{"embeddable":true,"href":"https:\/\/moked.it\/paginebraiche\/wp-json\/wp\/v2\/users\/1"}],"replies":[{"embeddable":true,"href":"https:\/\/moked.it\/paginebraiche\/wp-json\/wp\/v2\/comments?post=550"}],"version-history":[{"count":1,"href":"https:\/\/moked.it\/paginebraiche\/wp-json\/wp\/v2\/posts\/550\/revisions"}],"predecessor-version":[{"id":552,"href":"https:\/\/moked.it\/paginebraiche\/wp-json\/wp\/v2\/posts\/550\/revisions\/552"}],"wp:attachment":[{"href":"https:\/\/moked.it\/paginebraiche\/wp-json\/wp\/v2\/media?parent=550"}],"wp:term":[{"taxonomy":"category","embeddable":true,"href":"https:\/\/moked.it\/paginebraiche\/wp-json\/wp\/v2\/categories?post=550"},{"taxonomy":"post_tag","embeddable":true,"href":"https:\/\/moked.it\/paginebraiche\/wp-json\/wp\/v2\/tags?post=550"},{"taxonomy":"position","embeddable":true,"href":"https:\/\/moked.it\/paginebraiche\/wp-json\/wp\/v2\/position?post=550"}],"curies":[{"name":"wp","href":"https:\/\/api.w.org\/{rel}","templated":true}]}}