{"id":576,"date":"2013-01-23T09:48:25","date_gmt":"2013-01-23T14:48:25","guid":{"rendered":"http:\/\/moked.it\/paginebraiche\/?p=576"},"modified":"2013-01-23T09:48:25","modified_gmt":"2013-01-23T14:48:25","slug":"israele-lo-spettro-dellingovernabilita","status":"publish","type":"post","link":"https:\/\/moked.it\/paginebraiche\/2013\/01\/23\/israele-lo-spettro-dellingovernabilita\/","title":{"rendered":"Israele &#8211; Lo spettro dell\u2019ingovernabilit\u00e0"},"content":{"rendered":"<p><a href=\"http:\/\/moked.it\/paginebraiche\/files\/2013\/01\/vignetta-italiano.jpg\"><img loading=\"lazy\" decoding=\"async\" src=\"http:\/\/moked.it\/paginebraiche\/files\/2013\/01\/vignetta-italiano-1024x747.jpg\" alt=\"\" title=\"vignetta italiano\" width=\"1024\" height=\"747\" class=\"alignright size-large wp-image-577\" srcset=\"https:\/\/moked.it\/paginebraiche\/files\/2013\/01\/vignetta-italiano-1024x747.jpg 1024w, https:\/\/moked.it\/paginebraiche\/files\/2013\/01\/vignetta-italiano-300x218.jpg 300w, https:\/\/moked.it\/paginebraiche\/files\/2013\/01\/vignetta-italiano.jpg 1618w\" sizes=\"auto, (max-width: 1024px) 100vw, 1024px\" \/><\/a>\u201c\u00c8 nudo\u201d. A fornire, con tagliente ironia, una fotografia dell\u2019esito di quelle che dovevano essere le elezioni pi\u00f9 scontate della storia d\u2019Israele \u00e8 il grande vignettista Michel Kichka di cui Pagine ebraiche di febbraio attualmente in distribuzione presenta il nuovo libro \u201cCe que je n&#8217;ai pas dit \u00e0 mon p\u00e8re\u201d (Seconda generazione. Quello che non ho detto a mio padre &#8211; Dargaud).  Ispirandosi alla favola del re nudo, Kichka ritrae il vincitore annunciato Benjamin Netanyahu, uscito ridimensionato dalle urne, con l\u2019immagine del suo alleato Avigdor Lieberman a tentare di nascondere la notizia della sua debolezza. Nel frattempo i tre leader di centro-sinistra, Shelly Yachimovich del Labor, Yair Lapid di Yesh Atid e Tzipi Livni di Hatnua, gridano la verit\u00e0. A reggere il mantello di Netanyahu, il suo ex pupillo e ora rivale (ma probabilmente anche indispensabile alleato) Naftali Bennett di Habayit Hayehudi che svela invece la sua prospettiva \u201cE\u2019 nullo\u201d. A indicare come, nel fare da puntello a una eventuale coalizione di destra, rappresenter\u00e0 un forte condizionamento per Netanyahu. Gi\u00e0 perch\u00e9 mentre sono state scrutinate oltre il 99 per cento delle schede (risultati complessivi Likud-Beytenu 31 seggi, Yesh Atid 19, Labor 15, Shas e Habayit Hayehud\u00ec 11, United Torah Judaism 7, Hatnua e Meretz 6, i tre partiti arabi Ta\u2019al, Balad e Hadash 5, 4 e 3,  Kadima 2), il risultato \u00e8 un sorprendente pareggio. E dietro la notizia che, nel complesso, le formazioni che vengono considerate di destra (inclusi i partiti religiosi) e quelle considerate di sinistra (inclusi i partiti arabi) hanno ottenuto 60 seggi ciascuna, si cela lo spettro dell\u2019ingovernabilit\u00e0, che incombe sui tentativi gi\u00e0 in corso di formare alleanze di governo. Un processo che formalmente potr\u00e0 iniziare soltanto fra una settimana, quando gli esiti ufficiali verranno comunicati al presidente Shimon Peres, il quale, salvo ulteriori colpi di scena, affider\u00e0 l\u2019incarico a Netanyahu .<br \/>\nGi\u00e0 oggi \u00e8 tuttavia possibile tracciare alcuni punti fermi: lo straordinario successo di Yair Lapid, che \u00e8 andato oltre ogni aspettativa, l\u2019insuccesso di Netanyahu, che se nella precedente Knesset poteva contare su 42 parlamentari tra Likud e Beytenu, oggi ne ha soltanto 31, l\u2019affermazione, anche se meno potente delle aspettative, del punto di riferimento politico degli insediamenti Habayit Hayehud\u00ec.<br \/>\n\u201cLa mia previsione \u00e8 una piattaforma formata da Likud-Beytenu, Yesh Atid e Habayit Hayehud\u00ec, cui eventualmente potrebbe aggiungersi Kadima, e secondariamente Shas \u2013 spiega Sergio Della Pergola, demografo dell\u2019Universit\u00e0 di Gerusalemme \u2013 Una coalizione del genere avrebbe i numeri per governare dal punto di vista aritmetico. La verit\u00e0 \u00e8 che questa legge elettorale \u00e8 oggi drammaticamente inadeguata per un paese avanzato, con problemi complicati da gestire che richiedono un governo stabile. Anche se storicamente ricordiamo un\u2019altra situazione simile, quando nel 1984 Yitzhak Shamir e Simon Peres diedero vita a un governo di coalzione Labor-Likud, basato su un patto di \u2018rotazione\u2019: fu primo ministro Peres per due anni, poi tocc\u00f2 a Shamir\u201d. La difficolt\u00e0 di Netanyahu viene messa in luce dal professore anche sotto un altro punto di vista \u201cPer arginare l\u2019emorragia dei voti verso Bennett, Bibi ha presentato candidati ancora pi\u00f9 a destra di lui. Per di pi\u00f9, nell\u2019ambito dei 31 seggi conquistati, solo 20 fanno riferimento al Likud, gli altri sono di Yisrael Beytenu. E non \u00e8 escluso che presto o tardi decidano di dare nuovamente vita a una formazione parlamentare autonoma, come aveva promesso Lieberman prima delle elezioni\u201d. \u201cPenso che i pi\u00f9 clamorosi sconfitti di questa tornata elettorale siano i sondaggisti \u2013 fa notare il semiologo Ugo Volli \u2013 Questo \u00e8 un segno dell\u2019incredibile vitalit\u00e0 della democrazia israeliana, che rifiuta di farsi ingabbiare in schemi precostituiti. Yair Lapid ha condotto una campagna elettorale un po\u2019 obamiana, vicina alle esigenze di quella classe media laica e moderna di tipo americano. Il suo grande risultato rappresenta un\u2019affermazione dei temi sociali ed economici come interesse forte degli israeliani, a discapito della scelta di Netanyahu, evidentemente sbagliata da un punto di vista strategico, di puntare sulla politica estera, e di quella di Tzipi Livni di spendersi sui negoziati di pace. Emerge per\u00f2 anche una profonda polarizzazione del paese\u201d.<br \/>\n\u201cCi\u00f2 che caratterizza queste elezioni in modo abbastanza trasversale \u00e8 l\u2019esigenza di andare oltre determinate rivendicazioni dell\u2019ebraismo hared\u00ec. Questo \u00e8 a mio parere il punto in comune tra Yair Lapid e Naftali Bennett, i leader usciti vittoriosi dalle urne: pur nella loro estrema diversit\u00e0, laico Lapid e dat\u00ec Bennett, entrambi hanno fatto un punto della loro offerta politica la volont\u00e0 di arruolare nell\u2019esercito anche i hared\u00ecm e di ridimensionarne l\u2019influenza nel paese\u201d il commento della giornalista Anna Momigliano.<br \/>\nNonostante l\u2019estrema frammentazione del Parlamento un dato emerge in modo positivo, secondo Sergio Della Pergola: con tutte le sue debolezze, il sistema israeliano \u00e8 stato capace di produrre due leader nuovi, giovani e preparati, al di l\u00e0 di come la si pensi a proposito delle loro idee. Anche se, denuncia il demografo \u201cdietro al volto fresco di Bennett, si nascondono candidati con posizioni estremiste e impresentabili, complice la legge elettorale dalle liste bloccate. Bisogner\u00e0 vedere se Bibi dimostrer\u00e0 di essere un bravo politico, capace di mantenere in piedi un governo eterogeneo di fronte alla sfide che lo attendono, prima di tutto una dolorosa legge di bilancio da approvare entro giugno &#8211; conclude &#8211; La mia previsione \u00e8 che questa Knesset non durer\u00e0 quattro anni\u201d.<\/p>\n<p>Rossella Tercatin twitter @rtercatinmoked <\/p>\n","protected":false},"excerpt":{"rendered":"<p>\u201c\u00c8 nudo\u201d. A fornire, con tagliente ironia, una fotografia dell\u2019esito di quelle che dovevano essere le elezioni pi\u00f9 scontate della storia d\u2019Israele \u00e8 il grande vignettista Michel Kichka di cui Pagine ebraiche di febbraio attualmente in distribuzione presenta il nuovo libro \u201cCe que je n&#8217;ai pas dit \u00e0 mon p\u00e8re\u201d (Seconda generazione. Quello che non&hellip; <a class=\"more\" rel=\"bookmark\" href=\"https:\/\/moked.it\/paginebraiche\/2013\/01\/23\/israele-lo-spettro-dellingovernabilita\/\">leggi&nbsp;<i class=\"fa fa-chevron-circle-right\"><\/i><\/a><\/p>\n","protected":false},"author":1,"featured_media":0,"menu_order":0,"comment_status":"closed","ping_status":"open","sticky":false,"template":"","format":"standard","meta":{"footnotes":""},"categories":[1],"tags":[],"position":[],"class_list":["post-576","post","type-post","status-publish","format-standard","hentry","category-uncategorized"],"yoast_head":"<!-- This site is optimized with the Yoast SEO plugin v26.0 - https:\/\/yoast.com\/wordpress\/plugins\/seo\/ -->\n<title>Israele - Lo spettro dell\u2019ingovernabilit\u00e0 - Pagine Ebraiche<\/title>\n<meta name=\"robots\" content=\"index, follow, max-snippet:-1, max-image-preview:large, max-video-preview:-1\" \/>\n<link rel=\"canonical\" href=\"https:\/\/moked.it\/paginebraiche\/2013\/01\/23\/israele-lo-spettro-dellingovernabilita\/\" \/>\n<meta property=\"og:locale\" content=\"it_IT\" \/>\n<meta property=\"og:type\" content=\"article\" \/>\n<meta property=\"og:title\" content=\"Israele - Lo spettro dell\u2019ingovernabilit\u00e0 - Pagine Ebraiche\" \/>\n<meta property=\"og:description\" content=\"\u201c\u00c8 nudo\u201d. A fornire, con tagliente ironia, una fotografia dell\u2019esito di quelle che dovevano essere le elezioni pi\u00f9 scontate della storia d\u2019Israele \u00e8 il grande vignettista Michel Kichka di cui Pagine ebraiche di febbraio attualmente in distribuzione presenta il nuovo libro \u201cCe que je n&#8217;ai pas dit \u00e0 mon p\u00e8re\u201d (Seconda generazione. Quello che non&hellip; leggi&nbsp;\" \/>\n<meta property=\"og:url\" content=\"https:\/\/moked.it\/paginebraiche\/2013\/01\/23\/israele-lo-spettro-dellingovernabilita\/\" \/>\n<meta property=\"og:site_name\" content=\"Pagine Ebraiche\" \/>\n<meta property=\"article:published_time\" content=\"2013-01-23T14:48:25+00:00\" \/>\n<meta property=\"og:image\" content=\"http:\/\/moked.it\/paginebraiche\/files\/2013\/01\/vignetta-italiano-1024x747.jpg\" \/>\n<meta name=\"author\" content=\"admin\" \/>\n<meta name=\"twitter:card\" content=\"summary_large_image\" \/>\n<meta name=\"twitter:label1\" content=\"Scritto da\" \/>\n\t<meta name=\"twitter:data1\" content=\"admin\" \/>\n\t<meta name=\"twitter:label2\" content=\"Tempo di lettura stimato\" \/>\n\t<meta name=\"twitter:data2\" content=\"4 minuti\" \/>\n<script type=\"application\/ld+json\" class=\"yoast-schema-graph\">{\"@context\":\"https:\/\/schema.org\",\"@graph\":[{\"@type\":\"WebPage\",\"@id\":\"https:\/\/moked.it\/paginebraiche\/2013\/01\/23\/israele-lo-spettro-dellingovernabilita\/\",\"url\":\"https:\/\/moked.it\/paginebraiche\/2013\/01\/23\/israele-lo-spettro-dellingovernabilita\/\",\"name\":\"Israele - Lo spettro dell\u2019ingovernabilit\u00e0 - Pagine Ebraiche\",\"isPartOf\":{\"@id\":\"https:\/\/moked.it\/paginebraiche\/#website\"},\"primaryImageOfPage\":{\"@id\":\"https:\/\/moked.it\/paginebraiche\/2013\/01\/23\/israele-lo-spettro-dellingovernabilita\/#primaryimage\"},\"image\":{\"@id\":\"https:\/\/moked.it\/paginebraiche\/2013\/01\/23\/israele-lo-spettro-dellingovernabilita\/#primaryimage\"},\"thumbnailUrl\":\"http:\/\/moked.it\/paginebraiche\/files\/2013\/01\/vignetta-italiano-1024x747.jpg\",\"datePublished\":\"2013-01-23T14:48:25+00:00\",\"author\":{\"@id\":\"https:\/\/moked.it\/paginebraiche\/#\/schema\/person\/723f5746de4ea0e08fab5790d734e554\"},\"breadcrumb\":{\"@id\":\"https:\/\/moked.it\/paginebraiche\/2013\/01\/23\/israele-lo-spettro-dellingovernabilita\/#breadcrumb\"},\"inLanguage\":\"it-IT\",\"potentialAction\":[{\"@type\":\"ReadAction\",\"target\":[\"https:\/\/moked.it\/paginebraiche\/2013\/01\/23\/israele-lo-spettro-dellingovernabilita\/\"]}]},{\"@type\":\"ImageObject\",\"inLanguage\":\"it-IT\",\"@id\":\"https:\/\/moked.it\/paginebraiche\/2013\/01\/23\/israele-lo-spettro-dellingovernabilita\/#primaryimage\",\"url\":\"https:\/\/moked.it\/paginebraiche\/files\/2013\/01\/vignetta-italiano.jpg\",\"contentUrl\":\"https:\/\/moked.it\/paginebraiche\/files\/2013\/01\/vignetta-italiano.jpg\",\"width\":\"1618\",\"height\":\"1181\"},{\"@type\":\"BreadcrumbList\",\"@id\":\"https:\/\/moked.it\/paginebraiche\/2013\/01\/23\/israele-lo-spettro-dellingovernabilita\/#breadcrumb\",\"itemListElement\":[{\"@type\":\"ListItem\",\"position\":1,\"name\":\"Home\",\"item\":\"https:\/\/moked.it\/paginebraiche\/\"},{\"@type\":\"ListItem\",\"position\":2,\"name\":\"Israele &#8211; Lo spettro dell\u2019ingovernabilit\u00e0\"}]},{\"@type\":\"WebSite\",\"@id\":\"https:\/\/moked.it\/paginebraiche\/#website\",\"url\":\"https:\/\/moked.it\/paginebraiche\/\",\"name\":\"Pagine Ebraiche\",\"description\":\"Il giornale dell&#039;ebraismo italiano\",\"potentialAction\":[{\"@type\":\"SearchAction\",\"target\":{\"@type\":\"EntryPoint\",\"urlTemplate\":\"https:\/\/moked.it\/paginebraiche\/?s={search_term_string}\"},\"query-input\":{\"@type\":\"PropertyValueSpecification\",\"valueRequired\":true,\"valueName\":\"search_term_string\"}}],\"inLanguage\":\"it-IT\"},{\"@type\":\"Person\",\"@id\":\"https:\/\/moked.it\/paginebraiche\/#\/schema\/person\/723f5746de4ea0e08fab5790d734e554\",\"name\":\"admin\",\"image\":{\"@type\":\"ImageObject\",\"inLanguage\":\"it-IT\",\"@id\":\"https:\/\/moked.it\/paginebraiche\/#\/schema\/person\/image\/\",\"url\":\"https:\/\/secure.gravatar.com\/avatar\/cadb6747455b21c18b2cfb9aad35ab377cb4ba61ea46f6fba9fb91fd33059fde?s=96&d=mm&r=g\",\"contentUrl\":\"https:\/\/secure.gravatar.com\/avatar\/cadb6747455b21c18b2cfb9aad35ab377cb4ba61ea46f6fba9fb91fd33059fde?s=96&d=mm&r=g\",\"caption\":\"admin\"},\"url\":\"https:\/\/moked.it\/paginebraiche\/author\/admin\/\"}]}<\/script>\n<!-- \/ Yoast SEO plugin. -->","yoast_head_json":{"title":"Israele - Lo spettro dell\u2019ingovernabilit\u00e0 - Pagine Ebraiche","robots":{"index":"index","follow":"follow","max-snippet":"max-snippet:-1","max-image-preview":"max-image-preview:large","max-video-preview":"max-video-preview:-1"},"canonical":"https:\/\/moked.it\/paginebraiche\/2013\/01\/23\/israele-lo-spettro-dellingovernabilita\/","og_locale":"it_IT","og_type":"article","og_title":"Israele - Lo spettro dell\u2019ingovernabilit\u00e0 - Pagine Ebraiche","og_description":"\u201c\u00c8 nudo\u201d. A fornire, con tagliente ironia, una fotografia dell\u2019esito di quelle che dovevano essere le elezioni pi\u00f9 scontate della storia d\u2019Israele \u00e8 il grande vignettista Michel Kichka di cui Pagine ebraiche di febbraio attualmente in distribuzione presenta il nuovo libro \u201cCe que je n&#8217;ai pas dit \u00e0 mon p\u00e8re\u201d (Seconda generazione. Quello che non&hellip; leggi&nbsp;","og_url":"https:\/\/moked.it\/paginebraiche\/2013\/01\/23\/israele-lo-spettro-dellingovernabilita\/","og_site_name":"Pagine Ebraiche","article_published_time":"2013-01-23T14:48:25+00:00","og_image":[{"url":"http:\/\/moked.it\/paginebraiche\/files\/2013\/01\/vignetta-italiano-1024x747.jpg","type":"","width":"","height":""}],"author":"admin","twitter_card":"summary_large_image","twitter_misc":{"Scritto da":"admin","Tempo di lettura stimato":"4 minuti"},"schema":{"@context":"https:\/\/schema.org","@graph":[{"@type":"WebPage","@id":"https:\/\/moked.it\/paginebraiche\/2013\/01\/23\/israele-lo-spettro-dellingovernabilita\/","url":"https:\/\/moked.it\/paginebraiche\/2013\/01\/23\/israele-lo-spettro-dellingovernabilita\/","name":"Israele - Lo spettro dell\u2019ingovernabilit\u00e0 - Pagine Ebraiche","isPartOf":{"@id":"https:\/\/moked.it\/paginebraiche\/#website"},"primaryImageOfPage":{"@id":"https:\/\/moked.it\/paginebraiche\/2013\/01\/23\/israele-lo-spettro-dellingovernabilita\/#primaryimage"},"image":{"@id":"https:\/\/moked.it\/paginebraiche\/2013\/01\/23\/israele-lo-spettro-dellingovernabilita\/#primaryimage"},"thumbnailUrl":"http:\/\/moked.it\/paginebraiche\/files\/2013\/01\/vignetta-italiano-1024x747.jpg","datePublished":"2013-01-23T14:48:25+00:00","author":{"@id":"https:\/\/moked.it\/paginebraiche\/#\/schema\/person\/723f5746de4ea0e08fab5790d734e554"},"breadcrumb":{"@id":"https:\/\/moked.it\/paginebraiche\/2013\/01\/23\/israele-lo-spettro-dellingovernabilita\/#breadcrumb"},"inLanguage":"it-IT","potentialAction":[{"@type":"ReadAction","target":["https:\/\/moked.it\/paginebraiche\/2013\/01\/23\/israele-lo-spettro-dellingovernabilita\/"]}]},{"@type":"ImageObject","inLanguage":"it-IT","@id":"https:\/\/moked.it\/paginebraiche\/2013\/01\/23\/israele-lo-spettro-dellingovernabilita\/#primaryimage","url":"https:\/\/moked.it\/paginebraiche\/files\/2013\/01\/vignetta-italiano.jpg","contentUrl":"https:\/\/moked.it\/paginebraiche\/files\/2013\/01\/vignetta-italiano.jpg","width":"1618","height":"1181"},{"@type":"BreadcrumbList","@id":"https:\/\/moked.it\/paginebraiche\/2013\/01\/23\/israele-lo-spettro-dellingovernabilita\/#breadcrumb","itemListElement":[{"@type":"ListItem","position":1,"name":"Home","item":"https:\/\/moked.it\/paginebraiche\/"},{"@type":"ListItem","position":2,"name":"Israele &#8211; Lo spettro dell\u2019ingovernabilit\u00e0"}]},{"@type":"WebSite","@id":"https:\/\/moked.it\/paginebraiche\/#website","url":"https:\/\/moked.it\/paginebraiche\/","name":"Pagine Ebraiche","description":"Il giornale dell&#039;ebraismo italiano","potentialAction":[{"@type":"SearchAction","target":{"@type":"EntryPoint","urlTemplate":"https:\/\/moked.it\/paginebraiche\/?s={search_term_string}"},"query-input":{"@type":"PropertyValueSpecification","valueRequired":true,"valueName":"search_term_string"}}],"inLanguage":"it-IT"},{"@type":"Person","@id":"https:\/\/moked.it\/paginebraiche\/#\/schema\/person\/723f5746de4ea0e08fab5790d734e554","name":"admin","image":{"@type":"ImageObject","inLanguage":"it-IT","@id":"https:\/\/moked.it\/paginebraiche\/#\/schema\/person\/image\/","url":"https:\/\/secure.gravatar.com\/avatar\/cadb6747455b21c18b2cfb9aad35ab377cb4ba61ea46f6fba9fb91fd33059fde?s=96&d=mm&r=g","contentUrl":"https:\/\/secure.gravatar.com\/avatar\/cadb6747455b21c18b2cfb9aad35ab377cb4ba61ea46f6fba9fb91fd33059fde?s=96&d=mm&r=g","caption":"admin"},"url":"https:\/\/moked.it\/paginebraiche\/author\/admin\/"}]}},"_links":{"self":[{"href":"https:\/\/moked.it\/paginebraiche\/wp-json\/wp\/v2\/posts\/576","targetHints":{"allow":["GET"]}}],"collection":[{"href":"https:\/\/moked.it\/paginebraiche\/wp-json\/wp\/v2\/posts"}],"about":[{"href":"https:\/\/moked.it\/paginebraiche\/wp-json\/wp\/v2\/types\/post"}],"author":[{"embeddable":true,"href":"https:\/\/moked.it\/paginebraiche\/wp-json\/wp\/v2\/users\/1"}],"replies":[{"embeddable":true,"href":"https:\/\/moked.it\/paginebraiche\/wp-json\/wp\/v2\/comments?post=576"}],"version-history":[{"count":1,"href":"https:\/\/moked.it\/paginebraiche\/wp-json\/wp\/v2\/posts\/576\/revisions"}],"predecessor-version":[{"id":578,"href":"https:\/\/moked.it\/paginebraiche\/wp-json\/wp\/v2\/posts\/576\/revisions\/578"}],"wp:attachment":[{"href":"https:\/\/moked.it\/paginebraiche\/wp-json\/wp\/v2\/media?parent=576"}],"wp:term":[{"taxonomy":"category","embeddable":true,"href":"https:\/\/moked.it\/paginebraiche\/wp-json\/wp\/v2\/categories?post=576"},{"taxonomy":"post_tag","embeddable":true,"href":"https:\/\/moked.it\/paginebraiche\/wp-json\/wp\/v2\/tags?post=576"},{"taxonomy":"position","embeddable":true,"href":"https:\/\/moked.it\/paginebraiche\/wp-json\/wp\/v2\/position?post=576"}],"curies":[{"name":"wp","href":"https:\/\/api.w.org\/{rel}","templated":true}]}}