{"id":609,"date":"2013-03-11T05:44:12","date_gmt":"2013-03-11T10:44:12","guid":{"rendered":"http:\/\/moked.it\/paginebraiche\/?p=609"},"modified":"2013-03-11T05:44:12","modified_gmt":"2013-03-11T10:44:12","slug":"yom-hatorah-unisce-litalia-ebraica","status":"publish","type":"post","link":"https:\/\/moked.it\/paginebraiche\/2013\/03\/11\/yom-hatorah-unisce-litalia-ebraica\/","title":{"rendered":"Yom HaTorah unisce l&#8217;Italia ebraica"},"content":{"rendered":"<p><a href=\"http:\/\/moked.it\/paginebraiche\/files\/2013\/03\/milano.jpg\"><img loading=\"lazy\" decoding=\"async\" src=\"http:\/\/moked.it\/paginebraiche\/files\/2013\/03\/milano.jpg\" alt=\"\" title=\"milano\" width=\"1024\" height=\"765\" class=\"alignleft size-full wp-image-610\" srcset=\"https:\/\/moked.it\/paginebraiche\/files\/2013\/03\/milano.jpg 1024w, https:\/\/moked.it\/paginebraiche\/files\/2013\/03\/milano-300x224.jpg 300w\" sizes=\"auto, (max-width: 1024px) 100vw, 1024px\" \/><\/a>La dedizione e la passione di un Maestro che ha lasciato una traccia indimenticabile. Il magistero di rav Raffaele Grassini, gi\u00e0 rabbino capo, shochet e sofer delle Comunit\u00e0 ebraiche di Trieste e Venezia, \u00e8 presente nelle tante iniziative che in occasione di Yom HaTorah, giornata dedicata allo studio promossa per il secondo anno consecutivo dal dipartimento Educazione e Cultura dell\u2019Unione delle Comunit\u00e0 Ebraiche Italiane, hanno voluto rendergli omaggio e nel suo nome, alla sua memoria celebrare il piacere, l\u2019intensit\u00e0 e la gioia del confronto sui testi della Tradizione. Lo hanno ricordato con commozione, tra gli altri, il rabbino capo di Roma rav Riccardo Di Segni e, a Milano, il presidente dell\u2019Assemblea rabbinica italiana rav Elia Richetti. L\u2019amico, l\u2019allievo, il rabbino capace di dare, con il suo entusiasmo, un impulso decisivo nella vita delle Comunit\u00e0 in cui ha operato \u00e8 stato al centro di molti interventi.<br \/>\nTema di questa seconda edizione di Yom HaTorah la proibizione di rivolgersi a maghi e ciarlatani per provare ad anticipare il domani.\u201cNon cercate di indovinare il futuro e non fate magia\u201d, come recita un versetto di Vaykra preso come modello e sviluppato attraverso lezioni, sessioni di studio, momenti collettivi di preghiera e riflessione. Nelle sinagoghe ma anche nelle sale comunitarie e nelle scuole. Nel segno della hevrutah, l\u2019usanza di studiare e confrontarsi con uno o pi\u00f9 compagni di pari livello. E con genitori e figli, nei vari appuntamenti \u2018avot uvanim\u2019, capaci di imparare l\u2019uno dall\u2019altro in posizione assolutamente paritaria. \u201cYom HaTorah vuol essere il nostro modo di festeggiare i Maestri\u201d, ha sottolineato l\u2019assessore al culto UCEI Settimio Pavoncello.<br \/>\nTanti gli ospiti internazionali che, al fianco della rabbanut italiana, hanno voluto confrontarsi sui cardini dell\u2019identit\u00e0 ebraica in merito a queste stringenti tematiche. Da rav Michael Monheit a rav Yosef Carmel allo studioso parigino Haim Baharier. Fortissimo il richiamo alla consapevolezza. \u201cIn questo momento di grave crisi e precariet\u00e0 tanta gente riempie il vuoto con l\u2019ansia di captare il futuro. Questo \u00e8 l\u2019opposto che la Torah ci dice a proposito del tempo. La Torah \u2013 ha affermato rav Roberto Della Rocca, direttore del Dec UCEI \u2013 ci insegna ad andare in un\u2019altra direzione che \u00e8 nell\u2019ottica di una responsabilizzazione. Niente fughe in avanti\u201d. Rivolgersi agli oroscopi, ha incalzato rav Arbib con parole di grande chiarezza, \u201c\u00e8 un\u2019azione de-responsabilizzante\u201d.<br \/>\nYom HaTorah, come detto, \u00e8 stata soprattutto una giornata di festa. Festa ad esempio \u00e8 stata nelle tante tavole imbandite, in tutto il paese, in collaborazione con l\u2019Unione Giovani Ebrei d\u2019Italia. L\u2019idea \u00e8 stata quella di replicare il successo ottenuto lo scorso anno con RashiSushi. A pranzo e a cena insieme ai Maestri, per discutere di grandi temi in un proficuo intreccio di convivialit\u00e0 e studio che ha registrato notevole partecipazione a Roma e Milano cos\u00ec come a Firenze e Torino.<\/p>\n","protected":false},"excerpt":{"rendered":"<p>La dedizione e la passione di un Maestro che ha lasciato una traccia indimenticabile. Il magistero di rav Raffaele Grassini, gi\u00e0 rabbino capo, shochet e sofer delle Comunit\u00e0 ebraiche di Trieste e Venezia, \u00e8 presente nelle tante iniziative che in occasione di Yom HaTorah, giornata dedicata allo studio promossa per il secondo anno consecutivo dal&hellip; <a class=\"more\" rel=\"bookmark\" href=\"https:\/\/moked.it\/paginebraiche\/2013\/03\/11\/yom-hatorah-unisce-litalia-ebraica\/\">leggi&nbsp;<i class=\"fa fa-chevron-circle-right\"><\/i><\/a><\/p>\n","protected":false},"author":1,"featured_media":0,"menu_order":0,"comment_status":"closed","ping_status":"open","sticky":false,"template":"","format":"standard","meta":{"footnotes":""},"categories":[1],"tags":[],"position":[],"class_list":["post-609","post","type-post","status-publish","format-standard","hentry","category-uncategorized"],"yoast_head":"<!-- This site is optimized with the Yoast SEO plugin v26.0 - https:\/\/yoast.com\/wordpress\/plugins\/seo\/ -->\n<title>Yom HaTorah unisce l&#039;Italia ebraica - Pagine Ebraiche<\/title>\n<meta name=\"robots\" content=\"index, follow, max-snippet:-1, max-image-preview:large, max-video-preview:-1\" \/>\n<link rel=\"canonical\" href=\"https:\/\/moked.it\/paginebraiche\/2013\/03\/11\/yom-hatorah-unisce-litalia-ebraica\/\" \/>\n<meta property=\"og:locale\" content=\"it_IT\" \/>\n<meta property=\"og:type\" content=\"article\" \/>\n<meta property=\"og:title\" content=\"Yom HaTorah unisce l&#039;Italia ebraica - Pagine Ebraiche\" \/>\n<meta property=\"og:description\" content=\"La dedizione e la passione di un Maestro che ha lasciato una traccia indimenticabile. Il magistero di rav Raffaele Grassini, gi\u00e0 rabbino capo, shochet e sofer delle Comunit\u00e0 ebraiche di Trieste e Venezia, \u00e8 presente nelle tante iniziative che in occasione di Yom HaTorah, giornata dedicata allo studio promossa per il secondo anno consecutivo dal&hellip; leggi&nbsp;\" \/>\n<meta property=\"og:url\" content=\"https:\/\/moked.it\/paginebraiche\/2013\/03\/11\/yom-hatorah-unisce-litalia-ebraica\/\" \/>\n<meta property=\"og:site_name\" content=\"Pagine Ebraiche\" \/>\n<meta property=\"article:published_time\" content=\"2013-03-11T10:44:12+00:00\" \/>\n<meta property=\"og:image\" content=\"http:\/\/moked.it\/paginebraiche\/files\/2013\/03\/milano.jpg\" \/>\n<meta name=\"author\" content=\"admin\" \/>\n<meta name=\"twitter:card\" content=\"summary_large_image\" \/>\n<meta name=\"twitter:label1\" content=\"Scritto da\" \/>\n\t<meta name=\"twitter:data1\" content=\"admin\" \/>\n\t<meta name=\"twitter:label2\" content=\"Tempo di lettura stimato\" \/>\n\t<meta name=\"twitter:data2\" content=\"2 minuti\" \/>\n<script type=\"application\/ld+json\" class=\"yoast-schema-graph\">{\"@context\":\"https:\/\/schema.org\",\"@graph\":[{\"@type\":\"WebPage\",\"@id\":\"https:\/\/moked.it\/paginebraiche\/2013\/03\/11\/yom-hatorah-unisce-litalia-ebraica\/\",\"url\":\"https:\/\/moked.it\/paginebraiche\/2013\/03\/11\/yom-hatorah-unisce-litalia-ebraica\/\",\"name\":\"Yom HaTorah unisce l'Italia ebraica - Pagine Ebraiche\",\"isPartOf\":{\"@id\":\"https:\/\/moked.it\/paginebraiche\/#website\"},\"primaryImageOfPage\":{\"@id\":\"https:\/\/moked.it\/paginebraiche\/2013\/03\/11\/yom-hatorah-unisce-litalia-ebraica\/#primaryimage\"},\"image\":{\"@id\":\"https:\/\/moked.it\/paginebraiche\/2013\/03\/11\/yom-hatorah-unisce-litalia-ebraica\/#primaryimage\"},\"thumbnailUrl\":\"http:\/\/moked.it\/paginebraiche\/files\/2013\/03\/milano.jpg\",\"datePublished\":\"2013-03-11T10:44:12+00:00\",\"author\":{\"@id\":\"https:\/\/moked.it\/paginebraiche\/#\/schema\/person\/723f5746de4ea0e08fab5790d734e554\"},\"breadcrumb\":{\"@id\":\"https:\/\/moked.it\/paginebraiche\/2013\/03\/11\/yom-hatorah-unisce-litalia-ebraica\/#breadcrumb\"},\"inLanguage\":\"it-IT\",\"potentialAction\":[{\"@type\":\"ReadAction\",\"target\":[\"https:\/\/moked.it\/paginebraiche\/2013\/03\/11\/yom-hatorah-unisce-litalia-ebraica\/\"]}]},{\"@type\":\"ImageObject\",\"inLanguage\":\"it-IT\",\"@id\":\"https:\/\/moked.it\/paginebraiche\/2013\/03\/11\/yom-hatorah-unisce-litalia-ebraica\/#primaryimage\",\"url\":\"https:\/\/moked.it\/paginebraiche\/files\/2013\/03\/milano.jpg\",\"contentUrl\":\"https:\/\/moked.it\/paginebraiche\/files\/2013\/03\/milano.jpg\",\"width\":\"1024\",\"height\":\"765\"},{\"@type\":\"BreadcrumbList\",\"@id\":\"https:\/\/moked.it\/paginebraiche\/2013\/03\/11\/yom-hatorah-unisce-litalia-ebraica\/#breadcrumb\",\"itemListElement\":[{\"@type\":\"ListItem\",\"position\":1,\"name\":\"Home\",\"item\":\"https:\/\/moked.it\/paginebraiche\/\"},{\"@type\":\"ListItem\",\"position\":2,\"name\":\"Yom HaTorah unisce l&#8217;Italia ebraica\"}]},{\"@type\":\"WebSite\",\"@id\":\"https:\/\/moked.it\/paginebraiche\/#website\",\"url\":\"https:\/\/moked.it\/paginebraiche\/\",\"name\":\"Pagine Ebraiche\",\"description\":\"Il giornale dell&#039;ebraismo italiano\",\"potentialAction\":[{\"@type\":\"SearchAction\",\"target\":{\"@type\":\"EntryPoint\",\"urlTemplate\":\"https:\/\/moked.it\/paginebraiche\/?s={search_term_string}\"},\"query-input\":{\"@type\":\"PropertyValueSpecification\",\"valueRequired\":true,\"valueName\":\"search_term_string\"}}],\"inLanguage\":\"it-IT\"},{\"@type\":\"Person\",\"@id\":\"https:\/\/moked.it\/paginebraiche\/#\/schema\/person\/723f5746de4ea0e08fab5790d734e554\",\"name\":\"admin\",\"image\":{\"@type\":\"ImageObject\",\"inLanguage\":\"it-IT\",\"@id\":\"https:\/\/moked.it\/paginebraiche\/#\/schema\/person\/image\/\",\"url\":\"https:\/\/secure.gravatar.com\/avatar\/cadb6747455b21c18b2cfb9aad35ab377cb4ba61ea46f6fba9fb91fd33059fde?s=96&d=mm&r=g\",\"contentUrl\":\"https:\/\/secure.gravatar.com\/avatar\/cadb6747455b21c18b2cfb9aad35ab377cb4ba61ea46f6fba9fb91fd33059fde?s=96&d=mm&r=g\",\"caption\":\"admin\"},\"url\":\"https:\/\/moked.it\/paginebraiche\/author\/admin\/\"}]}<\/script>\n<!-- \/ Yoast SEO plugin. -->","yoast_head_json":{"title":"Yom HaTorah unisce l'Italia ebraica - Pagine Ebraiche","robots":{"index":"index","follow":"follow","max-snippet":"max-snippet:-1","max-image-preview":"max-image-preview:large","max-video-preview":"max-video-preview:-1"},"canonical":"https:\/\/moked.it\/paginebraiche\/2013\/03\/11\/yom-hatorah-unisce-litalia-ebraica\/","og_locale":"it_IT","og_type":"article","og_title":"Yom HaTorah unisce l'Italia ebraica - Pagine Ebraiche","og_description":"La dedizione e la passione di un Maestro che ha lasciato una traccia indimenticabile. Il magistero di rav Raffaele Grassini, gi\u00e0 rabbino capo, shochet e sofer delle Comunit\u00e0 ebraiche di Trieste e Venezia, \u00e8 presente nelle tante iniziative che in occasione di Yom HaTorah, giornata dedicata allo studio promossa per il secondo anno consecutivo dal&hellip; leggi&nbsp;","og_url":"https:\/\/moked.it\/paginebraiche\/2013\/03\/11\/yom-hatorah-unisce-litalia-ebraica\/","og_site_name":"Pagine Ebraiche","article_published_time":"2013-03-11T10:44:12+00:00","og_image":[{"url":"http:\/\/moked.it\/paginebraiche\/files\/2013\/03\/milano.jpg","type":"","width":"","height":""}],"author":"admin","twitter_card":"summary_large_image","twitter_misc":{"Scritto da":"admin","Tempo di lettura stimato":"2 minuti"},"schema":{"@context":"https:\/\/schema.org","@graph":[{"@type":"WebPage","@id":"https:\/\/moked.it\/paginebraiche\/2013\/03\/11\/yom-hatorah-unisce-litalia-ebraica\/","url":"https:\/\/moked.it\/paginebraiche\/2013\/03\/11\/yom-hatorah-unisce-litalia-ebraica\/","name":"Yom HaTorah unisce l'Italia ebraica - Pagine Ebraiche","isPartOf":{"@id":"https:\/\/moked.it\/paginebraiche\/#website"},"primaryImageOfPage":{"@id":"https:\/\/moked.it\/paginebraiche\/2013\/03\/11\/yom-hatorah-unisce-litalia-ebraica\/#primaryimage"},"image":{"@id":"https:\/\/moked.it\/paginebraiche\/2013\/03\/11\/yom-hatorah-unisce-litalia-ebraica\/#primaryimage"},"thumbnailUrl":"http:\/\/moked.it\/paginebraiche\/files\/2013\/03\/milano.jpg","datePublished":"2013-03-11T10:44:12+00:00","author":{"@id":"https:\/\/moked.it\/paginebraiche\/#\/schema\/person\/723f5746de4ea0e08fab5790d734e554"},"breadcrumb":{"@id":"https:\/\/moked.it\/paginebraiche\/2013\/03\/11\/yom-hatorah-unisce-litalia-ebraica\/#breadcrumb"},"inLanguage":"it-IT","potentialAction":[{"@type":"ReadAction","target":["https:\/\/moked.it\/paginebraiche\/2013\/03\/11\/yom-hatorah-unisce-litalia-ebraica\/"]}]},{"@type":"ImageObject","inLanguage":"it-IT","@id":"https:\/\/moked.it\/paginebraiche\/2013\/03\/11\/yom-hatorah-unisce-litalia-ebraica\/#primaryimage","url":"https:\/\/moked.it\/paginebraiche\/files\/2013\/03\/milano.jpg","contentUrl":"https:\/\/moked.it\/paginebraiche\/files\/2013\/03\/milano.jpg","width":"1024","height":"765"},{"@type":"BreadcrumbList","@id":"https:\/\/moked.it\/paginebraiche\/2013\/03\/11\/yom-hatorah-unisce-litalia-ebraica\/#breadcrumb","itemListElement":[{"@type":"ListItem","position":1,"name":"Home","item":"https:\/\/moked.it\/paginebraiche\/"},{"@type":"ListItem","position":2,"name":"Yom HaTorah unisce l&#8217;Italia ebraica"}]},{"@type":"WebSite","@id":"https:\/\/moked.it\/paginebraiche\/#website","url":"https:\/\/moked.it\/paginebraiche\/","name":"Pagine Ebraiche","description":"Il giornale dell&#039;ebraismo italiano","potentialAction":[{"@type":"SearchAction","target":{"@type":"EntryPoint","urlTemplate":"https:\/\/moked.it\/paginebraiche\/?s={search_term_string}"},"query-input":{"@type":"PropertyValueSpecification","valueRequired":true,"valueName":"search_term_string"}}],"inLanguage":"it-IT"},{"@type":"Person","@id":"https:\/\/moked.it\/paginebraiche\/#\/schema\/person\/723f5746de4ea0e08fab5790d734e554","name":"admin","image":{"@type":"ImageObject","inLanguage":"it-IT","@id":"https:\/\/moked.it\/paginebraiche\/#\/schema\/person\/image\/","url":"https:\/\/secure.gravatar.com\/avatar\/cadb6747455b21c18b2cfb9aad35ab377cb4ba61ea46f6fba9fb91fd33059fde?s=96&d=mm&r=g","contentUrl":"https:\/\/secure.gravatar.com\/avatar\/cadb6747455b21c18b2cfb9aad35ab377cb4ba61ea46f6fba9fb91fd33059fde?s=96&d=mm&r=g","caption":"admin"},"url":"https:\/\/moked.it\/paginebraiche\/author\/admin\/"}]}},"_links":{"self":[{"href":"https:\/\/moked.it\/paginebraiche\/wp-json\/wp\/v2\/posts\/609","targetHints":{"allow":["GET"]}}],"collection":[{"href":"https:\/\/moked.it\/paginebraiche\/wp-json\/wp\/v2\/posts"}],"about":[{"href":"https:\/\/moked.it\/paginebraiche\/wp-json\/wp\/v2\/types\/post"}],"author":[{"embeddable":true,"href":"https:\/\/moked.it\/paginebraiche\/wp-json\/wp\/v2\/users\/1"}],"replies":[{"embeddable":true,"href":"https:\/\/moked.it\/paginebraiche\/wp-json\/wp\/v2\/comments?post=609"}],"version-history":[{"count":1,"href":"https:\/\/moked.it\/paginebraiche\/wp-json\/wp\/v2\/posts\/609\/revisions"}],"predecessor-version":[{"id":611,"href":"https:\/\/moked.it\/paginebraiche\/wp-json\/wp\/v2\/posts\/609\/revisions\/611"}],"wp:attachment":[{"href":"https:\/\/moked.it\/paginebraiche\/wp-json\/wp\/v2\/media?parent=609"}],"wp:term":[{"taxonomy":"category","embeddable":true,"href":"https:\/\/moked.it\/paginebraiche\/wp-json\/wp\/v2\/categories?post=609"},{"taxonomy":"post_tag","embeddable":true,"href":"https:\/\/moked.it\/paginebraiche\/wp-json\/wp\/v2\/tags?post=609"},{"taxonomy":"position","embeddable":true,"href":"https:\/\/moked.it\/paginebraiche\/wp-json\/wp\/v2\/position?post=609"}],"curies":[{"name":"wp","href":"https:\/\/api.w.org\/{rel}","templated":true}]}}