{"id":622,"date":"2013-04-05T07:45:28","date_gmt":"2013-04-05T12:45:28","guid":{"rendered":"http:\/\/moked.it\/paginebraiche\/?p=622"},"modified":"2013-04-05T07:45:28","modified_gmt":"2013-04-05T12:45:28","slug":"yom-hashoah-con-gli-eroi-del-ghetto-di-varsavia","status":"publish","type":"post","link":"https:\/\/moked.it\/paginebraiche\/2013\/04\/05\/yom-hashoah-con-gli-eroi-del-ghetto-di-varsavia\/","title":{"rendered":"Yom HaShoah &#8211; Con gli eroi del Ghetto di Varsavia"},"content":{"rendered":"<p><a href=\"http:\/\/moked.it\/paginebraiche\/files\/2013\/04\/sacks.jpg\"><img loading=\"lazy\" decoding=\"async\" src=\"http:\/\/moked.it\/paginebraiche\/files\/2013\/04\/sacks.jpg\" alt=\"\" title=\"sacks\" width=\"1024\" height=\"695\" class=\"alignleft size-full wp-image-623\" srcset=\"https:\/\/moked.it\/paginebraiche\/files\/2013\/04\/sacks.jpg 1024w, https:\/\/moked.it\/paginebraiche\/files\/2013\/04\/sacks-300x203.jpg 300w\" sizes=\"auto, (max-width: 1024px) 100vw, 1024px\" \/><\/a>Il rabbino capo del Commovwealth Rav Lord  rav Jonathan Sacks ha pronunciato questa mattina di fronte ai microfoni della BBC le seguenti parole in occasione del settantesimo anniversario della Rivolta del Ghetto di Varsavia e di Yom HaShoah:<\/p>\n<p>Questa domenica sar\u00e0 Yom HaShoah, il giorno in cui nelle comunit\u00e0 ebraiche ricordiamo l\u2019Olocausto. Quest\u2019anno la data coincide con il settantesimo anniversario di uno dei momenti pi\u00f9 terribili di quella lunga notte oscura: la Rivolta del Ghetto di Varsavia. Alcuni dei peggiori piani di sterminio di massa portati avanti dai nazisti sono stati programmati apposta in occasione di festivit\u00e0 ebraiche, in modo da eliminare non solo chi fosse non solo gli esseri umani ebrei, ma anche la fede ebraica. Cos\u00ec l\u2019eliminazione del ghetto e di tutti i suoi abitanti \u00e8 stata pianificata per Pesach, nel 1943, nel tentativo di provare, nel giorno della festa che inneggia alla libert\u00e0, che il Dio della libert\u00e0 non \u00e8 una realt\u00e0. In qualche modo gli ebrei chiusi nel ghetto lo vennero a sapere e nonostante fossero indeboliti dalla fame e dalle malattie e avessero solo pochissime armi decisero di impegnarsi in un atto collettivo di sfida. Sapevano che una volta circondati dall\u2019esercito tedesco non avrebbero avuto alcuna possibilit\u00e0 di vittoria, ma resistettero per un mese, e la lotta continu\u00f2 in maniera sporadica per ulteriori tre settimane.<br \/>\nFu un punto di svolta nella storia ebraica: grandi rabbini, nel ghetto, appoggiavano la rivolta. Nel passato gli ebrei erano stati perseguitati da chi voleva si convertissero ed erano disposti ad andare incontro alla morte da martiri piuttosto che tradire la propria fede. Ma i nazisti non volevano che si convertissero, li volevano distruggere.<br \/>\nCos\u00ec, dissero i rabbini, dobbiamo sfidarli rifiutando di morire, lottando per il diritto a vivere. Sapevano che sarebbero morti comunque quasi tutti, ma volevano fare un atto di protesta in nome della vita, e lo portarono avanti con immenso coraggio.<br \/>\nDopo la Shoah gli ebrei e buona parte del mondo giurarono \u201cMai pi\u00f9\u201d. Tuttavia negli ultimi anni l\u2019antisemitismo \u00e8 tornato in Europa, dalla Grecia a sud fino alla Norvegia, al nord, dalla Francia, a ovest, fino alla Russia a est. Nulla di simile a quello che \u00e8 stato in passato, ma abbastanza perch\u00e9 gli ebrei si preoccupino di cosa potrebbe riservare il futuro.<br \/>\nGli ebrei furono odiati perch\u00e9 erano una minoranza e perch\u00e9 erano diversi. Ma siamo tutti diversi e ogni gruppo potrebbe un giorno trovarsi ad essere minoranza. Gli ebrei non furono i soli a soffrire sotto Hitler.<br \/>\nQuesto \u00e8 il motivo per cui dobbiamo imparare a combattere insieme contro l\u2019odio. E&#8217; il minimo che dobbiamo agli eroi del Ghetto di Varsavia.<\/p>\n<p>(nell&#8217;immagine: il Rav Sacks con il Presidente dell&#8217;Unione delle Comunit\u00e0 Ebraiche Italiane Renzo Gattegna sfoglia un recente numero del giornale dell&#8217;ebraismo italiano Pagine Ebraiche<\/p>\n","protected":false},"excerpt":{"rendered":"<p>Il rabbino capo del Commovwealth Rav Lord rav Jonathan Sacks ha pronunciato questa mattina di fronte ai microfoni della BBC le seguenti parole in occasione del settantesimo anniversario della Rivolta del Ghetto di Varsavia e di Yom HaShoah: Questa domenica sar\u00e0 Yom HaShoah, il giorno in cui nelle comunit\u00e0 ebraiche ricordiamo l\u2019Olocausto. Quest\u2019anno la data&hellip; <a class=\"more\" rel=\"bookmark\" href=\"https:\/\/moked.it\/paginebraiche\/2013\/04\/05\/yom-hashoah-con-gli-eroi-del-ghetto-di-varsavia\/\">leggi&nbsp;<i class=\"fa fa-chevron-circle-right\"><\/i><\/a><\/p>\n","protected":false},"author":1,"featured_media":0,"menu_order":0,"comment_status":"closed","ping_status":"open","sticky":false,"template":"","format":"standard","meta":{"footnotes":""},"categories":[1],"tags":[],"position":[],"class_list":["post-622","post","type-post","status-publish","format-standard","hentry","category-uncategorized"],"yoast_head":"<!-- This site is optimized with the Yoast SEO plugin v26.0 - https:\/\/yoast.com\/wordpress\/plugins\/seo\/ -->\n<title>Yom HaShoah - Con gli eroi del Ghetto di Varsavia - Pagine Ebraiche<\/title>\n<meta name=\"robots\" content=\"index, follow, max-snippet:-1, max-image-preview:large, max-video-preview:-1\" \/>\n<link rel=\"canonical\" href=\"https:\/\/moked.it\/paginebraiche\/2013\/04\/05\/yom-hashoah-con-gli-eroi-del-ghetto-di-varsavia\/\" \/>\n<meta property=\"og:locale\" content=\"it_IT\" \/>\n<meta property=\"og:type\" content=\"article\" \/>\n<meta property=\"og:title\" content=\"Yom HaShoah - Con gli eroi del Ghetto di Varsavia - Pagine Ebraiche\" \/>\n<meta property=\"og:description\" content=\"Il rabbino capo del Commovwealth Rav Lord rav Jonathan Sacks ha pronunciato questa mattina di fronte ai microfoni della BBC le seguenti parole in occasione del settantesimo anniversario della Rivolta del Ghetto di Varsavia e di Yom HaShoah: Questa domenica sar\u00e0 Yom HaShoah, il giorno in cui nelle comunit\u00e0 ebraiche ricordiamo l\u2019Olocausto. Quest\u2019anno la data&hellip; leggi&nbsp;\" \/>\n<meta property=\"og:url\" content=\"https:\/\/moked.it\/paginebraiche\/2013\/04\/05\/yom-hashoah-con-gli-eroi-del-ghetto-di-varsavia\/\" \/>\n<meta property=\"og:site_name\" content=\"Pagine Ebraiche\" \/>\n<meta property=\"article:published_time\" content=\"2013-04-05T12:45:28+00:00\" \/>\n<meta property=\"og:image\" content=\"http:\/\/moked.it\/paginebraiche\/files\/2013\/04\/sacks.jpg\" \/>\n<meta name=\"author\" content=\"admin\" \/>\n<meta name=\"twitter:card\" content=\"summary_large_image\" \/>\n<meta name=\"twitter:label1\" content=\"Scritto da\" \/>\n\t<meta name=\"twitter:data1\" content=\"admin\" \/>\n\t<meta name=\"twitter:label2\" content=\"Tempo di lettura stimato\" \/>\n\t<meta name=\"twitter:data2\" content=\"2 minuti\" \/>\n<script type=\"application\/ld+json\" class=\"yoast-schema-graph\">{\"@context\":\"https:\/\/schema.org\",\"@graph\":[{\"@type\":\"WebPage\",\"@id\":\"https:\/\/moked.it\/paginebraiche\/2013\/04\/05\/yom-hashoah-con-gli-eroi-del-ghetto-di-varsavia\/\",\"url\":\"https:\/\/moked.it\/paginebraiche\/2013\/04\/05\/yom-hashoah-con-gli-eroi-del-ghetto-di-varsavia\/\",\"name\":\"Yom HaShoah - Con gli eroi del Ghetto di Varsavia - Pagine Ebraiche\",\"isPartOf\":{\"@id\":\"https:\/\/moked.it\/paginebraiche\/#website\"},\"primaryImageOfPage\":{\"@id\":\"https:\/\/moked.it\/paginebraiche\/2013\/04\/05\/yom-hashoah-con-gli-eroi-del-ghetto-di-varsavia\/#primaryimage\"},\"image\":{\"@id\":\"https:\/\/moked.it\/paginebraiche\/2013\/04\/05\/yom-hashoah-con-gli-eroi-del-ghetto-di-varsavia\/#primaryimage\"},\"thumbnailUrl\":\"http:\/\/moked.it\/paginebraiche\/files\/2013\/04\/sacks.jpg\",\"datePublished\":\"2013-04-05T12:45:28+00:00\",\"author\":{\"@id\":\"https:\/\/moked.it\/paginebraiche\/#\/schema\/person\/723f5746de4ea0e08fab5790d734e554\"},\"breadcrumb\":{\"@id\":\"https:\/\/moked.it\/paginebraiche\/2013\/04\/05\/yom-hashoah-con-gli-eroi-del-ghetto-di-varsavia\/#breadcrumb\"},\"inLanguage\":\"it-IT\",\"potentialAction\":[{\"@type\":\"ReadAction\",\"target\":[\"https:\/\/moked.it\/paginebraiche\/2013\/04\/05\/yom-hashoah-con-gli-eroi-del-ghetto-di-varsavia\/\"]}]},{\"@type\":\"ImageObject\",\"inLanguage\":\"it-IT\",\"@id\":\"https:\/\/moked.it\/paginebraiche\/2013\/04\/05\/yom-hashoah-con-gli-eroi-del-ghetto-di-varsavia\/#primaryimage\",\"url\":\"https:\/\/moked.it\/paginebraiche\/files\/2013\/04\/sacks.jpg\",\"contentUrl\":\"https:\/\/moked.it\/paginebraiche\/files\/2013\/04\/sacks.jpg\",\"width\":\"1024\",\"height\":\"695\"},{\"@type\":\"BreadcrumbList\",\"@id\":\"https:\/\/moked.it\/paginebraiche\/2013\/04\/05\/yom-hashoah-con-gli-eroi-del-ghetto-di-varsavia\/#breadcrumb\",\"itemListElement\":[{\"@type\":\"ListItem\",\"position\":1,\"name\":\"Home\",\"item\":\"https:\/\/moked.it\/paginebraiche\/\"},{\"@type\":\"ListItem\",\"position\":2,\"name\":\"Yom HaShoah &#8211; Con gli eroi del Ghetto di Varsavia\"}]},{\"@type\":\"WebSite\",\"@id\":\"https:\/\/moked.it\/paginebraiche\/#website\",\"url\":\"https:\/\/moked.it\/paginebraiche\/\",\"name\":\"Pagine Ebraiche\",\"description\":\"Il giornale dell&#039;ebraismo italiano\",\"potentialAction\":[{\"@type\":\"SearchAction\",\"target\":{\"@type\":\"EntryPoint\",\"urlTemplate\":\"https:\/\/moked.it\/paginebraiche\/?s={search_term_string}\"},\"query-input\":{\"@type\":\"PropertyValueSpecification\",\"valueRequired\":true,\"valueName\":\"search_term_string\"}}],\"inLanguage\":\"it-IT\"},{\"@type\":\"Person\",\"@id\":\"https:\/\/moked.it\/paginebraiche\/#\/schema\/person\/723f5746de4ea0e08fab5790d734e554\",\"name\":\"admin\",\"image\":{\"@type\":\"ImageObject\",\"inLanguage\":\"it-IT\",\"@id\":\"https:\/\/moked.it\/paginebraiche\/#\/schema\/person\/image\/\",\"url\":\"https:\/\/secure.gravatar.com\/avatar\/cadb6747455b21c18b2cfb9aad35ab377cb4ba61ea46f6fba9fb91fd33059fde?s=96&d=mm&r=g\",\"contentUrl\":\"https:\/\/secure.gravatar.com\/avatar\/cadb6747455b21c18b2cfb9aad35ab377cb4ba61ea46f6fba9fb91fd33059fde?s=96&d=mm&r=g\",\"caption\":\"admin\"},\"url\":\"https:\/\/moked.it\/paginebraiche\/author\/admin\/\"}]}<\/script>\n<!-- \/ Yoast SEO plugin. -->","yoast_head_json":{"title":"Yom HaShoah - Con gli eroi del Ghetto di Varsavia - Pagine Ebraiche","robots":{"index":"index","follow":"follow","max-snippet":"max-snippet:-1","max-image-preview":"max-image-preview:large","max-video-preview":"max-video-preview:-1"},"canonical":"https:\/\/moked.it\/paginebraiche\/2013\/04\/05\/yom-hashoah-con-gli-eroi-del-ghetto-di-varsavia\/","og_locale":"it_IT","og_type":"article","og_title":"Yom HaShoah - Con gli eroi del Ghetto di Varsavia - Pagine Ebraiche","og_description":"Il rabbino capo del Commovwealth Rav Lord rav Jonathan Sacks ha pronunciato questa mattina di fronte ai microfoni della BBC le seguenti parole in occasione del settantesimo anniversario della Rivolta del Ghetto di Varsavia e di Yom HaShoah: Questa domenica sar\u00e0 Yom HaShoah, il giorno in cui nelle comunit\u00e0 ebraiche ricordiamo l\u2019Olocausto. Quest\u2019anno la data&hellip; leggi&nbsp;","og_url":"https:\/\/moked.it\/paginebraiche\/2013\/04\/05\/yom-hashoah-con-gli-eroi-del-ghetto-di-varsavia\/","og_site_name":"Pagine Ebraiche","article_published_time":"2013-04-05T12:45:28+00:00","og_image":[{"url":"http:\/\/moked.it\/paginebraiche\/files\/2013\/04\/sacks.jpg","type":"","width":"","height":""}],"author":"admin","twitter_card":"summary_large_image","twitter_misc":{"Scritto da":"admin","Tempo di lettura stimato":"2 minuti"},"schema":{"@context":"https:\/\/schema.org","@graph":[{"@type":"WebPage","@id":"https:\/\/moked.it\/paginebraiche\/2013\/04\/05\/yom-hashoah-con-gli-eroi-del-ghetto-di-varsavia\/","url":"https:\/\/moked.it\/paginebraiche\/2013\/04\/05\/yom-hashoah-con-gli-eroi-del-ghetto-di-varsavia\/","name":"Yom HaShoah - Con gli eroi del Ghetto di Varsavia - Pagine Ebraiche","isPartOf":{"@id":"https:\/\/moked.it\/paginebraiche\/#website"},"primaryImageOfPage":{"@id":"https:\/\/moked.it\/paginebraiche\/2013\/04\/05\/yom-hashoah-con-gli-eroi-del-ghetto-di-varsavia\/#primaryimage"},"image":{"@id":"https:\/\/moked.it\/paginebraiche\/2013\/04\/05\/yom-hashoah-con-gli-eroi-del-ghetto-di-varsavia\/#primaryimage"},"thumbnailUrl":"http:\/\/moked.it\/paginebraiche\/files\/2013\/04\/sacks.jpg","datePublished":"2013-04-05T12:45:28+00:00","author":{"@id":"https:\/\/moked.it\/paginebraiche\/#\/schema\/person\/723f5746de4ea0e08fab5790d734e554"},"breadcrumb":{"@id":"https:\/\/moked.it\/paginebraiche\/2013\/04\/05\/yom-hashoah-con-gli-eroi-del-ghetto-di-varsavia\/#breadcrumb"},"inLanguage":"it-IT","potentialAction":[{"@type":"ReadAction","target":["https:\/\/moked.it\/paginebraiche\/2013\/04\/05\/yom-hashoah-con-gli-eroi-del-ghetto-di-varsavia\/"]}]},{"@type":"ImageObject","inLanguage":"it-IT","@id":"https:\/\/moked.it\/paginebraiche\/2013\/04\/05\/yom-hashoah-con-gli-eroi-del-ghetto-di-varsavia\/#primaryimage","url":"https:\/\/moked.it\/paginebraiche\/files\/2013\/04\/sacks.jpg","contentUrl":"https:\/\/moked.it\/paginebraiche\/files\/2013\/04\/sacks.jpg","width":"1024","height":"695"},{"@type":"BreadcrumbList","@id":"https:\/\/moked.it\/paginebraiche\/2013\/04\/05\/yom-hashoah-con-gli-eroi-del-ghetto-di-varsavia\/#breadcrumb","itemListElement":[{"@type":"ListItem","position":1,"name":"Home","item":"https:\/\/moked.it\/paginebraiche\/"},{"@type":"ListItem","position":2,"name":"Yom HaShoah &#8211; Con gli eroi del Ghetto di Varsavia"}]},{"@type":"WebSite","@id":"https:\/\/moked.it\/paginebraiche\/#website","url":"https:\/\/moked.it\/paginebraiche\/","name":"Pagine Ebraiche","description":"Il giornale dell&#039;ebraismo italiano","potentialAction":[{"@type":"SearchAction","target":{"@type":"EntryPoint","urlTemplate":"https:\/\/moked.it\/paginebraiche\/?s={search_term_string}"},"query-input":{"@type":"PropertyValueSpecification","valueRequired":true,"valueName":"search_term_string"}}],"inLanguage":"it-IT"},{"@type":"Person","@id":"https:\/\/moked.it\/paginebraiche\/#\/schema\/person\/723f5746de4ea0e08fab5790d734e554","name":"admin","image":{"@type":"ImageObject","inLanguage":"it-IT","@id":"https:\/\/moked.it\/paginebraiche\/#\/schema\/person\/image\/","url":"https:\/\/secure.gravatar.com\/avatar\/cadb6747455b21c18b2cfb9aad35ab377cb4ba61ea46f6fba9fb91fd33059fde?s=96&d=mm&r=g","contentUrl":"https:\/\/secure.gravatar.com\/avatar\/cadb6747455b21c18b2cfb9aad35ab377cb4ba61ea46f6fba9fb91fd33059fde?s=96&d=mm&r=g","caption":"admin"},"url":"https:\/\/moked.it\/paginebraiche\/author\/admin\/"}]}},"_links":{"self":[{"href":"https:\/\/moked.it\/paginebraiche\/wp-json\/wp\/v2\/posts\/622","targetHints":{"allow":["GET"]}}],"collection":[{"href":"https:\/\/moked.it\/paginebraiche\/wp-json\/wp\/v2\/posts"}],"about":[{"href":"https:\/\/moked.it\/paginebraiche\/wp-json\/wp\/v2\/types\/post"}],"author":[{"embeddable":true,"href":"https:\/\/moked.it\/paginebraiche\/wp-json\/wp\/v2\/users\/1"}],"replies":[{"embeddable":true,"href":"https:\/\/moked.it\/paginebraiche\/wp-json\/wp\/v2\/comments?post=622"}],"version-history":[{"count":1,"href":"https:\/\/moked.it\/paginebraiche\/wp-json\/wp\/v2\/posts\/622\/revisions"}],"predecessor-version":[{"id":624,"href":"https:\/\/moked.it\/paginebraiche\/wp-json\/wp\/v2\/posts\/622\/revisions\/624"}],"wp:attachment":[{"href":"https:\/\/moked.it\/paginebraiche\/wp-json\/wp\/v2\/media?parent=622"}],"wp:term":[{"taxonomy":"category","embeddable":true,"href":"https:\/\/moked.it\/paginebraiche\/wp-json\/wp\/v2\/categories?post=622"},{"taxonomy":"post_tag","embeddable":true,"href":"https:\/\/moked.it\/paginebraiche\/wp-json\/wp\/v2\/tags?post=622"},{"taxonomy":"position","embeddable":true,"href":"https:\/\/moked.it\/paginebraiche\/wp-json\/wp\/v2\/position?post=622"}],"curies":[{"name":"wp","href":"https:\/\/api.w.org\/{rel}","templated":true}]}}