{"id":633,"date":"2013-04-24T09:13:12","date_gmt":"2013-04-24T14:13:12","guid":{"rendered":"http:\/\/moked.it\/paginebraiche\/?p=633"},"modified":"2013-04-24T09:13:12","modified_gmt":"2013-04-24T14:13:12","slug":"quale-visione-per-i-musei-ebraici","status":"publish","type":"post","link":"https:\/\/moked.it\/paginebraiche\/2013\/04\/24\/quale-visione-per-i-musei-ebraici\/","title":{"rendered":"Quale visione per i musei ebraici"},"content":{"rendered":"<p><a href=\"http:\/\/moked.it\/paginebraiche\/files\/2013\/04\/musei-app.jpg\"><img loading=\"lazy\" decoding=\"async\" src=\"http:\/\/moked.it\/paginebraiche\/files\/2013\/04\/musei-app.jpg\" alt=\"\" title=\"musei app\" width=\"1024\" height=\"765\" class=\"alignright size-full wp-image-634\" srcset=\"https:\/\/moked.it\/paginebraiche\/files\/2013\/04\/musei-app.jpg 1024w, https:\/\/moked.it\/paginebraiche\/files\/2013\/04\/musei-app-300x224.jpg 300w\" sizes=\"auto, (max-width: 1024px) 100vw, 1024px\" \/><\/a>Musei ebraici intesi non come rappresentazione di un popolo antico ed estinto, ma piuttosto come occasione di confronto con un ebraismo sintesi di passato, presente e futuro, un ebraismo vivo e attuale. Cos\u00ec il direttore della Fondazione Centro di documentazione ebraica contemporanea Michele Sarfatti ha spiegato il segreto del successo dei musei ebraici che in tutto il mondo costituiscono sempre pi\u00f9 uno spunto di riflessione in grado di coniugare storia, insegnamenti, messaggi, non solo attraverso le collezioni, ma spesso a partire dalle stesse strutture, non di rado espressione dei pi\u00f9 grandi nomi dell\u2019architettura contemporanea. Questi i temi al centro dell\u2019incontro \u201cLa storia degli ebrei nei nuovi musei d\u2019Europa\u201d, organizzato da Fondazione Corriere della Sera, Consolato generale della Repubblica di Polonia in Milano e Cdec. L\u2019occasione \u00e8 stata non soltanto quella di riflettere sugli sviluppi del Museo dell\u2019ebraismo italiano e della Shoah di Ferrara (tra i relatori anche Carla Di Francesco, direttore regionale per i Beni culturali e paesaggistici dell\u2019Emilia Romagna e membro del consiglio di amministrazione del Meis) e del progetto, di diversa genesi e natura, del Memoriale della Shoah di Milano, con l\u2019intervento dell\u2019architetto Annalisa De Curtis (cui si aggiunge, come ha ricordato Sarfatti, il nascente Museo della Shoah di Roma), ma anche di presentare al pubblico italiano il Museo della storia degli ebrei polacchi di Varsavia, che \u00e8 stato aperto inaugurato lo scorso 19 aprile in occasione del settantesimo anniversario della rivolta del ghetto di Varsavia. Ospite una relatrice d\u2019eccezione, la curatrice della mostra permanente (che aprir\u00e0 i battenti nella primavera 2014) e docente della New York University Barbara Kirshenblatt-Gimblett.<br \/>\n\u201cGli avvenimenti della seconda guerra mondiale sono stati talmente forti e tragici che nell\u2019immaginario collettivo sembrano annullare tutto il resto di ci\u00f2 che \u00e8 stata ed \u00e8 la vita ebraica in Polonia \u2013 ha spiegato la professoressa \u2013 Per noi invece \u00e8 importante sottolineare che il museo racconta dieci secoli di straordinaria storia, che prosegue ancora oggi: non vogliamo che i nostri visitatori si concentrino solo sulla galleria dedicata alla Shoah. Dagli oltre 15 mila ingressi che abbiamo registrato durante il primo fine-settimana di apertura, possiamo percepire come la domanda di cultura e di conoscenza dell\u2019ebraismo nel paese sia profonda\u201d.<br \/>\nIl rapporto tra le istituzioni dedicate al ricordo della Shoah e invece quelle dedicate all\u2019ebraismo, con approcci molto diversi, eppure in qualche modo complementari, \u00e8 stato uno dei punti approfonditi da Sarfatti, che ha ricordato anche una delle sfide cui sono chiamati i musei nel proprio percorso di formazione, quello di reperire gli oggetti, i materiali da esibire nel costruire il proprio percorso didattico. Una sfida che si trova ad affrontare anche il Meis di Ferrara che inaugura oggi la mostra Testa e cuore, con la collezione donata da Cesare Moscati, che rappresenta un primo passo in questa prospettiva. Ripercorrendo l\u2019origine e il percorso del Meis, di cui \u00e8 stato da poco completato il progetto esecutivo, Di Francesco ha evidenziato le peculiarit\u00e0 derivanti dalla sua collocazione in un\u2019ex struttura carceraria e i legami con la Festa del Libro ebraico che apre in questi giorni.<br \/>\nGli sviluppi invece del Memoriale che sorge nella pancia della Stazione centrale di Milano e \u201cche costituisce esso stesso un oggetto, un documento testimonianza di ci\u00f2 che avvenne\u201d sono stati al centro dell\u2019intervento di De Curtis, che ha raccontato come la riqualificazione degli spazi e gli interventi architettonici si siano inseriti nel contesto dell\u2019epoca, perfettamente conservato, per dare vita a un autentico laboratorio di memoria (presente in sala Roberto Jarach,  vicepresidente della Fondazione Memoriale della Shoah, e dell\u2019Unione delle Comunit\u00e0 Ebraiche Italiane).<\/p>\n<p><strong>Rossella Tercatin<\/strong> twitter @rtercatinmoked<\/p>\n","protected":false},"excerpt":{"rendered":"<p>Musei ebraici intesi non come rappresentazione di un popolo antico ed estinto, ma piuttosto come occasione di confronto con un ebraismo sintesi di passato, presente e futuro, un ebraismo vivo e attuale. Cos\u00ec il direttore della Fondazione Centro di documentazione ebraica contemporanea Michele Sarfatti ha spiegato il segreto del successo dei musei ebraici che in&hellip; <a class=\"more\" rel=\"bookmark\" href=\"https:\/\/moked.it\/paginebraiche\/2013\/04\/24\/quale-visione-per-i-musei-ebraici\/\">leggi&nbsp;<i class=\"fa fa-chevron-circle-right\"><\/i><\/a><\/p>\n","protected":false},"author":1,"featured_media":0,"menu_order":0,"comment_status":"closed","ping_status":"open","sticky":false,"template":"","format":"standard","meta":{"footnotes":""},"categories":[1],"tags":[],"position":[],"class_list":["post-633","post","type-post","status-publish","format-standard","hentry","category-uncategorized"],"yoast_head":"<!-- This site is optimized with the Yoast SEO plugin v26.0 - https:\/\/yoast.com\/wordpress\/plugins\/seo\/ -->\n<title>Quale visione per i musei ebraici - Pagine Ebraiche<\/title>\n<meta name=\"robots\" content=\"index, follow, max-snippet:-1, max-image-preview:large, max-video-preview:-1\" \/>\n<link rel=\"canonical\" href=\"https:\/\/moked.it\/paginebraiche\/2013\/04\/24\/quale-visione-per-i-musei-ebraici\/\" \/>\n<meta property=\"og:locale\" content=\"it_IT\" \/>\n<meta property=\"og:type\" content=\"article\" \/>\n<meta property=\"og:title\" content=\"Quale visione per i musei ebraici - Pagine Ebraiche\" \/>\n<meta property=\"og:description\" content=\"Musei ebraici intesi non come rappresentazione di un popolo antico ed estinto, ma piuttosto come occasione di confronto con un ebraismo sintesi di passato, presente e futuro, un ebraismo vivo e attuale. Cos\u00ec il direttore della Fondazione Centro di documentazione ebraica contemporanea Michele Sarfatti ha spiegato il segreto del successo dei musei ebraici che in&hellip; leggi&nbsp;\" \/>\n<meta property=\"og:url\" content=\"https:\/\/moked.it\/paginebraiche\/2013\/04\/24\/quale-visione-per-i-musei-ebraici\/\" \/>\n<meta property=\"og:site_name\" content=\"Pagine Ebraiche\" \/>\n<meta property=\"article:published_time\" content=\"2013-04-24T14:13:12+00:00\" \/>\n<meta property=\"og:image\" content=\"http:\/\/moked.it\/paginebraiche\/files\/2013\/04\/musei-app.jpg\" \/>\n<meta name=\"author\" content=\"admin\" \/>\n<meta name=\"twitter:card\" content=\"summary_large_image\" \/>\n<meta name=\"twitter:label1\" content=\"Scritto da\" \/>\n\t<meta name=\"twitter:data1\" content=\"admin\" \/>\n\t<meta name=\"twitter:label2\" content=\"Tempo di lettura stimato\" \/>\n\t<meta name=\"twitter:data2\" content=\"3 minuti\" \/>\n<script type=\"application\/ld+json\" class=\"yoast-schema-graph\">{\"@context\":\"https:\/\/schema.org\",\"@graph\":[{\"@type\":\"WebPage\",\"@id\":\"https:\/\/moked.it\/paginebraiche\/2013\/04\/24\/quale-visione-per-i-musei-ebraici\/\",\"url\":\"https:\/\/moked.it\/paginebraiche\/2013\/04\/24\/quale-visione-per-i-musei-ebraici\/\",\"name\":\"Quale visione per i musei ebraici - Pagine Ebraiche\",\"isPartOf\":{\"@id\":\"https:\/\/moked.it\/paginebraiche\/#website\"},\"primaryImageOfPage\":{\"@id\":\"https:\/\/moked.it\/paginebraiche\/2013\/04\/24\/quale-visione-per-i-musei-ebraici\/#primaryimage\"},\"image\":{\"@id\":\"https:\/\/moked.it\/paginebraiche\/2013\/04\/24\/quale-visione-per-i-musei-ebraici\/#primaryimage\"},\"thumbnailUrl\":\"http:\/\/moked.it\/paginebraiche\/files\/2013\/04\/musei-app.jpg\",\"datePublished\":\"2013-04-24T14:13:12+00:00\",\"author\":{\"@id\":\"https:\/\/moked.it\/paginebraiche\/#\/schema\/person\/723f5746de4ea0e08fab5790d734e554\"},\"breadcrumb\":{\"@id\":\"https:\/\/moked.it\/paginebraiche\/2013\/04\/24\/quale-visione-per-i-musei-ebraici\/#breadcrumb\"},\"inLanguage\":\"it-IT\",\"potentialAction\":[{\"@type\":\"ReadAction\",\"target\":[\"https:\/\/moked.it\/paginebraiche\/2013\/04\/24\/quale-visione-per-i-musei-ebraici\/\"]}]},{\"@type\":\"ImageObject\",\"inLanguage\":\"it-IT\",\"@id\":\"https:\/\/moked.it\/paginebraiche\/2013\/04\/24\/quale-visione-per-i-musei-ebraici\/#primaryimage\",\"url\":\"https:\/\/moked.it\/paginebraiche\/files\/2013\/04\/musei-app.jpg\",\"contentUrl\":\"https:\/\/moked.it\/paginebraiche\/files\/2013\/04\/musei-app.jpg\",\"width\":\"1024\",\"height\":\"765\"},{\"@type\":\"BreadcrumbList\",\"@id\":\"https:\/\/moked.it\/paginebraiche\/2013\/04\/24\/quale-visione-per-i-musei-ebraici\/#breadcrumb\",\"itemListElement\":[{\"@type\":\"ListItem\",\"position\":1,\"name\":\"Home\",\"item\":\"https:\/\/moked.it\/paginebraiche\/\"},{\"@type\":\"ListItem\",\"position\":2,\"name\":\"Quale visione per i musei ebraici\"}]},{\"@type\":\"WebSite\",\"@id\":\"https:\/\/moked.it\/paginebraiche\/#website\",\"url\":\"https:\/\/moked.it\/paginebraiche\/\",\"name\":\"Pagine Ebraiche\",\"description\":\"Il giornale dell&#039;ebraismo italiano\",\"potentialAction\":[{\"@type\":\"SearchAction\",\"target\":{\"@type\":\"EntryPoint\",\"urlTemplate\":\"https:\/\/moked.it\/paginebraiche\/?s={search_term_string}\"},\"query-input\":{\"@type\":\"PropertyValueSpecification\",\"valueRequired\":true,\"valueName\":\"search_term_string\"}}],\"inLanguage\":\"it-IT\"},{\"@type\":\"Person\",\"@id\":\"https:\/\/moked.it\/paginebraiche\/#\/schema\/person\/723f5746de4ea0e08fab5790d734e554\",\"name\":\"admin\",\"image\":{\"@type\":\"ImageObject\",\"inLanguage\":\"it-IT\",\"@id\":\"https:\/\/moked.it\/paginebraiche\/#\/schema\/person\/image\/\",\"url\":\"https:\/\/secure.gravatar.com\/avatar\/cadb6747455b21c18b2cfb9aad35ab377cb4ba61ea46f6fba9fb91fd33059fde?s=96&d=mm&r=g\",\"contentUrl\":\"https:\/\/secure.gravatar.com\/avatar\/cadb6747455b21c18b2cfb9aad35ab377cb4ba61ea46f6fba9fb91fd33059fde?s=96&d=mm&r=g\",\"caption\":\"admin\"},\"url\":\"https:\/\/moked.it\/paginebraiche\/author\/admin\/\"}]}<\/script>\n<!-- \/ Yoast SEO plugin. -->","yoast_head_json":{"title":"Quale visione per i musei ebraici - Pagine Ebraiche","robots":{"index":"index","follow":"follow","max-snippet":"max-snippet:-1","max-image-preview":"max-image-preview:large","max-video-preview":"max-video-preview:-1"},"canonical":"https:\/\/moked.it\/paginebraiche\/2013\/04\/24\/quale-visione-per-i-musei-ebraici\/","og_locale":"it_IT","og_type":"article","og_title":"Quale visione per i musei ebraici - Pagine Ebraiche","og_description":"Musei ebraici intesi non come rappresentazione di un popolo antico ed estinto, ma piuttosto come occasione di confronto con un ebraismo sintesi di passato, presente e futuro, un ebraismo vivo e attuale. Cos\u00ec il direttore della Fondazione Centro di documentazione ebraica contemporanea Michele Sarfatti ha spiegato il segreto del successo dei musei ebraici che in&hellip; leggi&nbsp;","og_url":"https:\/\/moked.it\/paginebraiche\/2013\/04\/24\/quale-visione-per-i-musei-ebraici\/","og_site_name":"Pagine Ebraiche","article_published_time":"2013-04-24T14:13:12+00:00","og_image":[{"url":"http:\/\/moked.it\/paginebraiche\/files\/2013\/04\/musei-app.jpg","type":"","width":"","height":""}],"author":"admin","twitter_card":"summary_large_image","twitter_misc":{"Scritto da":"admin","Tempo di lettura stimato":"3 minuti"},"schema":{"@context":"https:\/\/schema.org","@graph":[{"@type":"WebPage","@id":"https:\/\/moked.it\/paginebraiche\/2013\/04\/24\/quale-visione-per-i-musei-ebraici\/","url":"https:\/\/moked.it\/paginebraiche\/2013\/04\/24\/quale-visione-per-i-musei-ebraici\/","name":"Quale visione per i musei ebraici - Pagine Ebraiche","isPartOf":{"@id":"https:\/\/moked.it\/paginebraiche\/#website"},"primaryImageOfPage":{"@id":"https:\/\/moked.it\/paginebraiche\/2013\/04\/24\/quale-visione-per-i-musei-ebraici\/#primaryimage"},"image":{"@id":"https:\/\/moked.it\/paginebraiche\/2013\/04\/24\/quale-visione-per-i-musei-ebraici\/#primaryimage"},"thumbnailUrl":"http:\/\/moked.it\/paginebraiche\/files\/2013\/04\/musei-app.jpg","datePublished":"2013-04-24T14:13:12+00:00","author":{"@id":"https:\/\/moked.it\/paginebraiche\/#\/schema\/person\/723f5746de4ea0e08fab5790d734e554"},"breadcrumb":{"@id":"https:\/\/moked.it\/paginebraiche\/2013\/04\/24\/quale-visione-per-i-musei-ebraici\/#breadcrumb"},"inLanguage":"it-IT","potentialAction":[{"@type":"ReadAction","target":["https:\/\/moked.it\/paginebraiche\/2013\/04\/24\/quale-visione-per-i-musei-ebraici\/"]}]},{"@type":"ImageObject","inLanguage":"it-IT","@id":"https:\/\/moked.it\/paginebraiche\/2013\/04\/24\/quale-visione-per-i-musei-ebraici\/#primaryimage","url":"https:\/\/moked.it\/paginebraiche\/files\/2013\/04\/musei-app.jpg","contentUrl":"https:\/\/moked.it\/paginebraiche\/files\/2013\/04\/musei-app.jpg","width":"1024","height":"765"},{"@type":"BreadcrumbList","@id":"https:\/\/moked.it\/paginebraiche\/2013\/04\/24\/quale-visione-per-i-musei-ebraici\/#breadcrumb","itemListElement":[{"@type":"ListItem","position":1,"name":"Home","item":"https:\/\/moked.it\/paginebraiche\/"},{"@type":"ListItem","position":2,"name":"Quale visione per i musei ebraici"}]},{"@type":"WebSite","@id":"https:\/\/moked.it\/paginebraiche\/#website","url":"https:\/\/moked.it\/paginebraiche\/","name":"Pagine Ebraiche","description":"Il giornale dell&#039;ebraismo italiano","potentialAction":[{"@type":"SearchAction","target":{"@type":"EntryPoint","urlTemplate":"https:\/\/moked.it\/paginebraiche\/?s={search_term_string}"},"query-input":{"@type":"PropertyValueSpecification","valueRequired":true,"valueName":"search_term_string"}}],"inLanguage":"it-IT"},{"@type":"Person","@id":"https:\/\/moked.it\/paginebraiche\/#\/schema\/person\/723f5746de4ea0e08fab5790d734e554","name":"admin","image":{"@type":"ImageObject","inLanguage":"it-IT","@id":"https:\/\/moked.it\/paginebraiche\/#\/schema\/person\/image\/","url":"https:\/\/secure.gravatar.com\/avatar\/cadb6747455b21c18b2cfb9aad35ab377cb4ba61ea46f6fba9fb91fd33059fde?s=96&d=mm&r=g","contentUrl":"https:\/\/secure.gravatar.com\/avatar\/cadb6747455b21c18b2cfb9aad35ab377cb4ba61ea46f6fba9fb91fd33059fde?s=96&d=mm&r=g","caption":"admin"},"url":"https:\/\/moked.it\/paginebraiche\/author\/admin\/"}]}},"_links":{"self":[{"href":"https:\/\/moked.it\/paginebraiche\/wp-json\/wp\/v2\/posts\/633","targetHints":{"allow":["GET"]}}],"collection":[{"href":"https:\/\/moked.it\/paginebraiche\/wp-json\/wp\/v2\/posts"}],"about":[{"href":"https:\/\/moked.it\/paginebraiche\/wp-json\/wp\/v2\/types\/post"}],"author":[{"embeddable":true,"href":"https:\/\/moked.it\/paginebraiche\/wp-json\/wp\/v2\/users\/1"}],"replies":[{"embeddable":true,"href":"https:\/\/moked.it\/paginebraiche\/wp-json\/wp\/v2\/comments?post=633"}],"version-history":[{"count":1,"href":"https:\/\/moked.it\/paginebraiche\/wp-json\/wp\/v2\/posts\/633\/revisions"}],"predecessor-version":[{"id":635,"href":"https:\/\/moked.it\/paginebraiche\/wp-json\/wp\/v2\/posts\/633\/revisions\/635"}],"wp:attachment":[{"href":"https:\/\/moked.it\/paginebraiche\/wp-json\/wp\/v2\/media?parent=633"}],"wp:term":[{"taxonomy":"category","embeddable":true,"href":"https:\/\/moked.it\/paginebraiche\/wp-json\/wp\/v2\/categories?post=633"},{"taxonomy":"post_tag","embeddable":true,"href":"https:\/\/moked.it\/paginebraiche\/wp-json\/wp\/v2\/tags?post=633"},{"taxonomy":"position","embeddable":true,"href":"https:\/\/moked.it\/paginebraiche\/wp-json\/wp\/v2\/position?post=633"}],"curies":[{"name":"wp","href":"https:\/\/api.w.org\/{rel}","templated":true}]}}