{"id":650,"date":"2013-05-21T09:46:03","date_gmt":"2013-05-21T14:46:03","guid":{"rendered":"http:\/\/moked.it\/paginebraiche\/?p=650"},"modified":"2013-05-21T09:46:03","modified_gmt":"2013-05-21T14:46:03","slug":"qui-fiume-il-ritorno-della-memoria","status":"publish","type":"post","link":"https:\/\/moked.it\/paginebraiche\/2013\/05\/21\/qui-fiume-il-ritorno-della-memoria\/","title":{"rendered":"Qui Fiume \u2013 Il ritorno della Memoria"},"content":{"rendered":"<p><a href=\"http:\/\/moked.it\/paginebraiche\/files\/2013\/05\/fiume1.png\"><img loading=\"lazy\" decoding=\"async\" src=\"http:\/\/moked.it\/paginebraiche\/files\/2013\/05\/fiume1.png\" alt=\"\" title=\"fiume1\" width=\"1024\" height=\"768\" class=\"alignleft size-full wp-image-651\" srcset=\"https:\/\/moked.it\/paginebraiche\/files\/2013\/05\/fiume1.png 1024w, https:\/\/moked.it\/paginebraiche\/files\/2013\/05\/fiume1-300x225.png 300w\" sizes=\"auto, (max-width: 1024px) 100vw, 1024px\" \/><\/a>Fiume riscopre la Memoria, apre le sue porte all&#8217;Europa e chiama a raccolta i tanti esuli che furono costretti ad abbandonare la citt\u00e0 adriatica, un tempo italiana e oggi croata. Una storica prima volta in Croazia per le Stolpersteinen, le pietre d&#8217;inciampo che commemorano le vittime della persecuzione nazifascista nei luoghi in cui vissero e furono catturate. Oggi Gunter Demnig, artista tedesco le cui pietre sono disseminate in alcune decine di migliaia di esemplari in tutta Europa, \u00e8 stato a Fiume per ricordare due vittime di via Mameli, Eugenio e Giannetta Lipschitz, che furono prelevati dalla loro abitazione nel marzo del 1944. Sono in molti a sostare davanti al palazzo nel centralissimo crocevia della movida quarnerina e a raccogliersi attorno ai discendenti che per primi ne hanno richiesto la collocazione. A nome della famiglia prende la parola uno dei nipoti, Alberto Heimler. \u201cOggi \u2013 ha affermato \u2013 si chiude un cerchio con la storia. Oltre a Gunter Demnig, che merita un riconoscimento pubblico che va al di l\u00e0 di queste cerimonie e delle pietre che ricordano i deportati, desidero ringraziare il Comune per la disponibilit\u00e0, la sensibilit\u00e0 e la comprensione. Fiume \u00e8 stata a lungo una memoria fantastica evocata nei racconti dell&#8217;infanzia, adesso invece \u00e8 una realt\u00e0 concreta\u201d. Assieme ad Heimler, coccolato dall&#8217;affetto dei familiari fino alla terza generazione successiva alla Shoah (nell&#8217;immagine in posa per una foto davanti al portone di via Mameli), prendono la parola il sindaco di Fiume Vojko Obersnel, la facente funzione di presidente della comunit\u00e0 ebraica Irene Deze Starcevic, l&#8217;ebreo fiumano Federico Falk che a questo mondo ha dedicato numerose ricerche stimolate dai ricordi della giovent\u00f9. Rav Achille Viterbo, amico di vecchia data degli Heimler e gi\u00e0 rabbino capo di Padova, recita una preghiera assieme a rav Prelevic delle comunit\u00e0 ebraiche di Croazia e Montenegro. Per l&#8217;Unione delle Comunit\u00e0 Ebraiche Italiane partecipa alla cerimonia il vicepresidente della Comunit\u00e0 di Trieste e consigliere UCEI Mauro Tabor. Simultaneamente all&#8217;installazione delle Stolpersteinen \u2013 quattro esemplari, due in italiano e due in croato \u2013  al museo del municipio si inaugura una straordinaria mostra dedicata alle vicende degli ebrei fiumani che parte dalla seconda met\u00e0 dell&#8217;Ottocento, epoca dell&#8217;emancipazione, e arriva ai giorni drammatici della persecuzione. Un lavoro condotto con grande passione e professionalit\u00e0 dalla studiosa Sanja Simper, tra le massime esperte di storia ebraica locale, che ha scelto di distribuire il materiale raccolto in una ventina di pannelli densi di immagini e spiegazioni. Ad emozionare non sono soltanto i contenuti della mostra, in lingua croata ma con documentazione quasi integralmente in italiano, ma anche le modalit\u00e0 che hanno portato alla realizzazione della stessa con interviste che hanno interessato svariate decine persone tra sopravvissuti e discendenti. \u201cLa mostra \u00e8 dedicata a loro\u201d, spiega Sanja. Commozione inoltre per la testimonianza di Falk, classe 1919, che ricorda la cacciata di suo padre dall&#8217;ospedale in cui esercitava la professione di medico a seguito della promulgazione delle leggi razziste e nell&#8217;occasione annuncia la prossima digitalizzazione del suo celebre volume dedicato alle biografie degli ebrei del Quarnero. Ad intervenire anche il sindaco Obersnel e il direttore del museo Ervin Dubrovic.<\/p>\n<p>Adam Smulevich twitter @asmulevichmoked<\/p>\n","protected":false},"excerpt":{"rendered":"<p>Fiume riscopre la Memoria, apre le sue porte all&#8217;Europa e chiama a raccolta i tanti esuli che furono costretti ad abbandonare la citt\u00e0 adriatica, un tempo italiana e oggi croata. Una storica prima volta in Croazia per le Stolpersteinen, le pietre d&#8217;inciampo che commemorano le vittime della persecuzione nazifascista nei luoghi in cui vissero e&hellip; <a class=\"more\" rel=\"bookmark\" href=\"https:\/\/moked.it\/paginebraiche\/2013\/05\/21\/qui-fiume-il-ritorno-della-memoria\/\">leggi&nbsp;<i class=\"fa fa-chevron-circle-right\"><\/i><\/a><\/p>\n","protected":false},"author":1,"featured_media":0,"menu_order":0,"comment_status":"closed","ping_status":"open","sticky":false,"template":"","format":"standard","meta":{"footnotes":""},"categories":[1],"tags":[],"position":[],"class_list":["post-650","post","type-post","status-publish","format-standard","hentry","category-uncategorized"],"yoast_head":"<!-- This site is optimized with the Yoast SEO plugin v26.0 - https:\/\/yoast.com\/wordpress\/plugins\/seo\/ -->\n<title>Qui Fiume \u2013 Il ritorno della Memoria - Pagine Ebraiche<\/title>\n<meta name=\"robots\" content=\"index, follow, max-snippet:-1, max-image-preview:large, max-video-preview:-1\" \/>\n<link rel=\"canonical\" href=\"https:\/\/moked.it\/paginebraiche\/2013\/05\/21\/qui-fiume-il-ritorno-della-memoria\/\" \/>\n<meta property=\"og:locale\" content=\"it_IT\" \/>\n<meta property=\"og:type\" content=\"article\" \/>\n<meta property=\"og:title\" content=\"Qui Fiume \u2013 Il ritorno della Memoria - Pagine Ebraiche\" \/>\n<meta property=\"og:description\" content=\"Fiume riscopre la Memoria, apre le sue porte all&#8217;Europa e chiama a raccolta i tanti esuli che furono costretti ad abbandonare la citt\u00e0 adriatica, un tempo italiana e oggi croata. Una storica prima volta in Croazia per le Stolpersteinen, le pietre d&#8217;inciampo che commemorano le vittime della persecuzione nazifascista nei luoghi in cui vissero e&hellip; leggi&nbsp;\" \/>\n<meta property=\"og:url\" content=\"https:\/\/moked.it\/paginebraiche\/2013\/05\/21\/qui-fiume-il-ritorno-della-memoria\/\" \/>\n<meta property=\"og:site_name\" content=\"Pagine Ebraiche\" \/>\n<meta property=\"article:published_time\" content=\"2013-05-21T14:46:03+00:00\" \/>\n<meta property=\"og:image\" content=\"http:\/\/moked.it\/paginebraiche\/files\/2013\/05\/fiume1.png\" \/>\n<meta name=\"author\" content=\"admin\" \/>\n<meta name=\"twitter:card\" content=\"summary_large_image\" \/>\n<meta name=\"twitter:label1\" content=\"Scritto da\" \/>\n\t<meta name=\"twitter:data1\" content=\"admin\" \/>\n\t<meta name=\"twitter:label2\" content=\"Tempo di lettura stimato\" \/>\n\t<meta name=\"twitter:data2\" content=\"3 minuti\" \/>\n<script type=\"application\/ld+json\" class=\"yoast-schema-graph\">{\"@context\":\"https:\/\/schema.org\",\"@graph\":[{\"@type\":\"WebPage\",\"@id\":\"https:\/\/moked.it\/paginebraiche\/2013\/05\/21\/qui-fiume-il-ritorno-della-memoria\/\",\"url\":\"https:\/\/moked.it\/paginebraiche\/2013\/05\/21\/qui-fiume-il-ritorno-della-memoria\/\",\"name\":\"Qui Fiume \u2013 Il ritorno della Memoria - Pagine Ebraiche\",\"isPartOf\":{\"@id\":\"https:\/\/moked.it\/paginebraiche\/#website\"},\"primaryImageOfPage\":{\"@id\":\"https:\/\/moked.it\/paginebraiche\/2013\/05\/21\/qui-fiume-il-ritorno-della-memoria\/#primaryimage\"},\"image\":{\"@id\":\"https:\/\/moked.it\/paginebraiche\/2013\/05\/21\/qui-fiume-il-ritorno-della-memoria\/#primaryimage\"},\"thumbnailUrl\":\"http:\/\/moked.it\/paginebraiche\/files\/2013\/05\/fiume1.png\",\"datePublished\":\"2013-05-21T14:46:03+00:00\",\"author\":{\"@id\":\"https:\/\/moked.it\/paginebraiche\/#\/schema\/person\/723f5746de4ea0e08fab5790d734e554\"},\"breadcrumb\":{\"@id\":\"https:\/\/moked.it\/paginebraiche\/2013\/05\/21\/qui-fiume-il-ritorno-della-memoria\/#breadcrumb\"},\"inLanguage\":\"it-IT\",\"potentialAction\":[{\"@type\":\"ReadAction\",\"target\":[\"https:\/\/moked.it\/paginebraiche\/2013\/05\/21\/qui-fiume-il-ritorno-della-memoria\/\"]}]},{\"@type\":\"ImageObject\",\"inLanguage\":\"it-IT\",\"@id\":\"https:\/\/moked.it\/paginebraiche\/2013\/05\/21\/qui-fiume-il-ritorno-della-memoria\/#primaryimage\",\"url\":\"https:\/\/moked.it\/paginebraiche\/files\/2013\/05\/fiume1.png\",\"contentUrl\":\"https:\/\/moked.it\/paginebraiche\/files\/2013\/05\/fiume1.png\",\"width\":\"1024\",\"height\":\"768\"},{\"@type\":\"BreadcrumbList\",\"@id\":\"https:\/\/moked.it\/paginebraiche\/2013\/05\/21\/qui-fiume-il-ritorno-della-memoria\/#breadcrumb\",\"itemListElement\":[{\"@type\":\"ListItem\",\"position\":1,\"name\":\"Home\",\"item\":\"https:\/\/moked.it\/paginebraiche\/\"},{\"@type\":\"ListItem\",\"position\":2,\"name\":\"Qui Fiume \u2013 Il ritorno della Memoria\"}]},{\"@type\":\"WebSite\",\"@id\":\"https:\/\/moked.it\/paginebraiche\/#website\",\"url\":\"https:\/\/moked.it\/paginebraiche\/\",\"name\":\"Pagine Ebraiche\",\"description\":\"Il giornale dell&#039;ebraismo italiano\",\"potentialAction\":[{\"@type\":\"SearchAction\",\"target\":{\"@type\":\"EntryPoint\",\"urlTemplate\":\"https:\/\/moked.it\/paginebraiche\/?s={search_term_string}\"},\"query-input\":{\"@type\":\"PropertyValueSpecification\",\"valueRequired\":true,\"valueName\":\"search_term_string\"}}],\"inLanguage\":\"it-IT\"},{\"@type\":\"Person\",\"@id\":\"https:\/\/moked.it\/paginebraiche\/#\/schema\/person\/723f5746de4ea0e08fab5790d734e554\",\"name\":\"admin\",\"image\":{\"@type\":\"ImageObject\",\"inLanguage\":\"it-IT\",\"@id\":\"https:\/\/moked.it\/paginebraiche\/#\/schema\/person\/image\/\",\"url\":\"https:\/\/secure.gravatar.com\/avatar\/cadb6747455b21c18b2cfb9aad35ab377cb4ba61ea46f6fba9fb91fd33059fde?s=96&d=mm&r=g\",\"contentUrl\":\"https:\/\/secure.gravatar.com\/avatar\/cadb6747455b21c18b2cfb9aad35ab377cb4ba61ea46f6fba9fb91fd33059fde?s=96&d=mm&r=g\",\"caption\":\"admin\"},\"url\":\"https:\/\/moked.it\/paginebraiche\/author\/admin\/\"}]}<\/script>\n<!-- \/ Yoast SEO plugin. -->","yoast_head_json":{"title":"Qui Fiume \u2013 Il ritorno della Memoria - Pagine Ebraiche","robots":{"index":"index","follow":"follow","max-snippet":"max-snippet:-1","max-image-preview":"max-image-preview:large","max-video-preview":"max-video-preview:-1"},"canonical":"https:\/\/moked.it\/paginebraiche\/2013\/05\/21\/qui-fiume-il-ritorno-della-memoria\/","og_locale":"it_IT","og_type":"article","og_title":"Qui Fiume \u2013 Il ritorno della Memoria - Pagine Ebraiche","og_description":"Fiume riscopre la Memoria, apre le sue porte all&#8217;Europa e chiama a raccolta i tanti esuli che furono costretti ad abbandonare la citt\u00e0 adriatica, un tempo italiana e oggi croata. Una storica prima volta in Croazia per le Stolpersteinen, le pietre d&#8217;inciampo che commemorano le vittime della persecuzione nazifascista nei luoghi in cui vissero e&hellip; leggi&nbsp;","og_url":"https:\/\/moked.it\/paginebraiche\/2013\/05\/21\/qui-fiume-il-ritorno-della-memoria\/","og_site_name":"Pagine Ebraiche","article_published_time":"2013-05-21T14:46:03+00:00","og_image":[{"url":"http:\/\/moked.it\/paginebraiche\/files\/2013\/05\/fiume1.png","type":"","width":"","height":""}],"author":"admin","twitter_card":"summary_large_image","twitter_misc":{"Scritto da":"admin","Tempo di lettura stimato":"3 minuti"},"schema":{"@context":"https:\/\/schema.org","@graph":[{"@type":"WebPage","@id":"https:\/\/moked.it\/paginebraiche\/2013\/05\/21\/qui-fiume-il-ritorno-della-memoria\/","url":"https:\/\/moked.it\/paginebraiche\/2013\/05\/21\/qui-fiume-il-ritorno-della-memoria\/","name":"Qui Fiume \u2013 Il ritorno della Memoria - Pagine Ebraiche","isPartOf":{"@id":"https:\/\/moked.it\/paginebraiche\/#website"},"primaryImageOfPage":{"@id":"https:\/\/moked.it\/paginebraiche\/2013\/05\/21\/qui-fiume-il-ritorno-della-memoria\/#primaryimage"},"image":{"@id":"https:\/\/moked.it\/paginebraiche\/2013\/05\/21\/qui-fiume-il-ritorno-della-memoria\/#primaryimage"},"thumbnailUrl":"http:\/\/moked.it\/paginebraiche\/files\/2013\/05\/fiume1.png","datePublished":"2013-05-21T14:46:03+00:00","author":{"@id":"https:\/\/moked.it\/paginebraiche\/#\/schema\/person\/723f5746de4ea0e08fab5790d734e554"},"breadcrumb":{"@id":"https:\/\/moked.it\/paginebraiche\/2013\/05\/21\/qui-fiume-il-ritorno-della-memoria\/#breadcrumb"},"inLanguage":"it-IT","potentialAction":[{"@type":"ReadAction","target":["https:\/\/moked.it\/paginebraiche\/2013\/05\/21\/qui-fiume-il-ritorno-della-memoria\/"]}]},{"@type":"ImageObject","inLanguage":"it-IT","@id":"https:\/\/moked.it\/paginebraiche\/2013\/05\/21\/qui-fiume-il-ritorno-della-memoria\/#primaryimage","url":"https:\/\/moked.it\/paginebraiche\/files\/2013\/05\/fiume1.png","contentUrl":"https:\/\/moked.it\/paginebraiche\/files\/2013\/05\/fiume1.png","width":"1024","height":"768"},{"@type":"BreadcrumbList","@id":"https:\/\/moked.it\/paginebraiche\/2013\/05\/21\/qui-fiume-il-ritorno-della-memoria\/#breadcrumb","itemListElement":[{"@type":"ListItem","position":1,"name":"Home","item":"https:\/\/moked.it\/paginebraiche\/"},{"@type":"ListItem","position":2,"name":"Qui Fiume \u2013 Il ritorno della Memoria"}]},{"@type":"WebSite","@id":"https:\/\/moked.it\/paginebraiche\/#website","url":"https:\/\/moked.it\/paginebraiche\/","name":"Pagine Ebraiche","description":"Il giornale dell&#039;ebraismo italiano","potentialAction":[{"@type":"SearchAction","target":{"@type":"EntryPoint","urlTemplate":"https:\/\/moked.it\/paginebraiche\/?s={search_term_string}"},"query-input":{"@type":"PropertyValueSpecification","valueRequired":true,"valueName":"search_term_string"}}],"inLanguage":"it-IT"},{"@type":"Person","@id":"https:\/\/moked.it\/paginebraiche\/#\/schema\/person\/723f5746de4ea0e08fab5790d734e554","name":"admin","image":{"@type":"ImageObject","inLanguage":"it-IT","@id":"https:\/\/moked.it\/paginebraiche\/#\/schema\/person\/image\/","url":"https:\/\/secure.gravatar.com\/avatar\/cadb6747455b21c18b2cfb9aad35ab377cb4ba61ea46f6fba9fb91fd33059fde?s=96&d=mm&r=g","contentUrl":"https:\/\/secure.gravatar.com\/avatar\/cadb6747455b21c18b2cfb9aad35ab377cb4ba61ea46f6fba9fb91fd33059fde?s=96&d=mm&r=g","caption":"admin"},"url":"https:\/\/moked.it\/paginebraiche\/author\/admin\/"}]}},"_links":{"self":[{"href":"https:\/\/moked.it\/paginebraiche\/wp-json\/wp\/v2\/posts\/650","targetHints":{"allow":["GET"]}}],"collection":[{"href":"https:\/\/moked.it\/paginebraiche\/wp-json\/wp\/v2\/posts"}],"about":[{"href":"https:\/\/moked.it\/paginebraiche\/wp-json\/wp\/v2\/types\/post"}],"author":[{"embeddable":true,"href":"https:\/\/moked.it\/paginebraiche\/wp-json\/wp\/v2\/users\/1"}],"replies":[{"embeddable":true,"href":"https:\/\/moked.it\/paginebraiche\/wp-json\/wp\/v2\/comments?post=650"}],"version-history":[{"count":1,"href":"https:\/\/moked.it\/paginebraiche\/wp-json\/wp\/v2\/posts\/650\/revisions"}],"predecessor-version":[{"id":652,"href":"https:\/\/moked.it\/paginebraiche\/wp-json\/wp\/v2\/posts\/650\/revisions\/652"}],"wp:attachment":[{"href":"https:\/\/moked.it\/paginebraiche\/wp-json\/wp\/v2\/media?parent=650"}],"wp:term":[{"taxonomy":"category","embeddable":true,"href":"https:\/\/moked.it\/paginebraiche\/wp-json\/wp\/v2\/categories?post=650"},{"taxonomy":"post_tag","embeddable":true,"href":"https:\/\/moked.it\/paginebraiche\/wp-json\/wp\/v2\/tags?post=650"},{"taxonomy":"position","embeddable":true,"href":"https:\/\/moked.it\/paginebraiche\/wp-json\/wp\/v2\/position?post=650"}],"curies":[{"name":"wp","href":"https:\/\/api.w.org\/{rel}","templated":true}]}}