{"id":680,"date":"2013-08-09T07:12:19","date_gmt":"2013-08-09T12:12:19","guid":{"rendered":"http:\/\/moked.it\/paginebraiche\/?p=680"},"modified":"2013-08-09T07:12:19","modified_gmt":"2013-08-09T12:12:19","slug":"israele-ripensa-il-sistema-scolastico","status":"publish","type":"post","link":"https:\/\/moked.it\/paginebraiche\/2013\/08\/09\/israele-ripensa-il-sistema-scolastico\/","title":{"rendered":"Israele ripensa il sistema scolastico"},"content":{"rendered":"<p><a href=\"http:\/\/moked.it\/paginebraiche\/files\/2013\/08\/melamed.jpg\"><img loading=\"lazy\" decoding=\"async\" src=\"http:\/\/moked.it\/paginebraiche\/files\/2013\/08\/melamed-300x173.jpg\" alt=\"melamed\" width=\"300\" height=\"173\" class=\"alignnone size-medium wp-image-681\" srcset=\"https:\/\/moked.it\/paginebraiche\/files\/2013\/08\/melamed-300x173.jpg 300w, https:\/\/moked.it\/paginebraiche\/files\/2013\/08\/melamed.jpg 640w\" sizes=\"auto, (max-width: 300px) 100vw, 300px\" \/><\/a>Non era possibile escludere che i cambiamenti tanto sbandierati fossero solo campagna elettorale e invece lavorando con calma, un passo per volta, il ministero dell\u2019Educazione israeliano sta portando avanti una piccola rivoluzione. Negli ultimi anni il numero di scuole religiose del network Ma&#8217;ayan Hahinuch Hatorani, collegata allo Shas, \u00e8 aumentato rapidamente, includendo scuole non autorizzare e addirittura due istituti che avevano ricevuto un\u2019ingiunzione a chiudere. Un rapporto del ministero dell\u2019Economia ha evidenziato una situazione preoccupante: il network riceve gli stessi finanziamenti delle scuole statali ma risulta abbia compiuto diversi abusi, tra cui la falsificazione dei rapporti sul curriculum di studi adottato. Anche il sistema scolastico gestito da United Torah Judaism riceve gli stessi finanziamenti delle scuole statali (la condizione per accedervi \u00e8 adeguarsi alle direttive sulle materie secolari), e anche in questo caso data la mancanza di controlli non \u00e8 possibile sapere se il curriculum minimo \u00e8 stato seguito solo in parte, come probabile nel caso di Ma\u2019ayan, oppure per nulla, come ritiene il ministero.<\/p>\n<p>Il ministero dell\u2019Educazione ha scelto almeno per il momento di non intervenire sulle scuole superiori ma sui livelli precedenti la pressione \u00e8 fortissima: sono stati modificati in maniera radicale i requisiti per accedere ai finanziamenti statali e lo scorso mese c\u2019\u00e8 stato il primo successo, immediatamente seguito da altri. Dopo la prima scuola elementare hared\u00ec che ha scelto di entrare nel nuovo sistema scolastico Stato-Hared\u00ec, accettando di sottoporsi alle condizioni richieste \u2013 supervisione totale e completa, seguire completamente il curriculum di studi concepito specificamente per le scuole religiose e partecipare ai test standardizzati del ministero \u2013 si prevede che molte altre seguiranno. Anche Ma\u2019ayan e United Torah si sono impegnate a rientrare nel nuovo sistema, insegnando il curriculum delle materie secolari e accettando i controlli, mentre la maggior parte delle scuole religiose femminili (non ufficiali ma riconosciute) insegneranno il 75 per cento delle materie in cambio del 75 per cento del budget che ricevono le scuole statali, e le scuole maschili arriveranno al 55 per cento, in cambio di un finanziamento corrispondente.<\/p>\n<p>Si tratta della fine di un sistema di menzogne note a tutti che \u00e8 andato avanti per decenni, e ha permesso di deviare soldi statali per finanziare uno stile di vita fortemente ideologizzato e separatista. \u00c8 un cambiamento storico per il sistema scolastico religioso, che sar\u00e0 sottoposto a controlli non solo tramite la prevista supervisione e con visite regolari di ispettori, ma anche tramite i risultati degli esami standardizzati nelle materie secolari a cui gli studenti, come in tutto il resto del mondo, dovranno ora sottoporsi. E in futuro i due network principali di scuole religiose potrebbero essere completamente sostituiti dal nuovo sistema scolastico Stato-Hared\u00ec, totalmente sotto supervisione e che seguir\u00e0 il curriculum completo (in cambio di finanziamento completo), oppure decidere di entrare a far parte del sistema, accettandone le condizioni.<\/p>\n<p>Non sar\u00e0 un processo di cambiamento semplice, sia per il potere politico dei partiti collegati ai network scolastici hared\u00ec che per diversi problemi molto pratici che vanno risolti prima di poter procedere: mancano testi adeguati (che per esempio devono essere privi di immagini femminili per le scuole maschili, e viceversa), e mancano insegnanti hared\u00ec che abbiano la formazione necessaria ad insegnare le materie secolari. In realt\u00e0 il ministero deve costruire il nuovo sistema partendo praticamente da zero, e lottando anche contro la prevedibile contrariet\u00e0 dei sistemi esistenti.<\/p>\n<p>Ma i primi passi sono stati fatti, e mostrano chiaramente che la situazione attuale non sar\u00e0 pi\u00f9 accettata.<\/p>\n<p><strong>Ada Treves <\/strong>twitter @atrevesmoked<\/p>\n","protected":false},"excerpt":{"rendered":"<p>Non era possibile escludere che i cambiamenti tanto sbandierati fossero solo campagna elettorale e invece lavorando con calma, un passo per volta, il ministero dell\u2019Educazione israeliano sta portando avanti una piccola rivoluzione. Negli ultimi anni il numero di scuole religiose del network Ma&#8217;ayan Hahinuch Hatorani, collegata allo Shas, \u00e8 aumentato rapidamente, includendo scuole non autorizzare&hellip; <a class=\"more\" rel=\"bookmark\" href=\"https:\/\/moked.it\/paginebraiche\/2013\/08\/09\/israele-ripensa-il-sistema-scolastico\/\">leggi&nbsp;<i class=\"fa fa-chevron-circle-right\"><\/i><\/a><\/p>\n","protected":false},"author":1,"featured_media":0,"menu_order":0,"comment_status":"closed","ping_status":"open","sticky":false,"template":"","format":"standard","meta":{"footnotes":""},"categories":[1],"tags":[],"position":[],"class_list":["post-680","post","type-post","status-publish","format-standard","hentry","category-uncategorized"],"yoast_head":"<!-- This site is optimized with the Yoast SEO plugin v26.0 - https:\/\/yoast.com\/wordpress\/plugins\/seo\/ -->\n<title>Israele ripensa il sistema scolastico - Pagine Ebraiche<\/title>\n<meta name=\"robots\" content=\"index, follow, max-snippet:-1, max-image-preview:large, max-video-preview:-1\" \/>\n<link rel=\"canonical\" href=\"https:\/\/moked.it\/paginebraiche\/2013\/08\/09\/israele-ripensa-il-sistema-scolastico\/\" \/>\n<meta property=\"og:locale\" content=\"it_IT\" \/>\n<meta property=\"og:type\" content=\"article\" \/>\n<meta property=\"og:title\" content=\"Israele ripensa il sistema scolastico - Pagine Ebraiche\" \/>\n<meta property=\"og:description\" content=\"Non era possibile escludere che i cambiamenti tanto sbandierati fossero solo campagna elettorale e invece lavorando con calma, un passo per volta, il ministero dell\u2019Educazione israeliano sta portando avanti una piccola rivoluzione. Negli ultimi anni il numero di scuole religiose del network Ma&#8217;ayan Hahinuch Hatorani, collegata allo Shas, \u00e8 aumentato rapidamente, includendo scuole non autorizzare&hellip; leggi&nbsp;\" \/>\n<meta property=\"og:url\" content=\"https:\/\/moked.it\/paginebraiche\/2013\/08\/09\/israele-ripensa-il-sistema-scolastico\/\" \/>\n<meta property=\"og:site_name\" content=\"Pagine Ebraiche\" \/>\n<meta property=\"article:published_time\" content=\"2013-08-09T12:12:19+00:00\" \/>\n<meta property=\"og:image\" content=\"http:\/\/moked.it\/paginebraiche\/files\/2013\/08\/melamed-300x173.jpg\" \/>\n<meta name=\"author\" content=\"admin\" \/>\n<meta name=\"twitter:card\" content=\"summary_large_image\" \/>\n<meta name=\"twitter:label1\" content=\"Scritto da\" \/>\n\t<meta name=\"twitter:data1\" content=\"admin\" \/>\n\t<meta name=\"twitter:label2\" content=\"Tempo di lettura stimato\" \/>\n\t<meta name=\"twitter:data2\" content=\"3 minuti\" \/>\n<script type=\"application\/ld+json\" class=\"yoast-schema-graph\">{\"@context\":\"https:\/\/schema.org\",\"@graph\":[{\"@type\":\"WebPage\",\"@id\":\"https:\/\/moked.it\/paginebraiche\/2013\/08\/09\/israele-ripensa-il-sistema-scolastico\/\",\"url\":\"https:\/\/moked.it\/paginebraiche\/2013\/08\/09\/israele-ripensa-il-sistema-scolastico\/\",\"name\":\"Israele ripensa il sistema scolastico - Pagine Ebraiche\",\"isPartOf\":{\"@id\":\"https:\/\/moked.it\/paginebraiche\/#website\"},\"primaryImageOfPage\":{\"@id\":\"https:\/\/moked.it\/paginebraiche\/2013\/08\/09\/israele-ripensa-il-sistema-scolastico\/#primaryimage\"},\"image\":{\"@id\":\"https:\/\/moked.it\/paginebraiche\/2013\/08\/09\/israele-ripensa-il-sistema-scolastico\/#primaryimage\"},\"thumbnailUrl\":\"http:\/\/moked.it\/paginebraiche\/files\/2013\/08\/melamed-300x173.jpg\",\"datePublished\":\"2013-08-09T12:12:19+00:00\",\"author\":{\"@id\":\"https:\/\/moked.it\/paginebraiche\/#\/schema\/person\/723f5746de4ea0e08fab5790d734e554\"},\"breadcrumb\":{\"@id\":\"https:\/\/moked.it\/paginebraiche\/2013\/08\/09\/israele-ripensa-il-sistema-scolastico\/#breadcrumb\"},\"inLanguage\":\"it-IT\",\"potentialAction\":[{\"@type\":\"ReadAction\",\"target\":[\"https:\/\/moked.it\/paginebraiche\/2013\/08\/09\/israele-ripensa-il-sistema-scolastico\/\"]}]},{\"@type\":\"ImageObject\",\"inLanguage\":\"it-IT\",\"@id\":\"https:\/\/moked.it\/paginebraiche\/2013\/08\/09\/israele-ripensa-il-sistema-scolastico\/#primaryimage\",\"url\":\"https:\/\/moked.it\/paginebraiche\/files\/2013\/08\/melamed.jpg\",\"contentUrl\":\"https:\/\/moked.it\/paginebraiche\/files\/2013\/08\/melamed.jpg\",\"width\":640,\"height\":370},{\"@type\":\"BreadcrumbList\",\"@id\":\"https:\/\/moked.it\/paginebraiche\/2013\/08\/09\/israele-ripensa-il-sistema-scolastico\/#breadcrumb\",\"itemListElement\":[{\"@type\":\"ListItem\",\"position\":1,\"name\":\"Home\",\"item\":\"https:\/\/moked.it\/paginebraiche\/\"},{\"@type\":\"ListItem\",\"position\":2,\"name\":\"Israele ripensa il sistema scolastico\"}]},{\"@type\":\"WebSite\",\"@id\":\"https:\/\/moked.it\/paginebraiche\/#website\",\"url\":\"https:\/\/moked.it\/paginebraiche\/\",\"name\":\"Pagine Ebraiche\",\"description\":\"Il giornale dell&#039;ebraismo italiano\",\"potentialAction\":[{\"@type\":\"SearchAction\",\"target\":{\"@type\":\"EntryPoint\",\"urlTemplate\":\"https:\/\/moked.it\/paginebraiche\/?s={search_term_string}\"},\"query-input\":{\"@type\":\"PropertyValueSpecification\",\"valueRequired\":true,\"valueName\":\"search_term_string\"}}],\"inLanguage\":\"it-IT\"},{\"@type\":\"Person\",\"@id\":\"https:\/\/moked.it\/paginebraiche\/#\/schema\/person\/723f5746de4ea0e08fab5790d734e554\",\"name\":\"admin\",\"image\":{\"@type\":\"ImageObject\",\"inLanguage\":\"it-IT\",\"@id\":\"https:\/\/moked.it\/paginebraiche\/#\/schema\/person\/image\/\",\"url\":\"https:\/\/secure.gravatar.com\/avatar\/cadb6747455b21c18b2cfb9aad35ab377cb4ba61ea46f6fba9fb91fd33059fde?s=96&d=mm&r=g\",\"contentUrl\":\"https:\/\/secure.gravatar.com\/avatar\/cadb6747455b21c18b2cfb9aad35ab377cb4ba61ea46f6fba9fb91fd33059fde?s=96&d=mm&r=g\",\"caption\":\"admin\"},\"url\":\"https:\/\/moked.it\/paginebraiche\/author\/admin\/\"}]}<\/script>\n<!-- \/ Yoast SEO plugin. -->","yoast_head_json":{"title":"Israele ripensa il sistema scolastico - Pagine Ebraiche","robots":{"index":"index","follow":"follow","max-snippet":"max-snippet:-1","max-image-preview":"max-image-preview:large","max-video-preview":"max-video-preview:-1"},"canonical":"https:\/\/moked.it\/paginebraiche\/2013\/08\/09\/israele-ripensa-il-sistema-scolastico\/","og_locale":"it_IT","og_type":"article","og_title":"Israele ripensa il sistema scolastico - Pagine Ebraiche","og_description":"Non era possibile escludere che i cambiamenti tanto sbandierati fossero solo campagna elettorale e invece lavorando con calma, un passo per volta, il ministero dell\u2019Educazione israeliano sta portando avanti una piccola rivoluzione. Negli ultimi anni il numero di scuole religiose del network Ma&#8217;ayan Hahinuch Hatorani, collegata allo Shas, \u00e8 aumentato rapidamente, includendo scuole non autorizzare&hellip; leggi&nbsp;","og_url":"https:\/\/moked.it\/paginebraiche\/2013\/08\/09\/israele-ripensa-il-sistema-scolastico\/","og_site_name":"Pagine Ebraiche","article_published_time":"2013-08-09T12:12:19+00:00","og_image":[{"url":"http:\/\/moked.it\/paginebraiche\/files\/2013\/08\/melamed-300x173.jpg","type":"","width":"","height":""}],"author":"admin","twitter_card":"summary_large_image","twitter_misc":{"Scritto da":"admin","Tempo di lettura stimato":"3 minuti"},"schema":{"@context":"https:\/\/schema.org","@graph":[{"@type":"WebPage","@id":"https:\/\/moked.it\/paginebraiche\/2013\/08\/09\/israele-ripensa-il-sistema-scolastico\/","url":"https:\/\/moked.it\/paginebraiche\/2013\/08\/09\/israele-ripensa-il-sistema-scolastico\/","name":"Israele ripensa il sistema scolastico - Pagine Ebraiche","isPartOf":{"@id":"https:\/\/moked.it\/paginebraiche\/#website"},"primaryImageOfPage":{"@id":"https:\/\/moked.it\/paginebraiche\/2013\/08\/09\/israele-ripensa-il-sistema-scolastico\/#primaryimage"},"image":{"@id":"https:\/\/moked.it\/paginebraiche\/2013\/08\/09\/israele-ripensa-il-sistema-scolastico\/#primaryimage"},"thumbnailUrl":"http:\/\/moked.it\/paginebraiche\/files\/2013\/08\/melamed-300x173.jpg","datePublished":"2013-08-09T12:12:19+00:00","author":{"@id":"https:\/\/moked.it\/paginebraiche\/#\/schema\/person\/723f5746de4ea0e08fab5790d734e554"},"breadcrumb":{"@id":"https:\/\/moked.it\/paginebraiche\/2013\/08\/09\/israele-ripensa-il-sistema-scolastico\/#breadcrumb"},"inLanguage":"it-IT","potentialAction":[{"@type":"ReadAction","target":["https:\/\/moked.it\/paginebraiche\/2013\/08\/09\/israele-ripensa-il-sistema-scolastico\/"]}]},{"@type":"ImageObject","inLanguage":"it-IT","@id":"https:\/\/moked.it\/paginebraiche\/2013\/08\/09\/israele-ripensa-il-sistema-scolastico\/#primaryimage","url":"https:\/\/moked.it\/paginebraiche\/files\/2013\/08\/melamed.jpg","contentUrl":"https:\/\/moked.it\/paginebraiche\/files\/2013\/08\/melamed.jpg","width":640,"height":370},{"@type":"BreadcrumbList","@id":"https:\/\/moked.it\/paginebraiche\/2013\/08\/09\/israele-ripensa-il-sistema-scolastico\/#breadcrumb","itemListElement":[{"@type":"ListItem","position":1,"name":"Home","item":"https:\/\/moked.it\/paginebraiche\/"},{"@type":"ListItem","position":2,"name":"Israele ripensa il sistema scolastico"}]},{"@type":"WebSite","@id":"https:\/\/moked.it\/paginebraiche\/#website","url":"https:\/\/moked.it\/paginebraiche\/","name":"Pagine Ebraiche","description":"Il giornale dell&#039;ebraismo italiano","potentialAction":[{"@type":"SearchAction","target":{"@type":"EntryPoint","urlTemplate":"https:\/\/moked.it\/paginebraiche\/?s={search_term_string}"},"query-input":{"@type":"PropertyValueSpecification","valueRequired":true,"valueName":"search_term_string"}}],"inLanguage":"it-IT"},{"@type":"Person","@id":"https:\/\/moked.it\/paginebraiche\/#\/schema\/person\/723f5746de4ea0e08fab5790d734e554","name":"admin","image":{"@type":"ImageObject","inLanguage":"it-IT","@id":"https:\/\/moked.it\/paginebraiche\/#\/schema\/person\/image\/","url":"https:\/\/secure.gravatar.com\/avatar\/cadb6747455b21c18b2cfb9aad35ab377cb4ba61ea46f6fba9fb91fd33059fde?s=96&d=mm&r=g","contentUrl":"https:\/\/secure.gravatar.com\/avatar\/cadb6747455b21c18b2cfb9aad35ab377cb4ba61ea46f6fba9fb91fd33059fde?s=96&d=mm&r=g","caption":"admin"},"url":"https:\/\/moked.it\/paginebraiche\/author\/admin\/"}]}},"_links":{"self":[{"href":"https:\/\/moked.it\/paginebraiche\/wp-json\/wp\/v2\/posts\/680","targetHints":{"allow":["GET"]}}],"collection":[{"href":"https:\/\/moked.it\/paginebraiche\/wp-json\/wp\/v2\/posts"}],"about":[{"href":"https:\/\/moked.it\/paginebraiche\/wp-json\/wp\/v2\/types\/post"}],"author":[{"embeddable":true,"href":"https:\/\/moked.it\/paginebraiche\/wp-json\/wp\/v2\/users\/1"}],"replies":[{"embeddable":true,"href":"https:\/\/moked.it\/paginebraiche\/wp-json\/wp\/v2\/comments?post=680"}],"version-history":[{"count":1,"href":"https:\/\/moked.it\/paginebraiche\/wp-json\/wp\/v2\/posts\/680\/revisions"}],"predecessor-version":[{"id":682,"href":"https:\/\/moked.it\/paginebraiche\/wp-json\/wp\/v2\/posts\/680\/revisions\/682"}],"wp:attachment":[{"href":"https:\/\/moked.it\/paginebraiche\/wp-json\/wp\/v2\/media?parent=680"}],"wp:term":[{"taxonomy":"category","embeddable":true,"href":"https:\/\/moked.it\/paginebraiche\/wp-json\/wp\/v2\/categories?post=680"},{"taxonomy":"post_tag","embeddable":true,"href":"https:\/\/moked.it\/paginebraiche\/wp-json\/wp\/v2\/tags?post=680"},{"taxonomy":"position","embeddable":true,"href":"https:\/\/moked.it\/paginebraiche\/wp-json\/wp\/v2\/position?post=680"}],"curies":[{"name":"wp","href":"https:\/\/api.w.org\/{rel}","templated":true}]}}