{"id":698,"date":"2013-08-29T05:13:36","date_gmt":"2013-08-29T10:13:36","guid":{"rendered":"http:\/\/moked.it\/paginebraiche\/?p=698"},"modified":"2013-08-29T05:13:36","modified_gmt":"2013-08-29T10:13:36","slug":"i-have-a-dream-il-ricordo-degli-ebrei-in-marcia","status":"publish","type":"post","link":"https:\/\/moked.it\/paginebraiche\/2013\/08\/29\/i-have-a-dream-il-ricordo-degli-ebrei-in-marcia\/","title":{"rendered":"&#8220;I have a dream&#8221; \u2013 Il ricordo degli ebrei in marcia"},"content":{"rendered":"<p><a href=\"http:\/\/moked.it\/paginebraiche\/files\/2013\/08\/king1.jpg\"><img loading=\"lazy\" decoding=\"async\" src=\"http:\/\/moked.it\/paginebraiche\/files\/2013\/08\/king1-1024x776.jpg\" alt=\"king\" width=\"1024\" height=\"776\" class=\"alignnone size-large wp-image-700\" srcset=\"https:\/\/moked.it\/paginebraiche\/files\/2013\/08\/king1-1024x776.jpg 1024w, https:\/\/moked.it\/paginebraiche\/files\/2013\/08\/king1-300x227.jpg 300w, https:\/\/moked.it\/paginebraiche\/files\/2013\/08\/king1.jpg 1126w\" sizes=\"auto, (max-width: 1024px) 100vw, 1024px\" \/><\/a>Sono passati cinquant\u2019anni dalla giornata in cui 250mila persone si trovarono a Washington per chiedere uguaglianza, rispetto, un\u2019America nuova, nella \u201cMarcia per il lavoro e per le libert\u00e0\u201d. Sono passati cinquant\u2019anni da quando il pastore Martin Luther King, pronunci\u00f2 quelle parole \u201cI have a dream\u201d, \u201cIo ho un sogno\u201d, capaci di plasmare il corso degli Stati Uniti d\u2019America, e non soltanto. Sono numerose in questi giorni le celebrazioni di quel mercoled\u00ec 28 agosto 1963.  Il Washington Post per esempio, ha pubblicato un editoriale dell\u2019allora stagista, oggi direttore associato, Robert G. Kaiser, in cui viene riconosciuto il clamoroso \u201cbuco\u201d preso dal giornale, che impieg\u00f2 decine di reporter, talmente convinti di essere l\u00ec per documentare scontri e discorsi radicali, da non capire cosa stesse realmente accadendo: la frase \u201cI have a dream\u201d non compar\u00ec sul quotidiano del 29 agosto 1963, brevi stralci del discorso furono pubblicati solo nel quinto paragrafo di pagina 15. \u201cEravamo preparati a disordini, tumulti, eventi inaspettati. Ma non a coprire una pagina di storia\u201d ha scritto Kaiser.<br \/>\nChi invece ha ricordato con orgoglio il proprio lavoro giornalistico durante quelle giornate \u00e8 la stampa ebraica newyorkese. E cos\u00ec il Forward, versione in inglese dell\u2019allora quotidiano yiddish Forverts, ha riproposto alcuni degli articoli pubblicati in quell\u2019occasione.<br \/>\n\u201cLa marcia verr\u00e0 ricordata nella storia come la pi\u00f9 potente dimostrazione di ascesa morale e virt\u00f9 umana \u2013 scrisse il giornalista Moishe Crystal \u2013 Il lato ebraico \u00e8 stato inoltre molto evidente e di impatto nella partecipazione a Washington\u201d. Gi\u00e0 perch\u00e9 furono tanti, pi\u00f9 o meno noti, gli attivisti ebrei e i rappresentanti dalla comunit\u00e0 ebraica americana a fianco di Martin Luther King in quei giorni. Al presidente del Synagogue Council of America, il rabbino Uri Miller, fu affidata la formulazione della preghiera di apertura dell\u2019evento \u201cSignore D-o nostro, invochiamo la Tua benedizione per questo raduno di cittadini che si sono ritrovati qui a dimostrare per la libert\u00e0, il pane e la dignit\u00e0 degli uomini. Tu che hai messo in risalto che tutti gli individui sono uguali nel loro diritto alla vita, alla libert\u00e0 e alla ricerca della felicit\u00e0, rendici capaci attraverso questa manifestazione, di sensibilizzare tutta l\u2019America, e specialmente coloro che si trovano in posizione di potere e autorit\u00e0, al concetto dell\u2019uguaglianza\u201d invoc\u00f2 Miller (<strong><a href=\"http:\/\/www.youtube.com\/watch?v=dTOoxZRUt_I\" target=\"_blank\">guarda il video<\/a><\/strong>).<br \/>\nE subito prima di Martin Luther King, a prendere la parola fu anche il presidente del Congresso ebraico americano, Joachim Prinz, gi\u00e0 rabbino a Berlino e poi esule in America dalla Germania nazista \u201cMi rivolgo a voi come ebreo americano. Come americani, condividiamo la profonda preoccupazione di milioni di persone verso la vergogna e la disgrazia dell\u2019ineguaglianza e dell\u2019ingiustizia che insultano la grande idea americana. Come ebrei, portiamo a questa manifestazione, dove migliaia di noi orgogliosamente partecipano, una duplice esperienza: quella del nostro spirito e quella della nostra storia \u2013 sottoline\u00f2 Prinz \u2013 Quando ero rabbino a Berlino, sotto il regime di Hitler, imparai molte cose. Soprattutto che non sono intolleranza e odio il problema pi\u00f9 grave, ma il silenzio. L\u2019America non deve rimanere in silenzio. Non solo l\u2019America nera, ma tutta l\u2019America\u201d (<strong><a href=\"http:\/\/www.joachimprinz.com\/images\/mow.mp3\" target=\"_blank\">ascolta il discorso<\/a><\/strong>).<br \/>\nNon fu invece invitato alla Marcia del 28 agosto il rabbino Abraham Joshua Heschel, che di l\u00ec a poco sarebbe diventato un caro amico di Martin Luther King e una figura fondamentale nella lotta per i diritti civili, mentre essenziale fu, dietro le quinte, il ruolo di Arnie Aronson: a casa sua, in segreto, si tennero le riunioni per organizzare la Marcia.<br \/>\nOggi gli Stati Uniti hanno eletto il primo presidente di colore e l\u2019utilizzo del termine \u201cnegro\u201d non viene pi\u00f9 considerato accettabile. Una rivoluzione diversa e pi\u00f9 dirompente dei tumulti che temeva il Washington Post in quel 1963, ma che ha ancora tanti passi da compiere, se \u00e8 vero che un giovane afro-americano ha una percentuale di probabilit\u00e0 di finire in prigione infinitamente superiore a quella di un coetaneo bianco. Passi per i quali la Marcia per il lavoro e per la libert\u00e0 continua a rappresentare un punto di riferimento. \u201cIl discorso di King \u00e8 stato talmente potente che nel tempo diventer\u00e0 chiaro che ogni volta che qualcuno user\u00e0 la frase \u2018Io ho un sogno\u2019 star\u00e0 facendo riferimento a lui\u201d concluse Crystal sul Forverts.<br \/>\nAffermazione a dir poco profetica.<br \/>\n<strong><br \/>\nRossella Tercatin<\/strong> twitter @rtercatinmoked<\/p>\n<p>(28 agosto 2013)<\/p>\n","protected":false},"excerpt":{"rendered":"<p>Sono passati cinquant\u2019anni dalla giornata in cui 250mila persone si trovarono a Washington per chiedere uguaglianza, rispetto, un\u2019America nuova, nella \u201cMarcia per il lavoro e per le libert\u00e0\u201d. Sono passati cinquant\u2019anni da quando il pastore Martin Luther King, pronunci\u00f2 quelle parole \u201cI have a dream\u201d, \u201cIo ho un sogno\u201d, capaci di plasmare il corso degli&hellip; <a class=\"more\" rel=\"bookmark\" href=\"https:\/\/moked.it\/paginebraiche\/2013\/08\/29\/i-have-a-dream-il-ricordo-degli-ebrei-in-marcia\/\">leggi&nbsp;<i class=\"fa fa-chevron-circle-right\"><\/i><\/a><\/p>\n","protected":false},"author":1,"featured_media":0,"menu_order":0,"comment_status":"closed","ping_status":"open","sticky":false,"template":"","format":"standard","meta":{"footnotes":""},"categories":[1],"tags":[],"position":[],"class_list":["post-698","post","type-post","status-publish","format-standard","hentry","category-uncategorized"],"yoast_head":"<!-- This site is optimized with the Yoast SEO plugin v26.0 - https:\/\/yoast.com\/wordpress\/plugins\/seo\/ -->\n<title>&quot;I have a dream&quot; \u2013 Il ricordo degli ebrei in marcia - Pagine Ebraiche<\/title>\n<meta name=\"robots\" content=\"index, follow, max-snippet:-1, max-image-preview:large, max-video-preview:-1\" \/>\n<link rel=\"canonical\" href=\"https:\/\/moked.it\/paginebraiche\/2013\/08\/29\/i-have-a-dream-il-ricordo-degli-ebrei-in-marcia\/\" \/>\n<meta property=\"og:locale\" content=\"it_IT\" \/>\n<meta property=\"og:type\" content=\"article\" \/>\n<meta property=\"og:title\" content=\"&quot;I have a dream&quot; \u2013 Il ricordo degli ebrei in marcia - Pagine Ebraiche\" \/>\n<meta property=\"og:description\" content=\"Sono passati cinquant\u2019anni dalla giornata in cui 250mila persone si trovarono a Washington per chiedere uguaglianza, rispetto, un\u2019America nuova, nella \u201cMarcia per il lavoro e per le libert\u00e0\u201d. Sono passati cinquant\u2019anni da quando il pastore Martin Luther King, pronunci\u00f2 quelle parole \u201cI have a dream\u201d, \u201cIo ho un sogno\u201d, capaci di plasmare il corso degli&hellip; leggi&nbsp;\" \/>\n<meta property=\"og:url\" content=\"https:\/\/moked.it\/paginebraiche\/2013\/08\/29\/i-have-a-dream-il-ricordo-degli-ebrei-in-marcia\/\" \/>\n<meta property=\"og:site_name\" content=\"Pagine Ebraiche\" \/>\n<meta property=\"article:published_time\" content=\"2013-08-29T10:13:36+00:00\" \/>\n<meta property=\"og:image\" content=\"http:\/\/moked.it\/paginebraiche\/files\/2013\/08\/king1-1024x776.jpg\" \/>\n<meta name=\"author\" content=\"admin\" \/>\n<meta name=\"twitter:card\" content=\"summary_large_image\" \/>\n<meta name=\"twitter:label1\" content=\"Scritto da\" \/>\n\t<meta name=\"twitter:data1\" content=\"admin\" \/>\n\t<meta name=\"twitter:label2\" content=\"Tempo di lettura stimato\" \/>\n\t<meta name=\"twitter:data2\" content=\"4 minuti\" \/>\n<script type=\"application\/ld+json\" class=\"yoast-schema-graph\">{\"@context\":\"https:\/\/schema.org\",\"@graph\":[{\"@type\":\"WebPage\",\"@id\":\"https:\/\/moked.it\/paginebraiche\/2013\/08\/29\/i-have-a-dream-il-ricordo-degli-ebrei-in-marcia\/\",\"url\":\"https:\/\/moked.it\/paginebraiche\/2013\/08\/29\/i-have-a-dream-il-ricordo-degli-ebrei-in-marcia\/\",\"name\":\"\\\"I have a dream\\\" \u2013 Il ricordo degli ebrei in marcia - Pagine Ebraiche\",\"isPartOf\":{\"@id\":\"https:\/\/moked.it\/paginebraiche\/#website\"},\"primaryImageOfPage\":{\"@id\":\"https:\/\/moked.it\/paginebraiche\/2013\/08\/29\/i-have-a-dream-il-ricordo-degli-ebrei-in-marcia\/#primaryimage\"},\"image\":{\"@id\":\"https:\/\/moked.it\/paginebraiche\/2013\/08\/29\/i-have-a-dream-il-ricordo-degli-ebrei-in-marcia\/#primaryimage\"},\"thumbnailUrl\":\"http:\/\/moked.it\/paginebraiche\/files\/2013\/08\/king1-1024x776.jpg\",\"datePublished\":\"2013-08-29T10:13:36+00:00\",\"author\":{\"@id\":\"https:\/\/moked.it\/paginebraiche\/#\/schema\/person\/723f5746de4ea0e08fab5790d734e554\"},\"breadcrumb\":{\"@id\":\"https:\/\/moked.it\/paginebraiche\/2013\/08\/29\/i-have-a-dream-il-ricordo-degli-ebrei-in-marcia\/#breadcrumb\"},\"inLanguage\":\"it-IT\",\"potentialAction\":[{\"@type\":\"ReadAction\",\"target\":[\"https:\/\/moked.it\/paginebraiche\/2013\/08\/29\/i-have-a-dream-il-ricordo-degli-ebrei-in-marcia\/\"]}]},{\"@type\":\"ImageObject\",\"inLanguage\":\"it-IT\",\"@id\":\"https:\/\/moked.it\/paginebraiche\/2013\/08\/29\/i-have-a-dream-il-ricordo-degli-ebrei-in-marcia\/#primaryimage\",\"url\":\"https:\/\/moked.it\/paginebraiche\/files\/2013\/08\/king1.jpg\",\"contentUrl\":\"https:\/\/moked.it\/paginebraiche\/files\/2013\/08\/king1.jpg\",\"width\":1126,\"height\":854},{\"@type\":\"BreadcrumbList\",\"@id\":\"https:\/\/moked.it\/paginebraiche\/2013\/08\/29\/i-have-a-dream-il-ricordo-degli-ebrei-in-marcia\/#breadcrumb\",\"itemListElement\":[{\"@type\":\"ListItem\",\"position\":1,\"name\":\"Home\",\"item\":\"https:\/\/moked.it\/paginebraiche\/\"},{\"@type\":\"ListItem\",\"position\":2,\"name\":\"&#8220;I have a dream&#8221; \u2013 Il ricordo degli ebrei in marcia\"}]},{\"@type\":\"WebSite\",\"@id\":\"https:\/\/moked.it\/paginebraiche\/#website\",\"url\":\"https:\/\/moked.it\/paginebraiche\/\",\"name\":\"Pagine Ebraiche\",\"description\":\"Il giornale dell&#039;ebraismo italiano\",\"potentialAction\":[{\"@type\":\"SearchAction\",\"target\":{\"@type\":\"EntryPoint\",\"urlTemplate\":\"https:\/\/moked.it\/paginebraiche\/?s={search_term_string}\"},\"query-input\":{\"@type\":\"PropertyValueSpecification\",\"valueRequired\":true,\"valueName\":\"search_term_string\"}}],\"inLanguage\":\"it-IT\"},{\"@type\":\"Person\",\"@id\":\"https:\/\/moked.it\/paginebraiche\/#\/schema\/person\/723f5746de4ea0e08fab5790d734e554\",\"name\":\"admin\",\"image\":{\"@type\":\"ImageObject\",\"inLanguage\":\"it-IT\",\"@id\":\"https:\/\/moked.it\/paginebraiche\/#\/schema\/person\/image\/\",\"url\":\"https:\/\/secure.gravatar.com\/avatar\/cadb6747455b21c18b2cfb9aad35ab377cb4ba61ea46f6fba9fb91fd33059fde?s=96&d=mm&r=g\",\"contentUrl\":\"https:\/\/secure.gravatar.com\/avatar\/cadb6747455b21c18b2cfb9aad35ab377cb4ba61ea46f6fba9fb91fd33059fde?s=96&d=mm&r=g\",\"caption\":\"admin\"},\"url\":\"https:\/\/moked.it\/paginebraiche\/author\/admin\/\"}]}<\/script>\n<!-- \/ Yoast SEO plugin. -->","yoast_head_json":{"title":"\"I have a dream\" \u2013 Il ricordo degli ebrei in marcia - Pagine Ebraiche","robots":{"index":"index","follow":"follow","max-snippet":"max-snippet:-1","max-image-preview":"max-image-preview:large","max-video-preview":"max-video-preview:-1"},"canonical":"https:\/\/moked.it\/paginebraiche\/2013\/08\/29\/i-have-a-dream-il-ricordo-degli-ebrei-in-marcia\/","og_locale":"it_IT","og_type":"article","og_title":"\"I have a dream\" \u2013 Il ricordo degli ebrei in marcia - Pagine Ebraiche","og_description":"Sono passati cinquant\u2019anni dalla giornata in cui 250mila persone si trovarono a Washington per chiedere uguaglianza, rispetto, un\u2019America nuova, nella \u201cMarcia per il lavoro e per le libert\u00e0\u201d. Sono passati cinquant\u2019anni da quando il pastore Martin Luther King, pronunci\u00f2 quelle parole \u201cI have a dream\u201d, \u201cIo ho un sogno\u201d, capaci di plasmare il corso degli&hellip; leggi&nbsp;","og_url":"https:\/\/moked.it\/paginebraiche\/2013\/08\/29\/i-have-a-dream-il-ricordo-degli-ebrei-in-marcia\/","og_site_name":"Pagine Ebraiche","article_published_time":"2013-08-29T10:13:36+00:00","og_image":[{"url":"http:\/\/moked.it\/paginebraiche\/files\/2013\/08\/king1-1024x776.jpg","type":"","width":"","height":""}],"author":"admin","twitter_card":"summary_large_image","twitter_misc":{"Scritto da":"admin","Tempo di lettura stimato":"4 minuti"},"schema":{"@context":"https:\/\/schema.org","@graph":[{"@type":"WebPage","@id":"https:\/\/moked.it\/paginebraiche\/2013\/08\/29\/i-have-a-dream-il-ricordo-degli-ebrei-in-marcia\/","url":"https:\/\/moked.it\/paginebraiche\/2013\/08\/29\/i-have-a-dream-il-ricordo-degli-ebrei-in-marcia\/","name":"\"I have a dream\" \u2013 Il ricordo degli ebrei in marcia - Pagine Ebraiche","isPartOf":{"@id":"https:\/\/moked.it\/paginebraiche\/#website"},"primaryImageOfPage":{"@id":"https:\/\/moked.it\/paginebraiche\/2013\/08\/29\/i-have-a-dream-il-ricordo-degli-ebrei-in-marcia\/#primaryimage"},"image":{"@id":"https:\/\/moked.it\/paginebraiche\/2013\/08\/29\/i-have-a-dream-il-ricordo-degli-ebrei-in-marcia\/#primaryimage"},"thumbnailUrl":"http:\/\/moked.it\/paginebraiche\/files\/2013\/08\/king1-1024x776.jpg","datePublished":"2013-08-29T10:13:36+00:00","author":{"@id":"https:\/\/moked.it\/paginebraiche\/#\/schema\/person\/723f5746de4ea0e08fab5790d734e554"},"breadcrumb":{"@id":"https:\/\/moked.it\/paginebraiche\/2013\/08\/29\/i-have-a-dream-il-ricordo-degli-ebrei-in-marcia\/#breadcrumb"},"inLanguage":"it-IT","potentialAction":[{"@type":"ReadAction","target":["https:\/\/moked.it\/paginebraiche\/2013\/08\/29\/i-have-a-dream-il-ricordo-degli-ebrei-in-marcia\/"]}]},{"@type":"ImageObject","inLanguage":"it-IT","@id":"https:\/\/moked.it\/paginebraiche\/2013\/08\/29\/i-have-a-dream-il-ricordo-degli-ebrei-in-marcia\/#primaryimage","url":"https:\/\/moked.it\/paginebraiche\/files\/2013\/08\/king1.jpg","contentUrl":"https:\/\/moked.it\/paginebraiche\/files\/2013\/08\/king1.jpg","width":1126,"height":854},{"@type":"BreadcrumbList","@id":"https:\/\/moked.it\/paginebraiche\/2013\/08\/29\/i-have-a-dream-il-ricordo-degli-ebrei-in-marcia\/#breadcrumb","itemListElement":[{"@type":"ListItem","position":1,"name":"Home","item":"https:\/\/moked.it\/paginebraiche\/"},{"@type":"ListItem","position":2,"name":"&#8220;I have a dream&#8221; \u2013 Il ricordo degli ebrei in marcia"}]},{"@type":"WebSite","@id":"https:\/\/moked.it\/paginebraiche\/#website","url":"https:\/\/moked.it\/paginebraiche\/","name":"Pagine Ebraiche","description":"Il giornale dell&#039;ebraismo italiano","potentialAction":[{"@type":"SearchAction","target":{"@type":"EntryPoint","urlTemplate":"https:\/\/moked.it\/paginebraiche\/?s={search_term_string}"},"query-input":{"@type":"PropertyValueSpecification","valueRequired":true,"valueName":"search_term_string"}}],"inLanguage":"it-IT"},{"@type":"Person","@id":"https:\/\/moked.it\/paginebraiche\/#\/schema\/person\/723f5746de4ea0e08fab5790d734e554","name":"admin","image":{"@type":"ImageObject","inLanguage":"it-IT","@id":"https:\/\/moked.it\/paginebraiche\/#\/schema\/person\/image\/","url":"https:\/\/secure.gravatar.com\/avatar\/cadb6747455b21c18b2cfb9aad35ab377cb4ba61ea46f6fba9fb91fd33059fde?s=96&d=mm&r=g","contentUrl":"https:\/\/secure.gravatar.com\/avatar\/cadb6747455b21c18b2cfb9aad35ab377cb4ba61ea46f6fba9fb91fd33059fde?s=96&d=mm&r=g","caption":"admin"},"url":"https:\/\/moked.it\/paginebraiche\/author\/admin\/"}]}},"_links":{"self":[{"href":"https:\/\/moked.it\/paginebraiche\/wp-json\/wp\/v2\/posts\/698","targetHints":{"allow":["GET"]}}],"collection":[{"href":"https:\/\/moked.it\/paginebraiche\/wp-json\/wp\/v2\/posts"}],"about":[{"href":"https:\/\/moked.it\/paginebraiche\/wp-json\/wp\/v2\/types\/post"}],"author":[{"embeddable":true,"href":"https:\/\/moked.it\/paginebraiche\/wp-json\/wp\/v2\/users\/1"}],"replies":[{"embeddable":true,"href":"https:\/\/moked.it\/paginebraiche\/wp-json\/wp\/v2\/comments?post=698"}],"version-history":[{"count":1,"href":"https:\/\/moked.it\/paginebraiche\/wp-json\/wp\/v2\/posts\/698\/revisions"}],"predecessor-version":[{"id":701,"href":"https:\/\/moked.it\/paginebraiche\/wp-json\/wp\/v2\/posts\/698\/revisions\/701"}],"wp:attachment":[{"href":"https:\/\/moked.it\/paginebraiche\/wp-json\/wp\/v2\/media?parent=698"}],"wp:term":[{"taxonomy":"category","embeddable":true,"href":"https:\/\/moked.it\/paginebraiche\/wp-json\/wp\/v2\/categories?post=698"},{"taxonomy":"post_tag","embeddable":true,"href":"https:\/\/moked.it\/paginebraiche\/wp-json\/wp\/v2\/tags?post=698"},{"taxonomy":"position","embeddable":true,"href":"https:\/\/moked.it\/paginebraiche\/wp-json\/wp\/v2\/position?post=698"}],"curies":[{"name":"wp","href":"https:\/\/api.w.org\/{rel}","templated":true}]}}