{"id":736,"date":"2013-11-13T18:16:46","date_gmt":"2013-11-13T23:16:46","guid":{"rendered":"http:\/\/moked.it\/paginebraiche\/?p=736"},"modified":"2013-11-13T18:16:46","modified_gmt":"2013-11-13T23:16:46","slug":"saul-kagan-1922-2013","status":"publish","type":"post","link":"https:\/\/moked.it\/paginebraiche\/2013\/11\/13\/saul-kagan-1922-2013\/","title":{"rendered":"Saul Kagan (1922-2013)"},"content":{"rendered":"<p><a href=\"http:\/\/moked.it\/paginebraiche\/files\/2013\/11\/Saul-Kagan-and-Nahum-Goldmann-1958.jpg\"><img loading=\"lazy\" decoding=\"async\" src=\"http:\/\/moked.it\/paginebraiche\/files\/2013\/11\/Saul-Kagan-and-Nahum-Goldmann-1958.jpg\" alt=\"CONF-OPE\" width=\"994\" height=\"754\" class=\"alignright size-full wp-image-738\" srcset=\"https:\/\/moked.it\/paginebraiche\/files\/2013\/11\/Saul-Kagan-and-Nahum-Goldmann-1958.jpg 994w, https:\/\/moked.it\/paginebraiche\/files\/2013\/11\/Saul-Kagan-and-Nahum-Goldmann-1958-300x227.jpg 300w\" sizes=\"auto, (max-width: 994px) 100vw, 994px\" \/><\/a>Presenza fondamentale gi\u00e0 durante la fondazione della Claims Conference nel 1951, quando iniziarono le negoziazioni con la Germania, Saul Kagan \u00e8 stato per decenni alla guida dell\u2019organizzazione che si occupa delle compensazioni dovute dal governo tedesco ai sopravvissuti della Shoah, e ai parenti delle vittime del nazifascismo. Nato a Vilna e fuggito dalla Lituania nel 1940, arriva negli Stati Uniti attraverso Vladivostok, il Giappone e poi le Hawai, si trov\u00f2 a tornare in Europa il 9 giugno 1944, con le forze aeree americane. Nel 1951, forte anche delle sei lingue che parlava correntemente partecip\u00f2 alla creazione di quello che \u00e8 noto come U.S Government military order n\u00b059, che permetteva ai sopravvissuti della Shoah e alle famiglie delle vittime di presentare reclami per i beni confiscati dai nazisti. I Claims, appunto, che poi avrebbero dato il nome alla Conference on Jewish Material Claims Against Germany, ora nota pi\u00f9 semplicemente come Claims Conference. Nel 1952 Saul Kagan era seduto al tavolo intorno a cui vennero negoziati i primi accordi fra Germania, Israele e quella Claims Conference che avrebbe poi guidato fino al 1999. Una associazione potentissima, al centro anche di qualche contestazione, che proprio grazie a Kagan ha avuto l\u2019enorme merito di riuscire a stabilire diversi accordi a beneficio dei perseguitati ebrei, a miglioramento di quella prima negoziazione del 1952, tra cui, recentemente, un notevole stanziamento a favore delle vittime proveniente dall\u2019Europa Orientale, raggiunto dopo vent\u2019anni di trattative, che entrer\u00e0 in un apposito Fondo, uno dei tanti che hanno aiutato e ancora aiutano moltissimi ebrei in tutto il mondo.<br \/>\nUn altro apporto di grandissimo significato in cui il ruolo di Kagan \u00e8 stato determinante \u00e8 il contributo dato alla fondazione dello Yad Vashem che, come la stessa Claims Conference, ora \u00e8 un elemento acquisito nel panorama mentale di tutti. Non bisogna per\u00f2 dimenticare l\u2019idea stessa di accettare una compensazione economica per il dolore e le sofferenze inflitte agli ebrei dal nazifascismo \u00e8 stata a lungo discussa, anche molto violentemente. Gi\u00e0 a partire da quando, nel 1951 l\u2019allora cancelliere tedesco Konrad Adenauer riconobbe i delitti perpetrati dalla Germania e si disse pronto a offrire riparazione economica e a cercare, insieme ai rappresentanti di Israele e dell\u2019ebraismo, una soluzione al problema della riparazione materiale. Per arrivare ai risultati attuali state determinanti la volont\u00e0 ferrea e la determinazione di persone come Saul Kagan. <\/p>\n<p><strong>a.t.<\/strong> twitter @atrevesmoked<\/p>\n","protected":false},"excerpt":{"rendered":"<p>Presenza fondamentale gi\u00e0 durante la fondazione della Claims Conference nel 1951, quando iniziarono le negoziazioni con la Germania, Saul Kagan \u00e8 stato per decenni alla guida dell\u2019organizzazione che si occupa delle compensazioni dovute dal governo tedesco ai sopravvissuti della Shoah, e ai parenti delle vittime del nazifascismo. Nato a Vilna e fuggito dalla Lituania nel&hellip; <a class=\"more\" rel=\"bookmark\" href=\"https:\/\/moked.it\/paginebraiche\/2013\/11\/13\/saul-kagan-1922-2013\/\">leggi&nbsp;<i class=\"fa fa-chevron-circle-right\"><\/i><\/a><\/p>\n","protected":false},"author":1,"featured_media":0,"menu_order":0,"comment_status":"closed","ping_status":"open","sticky":false,"template":"","format":"standard","meta":{"footnotes":""},"categories":[1],"tags":[],"position":[],"class_list":["post-736","post","type-post","status-publish","format-standard","hentry","category-uncategorized"],"yoast_head":"<!-- This site is optimized with the Yoast SEO plugin v26.0 - https:\/\/yoast.com\/wordpress\/plugins\/seo\/ -->\n<title>Saul Kagan (1922-2013) - Pagine Ebraiche<\/title>\n<meta name=\"robots\" content=\"index, follow, max-snippet:-1, max-image-preview:large, max-video-preview:-1\" \/>\n<link rel=\"canonical\" href=\"https:\/\/moked.it\/paginebraiche\/2013\/11\/13\/saul-kagan-1922-2013\/\" \/>\n<meta property=\"og:locale\" content=\"it_IT\" \/>\n<meta property=\"og:type\" content=\"article\" \/>\n<meta property=\"og:title\" content=\"Saul Kagan (1922-2013) - Pagine Ebraiche\" \/>\n<meta property=\"og:description\" content=\"Presenza fondamentale gi\u00e0 durante la fondazione della Claims Conference nel 1951, quando iniziarono le negoziazioni con la Germania, Saul Kagan \u00e8 stato per decenni alla guida dell\u2019organizzazione che si occupa delle compensazioni dovute dal governo tedesco ai sopravvissuti della Shoah, e ai parenti delle vittime del nazifascismo. Nato a Vilna e fuggito dalla Lituania nel&hellip; leggi&nbsp;\" \/>\n<meta property=\"og:url\" content=\"https:\/\/moked.it\/paginebraiche\/2013\/11\/13\/saul-kagan-1922-2013\/\" \/>\n<meta property=\"og:site_name\" content=\"Pagine Ebraiche\" \/>\n<meta property=\"article:published_time\" content=\"2013-11-13T23:16:46+00:00\" \/>\n<meta property=\"og:image\" content=\"http:\/\/moked.it\/paginebraiche\/files\/2013\/11\/Saul-Kagan-and-Nahum-Goldmann-1958.jpg\" \/>\n<meta name=\"author\" content=\"admin\" \/>\n<meta name=\"twitter:card\" content=\"summary_large_image\" \/>\n<meta name=\"twitter:label1\" content=\"Scritto da\" \/>\n\t<meta name=\"twitter:data1\" content=\"admin\" \/>\n\t<meta name=\"twitter:label2\" content=\"Tempo di lettura stimato\" \/>\n\t<meta name=\"twitter:data2\" content=\"2 minuti\" \/>\n<script type=\"application\/ld+json\" class=\"yoast-schema-graph\">{\"@context\":\"https:\/\/schema.org\",\"@graph\":[{\"@type\":\"WebPage\",\"@id\":\"https:\/\/moked.it\/paginebraiche\/2013\/11\/13\/saul-kagan-1922-2013\/\",\"url\":\"https:\/\/moked.it\/paginebraiche\/2013\/11\/13\/saul-kagan-1922-2013\/\",\"name\":\"Saul Kagan (1922-2013) - Pagine Ebraiche\",\"isPartOf\":{\"@id\":\"https:\/\/moked.it\/paginebraiche\/#website\"},\"primaryImageOfPage\":{\"@id\":\"https:\/\/moked.it\/paginebraiche\/2013\/11\/13\/saul-kagan-1922-2013\/#primaryimage\"},\"image\":{\"@id\":\"https:\/\/moked.it\/paginebraiche\/2013\/11\/13\/saul-kagan-1922-2013\/#primaryimage\"},\"thumbnailUrl\":\"http:\/\/moked.it\/paginebraiche\/files\/2013\/11\/Saul-Kagan-and-Nahum-Goldmann-1958.jpg\",\"datePublished\":\"2013-11-13T23:16:46+00:00\",\"author\":{\"@id\":\"https:\/\/moked.it\/paginebraiche\/#\/schema\/person\/723f5746de4ea0e08fab5790d734e554\"},\"breadcrumb\":{\"@id\":\"https:\/\/moked.it\/paginebraiche\/2013\/11\/13\/saul-kagan-1922-2013\/#breadcrumb\"},\"inLanguage\":\"it-IT\",\"potentialAction\":[{\"@type\":\"ReadAction\",\"target\":[\"https:\/\/moked.it\/paginebraiche\/2013\/11\/13\/saul-kagan-1922-2013\/\"]}]},{\"@type\":\"ImageObject\",\"inLanguage\":\"it-IT\",\"@id\":\"https:\/\/moked.it\/paginebraiche\/2013\/11\/13\/saul-kagan-1922-2013\/#primaryimage\",\"url\":\"https:\/\/moked.it\/paginebraiche\/files\/2013\/11\/Saul-Kagan-and-Nahum-Goldmann-1958.jpg\",\"contentUrl\":\"https:\/\/moked.it\/paginebraiche\/files\/2013\/11\/Saul-Kagan-and-Nahum-Goldmann-1958.jpg\",\"width\":994,\"height\":754},{\"@type\":\"BreadcrumbList\",\"@id\":\"https:\/\/moked.it\/paginebraiche\/2013\/11\/13\/saul-kagan-1922-2013\/#breadcrumb\",\"itemListElement\":[{\"@type\":\"ListItem\",\"position\":1,\"name\":\"Home\",\"item\":\"https:\/\/moked.it\/paginebraiche\/\"},{\"@type\":\"ListItem\",\"position\":2,\"name\":\"Saul Kagan (1922-2013)\"}]},{\"@type\":\"WebSite\",\"@id\":\"https:\/\/moked.it\/paginebraiche\/#website\",\"url\":\"https:\/\/moked.it\/paginebraiche\/\",\"name\":\"Pagine Ebraiche\",\"description\":\"Il giornale dell&#039;ebraismo italiano\",\"potentialAction\":[{\"@type\":\"SearchAction\",\"target\":{\"@type\":\"EntryPoint\",\"urlTemplate\":\"https:\/\/moked.it\/paginebraiche\/?s={search_term_string}\"},\"query-input\":{\"@type\":\"PropertyValueSpecification\",\"valueRequired\":true,\"valueName\":\"search_term_string\"}}],\"inLanguage\":\"it-IT\"},{\"@type\":\"Person\",\"@id\":\"https:\/\/moked.it\/paginebraiche\/#\/schema\/person\/723f5746de4ea0e08fab5790d734e554\",\"name\":\"admin\",\"image\":{\"@type\":\"ImageObject\",\"inLanguage\":\"it-IT\",\"@id\":\"https:\/\/moked.it\/paginebraiche\/#\/schema\/person\/image\/\",\"url\":\"https:\/\/secure.gravatar.com\/avatar\/cadb6747455b21c18b2cfb9aad35ab377cb4ba61ea46f6fba9fb91fd33059fde?s=96&d=mm&r=g\",\"contentUrl\":\"https:\/\/secure.gravatar.com\/avatar\/cadb6747455b21c18b2cfb9aad35ab377cb4ba61ea46f6fba9fb91fd33059fde?s=96&d=mm&r=g\",\"caption\":\"admin\"},\"url\":\"https:\/\/moked.it\/paginebraiche\/author\/admin\/\"}]}<\/script>\n<!-- \/ Yoast SEO plugin. -->","yoast_head_json":{"title":"Saul Kagan (1922-2013) - Pagine Ebraiche","robots":{"index":"index","follow":"follow","max-snippet":"max-snippet:-1","max-image-preview":"max-image-preview:large","max-video-preview":"max-video-preview:-1"},"canonical":"https:\/\/moked.it\/paginebraiche\/2013\/11\/13\/saul-kagan-1922-2013\/","og_locale":"it_IT","og_type":"article","og_title":"Saul Kagan (1922-2013) - Pagine Ebraiche","og_description":"Presenza fondamentale gi\u00e0 durante la fondazione della Claims Conference nel 1951, quando iniziarono le negoziazioni con la Germania, Saul Kagan \u00e8 stato per decenni alla guida dell\u2019organizzazione che si occupa delle compensazioni dovute dal governo tedesco ai sopravvissuti della Shoah, e ai parenti delle vittime del nazifascismo. Nato a Vilna e fuggito dalla Lituania nel&hellip; leggi&nbsp;","og_url":"https:\/\/moked.it\/paginebraiche\/2013\/11\/13\/saul-kagan-1922-2013\/","og_site_name":"Pagine Ebraiche","article_published_time":"2013-11-13T23:16:46+00:00","og_image":[{"url":"http:\/\/moked.it\/paginebraiche\/files\/2013\/11\/Saul-Kagan-and-Nahum-Goldmann-1958.jpg","type":"","width":"","height":""}],"author":"admin","twitter_card":"summary_large_image","twitter_misc":{"Scritto da":"admin","Tempo di lettura stimato":"2 minuti"},"schema":{"@context":"https:\/\/schema.org","@graph":[{"@type":"WebPage","@id":"https:\/\/moked.it\/paginebraiche\/2013\/11\/13\/saul-kagan-1922-2013\/","url":"https:\/\/moked.it\/paginebraiche\/2013\/11\/13\/saul-kagan-1922-2013\/","name":"Saul Kagan (1922-2013) - Pagine Ebraiche","isPartOf":{"@id":"https:\/\/moked.it\/paginebraiche\/#website"},"primaryImageOfPage":{"@id":"https:\/\/moked.it\/paginebraiche\/2013\/11\/13\/saul-kagan-1922-2013\/#primaryimage"},"image":{"@id":"https:\/\/moked.it\/paginebraiche\/2013\/11\/13\/saul-kagan-1922-2013\/#primaryimage"},"thumbnailUrl":"http:\/\/moked.it\/paginebraiche\/files\/2013\/11\/Saul-Kagan-and-Nahum-Goldmann-1958.jpg","datePublished":"2013-11-13T23:16:46+00:00","author":{"@id":"https:\/\/moked.it\/paginebraiche\/#\/schema\/person\/723f5746de4ea0e08fab5790d734e554"},"breadcrumb":{"@id":"https:\/\/moked.it\/paginebraiche\/2013\/11\/13\/saul-kagan-1922-2013\/#breadcrumb"},"inLanguage":"it-IT","potentialAction":[{"@type":"ReadAction","target":["https:\/\/moked.it\/paginebraiche\/2013\/11\/13\/saul-kagan-1922-2013\/"]}]},{"@type":"ImageObject","inLanguage":"it-IT","@id":"https:\/\/moked.it\/paginebraiche\/2013\/11\/13\/saul-kagan-1922-2013\/#primaryimage","url":"https:\/\/moked.it\/paginebraiche\/files\/2013\/11\/Saul-Kagan-and-Nahum-Goldmann-1958.jpg","contentUrl":"https:\/\/moked.it\/paginebraiche\/files\/2013\/11\/Saul-Kagan-and-Nahum-Goldmann-1958.jpg","width":994,"height":754},{"@type":"BreadcrumbList","@id":"https:\/\/moked.it\/paginebraiche\/2013\/11\/13\/saul-kagan-1922-2013\/#breadcrumb","itemListElement":[{"@type":"ListItem","position":1,"name":"Home","item":"https:\/\/moked.it\/paginebraiche\/"},{"@type":"ListItem","position":2,"name":"Saul Kagan (1922-2013)"}]},{"@type":"WebSite","@id":"https:\/\/moked.it\/paginebraiche\/#website","url":"https:\/\/moked.it\/paginebraiche\/","name":"Pagine Ebraiche","description":"Il giornale dell&#039;ebraismo italiano","potentialAction":[{"@type":"SearchAction","target":{"@type":"EntryPoint","urlTemplate":"https:\/\/moked.it\/paginebraiche\/?s={search_term_string}"},"query-input":{"@type":"PropertyValueSpecification","valueRequired":true,"valueName":"search_term_string"}}],"inLanguage":"it-IT"},{"@type":"Person","@id":"https:\/\/moked.it\/paginebraiche\/#\/schema\/person\/723f5746de4ea0e08fab5790d734e554","name":"admin","image":{"@type":"ImageObject","inLanguage":"it-IT","@id":"https:\/\/moked.it\/paginebraiche\/#\/schema\/person\/image\/","url":"https:\/\/secure.gravatar.com\/avatar\/cadb6747455b21c18b2cfb9aad35ab377cb4ba61ea46f6fba9fb91fd33059fde?s=96&d=mm&r=g","contentUrl":"https:\/\/secure.gravatar.com\/avatar\/cadb6747455b21c18b2cfb9aad35ab377cb4ba61ea46f6fba9fb91fd33059fde?s=96&d=mm&r=g","caption":"admin"},"url":"https:\/\/moked.it\/paginebraiche\/author\/admin\/"}]}},"_links":{"self":[{"href":"https:\/\/moked.it\/paginebraiche\/wp-json\/wp\/v2\/posts\/736","targetHints":{"allow":["GET"]}}],"collection":[{"href":"https:\/\/moked.it\/paginebraiche\/wp-json\/wp\/v2\/posts"}],"about":[{"href":"https:\/\/moked.it\/paginebraiche\/wp-json\/wp\/v2\/types\/post"}],"author":[{"embeddable":true,"href":"https:\/\/moked.it\/paginebraiche\/wp-json\/wp\/v2\/users\/1"}],"replies":[{"embeddable":true,"href":"https:\/\/moked.it\/paginebraiche\/wp-json\/wp\/v2\/comments?post=736"}],"version-history":[{"count":1,"href":"https:\/\/moked.it\/paginebraiche\/wp-json\/wp\/v2\/posts\/736\/revisions"}],"predecessor-version":[{"id":739,"href":"https:\/\/moked.it\/paginebraiche\/wp-json\/wp\/v2\/posts\/736\/revisions\/739"}],"wp:attachment":[{"href":"https:\/\/moked.it\/paginebraiche\/wp-json\/wp\/v2\/media?parent=736"}],"wp:term":[{"taxonomy":"category","embeddable":true,"href":"https:\/\/moked.it\/paginebraiche\/wp-json\/wp\/v2\/categories?post=736"},{"taxonomy":"post_tag","embeddable":true,"href":"https:\/\/moked.it\/paginebraiche\/wp-json\/wp\/v2\/tags?post=736"},{"taxonomy":"position","embeddable":true,"href":"https:\/\/moked.it\/paginebraiche\/wp-json\/wp\/v2\/position?post=736"}],"curies":[{"name":"wp","href":"https:\/\/api.w.org\/{rel}","templated":true}]}}