{"id":763,"date":"2014-01-06T14:32:38","date_gmt":"2014-01-06T19:32:38","guid":{"rendered":"http:\/\/moked.it\/paginebraiche\/?p=763"},"modified":"2014-01-06T14:32:38","modified_gmt":"2014-01-06T19:32:38","slug":"saul-zaentz-1921-2014","status":"publish","type":"post","link":"https:\/\/moked.it\/paginebraiche\/2014\/01\/06\/saul-zaentz-1921-2014\/","title":{"rendered":"Saul Zaentz (1921 &#8211; 2014)"},"content":{"rendered":"<p><a href=\"http:\/\/moked.it\/paginebraiche\/files\/2014\/01\/saul-zaentz.jpg\"><img loading=\"lazy\" decoding=\"async\" src=\"http:\/\/moked.it\/paginebraiche\/files\/2014\/01\/saul-zaentz.jpg\" alt=\"saul zaentz\" width=\"1024\" height=\"576\" class=\"alignright size-full wp-image-764\" srcset=\"https:\/\/moked.it\/paginebraiche\/files\/2014\/01\/saul-zaentz.jpg 1024w, https:\/\/moked.it\/paginebraiche\/files\/2014\/01\/saul-zaentz-300x168.jpg 300w\" sizes=\"auto, (max-width: 1024px) 100vw, 1024px\" \/><\/a>\u00c8 stato un personaggio leggendario, complesso e singolare, un vero mito del cinema americano, ma per tenere le distanze da Hollywood aveva deciso di creare una sua casa di produzione indipendente a Berkley, vicino a San Francisco. Non si dedicava per\u00f2 a film intellettuali destinati a un ridottissimo pubblico di cinefili: Saul Zaentz ha vinto tre premi Oscar ed \u00e8 stato il primo produttore dai tempi di Cecil B. DeMille, nel 1952, a ricevere contemporaneamente al premio per il miglior film anche la statuetta dell\u2019Irving Thalberg Award, nel 1996.<br \/>\nNato nel 1921 a Passaic, nel New Jersey, da genitori ebrei immigrati dall\u2019Europa, dopo la seconda guerra mondiale e gli anni nell\u2019esercito ha iniziato a seguire la sua passione per il jazz, e lavorando per un\u2019etichetta discografica controllata da Norman Granz si \u00e8 occupato dei tour di grandi musicisti, fra cui Duke Ellington e Stan Getz. Nel 1955 \u00e8 diventato socio della Fantasy Record, che \u00e8 stata per molti anni la pi\u00f9 grande etichetta indipendente dedicata al jazz nel mondo, che acquis\u00ec nel \u201967 insieme ad altri soci, acquistandola dai fondatori Max e Sol Weiss.<br \/>\nGuidato dal fiuto per gli affari e dalla sua passione per la letteratura Saul Zaentz entr\u00f2 nel mondo del cinema, opzionando i diritti per le trasposizioni di due romanzi: il primo, coprodotto con Michael Douglas, divenne un successo mondiale e gli valse nel 1976 cinque Academy Awards, tra cui il suo primo Oscar come miglior film: si trattava di \u201cQualcuno vol\u00f2 sul nido del cuculo\u201d, diretto dal regista ceco Milo\u0161 Forman. Altro Oscar nel 1985, per un film diretto nuovamente da Forman, \u201cAmadeus\u201d, e ancora per \u201cIl paziente inglese\u201d diretto da Anthony Minghella (miglior regista e miglior film), lo stesso anno in cui ha ricevuto l\u2019Irving Thalberg Memorial Award. Suoi anche \u201cMosquito Coast\u201d, del 1986, diretto da Peter Weir (con Harrison Ford), e \u201cL\u2019insostenibile leggerezza dell\u2019essere\u201d tratto dal libro di Milan Kundera e diretto nel 1988 da Kaufman.<br \/>\n\u00c8 forse meno noto, se non agli appassionati di J.R.R Tolkien, che nel 1976 Saul Zaentz compr\u00f2 i diritti di \u201cLo Hobbit\u201d e de \u201cIl Signore degli Anelli\u201d, di cui nel 1978 realizz\u00f2 una versione animata, diretta da Ralph Bakshi. Il film, sperimentale e pur ricco di idee notevoli, non ebbe gran successo di pubblico, e Zaentz non realizz\u00f2 mai la seconda parte della saga. Ma nel 1997 concesse un\u2019opzione sui diritti del capolavoro di Tolkien alla Miramax, che per\u00f2 non realizz\u00f2 un nuovo lungometraggio, e il progetto venne realizzato poi da Peter Jackson, con la New Line: la sua trilogia ha avuto un successo planetario, diventando uno dei franchise di maggior successo della storia del cinema, rilanciando il genere fantasy. E Zaentz \u00e8 rimasto il produttore della trilogia dedicata alla Terra di Mezzo: anche in questo non ha tradito il suo famosissimo fiuto, che lo ha sempre diretto verso l\u2019acquisizione dei diritti cinematografici di libri importanti.<\/p>\n<p><strong>Ada Treves <\/strong>twitter @atrevesmoked<\/p>\n","protected":false},"excerpt":{"rendered":"<p>\u00c8 stato un personaggio leggendario, complesso e singolare, un vero mito del cinema americano, ma per tenere le distanze da Hollywood aveva deciso di creare una sua casa di produzione indipendente a Berkley, vicino a San Francisco. Non si dedicava per\u00f2 a film intellettuali destinati a un ridottissimo pubblico di cinefili: Saul Zaentz ha vinto&hellip; <a class=\"more\" rel=\"bookmark\" href=\"https:\/\/moked.it\/paginebraiche\/2014\/01\/06\/saul-zaentz-1921-2014\/\">leggi&nbsp;<i class=\"fa fa-chevron-circle-right\"><\/i><\/a><\/p>\n","protected":false},"author":1,"featured_media":0,"menu_order":0,"comment_status":"closed","ping_status":"open","sticky":false,"template":"","format":"standard","meta":{"footnotes":""},"categories":[1],"tags":[],"position":[],"class_list":["post-763","post","type-post","status-publish","format-standard","hentry","category-uncategorized"],"yoast_head":"<!-- This site is optimized with the Yoast SEO plugin v26.0 - https:\/\/yoast.com\/wordpress\/plugins\/seo\/ -->\n<title>Saul Zaentz (1921 - 2014) - Pagine Ebraiche<\/title>\n<meta name=\"robots\" content=\"index, follow, max-snippet:-1, max-image-preview:large, max-video-preview:-1\" \/>\n<link rel=\"canonical\" href=\"https:\/\/moked.it\/paginebraiche\/2014\/01\/06\/saul-zaentz-1921-2014\/\" \/>\n<meta property=\"og:locale\" content=\"it_IT\" \/>\n<meta property=\"og:type\" content=\"article\" \/>\n<meta property=\"og:title\" content=\"Saul Zaentz (1921 - 2014) - Pagine Ebraiche\" \/>\n<meta property=\"og:description\" content=\"\u00c8 stato un personaggio leggendario, complesso e singolare, un vero mito del cinema americano, ma per tenere le distanze da Hollywood aveva deciso di creare una sua casa di produzione indipendente a Berkley, vicino a San Francisco. Non si dedicava per\u00f2 a film intellettuali destinati a un ridottissimo pubblico di cinefili: Saul Zaentz ha vinto&hellip; leggi&nbsp;\" \/>\n<meta property=\"og:url\" content=\"https:\/\/moked.it\/paginebraiche\/2014\/01\/06\/saul-zaentz-1921-2014\/\" \/>\n<meta property=\"og:site_name\" content=\"Pagine Ebraiche\" \/>\n<meta property=\"article:published_time\" content=\"2014-01-06T19:32:38+00:00\" \/>\n<meta property=\"og:image\" content=\"http:\/\/moked.it\/paginebraiche\/files\/2014\/01\/saul-zaentz.jpg\" \/>\n<meta name=\"author\" content=\"admin\" \/>\n<meta name=\"twitter:card\" content=\"summary_large_image\" \/>\n<meta name=\"twitter:label1\" content=\"Scritto da\" \/>\n\t<meta name=\"twitter:data1\" content=\"admin\" \/>\n\t<meta name=\"twitter:label2\" content=\"Tempo di lettura stimato\" \/>\n\t<meta name=\"twitter:data2\" content=\"2 minuti\" \/>\n<script type=\"application\/ld+json\" class=\"yoast-schema-graph\">{\"@context\":\"https:\/\/schema.org\",\"@graph\":[{\"@type\":\"WebPage\",\"@id\":\"https:\/\/moked.it\/paginebraiche\/2014\/01\/06\/saul-zaentz-1921-2014\/\",\"url\":\"https:\/\/moked.it\/paginebraiche\/2014\/01\/06\/saul-zaentz-1921-2014\/\",\"name\":\"Saul Zaentz (1921 - 2014) - Pagine Ebraiche\",\"isPartOf\":{\"@id\":\"https:\/\/moked.it\/paginebraiche\/#website\"},\"primaryImageOfPage\":{\"@id\":\"https:\/\/moked.it\/paginebraiche\/2014\/01\/06\/saul-zaentz-1921-2014\/#primaryimage\"},\"image\":{\"@id\":\"https:\/\/moked.it\/paginebraiche\/2014\/01\/06\/saul-zaentz-1921-2014\/#primaryimage\"},\"thumbnailUrl\":\"http:\/\/moked.it\/paginebraiche\/files\/2014\/01\/saul-zaentz.jpg\",\"datePublished\":\"2014-01-06T19:32:38+00:00\",\"author\":{\"@id\":\"https:\/\/moked.it\/paginebraiche\/#\/schema\/person\/723f5746de4ea0e08fab5790d734e554\"},\"breadcrumb\":{\"@id\":\"https:\/\/moked.it\/paginebraiche\/2014\/01\/06\/saul-zaentz-1921-2014\/#breadcrumb\"},\"inLanguage\":\"it-IT\",\"potentialAction\":[{\"@type\":\"ReadAction\",\"target\":[\"https:\/\/moked.it\/paginebraiche\/2014\/01\/06\/saul-zaentz-1921-2014\/\"]}]},{\"@type\":\"ImageObject\",\"inLanguage\":\"it-IT\",\"@id\":\"https:\/\/moked.it\/paginebraiche\/2014\/01\/06\/saul-zaentz-1921-2014\/#primaryimage\",\"url\":\"https:\/\/moked.it\/paginebraiche\/files\/2014\/01\/saul-zaentz.jpg\",\"contentUrl\":\"https:\/\/moked.it\/paginebraiche\/files\/2014\/01\/saul-zaentz.jpg\",\"width\":1024,\"height\":576},{\"@type\":\"BreadcrumbList\",\"@id\":\"https:\/\/moked.it\/paginebraiche\/2014\/01\/06\/saul-zaentz-1921-2014\/#breadcrumb\",\"itemListElement\":[{\"@type\":\"ListItem\",\"position\":1,\"name\":\"Home\",\"item\":\"https:\/\/moked.it\/paginebraiche\/\"},{\"@type\":\"ListItem\",\"position\":2,\"name\":\"Saul Zaentz (1921 &#8211; 2014)\"}]},{\"@type\":\"WebSite\",\"@id\":\"https:\/\/moked.it\/paginebraiche\/#website\",\"url\":\"https:\/\/moked.it\/paginebraiche\/\",\"name\":\"Pagine Ebraiche\",\"description\":\"Il giornale dell&#039;ebraismo italiano\",\"potentialAction\":[{\"@type\":\"SearchAction\",\"target\":{\"@type\":\"EntryPoint\",\"urlTemplate\":\"https:\/\/moked.it\/paginebraiche\/?s={search_term_string}\"},\"query-input\":{\"@type\":\"PropertyValueSpecification\",\"valueRequired\":true,\"valueName\":\"search_term_string\"}}],\"inLanguage\":\"it-IT\"},{\"@type\":\"Person\",\"@id\":\"https:\/\/moked.it\/paginebraiche\/#\/schema\/person\/723f5746de4ea0e08fab5790d734e554\",\"name\":\"admin\",\"image\":{\"@type\":\"ImageObject\",\"inLanguage\":\"it-IT\",\"@id\":\"https:\/\/moked.it\/paginebraiche\/#\/schema\/person\/image\/\",\"url\":\"https:\/\/secure.gravatar.com\/avatar\/cadb6747455b21c18b2cfb9aad35ab377cb4ba61ea46f6fba9fb91fd33059fde?s=96&d=mm&r=g\",\"contentUrl\":\"https:\/\/secure.gravatar.com\/avatar\/cadb6747455b21c18b2cfb9aad35ab377cb4ba61ea46f6fba9fb91fd33059fde?s=96&d=mm&r=g\",\"caption\":\"admin\"},\"url\":\"https:\/\/moked.it\/paginebraiche\/author\/admin\/\"}]}<\/script>\n<!-- \/ Yoast SEO plugin. -->","yoast_head_json":{"title":"Saul Zaentz (1921 - 2014) - Pagine Ebraiche","robots":{"index":"index","follow":"follow","max-snippet":"max-snippet:-1","max-image-preview":"max-image-preview:large","max-video-preview":"max-video-preview:-1"},"canonical":"https:\/\/moked.it\/paginebraiche\/2014\/01\/06\/saul-zaentz-1921-2014\/","og_locale":"it_IT","og_type":"article","og_title":"Saul Zaentz (1921 - 2014) - Pagine Ebraiche","og_description":"\u00c8 stato un personaggio leggendario, complesso e singolare, un vero mito del cinema americano, ma per tenere le distanze da Hollywood aveva deciso di creare una sua casa di produzione indipendente a Berkley, vicino a San Francisco. Non si dedicava per\u00f2 a film intellettuali destinati a un ridottissimo pubblico di cinefili: Saul Zaentz ha vinto&hellip; leggi&nbsp;","og_url":"https:\/\/moked.it\/paginebraiche\/2014\/01\/06\/saul-zaentz-1921-2014\/","og_site_name":"Pagine Ebraiche","article_published_time":"2014-01-06T19:32:38+00:00","og_image":[{"url":"http:\/\/moked.it\/paginebraiche\/files\/2014\/01\/saul-zaentz.jpg","type":"","width":"","height":""}],"author":"admin","twitter_card":"summary_large_image","twitter_misc":{"Scritto da":"admin","Tempo di lettura stimato":"2 minuti"},"schema":{"@context":"https:\/\/schema.org","@graph":[{"@type":"WebPage","@id":"https:\/\/moked.it\/paginebraiche\/2014\/01\/06\/saul-zaentz-1921-2014\/","url":"https:\/\/moked.it\/paginebraiche\/2014\/01\/06\/saul-zaentz-1921-2014\/","name":"Saul Zaentz (1921 - 2014) - Pagine Ebraiche","isPartOf":{"@id":"https:\/\/moked.it\/paginebraiche\/#website"},"primaryImageOfPage":{"@id":"https:\/\/moked.it\/paginebraiche\/2014\/01\/06\/saul-zaentz-1921-2014\/#primaryimage"},"image":{"@id":"https:\/\/moked.it\/paginebraiche\/2014\/01\/06\/saul-zaentz-1921-2014\/#primaryimage"},"thumbnailUrl":"http:\/\/moked.it\/paginebraiche\/files\/2014\/01\/saul-zaentz.jpg","datePublished":"2014-01-06T19:32:38+00:00","author":{"@id":"https:\/\/moked.it\/paginebraiche\/#\/schema\/person\/723f5746de4ea0e08fab5790d734e554"},"breadcrumb":{"@id":"https:\/\/moked.it\/paginebraiche\/2014\/01\/06\/saul-zaentz-1921-2014\/#breadcrumb"},"inLanguage":"it-IT","potentialAction":[{"@type":"ReadAction","target":["https:\/\/moked.it\/paginebraiche\/2014\/01\/06\/saul-zaentz-1921-2014\/"]}]},{"@type":"ImageObject","inLanguage":"it-IT","@id":"https:\/\/moked.it\/paginebraiche\/2014\/01\/06\/saul-zaentz-1921-2014\/#primaryimage","url":"https:\/\/moked.it\/paginebraiche\/files\/2014\/01\/saul-zaentz.jpg","contentUrl":"https:\/\/moked.it\/paginebraiche\/files\/2014\/01\/saul-zaentz.jpg","width":1024,"height":576},{"@type":"BreadcrumbList","@id":"https:\/\/moked.it\/paginebraiche\/2014\/01\/06\/saul-zaentz-1921-2014\/#breadcrumb","itemListElement":[{"@type":"ListItem","position":1,"name":"Home","item":"https:\/\/moked.it\/paginebraiche\/"},{"@type":"ListItem","position":2,"name":"Saul Zaentz (1921 &#8211; 2014)"}]},{"@type":"WebSite","@id":"https:\/\/moked.it\/paginebraiche\/#website","url":"https:\/\/moked.it\/paginebraiche\/","name":"Pagine Ebraiche","description":"Il giornale dell&#039;ebraismo italiano","potentialAction":[{"@type":"SearchAction","target":{"@type":"EntryPoint","urlTemplate":"https:\/\/moked.it\/paginebraiche\/?s={search_term_string}"},"query-input":{"@type":"PropertyValueSpecification","valueRequired":true,"valueName":"search_term_string"}}],"inLanguage":"it-IT"},{"@type":"Person","@id":"https:\/\/moked.it\/paginebraiche\/#\/schema\/person\/723f5746de4ea0e08fab5790d734e554","name":"admin","image":{"@type":"ImageObject","inLanguage":"it-IT","@id":"https:\/\/moked.it\/paginebraiche\/#\/schema\/person\/image\/","url":"https:\/\/secure.gravatar.com\/avatar\/cadb6747455b21c18b2cfb9aad35ab377cb4ba61ea46f6fba9fb91fd33059fde?s=96&d=mm&r=g","contentUrl":"https:\/\/secure.gravatar.com\/avatar\/cadb6747455b21c18b2cfb9aad35ab377cb4ba61ea46f6fba9fb91fd33059fde?s=96&d=mm&r=g","caption":"admin"},"url":"https:\/\/moked.it\/paginebraiche\/author\/admin\/"}]}},"_links":{"self":[{"href":"https:\/\/moked.it\/paginebraiche\/wp-json\/wp\/v2\/posts\/763","targetHints":{"allow":["GET"]}}],"collection":[{"href":"https:\/\/moked.it\/paginebraiche\/wp-json\/wp\/v2\/posts"}],"about":[{"href":"https:\/\/moked.it\/paginebraiche\/wp-json\/wp\/v2\/types\/post"}],"author":[{"embeddable":true,"href":"https:\/\/moked.it\/paginebraiche\/wp-json\/wp\/v2\/users\/1"}],"replies":[{"embeddable":true,"href":"https:\/\/moked.it\/paginebraiche\/wp-json\/wp\/v2\/comments?post=763"}],"version-history":[{"count":2,"href":"https:\/\/moked.it\/paginebraiche\/wp-json\/wp\/v2\/posts\/763\/revisions"}],"predecessor-version":[{"id":766,"href":"https:\/\/moked.it\/paginebraiche\/wp-json\/wp\/v2\/posts\/763\/revisions\/766"}],"wp:attachment":[{"href":"https:\/\/moked.it\/paginebraiche\/wp-json\/wp\/v2\/media?parent=763"}],"wp:term":[{"taxonomy":"category","embeddable":true,"href":"https:\/\/moked.it\/paginebraiche\/wp-json\/wp\/v2\/categories?post=763"},{"taxonomy":"post_tag","embeddable":true,"href":"https:\/\/moked.it\/paginebraiche\/wp-json\/wp\/v2\/tags?post=763"},{"taxonomy":"position","embeddable":true,"href":"https:\/\/moked.it\/paginebraiche\/wp-json\/wp\/v2\/position?post=763"}],"curies":[{"name":"wp","href":"https:\/\/api.w.org\/{rel}","templated":true}]}}