{"id":770,"date":"2014-01-12T18:49:35","date_gmt":"2014-01-12T23:49:35","guid":{"rendered":"http:\/\/moked.it\/paginebraiche\/?p=770"},"modified":"2014-01-12T18:49:35","modified_gmt":"2014-01-12T23:49:35","slug":"ariel-sharon-1928-2014","status":"publish","type":"post","link":"https:\/\/moked.it\/paginebraiche\/2014\/01\/12\/ariel-sharon-1928-2014\/","title":{"rendered":"Ariel Sharon (1928-2014)"},"content":{"rendered":"<p><a href=\"http:\/\/moked.it\/paginebraiche\/files\/2014\/01\/sharon.jpg\"><img loading=\"lazy\" decoding=\"async\" src=\"http:\/\/moked.it\/paginebraiche\/files\/2014\/01\/sharon-1024x640.jpg\" alt=\"(FILES) Israeli Prime Minister Ariel Sha\" width=\"1024\" height=\"640\" class=\"alignright size-large wp-image-771\" srcset=\"https:\/\/moked.it\/paginebraiche\/files\/2014\/01\/sharon-1024x640.jpg 1024w, https:\/\/moked.it\/paginebraiche\/files\/2014\/01\/sharon-300x187.jpg 300w, https:\/\/moked.it\/paginebraiche\/files\/2014\/01\/sharon.jpg 1460w\" sizes=\"auto, (max-width: 1024px) 100vw, 1024px\" \/><\/a>Ariel Sharon, gi\u00e0 primo ministro dello Stato d\u2019Israele, generale e, soprattutto combattente, \u00e8 scomparso dopo otto anni di coma. Nato nel 1928 da genitori bielorussi a Kfar Malal, una comunit\u00e0 agricola nella Palestina del Mandato britannico, un ictus lo aveva colpito il 4 gennaio 2006, mentre era a capo del governo israeliano. \u201cUn bulldozer in guerra e in pace\u201d lo ricorda il Jerusalem Post, \u201cindomito protettore di Israele, Ariel Sharon era l\u2019emblema della politica militare, audace, in evoluzione\u201d titola il Times of Israel, \u201cSharon, controverso leader militare, ebbe una lunga e tumultuosa carriera politica che culmin\u00f2 con il ritiro da Gaza\u201d l\u2019apertura di Haaretz. Come scrisse il New Yorker nel 2006, \u201cArik\u201d (cos\u00ec era conosciuto da tutti), fu l\u2019uomo cui Israele guardava nei momenti pi\u00f9 bui. 1967, la battaglia in cui aveva condotto le truppe israeliane contro la roccaforte di Abu Agheila nel Sinai \u00e8 ancora oggi insegnata nelle accademie militari del mondo. Fu a lui che il paese si affid\u00f2 durante la Guerra del Kippur del 1973, quando guid\u00f2 i suoi soldati oltre il Canale di Suez, rompendo le difese egiziane. David Ben Gurion lo defin\u00ec \u201cil pi\u00f9 grande comandante sul campo della storia di Tzahal\u201d. La vita di Sharon fu tuttavia segnata anche dalla tragedia personale. La prima moglie, Margalit, conosciuta quando lei aveva appena 16 anni e sposata dopo una fuga d\u2019amore, mor\u00ec in un incidente d\u2019auto nove anni dopo il matrimonio. Cinque anni pi\u00f9 tardi loro figlio Gur si spar\u00f2 accidentalmente mentre giocava, non visto, con un vecchio fucile del padre. Sharon si era nel frattempo risposato con la sorella di Gali, Lily, che spieg\u00f2 per la biografia del marito \u201cAriel Sharon. A life\u201d: \u201cNon si \u00e8 mai ripreso da quello che \u00e8 accaduto. Ha solo imparato a conviverci\u201d. Per molti anni, per il mondo, Sharon fu il ministro della Difesa responsabile dell\u2019invasione del Libano nel 1982, e di non aver impedito i massacri operati dalla falange cristiana maronita nei campi profughi palestinesi di Sabra e Shatila. Poi nel 2000, quando rivendic\u00f2 il diritto per gli ebrei di recarsi sul Monte del Tempio, visitando lo spiazzo (sopra il Kotel) dove sorgono la Moschea della Roccia e la Moschea al-Aqsa, fu accusato di aver scatenato la seconda Intifada. In quei mesi di caos e sangue il primo ministro laburista Ehud Barak si dimise, anche in seguito al fallimento dei negoziati di Camp David, con il rifiuto del leader palestinese Yasser Arafat dell\u2019offerta di Israele che comprendeva tra l\u2019altro anche ampie concessioni circa lo status dei quartieri arabi di Gerusalemme. Con le elezioni del 2001, alla guida del Likud, Sharon fu eletto primo ministro ottenendo il 62 per cento dei voti contro il 38 di Barak (era il periodo in cui in Israele vigeva l\u2019elezione diretta del premier). Quello stesso anno aveva per la prima volta dichiarato che i palestinesi avevano diritto a un proprio Stato. Come capo del governo, nell\u2019estate 2005, port\u00f2 a termine il ritiro dagli insediamenti nella Striscia di Gaza, evento che rappresent\u00f2 una svolta storica e sofferta nella storia e nella politica dello Stato d\u2019Israele. Pochi mesi dopo, annunci\u00f2 l\u2019abbandono del Likud, che aveva contribuito a fondare nel 1973, per dar vita a un nuovo partito centrista, Kadima (\u201cAvanti\u201d). Il 22 settembre aveva parlato di fronte all\u2019Assemblea delle Nazioni Unite. \u201cSono qui di fronte a voi, alla porta delle nazioni, come ebreo e come cittadino del democratico, libero e sovrano Stato d\u2019Israele, l\u2019orgoglioso rappresentante di un popolo antico\u201d disse. \u201cSono nato in Terra d\u2019Israele, figlio di pionieri, gente che coltivava la terra e non cercava battaglie, che non era arrivata in Israele per spodestare i residenti. Se le circostanze non lo avessero richiesto, non sarei stato un soldato, ma un agricoltore, un agronomo. Il mio primo amore era ed \u00e8 rimasto il lavoro manuale\u201d. Continu\u00f2 con parole che colpirono il mondo: \u201cIo, come qualcuno i cui sentieri della vita hanno condotto a essere un guerriero e un comandante in tutte le guerre d\u2019Israele, oggi mi rivolgo ai nostri vicini palestinesi chiamandoli alla riconciliazione e al compromesso per mettere fine a un conflitto sanguinoso e percorrere la via che conduce alla pace e alla comprensione tra i popoli. Considero questa la mia chiamata e il mio primo dovere negli anni a venire\u201d. \u201cLa nostra dottrina \u00e8 che non ci sono missioni che non si possono portare a termine\u201d sosteneva Sharon. Forse, con la sua guida, anche la pace non avrebbe fatto eccezione. Ma nei primi giorni del 2006, con Kadima che era data in nettissimo vantaggio nei sondaggi per le elezioni che si sarebbero svolte da l\u00ec a poco, la tragedia, e gli otto anni di coma. In cui tante volte ci si \u00e8 chiesto chi sar\u00e0 capace di esserne l\u2019erede.<\/p>\n<p><strong>Rossella Tercatin<\/strong><\/p>\n","protected":false},"excerpt":{"rendered":"<p>Ariel Sharon, gi\u00e0 primo ministro dello Stato d\u2019Israele, generale e, soprattutto combattente, \u00e8 scomparso dopo otto anni di coma. Nato nel 1928 da genitori bielorussi a Kfar Malal, una comunit\u00e0 agricola nella Palestina del Mandato britannico, un ictus lo aveva colpito il 4 gennaio 2006, mentre era a capo del governo israeliano. \u201cUn bulldozer in&hellip; <a class=\"more\" rel=\"bookmark\" href=\"https:\/\/moked.it\/paginebraiche\/2014\/01\/12\/ariel-sharon-1928-2014\/\">leggi&nbsp;<i class=\"fa fa-chevron-circle-right\"><\/i><\/a><\/p>\n","protected":false},"author":1,"featured_media":0,"menu_order":0,"comment_status":"closed","ping_status":"open","sticky":false,"template":"","format":"standard","meta":{"footnotes":""},"categories":[1],"tags":[],"position":[],"class_list":["post-770","post","type-post","status-publish","format-standard","hentry","category-uncategorized"],"yoast_head":"<!-- This site is optimized with the Yoast SEO plugin v26.0 - https:\/\/yoast.com\/wordpress\/plugins\/seo\/ -->\n<title>Ariel Sharon (1928-2014) - Pagine Ebraiche<\/title>\n<meta name=\"robots\" content=\"index, follow, max-snippet:-1, max-image-preview:large, max-video-preview:-1\" \/>\n<link rel=\"canonical\" href=\"https:\/\/moked.it\/paginebraiche\/2014\/01\/12\/ariel-sharon-1928-2014\/\" \/>\n<meta property=\"og:locale\" content=\"it_IT\" \/>\n<meta property=\"og:type\" content=\"article\" \/>\n<meta property=\"og:title\" content=\"Ariel Sharon (1928-2014) - Pagine Ebraiche\" \/>\n<meta property=\"og:description\" content=\"Ariel Sharon, gi\u00e0 primo ministro dello Stato d\u2019Israele, generale e, soprattutto combattente, \u00e8 scomparso dopo otto anni di coma. Nato nel 1928 da genitori bielorussi a Kfar Malal, una comunit\u00e0 agricola nella Palestina del Mandato britannico, un ictus lo aveva colpito il 4 gennaio 2006, mentre era a capo del governo israeliano. \u201cUn bulldozer in&hellip; leggi&nbsp;\" \/>\n<meta property=\"og:url\" content=\"https:\/\/moked.it\/paginebraiche\/2014\/01\/12\/ariel-sharon-1928-2014\/\" \/>\n<meta property=\"og:site_name\" content=\"Pagine Ebraiche\" \/>\n<meta property=\"article:published_time\" content=\"2014-01-12T23:49:35+00:00\" \/>\n<meta property=\"og:image\" content=\"http:\/\/moked.it\/paginebraiche\/files\/2014\/01\/sharon-1024x640.jpg\" \/>\n<meta name=\"author\" content=\"admin\" \/>\n<meta name=\"twitter:card\" content=\"summary_large_image\" \/>\n<meta name=\"twitter:label1\" content=\"Scritto da\" \/>\n\t<meta name=\"twitter:data1\" content=\"admin\" \/>\n\t<meta name=\"twitter:label2\" content=\"Tempo di lettura stimato\" \/>\n\t<meta name=\"twitter:data2\" content=\"4 minuti\" \/>\n<script type=\"application\/ld+json\" class=\"yoast-schema-graph\">{\"@context\":\"https:\/\/schema.org\",\"@graph\":[{\"@type\":\"WebPage\",\"@id\":\"https:\/\/moked.it\/paginebraiche\/2014\/01\/12\/ariel-sharon-1928-2014\/\",\"url\":\"https:\/\/moked.it\/paginebraiche\/2014\/01\/12\/ariel-sharon-1928-2014\/\",\"name\":\"Ariel Sharon (1928-2014) - Pagine Ebraiche\",\"isPartOf\":{\"@id\":\"https:\/\/moked.it\/paginebraiche\/#website\"},\"primaryImageOfPage\":{\"@id\":\"https:\/\/moked.it\/paginebraiche\/2014\/01\/12\/ariel-sharon-1928-2014\/#primaryimage\"},\"image\":{\"@id\":\"https:\/\/moked.it\/paginebraiche\/2014\/01\/12\/ariel-sharon-1928-2014\/#primaryimage\"},\"thumbnailUrl\":\"http:\/\/moked.it\/paginebraiche\/files\/2014\/01\/sharon-1024x640.jpg\",\"datePublished\":\"2014-01-12T23:49:35+00:00\",\"author\":{\"@id\":\"https:\/\/moked.it\/paginebraiche\/#\/schema\/person\/723f5746de4ea0e08fab5790d734e554\"},\"breadcrumb\":{\"@id\":\"https:\/\/moked.it\/paginebraiche\/2014\/01\/12\/ariel-sharon-1928-2014\/#breadcrumb\"},\"inLanguage\":\"it-IT\",\"potentialAction\":[{\"@type\":\"ReadAction\",\"target\":[\"https:\/\/moked.it\/paginebraiche\/2014\/01\/12\/ariel-sharon-1928-2014\/\"]}]},{\"@type\":\"ImageObject\",\"inLanguage\":\"it-IT\",\"@id\":\"https:\/\/moked.it\/paginebraiche\/2014\/01\/12\/ariel-sharon-1928-2014\/#primaryimage\",\"url\":\"https:\/\/moked.it\/paginebraiche\/files\/2014\/01\/sharon.jpg\",\"contentUrl\":\"https:\/\/moked.it\/paginebraiche\/files\/2014\/01\/sharon.jpg\",\"width\":1460,\"height\":913},{\"@type\":\"BreadcrumbList\",\"@id\":\"https:\/\/moked.it\/paginebraiche\/2014\/01\/12\/ariel-sharon-1928-2014\/#breadcrumb\",\"itemListElement\":[{\"@type\":\"ListItem\",\"position\":1,\"name\":\"Home\",\"item\":\"https:\/\/moked.it\/paginebraiche\/\"},{\"@type\":\"ListItem\",\"position\":2,\"name\":\"Ariel Sharon (1928-2014)\"}]},{\"@type\":\"WebSite\",\"@id\":\"https:\/\/moked.it\/paginebraiche\/#website\",\"url\":\"https:\/\/moked.it\/paginebraiche\/\",\"name\":\"Pagine Ebraiche\",\"description\":\"Il giornale dell&#039;ebraismo italiano\",\"potentialAction\":[{\"@type\":\"SearchAction\",\"target\":{\"@type\":\"EntryPoint\",\"urlTemplate\":\"https:\/\/moked.it\/paginebraiche\/?s={search_term_string}\"},\"query-input\":{\"@type\":\"PropertyValueSpecification\",\"valueRequired\":true,\"valueName\":\"search_term_string\"}}],\"inLanguage\":\"it-IT\"},{\"@type\":\"Person\",\"@id\":\"https:\/\/moked.it\/paginebraiche\/#\/schema\/person\/723f5746de4ea0e08fab5790d734e554\",\"name\":\"admin\",\"image\":{\"@type\":\"ImageObject\",\"inLanguage\":\"it-IT\",\"@id\":\"https:\/\/moked.it\/paginebraiche\/#\/schema\/person\/image\/\",\"url\":\"https:\/\/secure.gravatar.com\/avatar\/cadb6747455b21c18b2cfb9aad35ab377cb4ba61ea46f6fba9fb91fd33059fde?s=96&d=mm&r=g\",\"contentUrl\":\"https:\/\/secure.gravatar.com\/avatar\/cadb6747455b21c18b2cfb9aad35ab377cb4ba61ea46f6fba9fb91fd33059fde?s=96&d=mm&r=g\",\"caption\":\"admin\"},\"url\":\"https:\/\/moked.it\/paginebraiche\/author\/admin\/\"}]}<\/script>\n<!-- \/ Yoast SEO plugin. -->","yoast_head_json":{"title":"Ariel Sharon (1928-2014) - Pagine Ebraiche","robots":{"index":"index","follow":"follow","max-snippet":"max-snippet:-1","max-image-preview":"max-image-preview:large","max-video-preview":"max-video-preview:-1"},"canonical":"https:\/\/moked.it\/paginebraiche\/2014\/01\/12\/ariel-sharon-1928-2014\/","og_locale":"it_IT","og_type":"article","og_title":"Ariel Sharon (1928-2014) - Pagine Ebraiche","og_description":"Ariel Sharon, gi\u00e0 primo ministro dello Stato d\u2019Israele, generale e, soprattutto combattente, \u00e8 scomparso dopo otto anni di coma. Nato nel 1928 da genitori bielorussi a Kfar Malal, una comunit\u00e0 agricola nella Palestina del Mandato britannico, un ictus lo aveva colpito il 4 gennaio 2006, mentre era a capo del governo israeliano. \u201cUn bulldozer in&hellip; leggi&nbsp;","og_url":"https:\/\/moked.it\/paginebraiche\/2014\/01\/12\/ariel-sharon-1928-2014\/","og_site_name":"Pagine Ebraiche","article_published_time":"2014-01-12T23:49:35+00:00","og_image":[{"url":"http:\/\/moked.it\/paginebraiche\/files\/2014\/01\/sharon-1024x640.jpg","type":"","width":"","height":""}],"author":"admin","twitter_card":"summary_large_image","twitter_misc":{"Scritto da":"admin","Tempo di lettura stimato":"4 minuti"},"schema":{"@context":"https:\/\/schema.org","@graph":[{"@type":"WebPage","@id":"https:\/\/moked.it\/paginebraiche\/2014\/01\/12\/ariel-sharon-1928-2014\/","url":"https:\/\/moked.it\/paginebraiche\/2014\/01\/12\/ariel-sharon-1928-2014\/","name":"Ariel Sharon (1928-2014) - Pagine Ebraiche","isPartOf":{"@id":"https:\/\/moked.it\/paginebraiche\/#website"},"primaryImageOfPage":{"@id":"https:\/\/moked.it\/paginebraiche\/2014\/01\/12\/ariel-sharon-1928-2014\/#primaryimage"},"image":{"@id":"https:\/\/moked.it\/paginebraiche\/2014\/01\/12\/ariel-sharon-1928-2014\/#primaryimage"},"thumbnailUrl":"http:\/\/moked.it\/paginebraiche\/files\/2014\/01\/sharon-1024x640.jpg","datePublished":"2014-01-12T23:49:35+00:00","author":{"@id":"https:\/\/moked.it\/paginebraiche\/#\/schema\/person\/723f5746de4ea0e08fab5790d734e554"},"breadcrumb":{"@id":"https:\/\/moked.it\/paginebraiche\/2014\/01\/12\/ariel-sharon-1928-2014\/#breadcrumb"},"inLanguage":"it-IT","potentialAction":[{"@type":"ReadAction","target":["https:\/\/moked.it\/paginebraiche\/2014\/01\/12\/ariel-sharon-1928-2014\/"]}]},{"@type":"ImageObject","inLanguage":"it-IT","@id":"https:\/\/moked.it\/paginebraiche\/2014\/01\/12\/ariel-sharon-1928-2014\/#primaryimage","url":"https:\/\/moked.it\/paginebraiche\/files\/2014\/01\/sharon.jpg","contentUrl":"https:\/\/moked.it\/paginebraiche\/files\/2014\/01\/sharon.jpg","width":1460,"height":913},{"@type":"BreadcrumbList","@id":"https:\/\/moked.it\/paginebraiche\/2014\/01\/12\/ariel-sharon-1928-2014\/#breadcrumb","itemListElement":[{"@type":"ListItem","position":1,"name":"Home","item":"https:\/\/moked.it\/paginebraiche\/"},{"@type":"ListItem","position":2,"name":"Ariel Sharon (1928-2014)"}]},{"@type":"WebSite","@id":"https:\/\/moked.it\/paginebraiche\/#website","url":"https:\/\/moked.it\/paginebraiche\/","name":"Pagine Ebraiche","description":"Il giornale dell&#039;ebraismo italiano","potentialAction":[{"@type":"SearchAction","target":{"@type":"EntryPoint","urlTemplate":"https:\/\/moked.it\/paginebraiche\/?s={search_term_string}"},"query-input":{"@type":"PropertyValueSpecification","valueRequired":true,"valueName":"search_term_string"}}],"inLanguage":"it-IT"},{"@type":"Person","@id":"https:\/\/moked.it\/paginebraiche\/#\/schema\/person\/723f5746de4ea0e08fab5790d734e554","name":"admin","image":{"@type":"ImageObject","inLanguage":"it-IT","@id":"https:\/\/moked.it\/paginebraiche\/#\/schema\/person\/image\/","url":"https:\/\/secure.gravatar.com\/avatar\/cadb6747455b21c18b2cfb9aad35ab377cb4ba61ea46f6fba9fb91fd33059fde?s=96&d=mm&r=g","contentUrl":"https:\/\/secure.gravatar.com\/avatar\/cadb6747455b21c18b2cfb9aad35ab377cb4ba61ea46f6fba9fb91fd33059fde?s=96&d=mm&r=g","caption":"admin"},"url":"https:\/\/moked.it\/paginebraiche\/author\/admin\/"}]}},"_links":{"self":[{"href":"https:\/\/moked.it\/paginebraiche\/wp-json\/wp\/v2\/posts\/770","targetHints":{"allow":["GET"]}}],"collection":[{"href":"https:\/\/moked.it\/paginebraiche\/wp-json\/wp\/v2\/posts"}],"about":[{"href":"https:\/\/moked.it\/paginebraiche\/wp-json\/wp\/v2\/types\/post"}],"author":[{"embeddable":true,"href":"https:\/\/moked.it\/paginebraiche\/wp-json\/wp\/v2\/users\/1"}],"replies":[{"embeddable":true,"href":"https:\/\/moked.it\/paginebraiche\/wp-json\/wp\/v2\/comments?post=770"}],"version-history":[{"count":0,"href":"https:\/\/moked.it\/paginebraiche\/wp-json\/wp\/v2\/posts\/770\/revisions"}],"wp:attachment":[{"href":"https:\/\/moked.it\/paginebraiche\/wp-json\/wp\/v2\/media?parent=770"}],"wp:term":[{"taxonomy":"category","embeddable":true,"href":"https:\/\/moked.it\/paginebraiche\/wp-json\/wp\/v2\/categories?post=770"},{"taxonomy":"post_tag","embeddable":true,"href":"https:\/\/moked.it\/paginebraiche\/wp-json\/wp\/v2\/tags?post=770"},{"taxonomy":"position","embeddable":true,"href":"https:\/\/moked.it\/paginebraiche\/wp-json\/wp\/v2\/position?post=770"}],"curies":[{"name":"wp","href":"https:\/\/api.w.org\/{rel}","templated":true}]}}