{"id":796,"date":"2014-02-10T11:05:34","date_gmt":"2014-02-10T16:05:34","guid":{"rendered":"http:\/\/moked.it\/paginebraiche\/?p=796"},"modified":"2014-02-10T11:05:34","modified_gmt":"2014-02-10T16:05:34","slug":"kiev-nuova-ucraina-nuova-europa","status":"publish","type":"post","link":"https:\/\/moked.it\/paginebraiche\/2014\/02\/10\/kiev-nuova-ucraina-nuova-europa\/","title":{"rendered":"Kiev \u2013 Nuova Ucraina, nuova Europa"},"content":{"rendered":"<p><a href=\"http:\/\/moked.it\/paginebraiche\/files\/2014\/02\/kiev.jpg\"><img loading=\"lazy\" decoding=\"async\" src=\"http:\/\/moked.it\/paginebraiche\/files\/2014\/02\/kiev-1024x649.jpg\" alt=\"kiev\" width=\"1024\" height=\"649\" class=\"alignright size-large wp-image-797\" srcset=\"https:\/\/moked.it\/paginebraiche\/files\/2014\/02\/kiev-1024x649.jpg 1024w, https:\/\/moked.it\/paginebraiche\/files\/2014\/02\/kiev-300x190.jpg 300w, https:\/\/moked.it\/paginebraiche\/files\/2014\/02\/kiev.jpg 1200w\" sizes=\"auto, (max-width: 1024px) 100vw, 1024px\" \/><\/a>\u201cCristiani, ebrei, musulmani uniti e in lotta per la libert\u00e0. Questa \u00e8 la vostra piazza della Bastiglia, questa \u00e8 la piazza in cui nascer\u00e0 la nuova Ucraina\u201d. Lo ha affermato il filosofo e giornalista francese Bernard Henry Levy intervenendo nella piazza Maidan di Kiev davanti a migliaia di manifestanti ritrovatisi nella capitale d\u2019Ucraina per protestare contro il governo Yanukovych. Lungamente applaudito, l\u2019intervento dell\u2019intellettuale transalpino \u00e8 stato caratterizzato dal richiamo alla coesione e ai valori fondanti l\u2019unit\u00e0 europea. Parole che hanno colpito l\u2019opinione pubblica ucraina alimentando la speranza, in chi si oppone a Yanukovych, che il movimento possa diradare l\u2019ombra di alcune inquietanti infilitrazioni da parte dell\u2019estrema destra e prendere forza come gruppo di contestazione pacifica che rispetti la dignit\u00e0 e l\u2019identit\u00e0 di ogni singolo manifestante.<br \/>\n\u201cNon ho visto dei neonazisti. Non ho udito slogan antisemiti. Al contrario \u2013 ha spiegato Bernard Henry Levy \u2013 ho inteso un movimento incredibilmente maturo, determinato e profondamente liberale. Credo che le ambizioni di questo movimento siano pi\u00f9 importanti di quelle che ascolto sulla stessa Maidan. \u00c8 la volont\u00e0 di vivificare il sogno europeo. Qui l\u2019Europa non \u00e8 una vuota parola, significa cittadinanza, stato di diritto, moltiplicazione delle libert\u00e0. Questa Europa di cui noi, troppo spesso, nei paesi occidentali, perdiamo di vista il significato lo ritrova qui, sulla Maidan\u201d.<br \/>\nNel corso della sua visita a Kiev il filosofo ha inoltre tenuto una lezione alla International Renaissance Foundatoion e incontrato il presidente della comunit\u00e0 ebraica ucraina Iosyf Zisel.<\/p>\n<p>(10 febbraio 2014)<\/p>\n","protected":false},"excerpt":{"rendered":"<p>\u201cCristiani, ebrei, musulmani uniti e in lotta per la libert\u00e0. Questa \u00e8 la vostra piazza della Bastiglia, questa \u00e8 la piazza in cui nascer\u00e0 la nuova Ucraina\u201d. Lo ha affermato il filosofo e giornalista francese Bernard Henry Levy intervenendo nella piazza Maidan di Kiev davanti a migliaia di manifestanti ritrovatisi nella capitale d\u2019Ucraina per protestare&hellip; <a class=\"more\" rel=\"bookmark\" href=\"https:\/\/moked.it\/paginebraiche\/2014\/02\/10\/kiev-nuova-ucraina-nuova-europa\/\">leggi&nbsp;<i class=\"fa fa-chevron-circle-right\"><\/i><\/a><\/p>\n","protected":false},"author":1,"featured_media":0,"menu_order":0,"comment_status":"closed","ping_status":"open","sticky":false,"template":"","format":"standard","meta":{"footnotes":""},"categories":[1],"tags":[],"position":[],"class_list":["post-796","post","type-post","status-publish","format-standard","hentry","category-uncategorized"],"yoast_head":"<!-- This site is optimized with the Yoast SEO plugin v26.0 - https:\/\/yoast.com\/wordpress\/plugins\/seo\/ -->\n<title>Kiev \u2013 Nuova Ucraina, nuova Europa - Pagine Ebraiche<\/title>\n<meta name=\"robots\" content=\"index, follow, max-snippet:-1, max-image-preview:large, max-video-preview:-1\" \/>\n<link rel=\"canonical\" href=\"https:\/\/moked.it\/paginebraiche\/2014\/02\/10\/kiev-nuova-ucraina-nuova-europa\/\" \/>\n<meta property=\"og:locale\" content=\"it_IT\" \/>\n<meta property=\"og:type\" content=\"article\" \/>\n<meta property=\"og:title\" content=\"Kiev \u2013 Nuova Ucraina, nuova Europa - Pagine Ebraiche\" \/>\n<meta property=\"og:description\" content=\"\u201cCristiani, ebrei, musulmani uniti e in lotta per la libert\u00e0. Questa \u00e8 la vostra piazza della Bastiglia, questa \u00e8 la piazza in cui nascer\u00e0 la nuova Ucraina\u201d. Lo ha affermato il filosofo e giornalista francese Bernard Henry Levy intervenendo nella piazza Maidan di Kiev davanti a migliaia di manifestanti ritrovatisi nella capitale d\u2019Ucraina per protestare&hellip; leggi&nbsp;\" \/>\n<meta property=\"og:url\" content=\"https:\/\/moked.it\/paginebraiche\/2014\/02\/10\/kiev-nuova-ucraina-nuova-europa\/\" \/>\n<meta property=\"og:site_name\" content=\"Pagine Ebraiche\" \/>\n<meta property=\"article:published_time\" content=\"2014-02-10T16:05:34+00:00\" \/>\n<meta property=\"og:image\" content=\"http:\/\/moked.it\/paginebraiche\/files\/2014\/02\/kiev-1024x649.jpg\" \/>\n<meta name=\"author\" content=\"admin\" \/>\n<meta name=\"twitter:card\" content=\"summary_large_image\" \/>\n<meta name=\"twitter:label1\" content=\"Scritto da\" \/>\n\t<meta name=\"twitter:data1\" content=\"admin\" \/>\n\t<meta name=\"twitter:label2\" content=\"Tempo di lettura stimato\" \/>\n\t<meta name=\"twitter:data2\" content=\"1 minuto\" \/>\n<script type=\"application\/ld+json\" class=\"yoast-schema-graph\">{\"@context\":\"https:\/\/schema.org\",\"@graph\":[{\"@type\":\"WebPage\",\"@id\":\"https:\/\/moked.it\/paginebraiche\/2014\/02\/10\/kiev-nuova-ucraina-nuova-europa\/\",\"url\":\"https:\/\/moked.it\/paginebraiche\/2014\/02\/10\/kiev-nuova-ucraina-nuova-europa\/\",\"name\":\"Kiev \u2013 Nuova Ucraina, nuova Europa - Pagine Ebraiche\",\"isPartOf\":{\"@id\":\"https:\/\/moked.it\/paginebraiche\/#website\"},\"primaryImageOfPage\":{\"@id\":\"https:\/\/moked.it\/paginebraiche\/2014\/02\/10\/kiev-nuova-ucraina-nuova-europa\/#primaryimage\"},\"image\":{\"@id\":\"https:\/\/moked.it\/paginebraiche\/2014\/02\/10\/kiev-nuova-ucraina-nuova-europa\/#primaryimage\"},\"thumbnailUrl\":\"http:\/\/moked.it\/paginebraiche\/files\/2014\/02\/kiev-1024x649.jpg\",\"datePublished\":\"2014-02-10T16:05:34+00:00\",\"author\":{\"@id\":\"https:\/\/moked.it\/paginebraiche\/#\/schema\/person\/723f5746de4ea0e08fab5790d734e554\"},\"breadcrumb\":{\"@id\":\"https:\/\/moked.it\/paginebraiche\/2014\/02\/10\/kiev-nuova-ucraina-nuova-europa\/#breadcrumb\"},\"inLanguage\":\"it-IT\",\"potentialAction\":[{\"@type\":\"ReadAction\",\"target\":[\"https:\/\/moked.it\/paginebraiche\/2014\/02\/10\/kiev-nuova-ucraina-nuova-europa\/\"]}]},{\"@type\":\"ImageObject\",\"inLanguage\":\"it-IT\",\"@id\":\"https:\/\/moked.it\/paginebraiche\/2014\/02\/10\/kiev-nuova-ucraina-nuova-europa\/#primaryimage\",\"url\":\"https:\/\/moked.it\/paginebraiche\/files\/2014\/02\/kiev.jpg\",\"contentUrl\":\"https:\/\/moked.it\/paginebraiche\/files\/2014\/02\/kiev.jpg\",\"width\":1200,\"height\":761},{\"@type\":\"BreadcrumbList\",\"@id\":\"https:\/\/moked.it\/paginebraiche\/2014\/02\/10\/kiev-nuova-ucraina-nuova-europa\/#breadcrumb\",\"itemListElement\":[{\"@type\":\"ListItem\",\"position\":1,\"name\":\"Home\",\"item\":\"https:\/\/moked.it\/paginebraiche\/\"},{\"@type\":\"ListItem\",\"position\":2,\"name\":\"Kiev \u2013 Nuova Ucraina, nuova Europa\"}]},{\"@type\":\"WebSite\",\"@id\":\"https:\/\/moked.it\/paginebraiche\/#website\",\"url\":\"https:\/\/moked.it\/paginebraiche\/\",\"name\":\"Pagine Ebraiche\",\"description\":\"Il giornale dell&#039;ebraismo italiano\",\"potentialAction\":[{\"@type\":\"SearchAction\",\"target\":{\"@type\":\"EntryPoint\",\"urlTemplate\":\"https:\/\/moked.it\/paginebraiche\/?s={search_term_string}\"},\"query-input\":{\"@type\":\"PropertyValueSpecification\",\"valueRequired\":true,\"valueName\":\"search_term_string\"}}],\"inLanguage\":\"it-IT\"},{\"@type\":\"Person\",\"@id\":\"https:\/\/moked.it\/paginebraiche\/#\/schema\/person\/723f5746de4ea0e08fab5790d734e554\",\"name\":\"admin\",\"image\":{\"@type\":\"ImageObject\",\"inLanguage\":\"it-IT\",\"@id\":\"https:\/\/moked.it\/paginebraiche\/#\/schema\/person\/image\/\",\"url\":\"https:\/\/secure.gravatar.com\/avatar\/cadb6747455b21c18b2cfb9aad35ab377cb4ba61ea46f6fba9fb91fd33059fde?s=96&d=mm&r=g\",\"contentUrl\":\"https:\/\/secure.gravatar.com\/avatar\/cadb6747455b21c18b2cfb9aad35ab377cb4ba61ea46f6fba9fb91fd33059fde?s=96&d=mm&r=g\",\"caption\":\"admin\"},\"url\":\"https:\/\/moked.it\/paginebraiche\/author\/admin\/\"}]}<\/script>\n<!-- \/ Yoast SEO plugin. -->","yoast_head_json":{"title":"Kiev \u2013 Nuova Ucraina, nuova Europa - Pagine Ebraiche","robots":{"index":"index","follow":"follow","max-snippet":"max-snippet:-1","max-image-preview":"max-image-preview:large","max-video-preview":"max-video-preview:-1"},"canonical":"https:\/\/moked.it\/paginebraiche\/2014\/02\/10\/kiev-nuova-ucraina-nuova-europa\/","og_locale":"it_IT","og_type":"article","og_title":"Kiev \u2013 Nuova Ucraina, nuova Europa - Pagine Ebraiche","og_description":"\u201cCristiani, ebrei, musulmani uniti e in lotta per la libert\u00e0. Questa \u00e8 la vostra piazza della Bastiglia, questa \u00e8 la piazza in cui nascer\u00e0 la nuova Ucraina\u201d. Lo ha affermato il filosofo e giornalista francese Bernard Henry Levy intervenendo nella piazza Maidan di Kiev davanti a migliaia di manifestanti ritrovatisi nella capitale d\u2019Ucraina per protestare&hellip; leggi&nbsp;","og_url":"https:\/\/moked.it\/paginebraiche\/2014\/02\/10\/kiev-nuova-ucraina-nuova-europa\/","og_site_name":"Pagine Ebraiche","article_published_time":"2014-02-10T16:05:34+00:00","og_image":[{"url":"http:\/\/moked.it\/paginebraiche\/files\/2014\/02\/kiev-1024x649.jpg","type":"","width":"","height":""}],"author":"admin","twitter_card":"summary_large_image","twitter_misc":{"Scritto da":"admin","Tempo di lettura stimato":"1 minuto"},"schema":{"@context":"https:\/\/schema.org","@graph":[{"@type":"WebPage","@id":"https:\/\/moked.it\/paginebraiche\/2014\/02\/10\/kiev-nuova-ucraina-nuova-europa\/","url":"https:\/\/moked.it\/paginebraiche\/2014\/02\/10\/kiev-nuova-ucraina-nuova-europa\/","name":"Kiev \u2013 Nuova Ucraina, nuova Europa - Pagine Ebraiche","isPartOf":{"@id":"https:\/\/moked.it\/paginebraiche\/#website"},"primaryImageOfPage":{"@id":"https:\/\/moked.it\/paginebraiche\/2014\/02\/10\/kiev-nuova-ucraina-nuova-europa\/#primaryimage"},"image":{"@id":"https:\/\/moked.it\/paginebraiche\/2014\/02\/10\/kiev-nuova-ucraina-nuova-europa\/#primaryimage"},"thumbnailUrl":"http:\/\/moked.it\/paginebraiche\/files\/2014\/02\/kiev-1024x649.jpg","datePublished":"2014-02-10T16:05:34+00:00","author":{"@id":"https:\/\/moked.it\/paginebraiche\/#\/schema\/person\/723f5746de4ea0e08fab5790d734e554"},"breadcrumb":{"@id":"https:\/\/moked.it\/paginebraiche\/2014\/02\/10\/kiev-nuova-ucraina-nuova-europa\/#breadcrumb"},"inLanguage":"it-IT","potentialAction":[{"@type":"ReadAction","target":["https:\/\/moked.it\/paginebraiche\/2014\/02\/10\/kiev-nuova-ucraina-nuova-europa\/"]}]},{"@type":"ImageObject","inLanguage":"it-IT","@id":"https:\/\/moked.it\/paginebraiche\/2014\/02\/10\/kiev-nuova-ucraina-nuova-europa\/#primaryimage","url":"https:\/\/moked.it\/paginebraiche\/files\/2014\/02\/kiev.jpg","contentUrl":"https:\/\/moked.it\/paginebraiche\/files\/2014\/02\/kiev.jpg","width":1200,"height":761},{"@type":"BreadcrumbList","@id":"https:\/\/moked.it\/paginebraiche\/2014\/02\/10\/kiev-nuova-ucraina-nuova-europa\/#breadcrumb","itemListElement":[{"@type":"ListItem","position":1,"name":"Home","item":"https:\/\/moked.it\/paginebraiche\/"},{"@type":"ListItem","position":2,"name":"Kiev \u2013 Nuova Ucraina, nuova Europa"}]},{"@type":"WebSite","@id":"https:\/\/moked.it\/paginebraiche\/#website","url":"https:\/\/moked.it\/paginebraiche\/","name":"Pagine Ebraiche","description":"Il giornale dell&#039;ebraismo italiano","potentialAction":[{"@type":"SearchAction","target":{"@type":"EntryPoint","urlTemplate":"https:\/\/moked.it\/paginebraiche\/?s={search_term_string}"},"query-input":{"@type":"PropertyValueSpecification","valueRequired":true,"valueName":"search_term_string"}}],"inLanguage":"it-IT"},{"@type":"Person","@id":"https:\/\/moked.it\/paginebraiche\/#\/schema\/person\/723f5746de4ea0e08fab5790d734e554","name":"admin","image":{"@type":"ImageObject","inLanguage":"it-IT","@id":"https:\/\/moked.it\/paginebraiche\/#\/schema\/person\/image\/","url":"https:\/\/secure.gravatar.com\/avatar\/cadb6747455b21c18b2cfb9aad35ab377cb4ba61ea46f6fba9fb91fd33059fde?s=96&d=mm&r=g","contentUrl":"https:\/\/secure.gravatar.com\/avatar\/cadb6747455b21c18b2cfb9aad35ab377cb4ba61ea46f6fba9fb91fd33059fde?s=96&d=mm&r=g","caption":"admin"},"url":"https:\/\/moked.it\/paginebraiche\/author\/admin\/"}]}},"_links":{"self":[{"href":"https:\/\/moked.it\/paginebraiche\/wp-json\/wp\/v2\/posts\/796","targetHints":{"allow":["GET"]}}],"collection":[{"href":"https:\/\/moked.it\/paginebraiche\/wp-json\/wp\/v2\/posts"}],"about":[{"href":"https:\/\/moked.it\/paginebraiche\/wp-json\/wp\/v2\/types\/post"}],"author":[{"embeddable":true,"href":"https:\/\/moked.it\/paginebraiche\/wp-json\/wp\/v2\/users\/1"}],"replies":[{"embeddable":true,"href":"https:\/\/moked.it\/paginebraiche\/wp-json\/wp\/v2\/comments?post=796"}],"version-history":[{"count":1,"href":"https:\/\/moked.it\/paginebraiche\/wp-json\/wp\/v2\/posts\/796\/revisions"}],"predecessor-version":[{"id":798,"href":"https:\/\/moked.it\/paginebraiche\/wp-json\/wp\/v2\/posts\/796\/revisions\/798"}],"wp:attachment":[{"href":"https:\/\/moked.it\/paginebraiche\/wp-json\/wp\/v2\/media?parent=796"}],"wp:term":[{"taxonomy":"category","embeddable":true,"href":"https:\/\/moked.it\/paginebraiche\/wp-json\/wp\/v2\/categories?post=796"},{"taxonomy":"post_tag","embeddable":true,"href":"https:\/\/moked.it\/paginebraiche\/wp-json\/wp\/v2\/tags?post=796"},{"taxonomy":"position","embeddable":true,"href":"https:\/\/moked.it\/paginebraiche\/wp-json\/wp\/v2\/position?post=796"}],"curies":[{"name":"wp","href":"https:\/\/api.w.org\/{rel}","templated":true}]}}